{"id":150376,"date":"2025-05-08T12:43:44","date_gmt":"2025-05-08T17:43:44","guid":{"rendered":"https:\/\/graziamagazine.com\/mx\/?post_type=articles&#038;p=150376"},"modified":"2025-05-08T12:47:26","modified_gmt":"2025-05-08T17:47:26","slug":"leon-xiv-nuevo-papa-electo","status":"publish","type":"articles","link":"https:\/\/graziamagazine.com\/mx\/articles\/leon-xiv-nuevo-papa-electo\/","title":{"rendered":"Le\u00f3n XIV: Nuevo Papa Electo"},"content":{"rendered":"<article class=\"text-token-text-primary w-full\" dir=\"auto\" data-testid=\"conversation-turn-82\" data-scroll-anchor=\"false\">\n<div class=\"text-base my-auto mx-auto py-5 [--thread-content-margin:--spacing(4)] @[37rem]:[--thread-content-margin:--spacing(6)] @[72rem]:[--thread-content-margin:--spacing(16)] px-(--thread-content-margin)\">\n<div class=\"[--thread-content-max-width:32rem] @[34rem]:[--thread-content-max-width:40rem] @[64rem]:[--thread-content-max-width:48rem] mx-auto flex max-w-(--thread-content-max-width) flex-1 text-base gap-4 md:gap-5 lg:gap-6 group\/turn-messages focus-visible:outline-hidden\">\n<div class=\"group\/conversation-turn relative flex w-full min-w-0 flex-col agent-turn\">\n<div class=\"relative flex-col gap-1 md:gap-3\">\n<div class=\"flex max-w-full flex-col grow\">\n<div class=\"min-h-8 text-message relative flex w-full flex-col items-end gap-2 text-start break-words whitespace-normal [.text-message+&amp;]:mt-5\" dir=\"auto\" data-message-author-role=\"assistant\" data-message-id=\"e2d96db8-a9d6-46e6-a2ff-dd0c113d3af2\" data-message-model-slug=\"gpt-4o\">\n<div class=\"flex w-full flex-col gap-1 empty:hidden first:pt-[3px]\">\n<div class=\"markdown prose dark:prose-invert w-full break-words light\">\n<p class=\"\" data-start=\"170\" data-end=\"767\">\u00a1Habemus Papam! El humo blanco emergi\u00f3 de la Capilla Sixtina y las campanas de la Bas\u00edlica de San Pedro repicaron para anunciar al nuevo pont\u00edfice de la Iglesia Cat\u00f3lica.<\/p>\n<p class=\"\" data-start=\"170\" data-end=\"767\">El cardenal estadounidense Robert Francis Prevost ha sido elegido como sucesor del papa Francisco y ha tomado el nombre de Le\u00f3n XIV para su pontificado. La elecci\u00f3n fue anunciada formalmente desde el balc\u00f3n de la bas\u00edlica vaticana por el cardenal protodi\u00e1cono Dominique Mamberti, con la tradicional f\u00f3rmula en lat\u00edn que marca el inicio de una nueva era para el Vaticano y los m\u00e1s de mil millones de cat\u00f3licos en todo el mundo.<\/p>\n<figure id=\"attachment_150377\" aria-describedby=\"caption-attachment-150377\" style=\"width: 640px\" class=\"wp-caption alignnone\"><img loading=\"lazy\" decoding=\"async\" class=\"size-full wp-image-150377\" src=\"https:\/\/graziamagazine.com\/mx\/wp-content\/uploads\/sites\/13\/2025\/05\/68068f21cce707ba4509f5b1.jpg\" alt=\"Le\u00f3n XIV: Nuevo Papa Electo\" width=\"640\" height=\"371\" srcset=\"https:\/\/graziamagazine.com\/mx\/wp-content\/uploads\/sites\/13\/2025\/05\/68068f21cce707ba4509f5b1.jpg 640w, https:\/\/graziamagazine.com\/mx\/wp-content\/uploads\/sites\/13\/2025\/05\/68068f21cce707ba4509f5b1-450x261.jpg 450w, https:\/\/graziamagazine.com\/mx\/wp-content\/uploads\/sites\/13\/2025\/05\/68068f21cce707ba4509f5b1-400x232.jpg 400w, https:\/\/graziamagazine.com\/mx\/wp-content\/uploads\/sites\/13\/2025\/05\/68068f21cce707ba4509f5b1-155x90.jpg 155w\" sizes=\"(max-width: 640px) 100vw, 640px\" \/><figcaption id=\"caption-attachment-150377\" class=\"wp-caption-text\">Le\u00f3n XIV: Nuevo Papa Electo<\/figcaption><\/figure>\n<p class=\"\" data-start=\"769\" data-end=\"1274\">Prevost, de 69 a\u00f1os, es originario de Chicago, aunque tambi\u00e9n posee la nacionalidad peruana, un reflejo de su estrecho v\u00ednculo con Am\u00e9rica Latina. Su elecci\u00f3n se concret\u00f3 el segundo d\u00eda de deliberaciones del c\u00f3nclave, presumiblemente tras la cuarta votaci\u00f3n entre los 133 cardenales electores reunidos en Roma.<\/p>\n<p class=\"\" data-start=\"769\" data-end=\"1274\">El nuevo pont\u00edfice sucede a Francisco, fallecido el 21 de abril, y se convierte en el primer papa nacido en Estados Unidos y en el primero en portar el nombre de Le\u00f3n desde hace m\u00e1s de un siglo.<\/p>\n<p class=\"\" data-start=\"1276\" data-end=\"1710\">Con una s\u00f3lida formaci\u00f3n teol\u00f3gica y una vida dedicada a la misi\u00f3n, Prevost es miembro de la Orden de San Agust\u00edn. Lleg\u00f3 al Per\u00fa en 1985 como parte de una misi\u00f3n en Trujillo, donde desarroll\u00f3 una intensa labor pastoral, educativa y social durante m\u00e1s de una d\u00e9cada.<\/p>\n<figure id=\"attachment_150380\" aria-describedby=\"caption-attachment-150380\" style=\"width: 640px\" class=\"wp-caption alignnone\"><img loading=\"lazy\" decoding=\"async\" class=\"wp-image-150380\" src=\"https:\/\/graziamagazine.com\/mx\/wp-content\/uploads\/sites\/13\/2025\/05\/robert-prevost-papa-leon-xiv-1024x683.jpg\" alt=\"Le\u00f3n XIV: Nuevo Papa Electo\" width=\"640\" height=\"427\" srcset=\"https:\/\/graziamagazine.com\/mx\/wp-content\/uploads\/sites\/13\/2025\/05\/robert-prevost-papa-leon-xiv-1024x683.jpg 1024w, https:\/\/graziamagazine.com\/mx\/wp-content\/uploads\/sites\/13\/2025\/05\/robert-prevost-papa-leon-xiv-450x300.jpg 450w, https:\/\/graziamagazine.com\/mx\/wp-content\/uploads\/sites\/13\/2025\/05\/robert-prevost-papa-leon-xiv-768x512.jpg 768w, https:\/\/graziamagazine.com\/mx\/wp-content\/uploads\/sites\/13\/2025\/05\/robert-prevost-papa-leon-xiv-1536x1024.jpg 1536w, https:\/\/graziamagazine.com\/mx\/wp-content\/uploads\/sites\/13\/2025\/05\/robert-prevost-papa-leon-xiv-400x267.jpg 400w, https:\/\/graziamagazine.com\/mx\/wp-content\/uploads\/sites\/13\/2025\/05\/robert-prevost-papa-leon-xiv-155x103.jpg 155w, https:\/\/graziamagazine.com\/mx\/wp-content\/uploads\/sites\/13\/2025\/05\/robert-prevost-papa-leon-xiv.jpg 1920w\" sizes=\"(max-width: 640px) 100vw, 640px\" \/><figcaption id=\"caption-attachment-150380\" class=\"wp-caption-text\">Le\u00f3n XIV: Nuevo Papa Electo<\/figcaption><\/figure>\n<p class=\"\" data-start=\"1276\" data-end=\"1710\">Fue administrador apost\u00f3lico y posteriormente obispo de Chiclayo, experiencia que ciment\u00f3 su profunda conexi\u00f3n con el pueblo latinoamericano y su sensibilidad pastoral.<\/p>\n<p class=\"\" data-start=\"1712\" data-end=\"2071\">Su elecci\u00f3n como Le\u00f3n XIV ha sido recibida con esperanza y expectativa por diversos sectores de la Iglesia, que ven en su perfil una mezcla de tradici\u00f3n, apertura y compromiso con los desaf\u00edos contempor\u00e1neos del catolicismo.<\/p>\n<p class=\"\" data-start=\"1712\" data-end=\"2071\">En un momento de transformaciones sociales y religiosas, su pontificado podr\u00eda marcar una nueva etapa de di\u00e1logo, inclusi\u00f3n y reforma.<\/p>\n<p class=\"\" data-start=\"2073\" data-end=\"2419\">El pontificado de Le\u00f3n XIV inicia con un fuerte simbolismo: un puente entre continentes, lenguas y culturas, con ra\u00edces en Am\u00e9rica del Norte y una historia forjada en Am\u00e9rica del Sur. Su elecci\u00f3n reafirma la vocaci\u00f3n universal de la Iglesia y su renovado impulso misionero. Con su liderazgo, comienza una nueva p\u00e1gina en la historia del Vaticano.<\/p>\n<p data-start=\"2073\" data-end=\"2419\"><em><strong>*IMAGEN: Google Images<\/strong><\/em><\/p>\n<\/div>\n<\/div>\n<\/div>\n<\/div>\n<\/div>\n<\/div>\n<\/div>\n<\/div>\n<\/article>\n<article class=\"text-token-text-primary w-full\" dir=\"auto\" data-testid=\"conversation-turn-83\" data-scroll-anchor=\"false\">\n<h5 class=\"sr-only\"><\/h5>\n<\/article>\n","protected":false},"author":28953,"featured_media":150379,"template":"","format":"standard","categories":[114],"acf":[],"yoast_head":"<!-- This site is optimized with the Yoast SEO Premium plugin v18.5 (Yoast SEO v20.4) - https:\/\/yoast.com\/wordpress\/plugins\/seo\/ -->\n<title>Le\u00f3n XIV: Nuevo Papa Electo<\/title>\n<meta name=\"description\" content=\"Robert Francis Prevost, cardenal estadounidense con ra\u00edces peruanas, liderar\u00e1 la Iglesia Cat\u00f3lica tras la muerte del papa Francisco.\" \/>\n<meta name=\"robots\" content=\"index, follow, max-snippet:-1, max-image-preview:large, max-video-preview:-1\" \/>\n<link rel=\"canonical\" href=\"https:\/\/graziamagazine.com\/mx\/articles\/leon-xiv-nuevo-papa-electo\/\" \/>\n<meta property=\"og:locale\" content=\"es_MX\" \/>\n<meta property=\"og:type\" content=\"article\" \/>\n<meta property=\"og:title\" content=\"Le\u00f3n XIV: Nuevo Papa Electo\" \/>\n<meta property=\"og:description\" content=\"Robert Francis Prevost, cardenal estadounidense con ra\u00edces peruanas, liderar\u00e1 la Iglesia Cat\u00f3lica tras la muerte del papa Francisco.\" \/>\n<meta property=\"og:url\" content=\"https:\/\/graziamagazine.com\/mx\/articles\/leon-xiv-nuevo-papa-electo\/\" \/>\n<meta property=\"og:site_name\" content=\"Grazia M\u00e9xico y Latinoam\u00e9rica\" \/>\n<meta property=\"article:modified_time\" content=\"2025-05-08T17:47:26+00:00\" \/>\n<meta property=\"og:image\" content=\"https:\/\/graziamagazine.com\/mx\/wp-content\/uploads\/sites\/13\/2025\/05\/prevost-gettyimages-2212121081.jpg\" \/>\n\t<meta property=\"og:image:width\" content=\"1480\" \/>\n\t<meta property=\"og:image:height\" content=\"833\" \/>\n\t<meta property=\"og:image:type\" content=\"image\/jpeg\" \/>\n<meta name=\"twitter:card\" content=\"summary_large_image\" \/>\n<meta name=\"twitter:label1\" content=\"Est. reading time\" \/>\n\t<meta name=\"twitter:data1\" content=\"3 minutos\" \/>\n<script type=\"application\/ld+json\" class=\"yoast-schema-graph\">{\"@context\":\"https:\/\/schema.org\",\"@graph\":[{\"@type\":\"WebPage\",\"@id\":\"https:\/\/graziamagazine.com\/mx\/articles\/leon-xiv-nuevo-papa-electo\/\",\"url\":\"https:\/\/graziamagazine.com\/mx\/articles\/leon-xiv-nuevo-papa-electo\/\",\"name\":\"Le\u00f3n XIV: Nuevo Papa Electo\",\"isPartOf\":{\"@id\":\"https:\/\/graziamagazine.com\/mx\/#website\"},\"datePublished\":\"2025-05-08T17:43:44+00:00\",\"dateModified\":\"2025-05-08T17:47:26+00:00\",\"description\":\"Robert Francis Prevost, cardenal estadounidense con ra\u00edces peruanas, liderar\u00e1 la Iglesia Cat\u00f3lica tras la muerte del papa Francisco.\",\"breadcrumb\":{\"@id\":\"https:\/\/graziamagazine.com\/mx\/articles\/leon-xiv-nuevo-papa-electo\/#breadcrumb\"},\"inLanguage\":\"es-MX\",\"potentialAction\":[{\"@type\":\"ReadAction\",\"target\":[\"https:\/\/graziamagazine.com\/mx\/articles\/leon-xiv-nuevo-papa-electo\/\"]}]},{\"@type\":\"BreadcrumbList\",\"@id\":\"https:\/\/graziamagazine.com\/mx\/articles\/leon-xiv-nuevo-papa-electo\/#breadcrumb\",\"itemListElement\":[{\"@type\":\"ListItem\",\"position\":1,\"name\":\"Home\",\"item\":\"https:\/\/graziamagazine.com\/mx\/\"},{\"@type\":\"ListItem\",\"position\":2,\"name\":\"Le\u00f3n XIV: Nuevo Papa Electo\"}]},{\"@type\":\"WebSite\",\"@id\":\"https:\/\/graziamagazine.com\/mx\/#website\",\"url\":\"https:\/\/graziamagazine.com\/mx\/\",\"name\":\"Grazia M\u00e9xico y Latinoam\u00e9rica\",\"description\":\"Grazia es moda, belleza y noticias  de actualidad \",\"potentialAction\":[{\"@type\":\"SearchAction\",\"target\":{\"@type\":\"EntryPoint\",\"urlTemplate\":\"https:\/\/graziamagazine.com\/mx\/?s={search_term_string}\"},\"query-input\":\"required name=search_term_string\"}],\"inLanguage\":\"es-MX\"}]}<\/script>\n<!-- \/ Yoast SEO Premium plugin. -->","yoast_head_json":{"title":"Le\u00f3n XIV: Nuevo Papa Electo","description":"Robert Francis Prevost, cardenal estadounidense con ra\u00edces peruanas, liderar\u00e1 la Iglesia Cat\u00f3lica tras la muerte del papa Francisco.","robots":{"index":"index","follow":"follow","max-snippet":"max-snippet:-1","max-image-preview":"max-image-preview:large","max-video-preview":"max-video-preview:-1"},"canonical":"https:\/\/graziamagazine.com\/mx\/articles\/leon-xiv-nuevo-papa-electo\/","og_locale":"es_MX","og_type":"article","og_title":"Le\u00f3n XIV: Nuevo Papa Electo","og_description":"Robert Francis Prevost, cardenal estadounidense con ra\u00edces peruanas, liderar\u00e1 la Iglesia Cat\u00f3lica tras la muerte del papa Francisco.","og_url":"https:\/\/graziamagazine.com\/mx\/articles\/leon-xiv-nuevo-papa-electo\/","og_site_name":"Grazia M\u00e9xico y Latinoam\u00e9rica","article_modified_time":"2025-05-08T17:47:26+00:00","og_image":[{"width":1480,"height":833,"url":"https:\/\/graziamagazine.com\/mx\/wp-content\/uploads\/sites\/13\/2025\/05\/prevost-gettyimages-2212121081.jpg","type":"image\/jpeg"}],"twitter_card":"summary_large_image","twitter_misc":{"Est. reading time":"3 minutos"},"schema":{"@context":"https:\/\/schema.org","@graph":[{"@type":"WebPage","@id":"https:\/\/graziamagazine.com\/mx\/articles\/leon-xiv-nuevo-papa-electo\/","url":"https:\/\/graziamagazine.com\/mx\/articles\/leon-xiv-nuevo-papa-electo\/","name":"Le\u00f3n XIV: Nuevo Papa Electo","isPartOf":{"@id":"https:\/\/graziamagazine.com\/mx\/#website"},"datePublished":"2025-05-08T17:43:44+00:00","dateModified":"2025-05-08T17:47:26+00:00","description":"Robert Francis Prevost, cardenal estadounidense con ra\u00edces peruanas, liderar\u00e1 la Iglesia Cat\u00f3lica tras la muerte del papa Francisco.","breadcrumb":{"@id":"https:\/\/graziamagazine.com\/mx\/articles\/leon-xiv-nuevo-papa-electo\/#breadcrumb"},"inLanguage":"es-MX","potentialAction":[{"@type":"ReadAction","target":["https:\/\/graziamagazine.com\/mx\/articles\/leon-xiv-nuevo-papa-electo\/"]}]},{"@type":"BreadcrumbList","@id":"https:\/\/graziamagazine.com\/mx\/articles\/leon-xiv-nuevo-papa-electo\/#breadcrumb","itemListElement":[{"@type":"ListItem","position":1,"name":"Home","item":"https:\/\/graziamagazine.com\/mx\/"},{"@type":"ListItem","position":2,"name":"Le\u00f3n XIV: Nuevo Papa Electo"}]},{"@type":"WebSite","@id":"https:\/\/graziamagazine.com\/mx\/#website","url":"https:\/\/graziamagazine.com\/mx\/","name":"Grazia M\u00e9xico y Latinoam\u00e9rica","description":"Grazia es moda, belleza y noticias  de actualidad ","potentialAction":[{"@type":"SearchAction","target":{"@type":"EntryPoint","urlTemplate":"https:\/\/graziamagazine.com\/mx\/?s={search_term_string}"},"query-input":"required name=search_term_string"}],"inLanguage":"es-MX"}]}},"jetpack_sharing_enabled":true,"distributor_meta":false,"distributor_terms":false,"distributor_media":false,"distributor_original_site_name":"Grazia M\u00e9xico y Latinoam\u00e9rica","distributor_original_site_url":"https:\/\/graziamagazine.com\/mx","push-errors":false,"_links":{"self":[{"href":"https:\/\/graziamagazine.com\/mx\/wp-json\/wp\/v2\/articles\/150376"}],"collection":[{"href":"https:\/\/graziamagazine.com\/mx\/wp-json\/wp\/v2\/articles"}],"about":[{"href":"https:\/\/graziamagazine.com\/mx\/wp-json\/wp\/v2\/types\/articles"}],"author":[{"embeddable":true,"href":"https:\/\/graziamagazine.com\/mx\/wp-json\/wp\/v2\/users\/28953"}],"wp:featuredmedia":[{"embeddable":true,"href":"https:\/\/graziamagazine.com\/mx\/wp-json\/wp\/v2\/media\/150379"}],"wp:attachment":[{"href":"https:\/\/graziamagazine.com\/mx\/wp-json\/wp\/v2\/media?parent=150376"}],"wp:term":[{"taxonomy":"category","embeddable":true,"href":"https:\/\/graziamagazine.com\/mx\/wp-json\/wp\/v2\/categories?post=150376"}],"curies":[{"name":"wp","href":"https:\/\/api.w.org\/{rel}","templated":true}]}}