{"id":149861,"date":"2025-04-25T11:15:06","date_gmt":"2025-04-25T16:15:06","guid":{"rendered":"https:\/\/graziamagazine.com\/mx\/?post_type=articles&#038;p=149861"},"modified":"2025-04-25T11:22:13","modified_gmt":"2025-04-25T16:22:13","slug":"rocio-peralta-esencia-del-flamenco","status":"publish","type":"articles","link":"https:\/\/graziamagazine.com\/mx\/articles\/rocio-peralta-esencia-del-flamenco\/","title":{"rendered":"Roc\u00edo Peralta, esencia del flamenco"},"content":{"rendered":"<p class=\"\" data-start=\"390\" data-end=\"763\">En la primavera sevillana, cuando la Feria de Abril transforma la ciudad en un estallido de color, m\u00fasica y tradici\u00f3n, hay un nombre que resuena entre volantes y lunares: Roc\u00edo Peralta. La dise\u00f1adora se ha consolidado como una de las grandes referentes del traje de flamenca contempor\u00e1neo, al que imprime su sello andaluz con un toque de sofisticaci\u00f3n y car\u00e1cter atemporal.<\/p>\n<p class=\"\" data-start=\"765\" data-end=\"1230\">Peralta, nacida y criada en Sevilla, no solo dise\u00f1a vestidos: crea verdaderos s\u00edmbolos de identidad. Cada una de sus piezas rinde homenaje a la tradici\u00f3n sin renunciar a la innovaci\u00f3n.<\/p>\n<figure id=\"attachment_149864\" aria-describedby=\"caption-attachment-149864\" style=\"width: 1024px\" class=\"wp-caption alignnone\"><img loading=\"lazy\" decoding=\"async\" class=\"size-large wp-image-149864\" src=\"https:\/\/graziamagazine.com\/mx\/wp-content\/uploads\/sites\/13\/2025\/04\/Captura-de-Pantalla-2025-04-25-a-las-10.17.05-1024x592.png\" alt=\"Roc\u00edo Peralta, esencia del flamenco\" width=\"1024\" height=\"592\" srcset=\"https:\/\/graziamagazine.com\/mx\/wp-content\/uploads\/sites\/13\/2025\/04\/Captura-de-Pantalla-2025-04-25-a-las-10.17.05-1024x592.png 1024w, https:\/\/graziamagazine.com\/mx\/wp-content\/uploads\/sites\/13\/2025\/04\/Captura-de-Pantalla-2025-04-25-a-las-10.17.05-450x260.png 450w, https:\/\/graziamagazine.com\/mx\/wp-content\/uploads\/sites\/13\/2025\/04\/Captura-de-Pantalla-2025-04-25-a-las-10.17.05-768x444.png 768w, https:\/\/graziamagazine.com\/mx\/wp-content\/uploads\/sites\/13\/2025\/04\/Captura-de-Pantalla-2025-04-25-a-las-10.17.05-1536x888.png 1536w, https:\/\/graziamagazine.com\/mx\/wp-content\/uploads\/sites\/13\/2025\/04\/Captura-de-Pantalla-2025-04-25-a-las-10.17.05-2048x1185.png 2048w, https:\/\/graziamagazine.com\/mx\/wp-content\/uploads\/sites\/13\/2025\/04\/Captura-de-Pantalla-2025-04-25-a-las-10.17.05-400x231.png 400w, https:\/\/graziamagazine.com\/mx\/wp-content\/uploads\/sites\/13\/2025\/04\/Captura-de-Pantalla-2025-04-25-a-las-10.17.05-155x90.png 155w\" sizes=\"(max-width: 1024px) 100vw, 1024px\" \/><figcaption id=\"caption-attachment-149864\" class=\"wp-caption-text\">Roc\u00edo Peralta, esencia del flamenco<\/figcaption><\/figure>\n<p class=\"\" data-start=\"765\" data-end=\"1230\">Sus trajes, elaborados con tejidos de alta calidad, destacan por las siluetas definidas, mangas voluminosas, espaldas escotadas y un uso magistral del color. En ellos conviven la herencia m\u00e1s pura del traje regional con una mirada actual que cautiva a mujeres de todas las edades.<\/p>\n<p class=\"\" data-start=\"1232\" data-end=\"1649\">Su estilo se ha convertido en uno de los m\u00e1s reconocidos en el Real de la Feria. Desde arist\u00f3cratas hasta empresarias e influencers, muchas de las mujeres m\u00e1s elegantes de Espa\u00f1a acuden cada a\u00f1o al taller de Roc\u00edo en busca de ese vestido perfecto que las har\u00e1 brillar en el albero.<\/p>\n<figure id=\"attachment_149867\" aria-describedby=\"caption-attachment-149867\" style=\"width: 710px\" class=\"wp-caption alignnone\"><img loading=\"lazy\" decoding=\"async\" class=\"size-large wp-image-149867\" src=\"https:\/\/graziamagazine.com\/mx\/wp-content\/uploads\/sites\/13\/2025\/04\/Captura-de-Pantalla-2025-04-25-a-las-10.17.54-710x1024.png\" alt=\"Roc\u00edo Peralta, esencia del flamenco\" width=\"710\" height=\"1024\" srcset=\"https:\/\/graziamagazine.com\/mx\/wp-content\/uploads\/sites\/13\/2025\/04\/Captura-de-Pantalla-2025-04-25-a-las-10.17.54-710x1024.png 710w, https:\/\/graziamagazine.com\/mx\/wp-content\/uploads\/sites\/13\/2025\/04\/Captura-de-Pantalla-2025-04-25-a-las-10.17.54-312x450.png 312w, https:\/\/graziamagazine.com\/mx\/wp-content\/uploads\/sites\/13\/2025\/04\/Captura-de-Pantalla-2025-04-25-a-las-10.17.54-768x1107.png 768w, https:\/\/graziamagazine.com\/mx\/wp-content\/uploads\/sites\/13\/2025\/04\/Captura-de-Pantalla-2025-04-25-a-las-10.17.54-400x576.png 400w, https:\/\/graziamagazine.com\/mx\/wp-content\/uploads\/sites\/13\/2025\/04\/Captura-de-Pantalla-2025-04-25-a-las-10.17.54-149x215.png 149w, https:\/\/graziamagazine.com\/mx\/wp-content\/uploads\/sites\/13\/2025\/04\/Captura-de-Pantalla-2025-04-25-a-las-10.17.54.png 902w\" sizes=\"(max-width: 710px) 100vw, 710px\" \/><figcaption id=\"caption-attachment-149867\" class=\"wp-caption-text\">Roc\u00edo Peralta, esencia del flamenco<\/figcaption><\/figure>\n<p class=\"\" data-start=\"1232\" data-end=\"1649\">La clave de su \u00e9xito radica en su intuici\u00f3n est\u00e9tica, su conexi\u00f3n con la esencia flamenca y su respeto absoluto por la figura femenina.<\/p>\n<blockquote>\n<p class=\"\" data-start=\"1651\" data-end=\"1988\">\u201cVestirse de flamenca es vestirse de uno mismo\u201d, ha declarado Peralta en m\u00e1s de una ocasi\u00f3n.<\/p>\n<\/blockquote>\n<p class=\"\" data-start=\"1651\" data-end=\"1988\">Esa filosof\u00eda se traduce en creaciones que no solo embellecen, sino que empoderan. Su universo no se limita al traje de feria: tambi\u00e9n ha explorado otras disciplinas como la moda de invitada o la alta costura, sin perder nunca su ra\u00edz andaluza.<\/p>\n<figure id=\"attachment_149863\" aria-describedby=\"caption-attachment-149863\" style=\"width: 1024px\" class=\"wp-caption alignnone\"><img loading=\"lazy\" decoding=\"async\" class=\"size-large wp-image-149863\" src=\"https:\/\/graziamagazine.com\/mx\/wp-content\/uploads\/sites\/13\/2025\/04\/Captura-de-Pantalla-2025-04-25-a-las-10.16.57-1024x651.png\" alt=\"Roc\u00edo Peralta, esencia del flamenco\" width=\"1024\" height=\"651\" srcset=\"https:\/\/graziamagazine.com\/mx\/wp-content\/uploads\/sites\/13\/2025\/04\/Captura-de-Pantalla-2025-04-25-a-las-10.16.57-1024x651.png 1024w, https:\/\/graziamagazine.com\/mx\/wp-content\/uploads\/sites\/13\/2025\/04\/Captura-de-Pantalla-2025-04-25-a-las-10.16.57-450x286.png 450w, https:\/\/graziamagazine.com\/mx\/wp-content\/uploads\/sites\/13\/2025\/04\/Captura-de-Pantalla-2025-04-25-a-las-10.16.57-768x488.png 768w, https:\/\/graziamagazine.com\/mx\/wp-content\/uploads\/sites\/13\/2025\/04\/Captura-de-Pantalla-2025-04-25-a-las-10.16.57-1536x977.png 1536w, https:\/\/graziamagazine.com\/mx\/wp-content\/uploads\/sites\/13\/2025\/04\/Captura-de-Pantalla-2025-04-25-a-las-10.16.57-2048x1302.png 2048w, https:\/\/graziamagazine.com\/mx\/wp-content\/uploads\/sites\/13\/2025\/04\/Captura-de-Pantalla-2025-04-25-a-las-10.16.57-400x254.png 400w, https:\/\/graziamagazine.com\/mx\/wp-content\/uploads\/sites\/13\/2025\/04\/Captura-de-Pantalla-2025-04-25-a-las-10.16.57-155x99.png 155w\" sizes=\"(max-width: 1024px) 100vw, 1024px\" \/><figcaption id=\"caption-attachment-149863\" class=\"wp-caption-text\">Roc\u00edo Peralta, esencia del flamenco<\/figcaption><\/figure>\n<p class=\"\" data-start=\"1990\" data-end=\"2255\">Con una trayectoria ya consolidada, Roc\u00edo Peralta se ha convertido en sin\u00f3nimo de elegancia flamenca. Cada temporada, su desfile es uno de los m\u00e1s esperados en We Love Flamenco, donde presenta colecciones que son una aut\u00e9ntica celebraci\u00f3n de la feminidad y el arte.<\/p>\n<p class=\"\" data-start=\"2257\" data-end=\"2472\">M\u00e1s que dise\u00f1ar moda, Roc\u00edo Peralta teje emoci\u00f3n, identidad y belleza. En cada puntada, en cada volante, hay una historia que conecta el pasado con el presente. Y en cada vestido suyo, una mujer que se siente \u00fanica.<\/p>\n<p data-start=\"2257\" data-end=\"2472\"><em><strong>*IMAGEN: Roc\u00edo Peralta<\/strong><\/em><\/p>\n","protected":false},"author":28953,"featured_media":149862,"template":"","format":"standard","categories":[4],"acf":[],"yoast_head":"<!-- This site is optimized with the Yoast SEO Premium plugin v18.5 (Yoast SEO v20.4) - https:\/\/yoast.com\/wordpress\/plugins\/seo\/ -->\n<title>Roc\u00edo Peralta, esencia del flamenco<\/title>\n<meta name=\"description\" content=\"La dise\u00f1adora sevillana reinterpreta el traje de flamenca con sello propio y conquista a las mujeres m\u00e1s elegantes de Espa\u00f1a.\" \/>\n<meta name=\"robots\" content=\"index, follow, max-snippet:-1, max-image-preview:large, max-video-preview:-1\" \/>\n<link rel=\"canonical\" href=\"https:\/\/graziamagazine.com\/mx\/articles\/rocio-peralta-esencia-del-flamenco\/\" \/>\n<meta property=\"og:locale\" content=\"es_MX\" \/>\n<meta property=\"og:type\" content=\"article\" \/>\n<meta property=\"og:title\" content=\"Roc\u00edo Peralta, esencia del flamenco\" \/>\n<meta property=\"og:description\" content=\"La dise\u00f1adora sevillana reinterpreta el traje de flamenca con sello propio y conquista a las mujeres m\u00e1s elegantes de Espa\u00f1a.\" \/>\n<meta property=\"og:url\" content=\"https:\/\/graziamagazine.com\/mx\/articles\/rocio-peralta-esencia-del-flamenco\/\" \/>\n<meta property=\"og:site_name\" content=\"Grazia M\u00e9xico y Latinoam\u00e9rica\" \/>\n<meta property=\"article:modified_time\" content=\"2025-04-25T16:22:13+00:00\" \/>\n<meta property=\"og:image\" content=\"https:\/\/graziamagazine.com\/mx\/wp-content\/uploads\/sites\/13\/2025\/04\/Captura-de-Pantalla-2025-04-25-a-las-10.19.38-1024x575.png\" \/>\n\t<meta property=\"og:image:width\" content=\"1024\" \/>\n\t<meta property=\"og:image:height\" content=\"575\" \/>\n\t<meta property=\"og:image:type\" content=\"image\/png\" \/>\n<meta name=\"twitter:card\" content=\"summary_large_image\" \/>\n<meta name=\"twitter:label1\" content=\"Est. reading time\" \/>\n\t<meta name=\"twitter:data1\" content=\"3 minutos\" \/>\n<script type=\"application\/ld+json\" class=\"yoast-schema-graph\">{\"@context\":\"https:\/\/schema.org\",\"@graph\":[{\"@type\":\"WebPage\",\"@id\":\"https:\/\/graziamagazine.com\/mx\/articles\/rocio-peralta-esencia-del-flamenco\/\",\"url\":\"https:\/\/graziamagazine.com\/mx\/articles\/rocio-peralta-esencia-del-flamenco\/\",\"name\":\"Roc\u00edo Peralta, esencia del flamenco\",\"isPartOf\":{\"@id\":\"https:\/\/graziamagazine.com\/mx\/#website\"},\"datePublished\":\"2025-04-25T16:15:06+00:00\",\"dateModified\":\"2025-04-25T16:22:13+00:00\",\"description\":\"La dise\u00f1adora sevillana reinterpreta el traje de flamenca con sello propio y conquista a las mujeres m\u00e1s elegantes de Espa\u00f1a.\",\"breadcrumb\":{\"@id\":\"https:\/\/graziamagazine.com\/mx\/articles\/rocio-peralta-esencia-del-flamenco\/#breadcrumb\"},\"inLanguage\":\"es-MX\",\"potentialAction\":[{\"@type\":\"ReadAction\",\"target\":[\"https:\/\/graziamagazine.com\/mx\/articles\/rocio-peralta-esencia-del-flamenco\/\"]}]},{\"@type\":\"BreadcrumbList\",\"@id\":\"https:\/\/graziamagazine.com\/mx\/articles\/rocio-peralta-esencia-del-flamenco\/#breadcrumb\",\"itemListElement\":[{\"@type\":\"ListItem\",\"position\":1,\"name\":\"Home\",\"item\":\"https:\/\/graziamagazine.com\/mx\/\"},{\"@type\":\"ListItem\",\"position\":2,\"name\":\"Roc\u00edo Peralta, esencia del flamenco\"}]},{\"@type\":\"WebSite\",\"@id\":\"https:\/\/graziamagazine.com\/mx\/#website\",\"url\":\"https:\/\/graziamagazine.com\/mx\/\",\"name\":\"Grazia M\u00e9xico y Latinoam\u00e9rica\",\"description\":\"Grazia es moda, belleza y noticias  de actualidad \",\"potentialAction\":[{\"@type\":\"SearchAction\",\"target\":{\"@type\":\"EntryPoint\",\"urlTemplate\":\"https:\/\/graziamagazine.com\/mx\/?s={search_term_string}\"},\"query-input\":\"required name=search_term_string\"}],\"inLanguage\":\"es-MX\"}]}<\/script>\n<!-- \/ Yoast SEO Premium plugin. -->","yoast_head_json":{"title":"Roc\u00edo Peralta, esencia del flamenco","description":"La dise\u00f1adora sevillana reinterpreta el traje de flamenca con sello propio y conquista a las mujeres m\u00e1s elegantes de Espa\u00f1a.","robots":{"index":"index","follow":"follow","max-snippet":"max-snippet:-1","max-image-preview":"max-image-preview:large","max-video-preview":"max-video-preview:-1"},"canonical":"https:\/\/graziamagazine.com\/mx\/articles\/rocio-peralta-esencia-del-flamenco\/","og_locale":"es_MX","og_type":"article","og_title":"Roc\u00edo Peralta, esencia del flamenco","og_description":"La dise\u00f1adora sevillana reinterpreta el traje de flamenca con sello propio y conquista a las mujeres m\u00e1s elegantes de Espa\u00f1a.","og_url":"https:\/\/graziamagazine.com\/mx\/articles\/rocio-peralta-esencia-del-flamenco\/","og_site_name":"Grazia M\u00e9xico y Latinoam\u00e9rica","article_modified_time":"2025-04-25T16:22:13+00:00","og_image":[{"width":1024,"height":575,"url":"https:\/\/graziamagazine.com\/mx\/wp-content\/uploads\/sites\/13\/2025\/04\/Captura-de-Pantalla-2025-04-25-a-las-10.19.38-1024x575.png","type":"image\/png"}],"twitter_card":"summary_large_image","twitter_misc":{"Est. reading time":"3 minutos"},"schema":{"@context":"https:\/\/schema.org","@graph":[{"@type":"WebPage","@id":"https:\/\/graziamagazine.com\/mx\/articles\/rocio-peralta-esencia-del-flamenco\/","url":"https:\/\/graziamagazine.com\/mx\/articles\/rocio-peralta-esencia-del-flamenco\/","name":"Roc\u00edo Peralta, esencia del flamenco","isPartOf":{"@id":"https:\/\/graziamagazine.com\/mx\/#website"},"datePublished":"2025-04-25T16:15:06+00:00","dateModified":"2025-04-25T16:22:13+00:00","description":"La dise\u00f1adora sevillana reinterpreta el traje de flamenca con sello propio y conquista a las mujeres m\u00e1s elegantes de Espa\u00f1a.","breadcrumb":{"@id":"https:\/\/graziamagazine.com\/mx\/articles\/rocio-peralta-esencia-del-flamenco\/#breadcrumb"},"inLanguage":"es-MX","potentialAction":[{"@type":"ReadAction","target":["https:\/\/graziamagazine.com\/mx\/articles\/rocio-peralta-esencia-del-flamenco\/"]}]},{"@type":"BreadcrumbList","@id":"https:\/\/graziamagazine.com\/mx\/articles\/rocio-peralta-esencia-del-flamenco\/#breadcrumb","itemListElement":[{"@type":"ListItem","position":1,"name":"Home","item":"https:\/\/graziamagazine.com\/mx\/"},{"@type":"ListItem","position":2,"name":"Roc\u00edo Peralta, esencia del flamenco"}]},{"@type":"WebSite","@id":"https:\/\/graziamagazine.com\/mx\/#website","url":"https:\/\/graziamagazine.com\/mx\/","name":"Grazia M\u00e9xico y Latinoam\u00e9rica","description":"Grazia es moda, belleza y noticias  de actualidad ","potentialAction":[{"@type":"SearchAction","target":{"@type":"EntryPoint","urlTemplate":"https:\/\/graziamagazine.com\/mx\/?s={search_term_string}"},"query-input":"required name=search_term_string"}],"inLanguage":"es-MX"}]}},"jetpack_sharing_enabled":true,"distributor_meta":false,"distributor_terms":false,"distributor_media":false,"distributor_original_site_name":"Grazia M\u00e9xico y Latinoam\u00e9rica","distributor_original_site_url":"https:\/\/graziamagazine.com\/mx","push-errors":false,"_links":{"self":[{"href":"https:\/\/graziamagazine.com\/mx\/wp-json\/wp\/v2\/articles\/149861"}],"collection":[{"href":"https:\/\/graziamagazine.com\/mx\/wp-json\/wp\/v2\/articles"}],"about":[{"href":"https:\/\/graziamagazine.com\/mx\/wp-json\/wp\/v2\/types\/articles"}],"author":[{"embeddable":true,"href":"https:\/\/graziamagazine.com\/mx\/wp-json\/wp\/v2\/users\/28953"}],"wp:featuredmedia":[{"embeddable":true,"href":"https:\/\/graziamagazine.com\/mx\/wp-json\/wp\/v2\/media\/149862"}],"wp:attachment":[{"href":"https:\/\/graziamagazine.com\/mx\/wp-json\/wp\/v2\/media?parent=149861"}],"wp:term":[{"taxonomy":"category","embeddable":true,"href":"https:\/\/graziamagazine.com\/mx\/wp-json\/wp\/v2\/categories?post=149861"}],"curies":[{"name":"wp","href":"https:\/\/api.w.org\/{rel}","templated":true}]}}