{"id":149801,"date":"2025-04-25T05:08:12","date_gmt":"2025-04-25T10:08:12","guid":{"rendered":"https:\/\/graziamagazine.com\/mx\/?post_type=articles&#038;p=149801"},"modified":"2025-04-25T05:08:12","modified_gmt":"2025-04-25T10:08:12","slug":"fanglu-lin-x-zara-una-colaboracion-que-mira-a-oriente","status":"publish","type":"articles","link":"https:\/\/graziamagazine.com\/mx\/articles\/fanglu-lin-x-zara-una-colaboracion-que-mira-a-oriente\/","title":{"rendered":"FANGLU LIN X ZARA, una colaboraci\u00f3n que mira a Oriente"},"content":{"rendered":"<p>La aclamada artista textil de Pek\u00edn Fanglu Lin lleva su arte visionario al mundo de la moda a trav\u00e9s de una colaboraci\u00f3n exclusiva con Zara \u2014 que marca su primera incursi\u00f3n en el dise\u00f1o de moda. El resultado es una colecci\u00f3n c\u00e1psula para mujer, hombre, ni\u00f1o y hogar que fusiona el arte ancestral con la sensibilidad contempor\u00e1nea, transformando el lenguaje del arte textil en una nueva forma de expresi\u00f3n.<\/p>\n<p>\u00abEn el \u00e1mbito de la artesan\u00eda tradicional, el tiempo no se cuenta, sino que se retiene en cada puntada y nudo, acumul\u00e1ndose silenciosamente. Llevo mucho tiempo buscando la forma de trasladar este sentido meditativo del tiempo a los ritmos de la vida contempor\u00e1nea. Para m\u00ed, los tejidos nunca son s\u00f3lo material o t\u00e9cnica; son recuerdos encarnados de la cultura, una herencia susurrada que se transmite de mujer a mujer. Lo que cosemos no es s\u00f3lo tela, sino las costuras olvidadas de la historia y las emociones. Los bordes deshilachados, las huellas de las manos me recuerdan que el papel del arte no es velar la realidad, sino rozarla.<\/p>\n<p><img decoding=\"async\" src=\"https:\/\/r.fashionunited.com\/tYrNUWRqyc5KfvetLoqKZGYKSbm8XD3EgVx-nOvfigc\/resize:fill:1164:0:0\/gravity:ce\/quality:70\/aHR0cHM6Ly9mYXNoaW9udW5pdGVkLmNvbS9pbWcvdXBsb2FkLzIwMjUvMDQvMjMvZmFuZ2x1LWxpbi16YXJhLTEwLWg3MGx2ZDZlLTIwMjUtMDQtMjMuanBlZw\" alt=\"Colecci\u00f3n c\u00e1psula colaborativa Fanglu Lin x Zara.\" \/><\/p>\n<p>Esta colaboraci\u00f3n con Zara es la primera vez que mi obra encuentra un cuerpo que habitar. Estas piezas ya no descansan en la quietud; se mueven, respiran y se despliegan con quien las lleva. Se convierten en un lenguaje de fibra hablado en movimiento. Espero que en los pliegues silenciosos de la vida cotidiana, la gente pueda sentir el calor de la artesan\u00eda, no en los grandes gestos, sino en los detalles m\u00e1s peque\u00f1os: un hilo recogido, una arruga del tejido que te llama a hacer una pausa, a tocar algo suave que ha recorrido un largo camino para llegar hasta ti\u00bb explica Fanglu Lin.<\/p>\n<p><img decoding=\"async\" src=\"https:\/\/hips.hearstapps.com\/hmg-prod\/images\/558570400008-v1-min-6807e788bfca1.jpg?resize=980:*\" alt=\"zara\" \/><\/p>\n<p>El trabajo de Fanglu est\u00e1 profundamente arraigado a las tradiciones textiles de la minor\u00eda \u00e9tnica Bai de la provincia china de Yunnan. Su viaje comenz\u00f3 cuando pas\u00f3 un a\u00f1o en el pueblo de Zhou Cheng, en Dal\u00ed, aprendiendo las complicadas t\u00e9cnicas de te\u00f1ido, tejido y anudado de las mujeres que han conservado estos conocimientos durante generaciones. En la \u00faltima d\u00e9cada, ha reinventado estos m\u00e9todos ancestrales a trav\u00e9s de instalaciones a gran escala: formas escult\u00f3ricas llenas de textura, abstracci\u00f3n y serena fuerza emocional, que evocan temas de identidad, feminidad y esp\u00edritu.<\/p>\n<p><img decoding=\"async\" src=\"https:\/\/r.fashionunited.com\/osEJzZg2YmXSbp7Tim8UQ8g_HXZzcZH7V2t_MszYN24\/resize:fill:1164:0:0\/gravity:ce\/quality:70\/aHR0cHM6Ly9mYXNoaW9udW5pdGVkLmNvbS9pbWcvdXBsb2FkLzIwMjUvMDQvMjMvZmFuZ2x1LWxpbi16YXJhLTUtdXpxMWZ0M3MtMjAyNS0wNC0yMy5qcGVn\" alt=\"Colecci\u00f3n c\u00e1psula colaborativa Fanglu Lin x Zara.\" \/><\/p>\n<p>Esta colaboraci\u00f3n con Zara marca una nueva evoluci\u00f3n de su pr\u00e1ctica y abre su trabajo a un p\u00fablico totalmente nuevo. En estrecha colaboraci\u00f3n con el equipo de dise\u00f1o de Zara, Fanglu ha trasladado su proceso a la ropa, centr\u00e1ndose en los detalles de sus obras de arte y recontextualiz\u00e1ndolos a escala. La paleta de colores -natural, negro e \u00edndigo- y los delicados tonos de los estampados proceden de sus propias acuarelas. La colecci\u00f3n est\u00e1 repleta del vocabulario textil tradicional que cautiv\u00f3 su imaginaci\u00f3n: bordados, anudados, fruncidos y, por supuesto, tintes.<\/p>\n<p><img decoding=\"async\" src=\"https:\/\/static.zara.net\/assets\/public\/7ccb\/2693\/fea64b2a9c4c\/f3c7c1baa0e2\/reference-t0814600202-ca8ddeb6-ed19-4230-9b2f-91ed512af13b_0\/reference-t0814600202-ca8ddeb6-ed19-4230-9b2f-91ed512af13b_0.jpg?ts=1745332767770&amp;w=2744\" \/><\/p>\n<p>La sastrer\u00eda deconstruida se define por los intrincados detalles de los cordones, que anclan los escotes, dan forma a las siluetas y confieren una dimensi\u00f3n escultural a las prendas fluidas. En otros lugares, las t\u00e9cnicas de su firma crean superficies como tejidos vivos: texturizados, en capas y protectores, pero llenos de movimiento y gracia. Elementos anudados y fruncidos definen vestidos que contornean suavemente el cuerpo, revelando y ocultando al mismo tiempo con po\u00e9tica contenci\u00f3n. Esta filosof\u00eda de suavidad se traslada a la ropa masculina, difuminando las l\u00edneas entre estructura y fluidez.<\/p>\n<p><img decoding=\"async\" src=\"https:\/\/static.zara.net\/assets\/public\/7ccb\/2693\/fea64b2a9c4c\/f3c7c1baa0e2\/reference-t1183151003-7577a145-3c8f-4120-9a63-6866f595422b_0\/reference-t1183151003-7577a145-3c8f-4120-9a63-6866f595422b_0.jpg?ts=1745332767770&amp;w=2744\" \/><\/p>\n<p>El primer tr\u00edptico de colecciones de moda de Fanglu se completa con una l\u00ednea infantil que refleja su ethos: juguetona, innovadora y dise\u00f1ada con alma. Cruda pero refinada, elemental pero exquisitamente detallada, esta colecci\u00f3n c\u00e1psula es la esencia de la feminidad contempor\u00e1nea de Fanglu Lin. Y lo que es m\u00e1s importante, lleva su arte a la vida cotidiana: accesible, ponible y viva.<\/p>\n<p><img decoding=\"async\" src=\"https:\/\/r.fashionunited.com\/RXDlOq1B1tHVXc7FvwgSfckqdNxlG8XB-kKy_Qc_rcc\/resize:fill:1164:0:0\/gravity:ce\/quality:70\/aHR0cHM6Ly9mYXNoaW9udW5pdGVkLmNvbS9pbWcvdXBsb2FkLzIwMjUvMDQvMjMvZmFuZ2x1LWxpbi16YXJhLTMtZzRia2pvZzQtMjAyNS0wNC0yMy5qcGVn\" alt=\"Colecci\u00f3n c\u00e1psula colaborativa Fanglu Lin x Zara.\" \/><\/p>\n<p><a href=\"https:\/\/www.zara.com\/es\/es\/woman-lin-fang-lu-editorial-mkt15543.html\" target=\"_blank\" rel=\"noopener\" target=\"_blank\">Fanglu Lin x Zara debutar\u00e1 el 24 de abril online y en tiendas seleccionadas.<\/a><\/p>\n<p><em>*Im\u00e1genes: cortes\u00eda<\/em><\/p>\n","protected":false},"author":11653,"featured_media":149802,"template":"","format":"standard","categories":[4],"acf":[],"yoast_head":"<!-- This site is optimized with the Yoast SEO Premium plugin v18.5 (Yoast SEO v20.4) - https:\/\/yoast.com\/wordpress\/plugins\/seo\/ -->\n<title>FANGLU LIN X ZARA, una colaboraci\u00f3n que mira a Oriente<\/title>\n<meta name=\"description\" content=\"Una c\u00e1psula con la artista textil china, Premio Loewe Craft Prize en 2021, que se convierte en su primera incursi\u00f3n en el mundo de la moda.\" \/>\n<meta name=\"robots\" content=\"index, follow, max-snippet:-1, max-image-preview:large, max-video-preview:-1\" \/>\n<link rel=\"canonical\" href=\"https:\/\/graziamagazine.com\/mx\/articles\/fanglu-lin-x-zara-una-colaboracion-que-mira-a-oriente\/\" \/>\n<meta property=\"og:locale\" content=\"es_MX\" \/>\n<meta property=\"og:type\" content=\"article\" \/>\n<meta property=\"og:title\" content=\"FANGLU LIN X ZARA, una colaboraci\u00f3n que mira a Oriente\" \/>\n<meta property=\"og:description\" content=\"Una c\u00e1psula con la artista textil china, Premio Loewe Craft Prize en 2021, que se convierte en su primera incursi\u00f3n en el mundo de la moda.\" \/>\n<meta property=\"og:url\" content=\"https:\/\/graziamagazine.com\/mx\/articles\/fanglu-lin-x-zara-una-colaboracion-que-mira-a-oriente\/\" \/>\n<meta property=\"og:site_name\" content=\"Grazia M\u00e9xico y Latinoam\u00e9rica\" \/>\n<meta property=\"og:image\" content=\"https:\/\/graziamagazine.com\/mx\/wp-content\/uploads\/sites\/13\/2025\/04\/fanglu-lin-zara-1-fc6f9l2m-2025-04-23-copia.jpg\" \/>\n\t<meta property=\"og:image:width\" content=\"1199\" \/>\n\t<meta property=\"og:image:height\" content=\"800\" \/>\n\t<meta property=\"og:image:type\" content=\"image\/jpeg\" \/>\n<meta name=\"twitter:card\" content=\"summary_large_image\" \/>\n<meta name=\"twitter:label1\" content=\"Est. reading time\" \/>\n\t<meta name=\"twitter:data1\" content=\"5 minutos\" \/>\n<script type=\"application\/ld+json\" class=\"yoast-schema-graph\">{\"@context\":\"https:\/\/schema.org\",\"@graph\":[{\"@type\":\"WebPage\",\"@id\":\"https:\/\/graziamagazine.com\/mx\/articles\/fanglu-lin-x-zara-una-colaboracion-que-mira-a-oriente\/\",\"url\":\"https:\/\/graziamagazine.com\/mx\/articles\/fanglu-lin-x-zara-una-colaboracion-que-mira-a-oriente\/\",\"name\":\"FANGLU LIN X ZARA, una colaboraci\u00f3n que mira a Oriente\",\"isPartOf\":{\"@id\":\"https:\/\/graziamagazine.com\/mx\/#website\"},\"datePublished\":\"2025-04-25T10:08:12+00:00\",\"dateModified\":\"2025-04-25T10:08:12+00:00\",\"description\":\"Una c\u00e1psula con la artista textil china, Premio Loewe Craft Prize en 2021, que se convierte en su primera incursi\u00f3n en el mundo de la moda.\",\"breadcrumb\":{\"@id\":\"https:\/\/graziamagazine.com\/mx\/articles\/fanglu-lin-x-zara-una-colaboracion-que-mira-a-oriente\/#breadcrumb\"},\"inLanguage\":\"es-MX\",\"potentialAction\":[{\"@type\":\"ReadAction\",\"target\":[\"https:\/\/graziamagazine.com\/mx\/articles\/fanglu-lin-x-zara-una-colaboracion-que-mira-a-oriente\/\"]}]},{\"@type\":\"BreadcrumbList\",\"@id\":\"https:\/\/graziamagazine.com\/mx\/articles\/fanglu-lin-x-zara-una-colaboracion-que-mira-a-oriente\/#breadcrumb\",\"itemListElement\":[{\"@type\":\"ListItem\",\"position\":1,\"name\":\"Home\",\"item\":\"https:\/\/graziamagazine.com\/mx\/\"},{\"@type\":\"ListItem\",\"position\":2,\"name\":\"FANGLU LIN X ZARA, una colaboraci\u00f3n que mira a Oriente\"}]},{\"@type\":\"WebSite\",\"@id\":\"https:\/\/graziamagazine.com\/mx\/#website\",\"url\":\"https:\/\/graziamagazine.com\/mx\/\",\"name\":\"Grazia M\u00e9xico y Latinoam\u00e9rica\",\"description\":\"Grazia es moda, belleza y noticias  de actualidad \",\"potentialAction\":[{\"@type\":\"SearchAction\",\"target\":{\"@type\":\"EntryPoint\",\"urlTemplate\":\"https:\/\/graziamagazine.com\/mx\/?s={search_term_string}\"},\"query-input\":\"required name=search_term_string\"}],\"inLanguage\":\"es-MX\"}]}<\/script>\n<!-- \/ Yoast SEO Premium plugin. -->","yoast_head_json":{"title":"FANGLU LIN X ZARA, una colaboraci\u00f3n que mira a Oriente","description":"Una c\u00e1psula con la artista textil china, Premio Loewe Craft Prize en 2021, que se convierte en su primera incursi\u00f3n en el mundo de la moda.","robots":{"index":"index","follow":"follow","max-snippet":"max-snippet:-1","max-image-preview":"max-image-preview:large","max-video-preview":"max-video-preview:-1"},"canonical":"https:\/\/graziamagazine.com\/mx\/articles\/fanglu-lin-x-zara-una-colaboracion-que-mira-a-oriente\/","og_locale":"es_MX","og_type":"article","og_title":"FANGLU LIN X ZARA, una colaboraci\u00f3n que mira a Oriente","og_description":"Una c\u00e1psula con la artista textil china, Premio Loewe Craft Prize en 2021, que se convierte en su primera incursi\u00f3n en el mundo de la moda.","og_url":"https:\/\/graziamagazine.com\/mx\/articles\/fanglu-lin-x-zara-una-colaboracion-que-mira-a-oriente\/","og_site_name":"Grazia M\u00e9xico y Latinoam\u00e9rica","og_image":[{"width":1199,"height":800,"url":"https:\/\/graziamagazine.com\/mx\/wp-content\/uploads\/sites\/13\/2025\/04\/fanglu-lin-zara-1-fc6f9l2m-2025-04-23-copia.jpg","type":"image\/jpeg"}],"twitter_card":"summary_large_image","twitter_misc":{"Est. reading time":"5 minutos"},"schema":{"@context":"https:\/\/schema.org","@graph":[{"@type":"WebPage","@id":"https:\/\/graziamagazine.com\/mx\/articles\/fanglu-lin-x-zara-una-colaboracion-que-mira-a-oriente\/","url":"https:\/\/graziamagazine.com\/mx\/articles\/fanglu-lin-x-zara-una-colaboracion-que-mira-a-oriente\/","name":"FANGLU LIN X ZARA, una colaboraci\u00f3n que mira a Oriente","isPartOf":{"@id":"https:\/\/graziamagazine.com\/mx\/#website"},"datePublished":"2025-04-25T10:08:12+00:00","dateModified":"2025-04-25T10:08:12+00:00","description":"Una c\u00e1psula con la artista textil china, Premio Loewe Craft Prize en 2021, que se convierte en su primera incursi\u00f3n en el mundo de la moda.","breadcrumb":{"@id":"https:\/\/graziamagazine.com\/mx\/articles\/fanglu-lin-x-zara-una-colaboracion-que-mira-a-oriente\/#breadcrumb"},"inLanguage":"es-MX","potentialAction":[{"@type":"ReadAction","target":["https:\/\/graziamagazine.com\/mx\/articles\/fanglu-lin-x-zara-una-colaboracion-que-mira-a-oriente\/"]}]},{"@type":"BreadcrumbList","@id":"https:\/\/graziamagazine.com\/mx\/articles\/fanglu-lin-x-zara-una-colaboracion-que-mira-a-oriente\/#breadcrumb","itemListElement":[{"@type":"ListItem","position":1,"name":"Home","item":"https:\/\/graziamagazine.com\/mx\/"},{"@type":"ListItem","position":2,"name":"FANGLU LIN X ZARA, una colaboraci\u00f3n que mira a Oriente"}]},{"@type":"WebSite","@id":"https:\/\/graziamagazine.com\/mx\/#website","url":"https:\/\/graziamagazine.com\/mx\/","name":"Grazia M\u00e9xico y Latinoam\u00e9rica","description":"Grazia es moda, belleza y noticias  de actualidad ","potentialAction":[{"@type":"SearchAction","target":{"@type":"EntryPoint","urlTemplate":"https:\/\/graziamagazine.com\/mx\/?s={search_term_string}"},"query-input":"required name=search_term_string"}],"inLanguage":"es-MX"}]}},"jetpack_sharing_enabled":true,"distributor_meta":false,"distributor_terms":false,"distributor_media":false,"distributor_original_site_name":"Grazia M\u00e9xico y Latinoam\u00e9rica","distributor_original_site_url":"https:\/\/graziamagazine.com\/mx","push-errors":false,"_links":{"self":[{"href":"https:\/\/graziamagazine.com\/mx\/wp-json\/wp\/v2\/articles\/149801"}],"collection":[{"href":"https:\/\/graziamagazine.com\/mx\/wp-json\/wp\/v2\/articles"}],"about":[{"href":"https:\/\/graziamagazine.com\/mx\/wp-json\/wp\/v2\/types\/articles"}],"author":[{"embeddable":true,"href":"https:\/\/graziamagazine.com\/mx\/wp-json\/wp\/v2\/users\/11653"}],"wp:featuredmedia":[{"embeddable":true,"href":"https:\/\/graziamagazine.com\/mx\/wp-json\/wp\/v2\/media\/149802"}],"wp:attachment":[{"href":"https:\/\/graziamagazine.com\/mx\/wp-json\/wp\/v2\/media?parent=149801"}],"wp:term":[{"taxonomy":"category","embeddable":true,"href":"https:\/\/graziamagazine.com\/mx\/wp-json\/wp\/v2\/categories?post=149801"}],"curies":[{"name":"wp","href":"https:\/\/api.w.org\/{rel}","templated":true}]}}