{"id":149750,"date":"2025-04-23T04:26:24","date_gmt":"2025-04-23T09:26:24","guid":{"rendered":"https:\/\/graziamagazine.com\/mx\/?post_type=articles&#038;p=149750"},"modified":"2025-04-23T04:26:24","modified_gmt":"2025-04-23T09:26:24","slug":"carolina-herrera-elige-madrid-para-su-coleccion-ss-2026","status":"publish","type":"articles","link":"https:\/\/graziamagazine.com\/mx\/articles\/carolina-herrera-elige-madrid-para-su-coleccion-ss-2026\/","title":{"rendered":"Carolina Herrera elige Madrid para su colecci\u00f3n SS 2026"},"content":{"rendered":"<p>Madrid vuelve a demostrar una vez m\u00e1s que est\u00e1 a la cabeza del mundo de la moda y las tendencias, y es que Carolina Herrera y Wes Gordon viajar\u00e1n hasta la capital espa\u00f1ola para presentar su pr\u00f3xima colecci\u00f3n Primavera-Verano 2026.<\/p>\n<p>La capital toma el relevo a Ciudad de M\u00e9xico, donde la firma present\u00f3 su colecci\u00f3n Crucero 2025 en un marco hist\u00f3rico, y <strong>ser\u00e1 la primera vez que la firma presente su propuesta fuera de la Semana de la Moda de Nueva York<\/strong>, como viene siendo habitual. Aunque todav\u00eda no se sabe d\u00f3nde tendr\u00e1 lugar el show, s\u00ed se sabe que la fecha elegida es el 18 de septiembre.<\/p>\n<p>Propiedad del Grupo Puig, la relaci\u00f3n de la firma con Espa\u00f1a se materializa a\u00fan m\u00e1s con esta decisi\u00f3n con la que Carolina Herrera y Wes Gordon estamos seguros que aprovechar\u00e1n este viaje para explorar en la tradici\u00f3n artesana de nuestro pa\u00eds, al igual que ha ido haciendo en su periplo por otros pa\u00edses, fusionando el ADN de la casa con el del pa\u00eds y la ciudad elegida. Todav\u00eda no se sabe con qui\u00e9n, pero Carolina Herrera colaborar\u00e1 con selectos artesanos y creativos espa\u00f1oles, \u201cincorporando su trabajo a la colecci\u00f3n como una muestra de respeto a\u00a0la rica tradici\u00f3n artesanal\u00a0y expresiva del pa\u00eds\u201d.<\/p>\n<blockquote><p>\u201cMadrid siempre ha sido una de mis ciudades favoritas del mundo, tan rica en historia, arte, cultura y patrimonio\u00bb, Wes Gordon, Director Creativo de Carolina Herrera<\/p><\/blockquote>\n<p><img decoding=\"async\" src=\"https:\/\/imagenes.elpais.com\/resizer\/v2\/RCR3P7GNRRHNHBG76UNFZ5P3QM.jpg?auth=14ff70684e8c28e99e66771e81e25438e1d90da31404b79d405b8d6879a9840e&amp;width=828\" \/><\/p>\n<p>\u00abTiene una energ\u00eda vibrante y una cultura efervescente, hogar de innumerables creativos con una visi\u00f3n \u00fanica de la belleza y la alegr\u00eda. Cada vez que visito Madrid, me recargo de inspiraci\u00f3n. Es un lugar donde la alegr\u00eda de vivir, uno de los lemas fundamentales de nuestra casa, cobra vida de verdad. Desde una cena improvisada en Casa Lucio hasta un largo paseo por El Retiro o una hora tranquila en el museo Reina Sof\u00eda, Madrid es una ciudad moldeada por la historia, pero nunca anclada en ella: hay un encanto en la forma en que el pasado convive con el presente. Llevar Carolina Herrera aqu\u00ed no se siente como una decisi\u00f3n, sino como la continuaci\u00f3n de una conversaci\u00f3n compartida\u201d, afirma el Director Creativo.<\/p>\n<p>Hasta el momento se sabe tambi\u00e9n que el d\u00eda antes, el 17 de septiembre, comenzar\u00e1n los festejos de moda con una cena \u00edntima en la capital, que tal y como explican desde la firma est\u00e1 \u201cpensado no solo para revelar la nueva colecci\u00f3n, sino tambi\u00e9n para rendir homenaje a la ciudad que la inspira\u201d.<\/p>\n<p><em>*Im\u00e1genes: Getty Images<\/em><\/p>\n","protected":false},"author":11653,"featured_media":149751,"template":"","format":"standard","categories":[12483,4],"acf":[],"yoast_head":"<!-- This site is optimized with the Yoast SEO Premium plugin v18.5 (Yoast SEO v20.4) - https:\/\/yoast.com\/wordpress\/plugins\/seo\/ -->\n<title>Carolina Herrera elige Madrid para su colecci\u00f3n SS 2026<\/title>\n<meta name=\"description\" content=\"La firma liderada por el dise\u00f1ador Wes Wordon ha escogido la capital espa\u00f1ola como escenario de su pr\u00f3xima propuesta.\" \/>\n<meta name=\"robots\" content=\"index, follow, max-snippet:-1, max-image-preview:large, max-video-preview:-1\" \/>\n<link rel=\"canonical\" href=\"https:\/\/graziamagazine.com\/mx\/articles\/carolina-herrera-elige-madrid-para-su-coleccion-ss-2026\/\" \/>\n<meta property=\"og:locale\" content=\"es_MX\" \/>\n<meta property=\"og:type\" content=\"article\" \/>\n<meta property=\"og:title\" content=\"Carolina Herrera elige Madrid para su colecci\u00f3n SS 2026\" \/>\n<meta property=\"og:description\" content=\"La firma liderada por el dise\u00f1ador Wes Wordon ha escogido la capital espa\u00f1ola como escenario de su pr\u00f3xima propuesta.\" \/>\n<meta property=\"og:url\" content=\"https:\/\/graziamagazine.com\/mx\/articles\/carolina-herrera-elige-madrid-para-su-coleccion-ss-2026\/\" \/>\n<meta property=\"og:site_name\" content=\"Grazia M\u00e9xico y Latinoam\u00e9rica\" \/>\n<meta property=\"og:image\" content=\"https:\/\/graziamagazine.com\/mx\/wp-content\/uploads\/sites\/13\/2025\/04\/AUUZRJVDPFHPPLWWAPFZEPV7UU-copia.jpg\" \/>\n\t<meta property=\"og:image:width\" content=\"1200\" \/>\n\t<meta property=\"og:image:height\" content=\"800\" \/>\n\t<meta property=\"og:image:type\" content=\"image\/jpeg\" \/>\n<meta name=\"twitter:card\" content=\"summary_large_image\" \/>\n<meta name=\"twitter:label1\" content=\"Est. reading time\" \/>\n\t<meta name=\"twitter:data1\" content=\"3 minutos\" \/>\n<script type=\"application\/ld+json\" class=\"yoast-schema-graph\">{\"@context\":\"https:\/\/schema.org\",\"@graph\":[{\"@type\":\"WebPage\",\"@id\":\"https:\/\/graziamagazine.com\/mx\/articles\/carolina-herrera-elige-madrid-para-su-coleccion-ss-2026\/\",\"url\":\"https:\/\/graziamagazine.com\/mx\/articles\/carolina-herrera-elige-madrid-para-su-coleccion-ss-2026\/\",\"name\":\"Carolina Herrera elige Madrid para su colecci\u00f3n SS 2026\",\"isPartOf\":{\"@id\":\"https:\/\/graziamagazine.com\/mx\/#website\"},\"datePublished\":\"2025-04-23T09:26:24+00:00\",\"dateModified\":\"2025-04-23T09:26:24+00:00\",\"description\":\"La firma liderada por el dise\u00f1ador Wes Wordon ha escogido la capital espa\u00f1ola como escenario de su pr\u00f3xima propuesta.\",\"breadcrumb\":{\"@id\":\"https:\/\/graziamagazine.com\/mx\/articles\/carolina-herrera-elige-madrid-para-su-coleccion-ss-2026\/#breadcrumb\"},\"inLanguage\":\"es-MX\",\"potentialAction\":[{\"@type\":\"ReadAction\",\"target\":[\"https:\/\/graziamagazine.com\/mx\/articles\/carolina-herrera-elige-madrid-para-su-coleccion-ss-2026\/\"]}]},{\"@type\":\"BreadcrumbList\",\"@id\":\"https:\/\/graziamagazine.com\/mx\/articles\/carolina-herrera-elige-madrid-para-su-coleccion-ss-2026\/#breadcrumb\",\"itemListElement\":[{\"@type\":\"ListItem\",\"position\":1,\"name\":\"Home\",\"item\":\"https:\/\/graziamagazine.com\/mx\/\"},{\"@type\":\"ListItem\",\"position\":2,\"name\":\"Carolina Herrera elige Madrid para su colecci\u00f3n SS 2026\"}]},{\"@type\":\"WebSite\",\"@id\":\"https:\/\/graziamagazine.com\/mx\/#website\",\"url\":\"https:\/\/graziamagazine.com\/mx\/\",\"name\":\"Grazia M\u00e9xico y Latinoam\u00e9rica\",\"description\":\"Grazia es moda, belleza y noticias  de actualidad \",\"potentialAction\":[{\"@type\":\"SearchAction\",\"target\":{\"@type\":\"EntryPoint\",\"urlTemplate\":\"https:\/\/graziamagazine.com\/mx\/?s={search_term_string}\"},\"query-input\":\"required name=search_term_string\"}],\"inLanguage\":\"es-MX\"}]}<\/script>\n<!-- \/ Yoast SEO Premium plugin. -->","yoast_head_json":{"title":"Carolina Herrera elige Madrid para su colecci\u00f3n SS 2026","description":"La firma liderada por el dise\u00f1ador Wes Wordon ha escogido la capital espa\u00f1ola como escenario de su pr\u00f3xima propuesta.","robots":{"index":"index","follow":"follow","max-snippet":"max-snippet:-1","max-image-preview":"max-image-preview:large","max-video-preview":"max-video-preview:-1"},"canonical":"https:\/\/graziamagazine.com\/mx\/articles\/carolina-herrera-elige-madrid-para-su-coleccion-ss-2026\/","og_locale":"es_MX","og_type":"article","og_title":"Carolina Herrera elige Madrid para su colecci\u00f3n SS 2026","og_description":"La firma liderada por el dise\u00f1ador Wes Wordon ha escogido la capital espa\u00f1ola como escenario de su pr\u00f3xima propuesta.","og_url":"https:\/\/graziamagazine.com\/mx\/articles\/carolina-herrera-elige-madrid-para-su-coleccion-ss-2026\/","og_site_name":"Grazia M\u00e9xico y Latinoam\u00e9rica","og_image":[{"width":1200,"height":800,"url":"https:\/\/graziamagazine.com\/mx\/wp-content\/uploads\/sites\/13\/2025\/04\/AUUZRJVDPFHPPLWWAPFZEPV7UU-copia.jpg","type":"image\/jpeg"}],"twitter_card":"summary_large_image","twitter_misc":{"Est. reading time":"3 minutos"},"schema":{"@context":"https:\/\/schema.org","@graph":[{"@type":"WebPage","@id":"https:\/\/graziamagazine.com\/mx\/articles\/carolina-herrera-elige-madrid-para-su-coleccion-ss-2026\/","url":"https:\/\/graziamagazine.com\/mx\/articles\/carolina-herrera-elige-madrid-para-su-coleccion-ss-2026\/","name":"Carolina Herrera elige Madrid para su colecci\u00f3n SS 2026","isPartOf":{"@id":"https:\/\/graziamagazine.com\/mx\/#website"},"datePublished":"2025-04-23T09:26:24+00:00","dateModified":"2025-04-23T09:26:24+00:00","description":"La firma liderada por el dise\u00f1ador Wes Wordon ha escogido la capital espa\u00f1ola como escenario de su pr\u00f3xima propuesta.","breadcrumb":{"@id":"https:\/\/graziamagazine.com\/mx\/articles\/carolina-herrera-elige-madrid-para-su-coleccion-ss-2026\/#breadcrumb"},"inLanguage":"es-MX","potentialAction":[{"@type":"ReadAction","target":["https:\/\/graziamagazine.com\/mx\/articles\/carolina-herrera-elige-madrid-para-su-coleccion-ss-2026\/"]}]},{"@type":"BreadcrumbList","@id":"https:\/\/graziamagazine.com\/mx\/articles\/carolina-herrera-elige-madrid-para-su-coleccion-ss-2026\/#breadcrumb","itemListElement":[{"@type":"ListItem","position":1,"name":"Home","item":"https:\/\/graziamagazine.com\/mx\/"},{"@type":"ListItem","position":2,"name":"Carolina Herrera elige Madrid para su colecci\u00f3n SS 2026"}]},{"@type":"WebSite","@id":"https:\/\/graziamagazine.com\/mx\/#website","url":"https:\/\/graziamagazine.com\/mx\/","name":"Grazia M\u00e9xico y Latinoam\u00e9rica","description":"Grazia es moda, belleza y noticias  de actualidad ","potentialAction":[{"@type":"SearchAction","target":{"@type":"EntryPoint","urlTemplate":"https:\/\/graziamagazine.com\/mx\/?s={search_term_string}"},"query-input":"required name=search_term_string"}],"inLanguage":"es-MX"}]}},"jetpack_sharing_enabled":true,"distributor_meta":false,"distributor_terms":false,"distributor_media":false,"distributor_original_site_name":"Grazia M\u00e9xico y Latinoam\u00e9rica","distributor_original_site_url":"https:\/\/graziamagazine.com\/mx","push-errors":false,"_links":{"self":[{"href":"https:\/\/graziamagazine.com\/mx\/wp-json\/wp\/v2\/articles\/149750"}],"collection":[{"href":"https:\/\/graziamagazine.com\/mx\/wp-json\/wp\/v2\/articles"}],"about":[{"href":"https:\/\/graziamagazine.com\/mx\/wp-json\/wp\/v2\/types\/articles"}],"author":[{"embeddable":true,"href":"https:\/\/graziamagazine.com\/mx\/wp-json\/wp\/v2\/users\/11653"}],"wp:featuredmedia":[{"embeddable":true,"href":"https:\/\/graziamagazine.com\/mx\/wp-json\/wp\/v2\/media\/149751"}],"wp:attachment":[{"href":"https:\/\/graziamagazine.com\/mx\/wp-json\/wp\/v2\/media?parent=149750"}],"wp:term":[{"taxonomy":"category","embeddable":true,"href":"https:\/\/graziamagazine.com\/mx\/wp-json\/wp\/v2\/categories?post=149750"}],"curies":[{"name":"wp","href":"https:\/\/api.w.org\/{rel}","templated":true}]}}