{"id":149662,"date":"2025-04-22T09:00:58","date_gmt":"2025-04-22T14:00:58","guid":{"rendered":"https:\/\/graziamagazine.com\/mx\/?post_type=articles&#038;p=149662"},"modified":"2025-04-21T17:27:25","modified_gmt":"2025-04-21T22:27:25","slug":"rubio-parisino-elegancia-que-ilumina-naturalmente","status":"publish","type":"articles","link":"https:\/\/graziamagazine.com\/mx\/articles\/rubio-parisino-elegancia-que-ilumina-naturalmente\/","title":{"rendered":"Rubio Parisino: Elegancia Que Ilumina Naturalmente"},"content":{"rendered":"<p class=\"\" data-start=\"463\" data-end=\"836\">Con la llegada de la primavera 2025, el rubio parisino se posiciona como el color de cabello m\u00e1s deseado por quienes buscan una melena radiante, fresca y elegante sin esfuerzo.<\/p>\n<p class=\"\" data-start=\"463\" data-end=\"836\">Este tono, que fusiona sutilmente matices dorados, beige y toques ceniza, es el ep\u00edtome del chic desenfadado franc\u00e9s. Ni demasiado claro, ni excesivamente c\u00e1lido: su magia est\u00e1 en su equilibrio.<\/p>\n<p class=\"\" data-start=\"838\" data-end=\"1246\">\u00bfEl secreto de su \u00e9xito? El rubio parisino no grita por atenci\u00f3n, pero la atrae. Es el tipo de rubio que parece haber nacido con una, ese que evoluciona con la luz natural y se funde perfectamente con las ra\u00edces m\u00e1s oscuras.<\/p>\n<figure id=\"attachment_149666\" aria-describedby=\"caption-attachment-149666\" style=\"width: 679px\" class=\"wp-caption alignnone\"><img loading=\"lazy\" decoding=\"async\" class=\"size-large wp-image-149666\" src=\"https:\/\/graziamagazine.com\/mx\/wp-content\/uploads\/sites\/13\/2025\/04\/Captura-de-Pantalla-2025-04-22-a-las-0.23.29-679x1024.png\" alt=\"Rubio Parisino: Elegancia Que Ilumina Naturalmente\" width=\"679\" height=\"1024\" srcset=\"https:\/\/graziamagazine.com\/mx\/wp-content\/uploads\/sites\/13\/2025\/04\/Captura-de-Pantalla-2025-04-22-a-las-0.23.29-679x1024.png 679w, https:\/\/graziamagazine.com\/mx\/wp-content\/uploads\/sites\/13\/2025\/04\/Captura-de-Pantalla-2025-04-22-a-las-0.23.29-298x450.png 298w, https:\/\/graziamagazine.com\/mx\/wp-content\/uploads\/sites\/13\/2025\/04\/Captura-de-Pantalla-2025-04-22-a-las-0.23.29-768x1159.png 768w, https:\/\/graziamagazine.com\/mx\/wp-content\/uploads\/sites\/13\/2025\/04\/Captura-de-Pantalla-2025-04-22-a-las-0.23.29-400x604.png 400w, https:\/\/graziamagazine.com\/mx\/wp-content\/uploads\/sites\/13\/2025\/04\/Captura-de-Pantalla-2025-04-22-a-las-0.23.29-142x215.png 142w, https:\/\/graziamagazine.com\/mx\/wp-content\/uploads\/sites\/13\/2025\/04\/Captura-de-Pantalla-2025-04-22-a-las-0.23.29.png 1018w\" sizes=\"(max-width: 679px) 100vw, 679px\" \/><figcaption id=\"caption-attachment-149666\" class=\"wp-caption-text\">Rubio Parisino: Elegancia Que Ilumina Naturalmente<\/figcaption><\/figure>\n<p class=\"\" data-start=\"838\" data-end=\"1246\">Celebridades como Sophie Turner y Lily-Rose Depp han contribuido a consolidar este tono como una referencia de estilo, por su capacidad de iluminar el rostro sin parecer artificial.<\/p>\n<p class=\"\" data-start=\"1248\" data-end=\"1681\">A diferencia de los rubios platinos o polares, el rubio parisino es m\u00e1s relajado, m\u00e1s terrenal y definitivamente m\u00e1s vers\u00e1til. En primavera, funciona como un reflejo de la temporada: luminoso, suave y libre.<\/p>\n<p class=\"\" data-start=\"1248\" data-end=\"1681\">Va bien con pieles claras, medias e incluso doradas, adapt\u00e1ndose con naturalidad gracias a su subtono neutro. \u00bfY lo mejor? Permite espaciar las visitas al sal\u00f3n, ya que sus ra\u00edces se integran sin crear contrastes agresivos.<\/p>\n<figure id=\"attachment_149667\" aria-describedby=\"caption-attachment-149667\" style=\"width: 680px\" class=\"wp-caption alignnone\"><img loading=\"lazy\" decoding=\"async\" class=\"size-large wp-image-149667\" src=\"https:\/\/graziamagazine.com\/mx\/wp-content\/uploads\/sites\/13\/2025\/04\/Captura-de-Pantalla-2025-04-22-a-las-0.23.35-680x1024.png\" alt=\"Rubio Parisino: Elegancia Que Ilumina Naturalmente\" width=\"680\" height=\"1024\" srcset=\"https:\/\/graziamagazine.com\/mx\/wp-content\/uploads\/sites\/13\/2025\/04\/Captura-de-Pantalla-2025-04-22-a-las-0.23.35-680x1024.png 680w, https:\/\/graziamagazine.com\/mx\/wp-content\/uploads\/sites\/13\/2025\/04\/Captura-de-Pantalla-2025-04-22-a-las-0.23.35-299x450.png 299w, https:\/\/graziamagazine.com\/mx\/wp-content\/uploads\/sites\/13\/2025\/04\/Captura-de-Pantalla-2025-04-22-a-las-0.23.35-768x1157.png 768w, https:\/\/graziamagazine.com\/mx\/wp-content\/uploads\/sites\/13\/2025\/04\/Captura-de-Pantalla-2025-04-22-a-las-0.23.35-400x603.png 400w, https:\/\/graziamagazine.com\/mx\/wp-content\/uploads\/sites\/13\/2025\/04\/Captura-de-Pantalla-2025-04-22-a-las-0.23.35-143x215.png 143w, https:\/\/graziamagazine.com\/mx\/wp-content\/uploads\/sites\/13\/2025\/04\/Captura-de-Pantalla-2025-04-22-a-las-0.23.35.png 1014w\" sizes=\"(max-width: 680px) 100vw, 680px\" \/><figcaption id=\"caption-attachment-149667\" class=\"wp-caption-text\">Rubio Parisino: Elegancia Que Ilumina Naturalmente<\/figcaption><\/figure>\n<p class=\"\" data-start=\"1683\" data-end=\"2078\">Para mantener su frescura, es esencial cuidarlo con f\u00f3rmulas nutritivas que restauren el brillo y la hidrataci\u00f3n. Mascarillas una vez por semana, champ\u00fas sin sulfatos y protectores t\u00e9rmicos ser\u00e1n tus mejores aliados para evitar que se vuelva opaco o quebradizo con el tiempo.<\/p>\n<p class=\"\" data-start=\"1683\" data-end=\"2078\">Tambi\u00e9n se recomienda tonificar el color con ba\u00f1os de luz o gloss que mantengan sus matices vivos entre coloraciones.<\/p>\n<figure id=\"attachment_149669\" aria-describedby=\"caption-attachment-149669\" style=\"width: 683px\" class=\"wp-caption alignnone\"><img loading=\"lazy\" decoding=\"async\" class=\"size-large wp-image-149669\" src=\"https:\/\/graziamagazine.com\/mx\/wp-content\/uploads\/sites\/13\/2025\/04\/GettyImages-1146775373201-683x1024.jpg\" alt=\"Rubio Parisino: Elegancia Que Ilumina Naturalmente\" width=\"683\" height=\"1024\" srcset=\"https:\/\/graziamagazine.com\/mx\/wp-content\/uploads\/sites\/13\/2025\/04\/GettyImages-1146775373201-683x1024.jpg 683w, https:\/\/graziamagazine.com\/mx\/wp-content\/uploads\/sites\/13\/2025\/04\/GettyImages-1146775373201-300x450.jpg 300w, https:\/\/graziamagazine.com\/mx\/wp-content\/uploads\/sites\/13\/2025\/04\/GettyImages-1146775373201-768x1152.jpg 768w, https:\/\/graziamagazine.com\/mx\/wp-content\/uploads\/sites\/13\/2025\/04\/GettyImages-1146775373201-1024x1536.jpg 1024w, https:\/\/graziamagazine.com\/mx\/wp-content\/uploads\/sites\/13\/2025\/04\/GettyImages-1146775373201-1365x2048.jpg 1365w, https:\/\/graziamagazine.com\/mx\/wp-content\/uploads\/sites\/13\/2025\/04\/GettyImages-1146775373201-400x600.jpg 400w, https:\/\/graziamagazine.com\/mx\/wp-content\/uploads\/sites\/13\/2025\/04\/GettyImages-1146775373201-143x215.jpg 143w, https:\/\/graziamagazine.com\/mx\/wp-content\/uploads\/sites\/13\/2025\/04\/GettyImages-1146775373201-scaled.jpg 1707w\" sizes=\"(max-width: 683px) 100vw, 683px\" \/><figcaption id=\"caption-attachment-149669\" class=\"wp-caption-text\">Rubio Parisino: Elegancia Que Ilumina Naturalmente<\/figcaption><\/figure>\n<p class=\"\" data-start=\"2080\" data-end=\"2457\">\u00bfY c\u00f3mo llevarlo esta temporada? Opta por melenas sueltas con ondas naturales, recogidos desenfadados o cortes bob texturizados. El rubio parisino brilla especialmente en estilos fluidos, sin rigidez, en sinton\u00eda con la est\u00e9tica effortless de la mujer francesa.<\/p>\n<p class=\"\" data-start=\"2080\" data-end=\"2457\">A\u00f1ade accesorios minimalistas, como horquillas doradas o pa\u00f1uelos de seda, y deja que el color hable por s\u00ed solo.<\/p>\n<p class=\"\" data-start=\"2459\" data-end=\"2699\">Si est\u00e1s pensando en un cambio sutil pero impactante, este rubio es una declaraci\u00f3n de elegancia silenciosa. Una oda al buen gusto, al cuidado personal y al estilo sin artificios. Porque a veces, lo m\u00e1s simple es tambi\u00e9n lo m\u00e1s sofisticado.<\/p>\n<p data-start=\"2459\" data-end=\"2699\"><em><strong>*IMAGEN: Google Images<\/strong><\/em><\/p>\n","protected":false},"author":28953,"featured_media":149668,"template":"","format":"standard","categories":[3],"acf":[],"yoast_head":"<!-- This site is optimized with the Yoast SEO Premium plugin v18.5 (Yoast SEO v20.4) - https:\/\/yoast.com\/wordpress\/plugins\/seo\/ -->\n<title>Rubio Parisino: Elegancia Que Ilumina Naturalmente<\/title>\n<meta name=\"description\" content=\"El tono ideal para primavera: moderno, sofisticado, f\u00e1cil de mantener y con ese toque franc\u00e9s que transforma cualquier melena.\" \/>\n<meta name=\"robots\" content=\"index, follow, max-snippet:-1, max-image-preview:large, max-video-preview:-1\" \/>\n<link rel=\"canonical\" href=\"https:\/\/graziamagazine.com\/mx\/articles\/rubio-parisino-elegancia-que-ilumina-naturalmente\/\" \/>\n<meta property=\"og:locale\" content=\"es_MX\" \/>\n<meta property=\"og:type\" content=\"article\" \/>\n<meta property=\"og:title\" content=\"Rubio Parisino: Elegancia Que Ilumina Naturalmente\" \/>\n<meta property=\"og:description\" content=\"El tono ideal para primavera: moderno, sofisticado, f\u00e1cil de mantener y con ese toque franc\u00e9s que transforma cualquier melena.\" \/>\n<meta property=\"og:url\" content=\"https:\/\/graziamagazine.com\/mx\/articles\/rubio-parisino-elegancia-que-ilumina-naturalmente\/\" \/>\n<meta property=\"og:site_name\" content=\"Grazia M\u00e9xico y Latinoam\u00e9rica\" \/>\n<meta property=\"article:modified_time\" content=\"2025-04-21T22:27:25+00:00\" \/>\n<meta property=\"og:image\" content=\"https:\/\/graziamagazine.com\/mx\/wp-content\/uploads\/sites\/13\/2025\/04\/DSC_5335.jpg\" \/>\n\t<meta property=\"og:image:width\" content=\"1600\" \/>\n\t<meta property=\"og:image:height\" content=\"900\" \/>\n\t<meta property=\"og:image:type\" content=\"image\/jpeg\" \/>\n<meta name=\"twitter:card\" content=\"summary_large_image\" \/>\n<meta name=\"twitter:label1\" content=\"Est. reading time\" \/>\n\t<meta name=\"twitter:data1\" content=\"3 minutos\" \/>\n<script type=\"application\/ld+json\" class=\"yoast-schema-graph\">{\"@context\":\"https:\/\/schema.org\",\"@graph\":[{\"@type\":\"WebPage\",\"@id\":\"https:\/\/graziamagazine.com\/mx\/articles\/rubio-parisino-elegancia-que-ilumina-naturalmente\/\",\"url\":\"https:\/\/graziamagazine.com\/mx\/articles\/rubio-parisino-elegancia-que-ilumina-naturalmente\/\",\"name\":\"Rubio Parisino: Elegancia Que Ilumina Naturalmente\",\"isPartOf\":{\"@id\":\"https:\/\/graziamagazine.com\/mx\/#website\"},\"datePublished\":\"2025-04-22T14:00:58+00:00\",\"dateModified\":\"2025-04-21T22:27:25+00:00\",\"description\":\"El tono ideal para primavera: moderno, sofisticado, f\u00e1cil de mantener y con ese toque franc\u00e9s que transforma cualquier melena.\",\"breadcrumb\":{\"@id\":\"https:\/\/graziamagazine.com\/mx\/articles\/rubio-parisino-elegancia-que-ilumina-naturalmente\/#breadcrumb\"},\"inLanguage\":\"es-MX\",\"potentialAction\":[{\"@type\":\"ReadAction\",\"target\":[\"https:\/\/graziamagazine.com\/mx\/articles\/rubio-parisino-elegancia-que-ilumina-naturalmente\/\"]}]},{\"@type\":\"BreadcrumbList\",\"@id\":\"https:\/\/graziamagazine.com\/mx\/articles\/rubio-parisino-elegancia-que-ilumina-naturalmente\/#breadcrumb\",\"itemListElement\":[{\"@type\":\"ListItem\",\"position\":1,\"name\":\"Home\",\"item\":\"https:\/\/graziamagazine.com\/mx\/\"},{\"@type\":\"ListItem\",\"position\":2,\"name\":\"Rubio Parisino: Elegancia Que Ilumina Naturalmente\"}]},{\"@type\":\"WebSite\",\"@id\":\"https:\/\/graziamagazine.com\/mx\/#website\",\"url\":\"https:\/\/graziamagazine.com\/mx\/\",\"name\":\"Grazia M\u00e9xico y Latinoam\u00e9rica\",\"description\":\"Grazia es moda, belleza y noticias  de actualidad \",\"potentialAction\":[{\"@type\":\"SearchAction\",\"target\":{\"@type\":\"EntryPoint\",\"urlTemplate\":\"https:\/\/graziamagazine.com\/mx\/?s={search_term_string}\"},\"query-input\":\"required name=search_term_string\"}],\"inLanguage\":\"es-MX\"}]}<\/script>\n<!-- \/ Yoast SEO Premium plugin. -->","yoast_head_json":{"title":"Rubio Parisino: Elegancia Que Ilumina Naturalmente","description":"El tono ideal para primavera: moderno, sofisticado, f\u00e1cil de mantener y con ese toque franc\u00e9s que transforma cualquier melena.","robots":{"index":"index","follow":"follow","max-snippet":"max-snippet:-1","max-image-preview":"max-image-preview:large","max-video-preview":"max-video-preview:-1"},"canonical":"https:\/\/graziamagazine.com\/mx\/articles\/rubio-parisino-elegancia-que-ilumina-naturalmente\/","og_locale":"es_MX","og_type":"article","og_title":"Rubio Parisino: Elegancia Que Ilumina Naturalmente","og_description":"El tono ideal para primavera: moderno, sofisticado, f\u00e1cil de mantener y con ese toque franc\u00e9s que transforma cualquier melena.","og_url":"https:\/\/graziamagazine.com\/mx\/articles\/rubio-parisino-elegancia-que-ilumina-naturalmente\/","og_site_name":"Grazia M\u00e9xico y Latinoam\u00e9rica","article_modified_time":"2025-04-21T22:27:25+00:00","og_image":[{"width":1600,"height":900,"url":"https:\/\/graziamagazine.com\/mx\/wp-content\/uploads\/sites\/13\/2025\/04\/DSC_5335.jpg","type":"image\/jpeg"}],"twitter_card":"summary_large_image","twitter_misc":{"Est. reading time":"3 minutos"},"schema":{"@context":"https:\/\/schema.org","@graph":[{"@type":"WebPage","@id":"https:\/\/graziamagazine.com\/mx\/articles\/rubio-parisino-elegancia-que-ilumina-naturalmente\/","url":"https:\/\/graziamagazine.com\/mx\/articles\/rubio-parisino-elegancia-que-ilumina-naturalmente\/","name":"Rubio Parisino: Elegancia Que Ilumina Naturalmente","isPartOf":{"@id":"https:\/\/graziamagazine.com\/mx\/#website"},"datePublished":"2025-04-22T14:00:58+00:00","dateModified":"2025-04-21T22:27:25+00:00","description":"El tono ideal para primavera: moderno, sofisticado, f\u00e1cil de mantener y con ese toque franc\u00e9s que transforma cualquier melena.","breadcrumb":{"@id":"https:\/\/graziamagazine.com\/mx\/articles\/rubio-parisino-elegancia-que-ilumina-naturalmente\/#breadcrumb"},"inLanguage":"es-MX","potentialAction":[{"@type":"ReadAction","target":["https:\/\/graziamagazine.com\/mx\/articles\/rubio-parisino-elegancia-que-ilumina-naturalmente\/"]}]},{"@type":"BreadcrumbList","@id":"https:\/\/graziamagazine.com\/mx\/articles\/rubio-parisino-elegancia-que-ilumina-naturalmente\/#breadcrumb","itemListElement":[{"@type":"ListItem","position":1,"name":"Home","item":"https:\/\/graziamagazine.com\/mx\/"},{"@type":"ListItem","position":2,"name":"Rubio Parisino: Elegancia Que Ilumina Naturalmente"}]},{"@type":"WebSite","@id":"https:\/\/graziamagazine.com\/mx\/#website","url":"https:\/\/graziamagazine.com\/mx\/","name":"Grazia M\u00e9xico y Latinoam\u00e9rica","description":"Grazia es moda, belleza y noticias  de actualidad ","potentialAction":[{"@type":"SearchAction","target":{"@type":"EntryPoint","urlTemplate":"https:\/\/graziamagazine.com\/mx\/?s={search_term_string}"},"query-input":"required name=search_term_string"}],"inLanguage":"es-MX"}]}},"jetpack_sharing_enabled":true,"distributor_meta":false,"distributor_terms":false,"distributor_media":false,"distributor_original_site_name":"Grazia M\u00e9xico y Latinoam\u00e9rica","distributor_original_site_url":"https:\/\/graziamagazine.com\/mx","push-errors":false,"_links":{"self":[{"href":"https:\/\/graziamagazine.com\/mx\/wp-json\/wp\/v2\/articles\/149662"}],"collection":[{"href":"https:\/\/graziamagazine.com\/mx\/wp-json\/wp\/v2\/articles"}],"about":[{"href":"https:\/\/graziamagazine.com\/mx\/wp-json\/wp\/v2\/types\/articles"}],"author":[{"embeddable":true,"href":"https:\/\/graziamagazine.com\/mx\/wp-json\/wp\/v2\/users\/28953"}],"wp:featuredmedia":[{"embeddable":true,"href":"https:\/\/graziamagazine.com\/mx\/wp-json\/wp\/v2\/media\/149668"}],"wp:attachment":[{"href":"https:\/\/graziamagazine.com\/mx\/wp-json\/wp\/v2\/media?parent=149662"}],"wp:term":[{"taxonomy":"category","embeddable":true,"href":"https:\/\/graziamagazine.com\/mx\/wp-json\/wp\/v2\/categories?post=149662"}],"curies":[{"name":"wp","href":"https:\/\/api.w.org\/{rel}","templated":true}]}}