{"id":149646,"date":"2025-04-17T11:52:06","date_gmt":"2025-04-17T16:52:06","guid":{"rendered":"https:\/\/graziamagazine.com\/mx\/?post_type=articles&#038;p=149646"},"modified":"2025-04-21T12:05:17","modified_gmt":"2025-04-21T17:05:17","slug":"movimiento-comunidad-y-bienestar-el-espiritu-de-lululemon-a-ocho-anos-de-su-llegada-a-mexico","status":"publish","type":"articles","link":"https:\/\/graziamagazine.com\/mx\/articles\/movimiento-comunidad-y-bienestar-el-espiritu-de-lululemon-a-ocho-anos-de-su-llegada-a-mexico\/","title":{"rendered":"Movimiento, comunidad y bienestar: el esp\u00edritu de Lululemon a ocho a\u00f1os de su llegada a M\u00e9xico"},"content":{"rendered":"<p><span data-olk-copy-source=\"MessageBody\">Han pasado ocho a\u00f1os desde que Lululemon lleg\u00f3 a M\u00e9xico y, en ese tiempo, la marca canadiense no solo se ha posicionado como referente en ropa deportiva t\u00e9cnica y funcional, sino tambi\u00e9n como creadora de una comunidad que entiende el bienestar como un estilo de vida integral.<\/span><\/p>\n<p>Para conmemorar este aniversario, el pasado s\u00e1bado 13 de abril,\u00a0 organizaron una celebraci\u00f3n especial en la que el movimiento, la creatividad y la conexi\u00f3n estuvieron al centro. Bajo el concepto 8 &amp; Beyond, el evento reuni\u00f3 a entusiastas del wellness en un espacio que invitaba a reconectar con el cuerpo y los sentidos, y al mismo tiempo, celebrar los v\u00ednculos que se han tejido a lo largo de estos a\u00f1os.<\/p>\n<p><img loading=\"lazy\" decoding=\"async\" class=\"size-medium wp-image-149648 aligncenter\" src=\"https:\/\/graziamagazine.com\/mx\/wp-content\/uploads\/sites\/13\/2025\/04\/0K9A1480-300x450.jpg\" alt=\"\" width=\"300\" height=\"450\" srcset=\"https:\/\/graziamagazine.com\/mx\/wp-content\/uploads\/sites\/13\/2025\/04\/0K9A1480-300x450.jpg 300w, https:\/\/graziamagazine.com\/mx\/wp-content\/uploads\/sites\/13\/2025\/04\/0K9A1480-683x1024.jpg 683w, https:\/\/graziamagazine.com\/mx\/wp-content\/uploads\/sites\/13\/2025\/04\/0K9A1480-768x1152.jpg 768w, https:\/\/graziamagazine.com\/mx\/wp-content\/uploads\/sites\/13\/2025\/04\/0K9A1480-1024x1536.jpg 1024w, https:\/\/graziamagazine.com\/mx\/wp-content\/uploads\/sites\/13\/2025\/04\/0K9A1480-1365x2048.jpg 1365w, https:\/\/graziamagazine.com\/mx\/wp-content\/uploads\/sites\/13\/2025\/04\/0K9A1480-400x600.jpg 400w, https:\/\/graziamagazine.com\/mx\/wp-content\/uploads\/sites\/13\/2025\/04\/0K9A1480-143x215.jpg 143w, https:\/\/graziamagazine.com\/mx\/wp-content\/uploads\/sites\/13\/2025\/04\/0K9A1480-scaled.jpg 1707w\" sizes=\"(max-width: 300px) 100vw, 300px\" \/><\/p>\n<p>Durante el d\u00eda, los asistentes participaron en distintas activaciones dise\u00f1adas para estimular cuerpo y mente. Desde sesiones de body barre que pusieron a prueba la fuerza y resistencia, hasta clases de yoga que invitaron al balance y la introspecci\u00f3n. Adem\u00e1s, un taller de cer\u00e1mica permiti\u00f3 explorar el trabajo manual como una forma de meditaci\u00f3n activa y expresi\u00f3n personal.<\/p>\n<p><img loading=\"lazy\" decoding=\"async\" class=\"size-medium wp-image-149649 aligncenter\" src=\"https:\/\/graziamagazine.com\/mx\/wp-content\/uploads\/sites\/13\/2025\/04\/0K9A1295-300x450.jpg\" alt=\"\" width=\"300\" height=\"450\" srcset=\"https:\/\/graziamagazine.com\/mx\/wp-content\/uploads\/sites\/13\/2025\/04\/0K9A1295-300x450.jpg 300w, https:\/\/graziamagazine.com\/mx\/wp-content\/uploads\/sites\/13\/2025\/04\/0K9A1295-683x1024.jpg 683w, https:\/\/graziamagazine.com\/mx\/wp-content\/uploads\/sites\/13\/2025\/04\/0K9A1295-768x1152.jpg 768w, https:\/\/graziamagazine.com\/mx\/wp-content\/uploads\/sites\/13\/2025\/04\/0K9A1295-1024x1536.jpg 1024w, https:\/\/graziamagazine.com\/mx\/wp-content\/uploads\/sites\/13\/2025\/04\/0K9A1295-1365x2048.jpg 1365w, https:\/\/graziamagazine.com\/mx\/wp-content\/uploads\/sites\/13\/2025\/04\/0K9A1295-400x600.jpg 400w, https:\/\/graziamagazine.com\/mx\/wp-content\/uploads\/sites\/13\/2025\/04\/0K9A1295-143x215.jpg 143w, https:\/\/graziamagazine.com\/mx\/wp-content\/uploads\/sites\/13\/2025\/04\/0K9A1295-scaled.jpg 1707w\" sizes=\"(max-width: 300px) 100vw, 300px\" \/><\/p>\n<p>El ambiente fue tan din\u00e1mico como acogedor. La experiencia fue acompa\u00f1ada por bebidas cortes\u00eda de Latte Latte, que ofrecieron un respiro sensorial ideal entre actividad y actividad. Como parte del recorrido, los invitados tambi\u00e9n pudieron conocer de cerca dos de las colecciones insignia de Lululemon: Align, famosa por su suavidad y adaptabilidad al cuerpo; y Wonder Train, pensada para el alto rendimiento con tecnolog\u00eda que se adapta al ritmo de quien la usa.<\/p>\n<p><img loading=\"lazy\" decoding=\"async\" class=\"size-medium wp-image-149650 aligncenter\" src=\"https:\/\/graziamagazine.com\/mx\/wp-content\/uploads\/sites\/13\/2025\/04\/0K9A1450-450x300.jpg\" alt=\"\" width=\"450\" height=\"300\" srcset=\"https:\/\/graziamagazine.com\/mx\/wp-content\/uploads\/sites\/13\/2025\/04\/0K9A1450-450x300.jpg 450w, https:\/\/graziamagazine.com\/mx\/wp-content\/uploads\/sites\/13\/2025\/04\/0K9A1450-1024x683.jpg 1024w, https:\/\/graziamagazine.com\/mx\/wp-content\/uploads\/sites\/13\/2025\/04\/0K9A1450-768x512.jpg 768w, https:\/\/graziamagazine.com\/mx\/wp-content\/uploads\/sites\/13\/2025\/04\/0K9A1450-1536x1024.jpg 1536w, https:\/\/graziamagazine.com\/mx\/wp-content\/uploads\/sites\/13\/2025\/04\/0K9A1450-2048x1365.jpg 2048w, https:\/\/graziamagazine.com\/mx\/wp-content\/uploads\/sites\/13\/2025\/04\/0K9A1450-400x267.jpg 400w, https:\/\/graziamagazine.com\/mx\/wp-content\/uploads\/sites\/13\/2025\/04\/0K9A1450-155x103.jpg 155w\" sizes=\"(max-width: 450px) 100vw, 450px\" \/><\/p>\n<p>Con esta celebraci\u00f3n, Lululemon reafirma su lugar no solo como una marca de ropa deportiva, sino como una plataforma de expresi\u00f3n, comunidad y conciencia. Porque moverse \u2014en cuerpo, mente y esp\u00edritu\u2014 sigue siendo el acto m\u00e1s revolucionario.<\/p>\n<div dir=\"ltr\"><img loading=\"lazy\" decoding=\"async\" class=\"size-medium wp-image-149651 aligncenter\" src=\"https:\/\/graziamagazine.com\/mx\/wp-content\/uploads\/sites\/13\/2025\/04\/0K9A1488-300x450.jpg\" alt=\"\" width=\"300\" height=\"450\" srcset=\"https:\/\/graziamagazine.com\/mx\/wp-content\/uploads\/sites\/13\/2025\/04\/0K9A1488-300x450.jpg 300w, https:\/\/graziamagazine.com\/mx\/wp-content\/uploads\/sites\/13\/2025\/04\/0K9A1488-683x1024.jpg 683w, https:\/\/graziamagazine.com\/mx\/wp-content\/uploads\/sites\/13\/2025\/04\/0K9A1488-768x1152.jpg 768w, https:\/\/graziamagazine.com\/mx\/wp-content\/uploads\/sites\/13\/2025\/04\/0K9A1488-1024x1536.jpg 1024w, https:\/\/graziamagazine.com\/mx\/wp-content\/uploads\/sites\/13\/2025\/04\/0K9A1488-1365x2048.jpg 1365w, https:\/\/graziamagazine.com\/mx\/wp-content\/uploads\/sites\/13\/2025\/04\/0K9A1488-400x600.jpg 400w, https:\/\/graziamagazine.com\/mx\/wp-content\/uploads\/sites\/13\/2025\/04\/0K9A1488-143x215.jpg 143w, https:\/\/graziamagazine.com\/mx\/wp-content\/uploads\/sites\/13\/2025\/04\/0K9A1488-scaled.jpg 1707w\" sizes=\"(max-width: 300px) 100vw, 300px\" \/><\/div>\n","protected":false},"author":42739,"featured_media":149647,"template":"","format":"standard","categories":[114,9864],"acf":[],"yoast_head":"<!-- This site is optimized with the Yoast SEO Premium plugin v18.5 (Yoast SEO v20.4) - https:\/\/yoast.com\/wordpress\/plugins\/seo\/ -->\n<title>Movimiento, comunidad y bienestar: el esp\u00edritu de Lululemon a ocho a\u00f1os de su llegada a M\u00e9xico | Grazia M\u00e9xico y Latinoam\u00e9rica<\/title>\n<meta name=\"description\" content=\"Han pasado ocho a\u00f1os desde que Lululemon lleg\u00f3 a M\u00e9xico y, en ese tiempo, la marca canadiense no solo se ha posicionado como referente en ropa deportiva\" \/>\n<meta name=\"robots\" content=\"index, follow, max-snippet:-1, max-image-preview:large, max-video-preview:-1\" \/>\n<link rel=\"canonical\" href=\"https:\/\/graziamagazine.com\/mx\/articles\/movimiento-comunidad-y-bienestar-el-espiritu-de-lululemon-a-ocho-anos-de-su-llegada-a-mexico\/\" \/>\n<meta property=\"og:locale\" content=\"es_MX\" \/>\n<meta property=\"og:type\" content=\"article\" \/>\n<meta property=\"og:title\" content=\"Movimiento, comunidad y bienestar: el esp\u00edritu de Lululemon a ocho a\u00f1os de su llegada a M\u00e9xico\" \/>\n<meta property=\"og:description\" content=\"Han pasado ocho a\u00f1os desde que Lululemon lleg\u00f3 a M\u00e9xico y, en ese tiempo, la marca canadiense no solo se ha posicionado como referente en ropa deportiva\" \/>\n<meta property=\"og:url\" content=\"https:\/\/graziamagazine.com\/mx\/articles\/movimiento-comunidad-y-bienestar-el-espiritu-de-lululemon-a-ocho-anos-de-su-llegada-a-mexico\/\" \/>\n<meta property=\"og:site_name\" content=\"Grazia M\u00e9xico y Latinoam\u00e9rica\" \/>\n<meta property=\"article:modified_time\" content=\"2025-04-21T17:05:17+00:00\" \/>\n<meta property=\"og:image\" content=\"https:\/\/graziamagazine.com\/mx\/wp-content\/uploads\/sites\/13\/2025\/04\/0K9A1394-scaled.jpg\" \/>\n\t<meta property=\"og:image:width\" content=\"1707\" \/>\n\t<meta property=\"og:image:height\" content=\"2560\" \/>\n\t<meta property=\"og:image:type\" content=\"image\/jpeg\" \/>\n<meta name=\"twitter:card\" content=\"summary_large_image\" \/>\n<meta name=\"twitter:label1\" content=\"Est. reading time\" \/>\n\t<meta name=\"twitter:data1\" content=\"3 minutos\" \/>\n<script type=\"application\/ld+json\" class=\"yoast-schema-graph\">{\"@context\":\"https:\/\/schema.org\",\"@graph\":[{\"@type\":\"WebPage\",\"@id\":\"https:\/\/graziamagazine.com\/mx\/articles\/movimiento-comunidad-y-bienestar-el-espiritu-de-lululemon-a-ocho-anos-de-su-llegada-a-mexico\/\",\"url\":\"https:\/\/graziamagazine.com\/mx\/articles\/movimiento-comunidad-y-bienestar-el-espiritu-de-lululemon-a-ocho-anos-de-su-llegada-a-mexico\/\",\"name\":\"Movimiento, comunidad y bienestar: el esp\u00edritu de Lululemon a ocho a\u00f1os de su llegada a M\u00e9xico | Grazia M\u00e9xico y Latinoam\u00e9rica\",\"isPartOf\":{\"@id\":\"https:\/\/graziamagazine.com\/mx\/#website\"},\"datePublished\":\"2025-04-17T16:52:06+00:00\",\"dateModified\":\"2025-04-21T17:05:17+00:00\",\"description\":\"Han pasado ocho a\u00f1os desde que Lululemon lleg\u00f3 a M\u00e9xico y, en ese tiempo, la marca canadiense no solo se ha posicionado como referente en ropa deportiva\",\"breadcrumb\":{\"@id\":\"https:\/\/graziamagazine.com\/mx\/articles\/movimiento-comunidad-y-bienestar-el-espiritu-de-lululemon-a-ocho-anos-de-su-llegada-a-mexico\/#breadcrumb\"},\"inLanguage\":\"es-MX\",\"potentialAction\":[{\"@type\":\"ReadAction\",\"target\":[\"https:\/\/graziamagazine.com\/mx\/articles\/movimiento-comunidad-y-bienestar-el-espiritu-de-lululemon-a-ocho-anos-de-su-llegada-a-mexico\/\"]}]},{\"@type\":\"BreadcrumbList\",\"@id\":\"https:\/\/graziamagazine.com\/mx\/articles\/movimiento-comunidad-y-bienestar-el-espiritu-de-lululemon-a-ocho-anos-de-su-llegada-a-mexico\/#breadcrumb\",\"itemListElement\":[{\"@type\":\"ListItem\",\"position\":1,\"name\":\"Home\",\"item\":\"https:\/\/graziamagazine.com\/mx\/\"},{\"@type\":\"ListItem\",\"position\":2,\"name\":\"Movimiento, comunidad y bienestar: el esp\u00edritu de Lululemon a ocho a\u00f1os de su llegada a M\u00e9xico\"}]},{\"@type\":\"WebSite\",\"@id\":\"https:\/\/graziamagazine.com\/mx\/#website\",\"url\":\"https:\/\/graziamagazine.com\/mx\/\",\"name\":\"Grazia M\u00e9xico y Latinoam\u00e9rica\",\"description\":\"Grazia es moda, belleza y noticias  de actualidad \",\"potentialAction\":[{\"@type\":\"SearchAction\",\"target\":{\"@type\":\"EntryPoint\",\"urlTemplate\":\"https:\/\/graziamagazine.com\/mx\/?s={search_term_string}\"},\"query-input\":\"required name=search_term_string\"}],\"inLanguage\":\"es-MX\"}]}<\/script>\n<!-- \/ Yoast SEO Premium plugin. -->","yoast_head_json":{"title":"Movimiento, comunidad y bienestar: el esp\u00edritu de Lululemon a ocho a\u00f1os de su llegada a M\u00e9xico | Grazia M\u00e9xico y Latinoam\u00e9rica","description":"Han pasado ocho a\u00f1os desde que Lululemon lleg\u00f3 a M\u00e9xico y, en ese tiempo, la marca canadiense no solo se ha posicionado como referente en ropa deportiva","robots":{"index":"index","follow":"follow","max-snippet":"max-snippet:-1","max-image-preview":"max-image-preview:large","max-video-preview":"max-video-preview:-1"},"canonical":"https:\/\/graziamagazine.com\/mx\/articles\/movimiento-comunidad-y-bienestar-el-espiritu-de-lululemon-a-ocho-anos-de-su-llegada-a-mexico\/","og_locale":"es_MX","og_type":"article","og_title":"Movimiento, comunidad y bienestar: el esp\u00edritu de Lululemon a ocho a\u00f1os de su llegada a M\u00e9xico","og_description":"Han pasado ocho a\u00f1os desde que Lululemon lleg\u00f3 a M\u00e9xico y, en ese tiempo, la marca canadiense no solo se ha posicionado como referente en ropa deportiva","og_url":"https:\/\/graziamagazine.com\/mx\/articles\/movimiento-comunidad-y-bienestar-el-espiritu-de-lululemon-a-ocho-anos-de-su-llegada-a-mexico\/","og_site_name":"Grazia M\u00e9xico y Latinoam\u00e9rica","article_modified_time":"2025-04-21T17:05:17+00:00","og_image":[{"width":1707,"height":2560,"url":"https:\/\/graziamagazine.com\/mx\/wp-content\/uploads\/sites\/13\/2025\/04\/0K9A1394-scaled.jpg","type":"image\/jpeg"}],"twitter_card":"summary_large_image","twitter_misc":{"Est. reading time":"3 minutos"},"schema":{"@context":"https:\/\/schema.org","@graph":[{"@type":"WebPage","@id":"https:\/\/graziamagazine.com\/mx\/articles\/movimiento-comunidad-y-bienestar-el-espiritu-de-lululemon-a-ocho-anos-de-su-llegada-a-mexico\/","url":"https:\/\/graziamagazine.com\/mx\/articles\/movimiento-comunidad-y-bienestar-el-espiritu-de-lululemon-a-ocho-anos-de-su-llegada-a-mexico\/","name":"Movimiento, comunidad y bienestar: el esp\u00edritu de Lululemon a ocho a\u00f1os de su llegada a M\u00e9xico | Grazia M\u00e9xico y Latinoam\u00e9rica","isPartOf":{"@id":"https:\/\/graziamagazine.com\/mx\/#website"},"datePublished":"2025-04-17T16:52:06+00:00","dateModified":"2025-04-21T17:05:17+00:00","description":"Han pasado ocho a\u00f1os desde que Lululemon lleg\u00f3 a M\u00e9xico y, en ese tiempo, la marca canadiense no solo se ha posicionado como referente en ropa deportiva","breadcrumb":{"@id":"https:\/\/graziamagazine.com\/mx\/articles\/movimiento-comunidad-y-bienestar-el-espiritu-de-lululemon-a-ocho-anos-de-su-llegada-a-mexico\/#breadcrumb"},"inLanguage":"es-MX","potentialAction":[{"@type":"ReadAction","target":["https:\/\/graziamagazine.com\/mx\/articles\/movimiento-comunidad-y-bienestar-el-espiritu-de-lululemon-a-ocho-anos-de-su-llegada-a-mexico\/"]}]},{"@type":"BreadcrumbList","@id":"https:\/\/graziamagazine.com\/mx\/articles\/movimiento-comunidad-y-bienestar-el-espiritu-de-lululemon-a-ocho-anos-de-su-llegada-a-mexico\/#breadcrumb","itemListElement":[{"@type":"ListItem","position":1,"name":"Home","item":"https:\/\/graziamagazine.com\/mx\/"},{"@type":"ListItem","position":2,"name":"Movimiento, comunidad y bienestar: el esp\u00edritu de Lululemon a ocho a\u00f1os de su llegada a M\u00e9xico"}]},{"@type":"WebSite","@id":"https:\/\/graziamagazine.com\/mx\/#website","url":"https:\/\/graziamagazine.com\/mx\/","name":"Grazia M\u00e9xico y Latinoam\u00e9rica","description":"Grazia es moda, belleza y noticias  de actualidad ","potentialAction":[{"@type":"SearchAction","target":{"@type":"EntryPoint","urlTemplate":"https:\/\/graziamagazine.com\/mx\/?s={search_term_string}"},"query-input":"required name=search_term_string"}],"inLanguage":"es-MX"}]}},"jetpack_sharing_enabled":true,"distributor_meta":false,"distributor_terms":false,"distributor_media":false,"distributor_original_site_name":"Grazia M\u00e9xico y Latinoam\u00e9rica","distributor_original_site_url":"https:\/\/graziamagazine.com\/mx","push-errors":false,"_links":{"self":[{"href":"https:\/\/graziamagazine.com\/mx\/wp-json\/wp\/v2\/articles\/149646"}],"collection":[{"href":"https:\/\/graziamagazine.com\/mx\/wp-json\/wp\/v2\/articles"}],"about":[{"href":"https:\/\/graziamagazine.com\/mx\/wp-json\/wp\/v2\/types\/articles"}],"author":[{"embeddable":true,"href":"https:\/\/graziamagazine.com\/mx\/wp-json\/wp\/v2\/users\/42739"}],"wp:featuredmedia":[{"embeddable":true,"href":"https:\/\/graziamagazine.com\/mx\/wp-json\/wp\/v2\/media\/149647"}],"wp:attachment":[{"href":"https:\/\/graziamagazine.com\/mx\/wp-json\/wp\/v2\/media?parent=149646"}],"wp:term":[{"taxonomy":"category","embeddable":true,"href":"https:\/\/graziamagazine.com\/mx\/wp-json\/wp\/v2\/categories?post=149646"}],"curies":[{"name":"wp","href":"https:\/\/api.w.org\/{rel}","templated":true}]}}