{"id":149560,"date":"2025-04-16T16:26:41","date_gmt":"2025-04-16T21:26:41","guid":{"rendered":"https:\/\/graziamagazine.com\/mx\/?post_type=articles&#038;p=149560"},"modified":"2025-04-21T10:46:59","modified_gmt":"2025-04-21T15:46:59","slug":"cartier-presenta-exhibicion-en-el-va-museum-de-londres","status":"publish","type":"articles","link":"https:\/\/graziamagazine.com\/mx\/articles\/cartier-presenta-exhibicion-en-el-va-museum-de-londres\/","title":{"rendered":"Cartier presenta exhibici\u00f3n en el V&amp;A Museum de Londres"},"content":{"rendered":"<p><span style=\"font-weight: 400\">Si hay algo que Cartier ha sabido hacer durante m\u00e1s de un siglo, es demostrar que el lujo no solo se porta, se hereda o se presume\u2026 tambi\u00e9n se admira. Y este 2025, el V&amp;A Museum de Londres nos regala una de las exhibiciones m\u00e1s deslumbrantes del a\u00f1o: \u2018Cartier: el arte de lo eterno\u2019, abierta al p\u00fablico del 12 de abril al 16 de noviembre en la Sainsbury Gallery.<\/span><\/p>\n<p><span style=\"font-weight: 400\">Despu\u00e9s de casi 30 a\u00f1os sin una retrospectiva de esta magnitud en Reino Unido, la <\/span><i><span style=\"font-weight: 400\">maison<\/span><\/i><span style=\"font-weight: 400\"> francesa regresa con m\u00e1s de 350 piezas, entre tiaras de la realeza, relojes, bocetos jam\u00e1s vistos y piedras preciosas.<\/span><\/p>\n<p><span style=\"font-weight: 400\">La exposici\u00f3n explora c\u00f3mo Louis, Pierre y Jacques Cartier &#8211; nietos del fundador Louis-Fran\u00e7ois &#8211; transformaron una joyer\u00eda parisina en una potencia global con presencia en Par\u00eds, Londres y Nueva York. Su visi\u00f3n los llev\u00f3 a ser coronados como \u201cel joyero de los reyes y el rey de los joyeros\u201d.\u00a0<\/span><\/p>\n<p><span style=\"font-weight: 400\">Entre los tesoros que se exhiben se encuentra el famoso collar de serpiente de Mar\u00eda F\u00e9lix, personalizado por encargo en 1968.\u00a0<\/span><\/p>\n<p><span style=\"font-weight: 400\">La muestra cierra con un despliegue espectacular de coronas que van desde piezas usadas por la Reina Elizabeth II hasta dise\u00f1os que Rihanna ha lucido como la diva contempor\u00e1nea que es.<\/span><\/p>\n<p><span style=\"font-weight: 400\">Entre las joyas destacadas est\u00e1n:<\/span><\/p>\n<ul>\n<li><span style=\"font-weight: 400\">El broche del diamante Williamson, creado para Isabel II con un raro diamante rosa de 23.6 quilates.<\/span><\/li>\n<li><span style=\"font-weight: 400\">La tiara Scroll, encargada en 1902, que adorn\u00f3 tanto a la reina como a Rihanna.<\/span><\/li>\n<li><span style=\"font-weight: 400\">El anillo de compromiso de Grace Kelly, con un diamante de 10.48 quilates que protagoniz\u00f3 su \u00faltima pel\u00edcula antes de convertirse en princesa de M\u00f3naco.<\/span><\/li>\n<li><span style=\"font-weight: 400\">La colecci\u00f3n de joyas pantera, incluyendo el reloj de 1914 con el primer patr\u00f3n de piel de pantera.<\/span><\/li>\n<\/ul>\n<p><span style=\"font-weight: 400\">El dise\u00f1o de la exposici\u00f3n es obra del arquitecto y artista Asif Khan MBE, quien la concibi\u00f3 como un \u201cpaisaje de ensue\u00f1o donde convergen arte y ciencia\u201d.<\/span><\/p>\n<div class=\"content-gallery\"><div class=\"gallery-placeholder\"><div class=\"spinner\"><\/div><\/div><span class=\"gallery-pagination\"><\/span><div id=\"gallery-1\" class=\"gallery galleryid-149560 gallery-columns- gallery-size-medium\"><figure class=\"gallery-item\"><div class=\"gallery-icon landscape\"><img loading=\"lazy\" decoding=\"async\" width=\"1859\" height=\"2560\" src=\"https:\/\/graziamagazine.com\/mx\/wp-content\/uploads\/sites\/13\/2025\/04\/VA-Poster-Key-Visual-Rose-scaled.jpg\" class=\"lazy\" alt=\"\" srcset=\"https:\/\/graziamagazine.com\/mx\/wp-content\/uploads\/sites\/13\/2025\/04\/VA-Poster-Key-Visual-Rose-scaled.jpg 1859w, https:\/\/graziamagazine.com\/mx\/wp-content\/uploads\/sites\/13\/2025\/04\/VA-Poster-Key-Visual-Rose-327x450.jpg 327w, https:\/\/graziamagazine.com\/mx\/wp-content\/uploads\/sites\/13\/2025\/04\/VA-Poster-Key-Visual-Rose-744x1024.jpg 744w, https:\/\/graziamagazine.com\/mx\/wp-content\/uploads\/sites\/13\/2025\/04\/VA-Poster-Key-Visual-Rose-768x1058.jpg 768w, https:\/\/graziamagazine.com\/mx\/wp-content\/uploads\/sites\/13\/2025\/04\/VA-Poster-Key-Visual-Rose-1115x1536.jpg 1115w, https:\/\/graziamagazine.com\/mx\/wp-content\/uploads\/sites\/13\/2025\/04\/VA-Poster-Key-Visual-Rose-1487x2048.jpg 1487w, https:\/\/graziamagazine.com\/mx\/wp-content\/uploads\/sites\/13\/2025\/04\/VA-Poster-Key-Visual-Rose-400x551.jpg 400w, https:\/\/graziamagazine.com\/mx\/wp-content\/uploads\/sites\/13\/2025\/04\/VA-Poster-Key-Visual-Rose-155x213.jpg 155w\" sizes=\"(max-width: 1859px) 100vw, 1859px\" \/><\/div><\/figure><figure class=\"gallery-item\"><div class=\"gallery-icon landscape\"><img loading=\"lazy\" decoding=\"async\" width=\"1100\" height=\"914\" src=\"https:\/\/graziamagazine.com\/mx\/wp-content\/uploads\/sites\/13\/2025\/04\/CAR_BT165A78-p_SG_24401848_downloadPreview.png\" class=\"lazy\" alt=\"\" srcset=\"https:\/\/graziamagazine.com\/mx\/wp-content\/uploads\/sites\/13\/2025\/04\/CAR_BT165A78-p_SG_24401848_downloadPreview.png 1100w, https:\/\/graziamagazine.com\/mx\/wp-content\/uploads\/sites\/13\/2025\/04\/CAR_BT165A78-p_SG_24401848_downloadPreview-450x374.png 450w, https:\/\/graziamagazine.com\/mx\/wp-content\/uploads\/sites\/13\/2025\/04\/CAR_BT165A78-p_SG_24401848_downloadPreview-1024x851.png 1024w, https:\/\/graziamagazine.com\/mx\/wp-content\/uploads\/sites\/13\/2025\/04\/CAR_BT165A78-p_SG_24401848_downloadPreview-768x638.png 768w, https:\/\/graziamagazine.com\/mx\/wp-content\/uploads\/sites\/13\/2025\/04\/CAR_BT165A78-p_SG_24401848_downloadPreview-400x332.png 400w, https:\/\/graziamagazine.com\/mx\/wp-content\/uploads\/sites\/13\/2025\/04\/CAR_BT165A78-p_SG_24401848_downloadPreview-155x129.png 155w\" sizes=\"(max-width: 1100px) 100vw, 1100px\" \/><\/div><\/figure><figure class=\"gallery-item\"><div class=\"gallery-icon landscape\"><img loading=\"lazy\" decoding=\"async\" width=\"778\" height=\"1100\" src=\"https:\/\/graziamagazine.com\/mx\/wp-content\/uploads\/sites\/13\/2025\/04\/CAR_BT153A69-NH_66969928_downloadPreview.png\" class=\"lazy\" alt=\"\" srcset=\"https:\/\/graziamagazine.com\/mx\/wp-content\/uploads\/sites\/13\/2025\/04\/CAR_BT153A69-NH_66969928_downloadPreview.png 778w, https:\/\/graziamagazine.com\/mx\/wp-content\/uploads\/sites\/13\/2025\/04\/CAR_BT153A69-NH_66969928_downloadPreview-318x450.png 318w, https:\/\/graziamagazine.com\/mx\/wp-content\/uploads\/sites\/13\/2025\/04\/CAR_BT153A69-NH_66969928_downloadPreview-724x1024.png 724w, https:\/\/graziamagazine.com\/mx\/wp-content\/uploads\/sites\/13\/2025\/04\/CAR_BT153A69-NH_66969928_downloadPreview-768x1086.png 768w, https:\/\/graziamagazine.com\/mx\/wp-content\/uploads\/sites\/13\/2025\/04\/CAR_BT153A69-NH_66969928_downloadPreview-400x566.png 400w, https:\/\/graziamagazine.com\/mx\/wp-content\/uploads\/sites\/13\/2025\/04\/CAR_BT153A69-NH_66969928_downloadPreview-152x215.png 152w\" sizes=\"(max-width: 778px) 100vw, 778px\" \/><\/div><\/figure><figure class=\"gallery-item\"><div class=\"gallery-icon landscape\"><img loading=\"lazy\" decoding=\"async\" width=\"750\" height=\"1100\" src=\"https:\/\/graziamagazine.com\/mx\/wp-content\/uploads\/sites\/13\/2025\/04\/CAR_1704108_11103754_downloadPreview.png\" class=\"lazy\" alt=\"\" srcset=\"https:\/\/graziamagazine.com\/mx\/wp-content\/uploads\/sites\/13\/2025\/04\/CAR_1704108_11103754_downloadPreview.png 750w, https:\/\/graziamagazine.com\/mx\/wp-content\/uploads\/sites\/13\/2025\/04\/CAR_1704108_11103754_downloadPreview-307x450.png 307w, https:\/\/graziamagazine.com\/mx\/wp-content\/uploads\/sites\/13\/2025\/04\/CAR_1704108_11103754_downloadPreview-698x1024.png 698w, https:\/\/graziamagazine.com\/mx\/wp-content\/uploads\/sites\/13\/2025\/04\/CAR_1704108_11103754_downloadPreview-400x587.png 400w, https:\/\/graziamagazine.com\/mx\/wp-content\/uploads\/sites\/13\/2025\/04\/CAR_1704108_11103754_downloadPreview-147x215.png 147w\" sizes=\"(max-width: 750px) 100vw, 750px\" \/><\/div><\/figure><figure class=\"gallery-item\"><div class=\"gallery-icon landscape\"><img loading=\"lazy\" decoding=\"async\" width=\"1100\" height=\"1076\" src=\"https:\/\/graziamagazine.com\/mx\/wp-content\/uploads\/sites\/13\/2025\/04\/CAR_WCL147A72_SG_11094341_downloadPreview_c.png\" class=\"lazy\" alt=\"\" srcset=\"https:\/\/graziamagazine.com\/mx\/wp-content\/uploads\/sites\/13\/2025\/04\/CAR_WCL147A72_SG_11094341_downloadPreview_c.png 1100w, https:\/\/graziamagazine.com\/mx\/wp-content\/uploads\/sites\/13\/2025\/04\/CAR_WCL147A72_SG_11094341_downloadPreview_c-450x440.png 450w, https:\/\/graziamagazine.com\/mx\/wp-content\/uploads\/sites\/13\/2025\/04\/CAR_WCL147A72_SG_11094341_downloadPreview_c-1024x1002.png 1024w, https:\/\/graziamagazine.com\/mx\/wp-content\/uploads\/sites\/13\/2025\/04\/CAR_WCL147A72_SG_11094341_downloadPreview_c-768x751.png 768w, https:\/\/graziamagazine.com\/mx\/wp-content\/uploads\/sites\/13\/2025\/04\/CAR_WCL147A72_SG_11094341_downloadPreview_c-400x391.png 400w, https:\/\/graziamagazine.com\/mx\/wp-content\/uploads\/sites\/13\/2025\/04\/CAR_WCL147A72_SG_11094341_downloadPreview_c-155x152.png 155w\" sizes=\"(max-width: 1100px) 100vw, 1100px\" \/><\/div><\/figure><figure class=\"gallery-item\"><div class=\"gallery-icon landscape\"><img loading=\"lazy\" decoding=\"async\" width=\"826\" height=\"1100\" src=\"https:\/\/graziamagazine.com\/mx\/wp-content\/uploads\/sites\/13\/2025\/04\/CAR_REP11_SG_11114622_downloadPreview_c.png\" class=\"lazy\" alt=\"\" srcset=\"https:\/\/graziamagazine.com\/mx\/wp-content\/uploads\/sites\/13\/2025\/04\/CAR_REP11_SG_11114622_downloadPreview_c.png 826w, https:\/\/graziamagazine.com\/mx\/wp-content\/uploads\/sites\/13\/2025\/04\/CAR_REP11_SG_11114622_downloadPreview_c-338x450.png 338w, https:\/\/graziamagazine.com\/mx\/wp-content\/uploads\/sites\/13\/2025\/04\/CAR_REP11_SG_11114622_downloadPreview_c-769x1024.png 769w, https:\/\/graziamagazine.com\/mx\/wp-content\/uploads\/sites\/13\/2025\/04\/CAR_REP11_SG_11114622_downloadPreview_c-768x1023.png 768w, https:\/\/graziamagazine.com\/mx\/wp-content\/uploads\/sites\/13\/2025\/04\/CAR_REP11_SG_11114622_downloadPreview_c-400x533.png 400w, https:\/\/graziamagazine.com\/mx\/wp-content\/uploads\/sites\/13\/2025\/04\/CAR_REP11_SG_11114622_downloadPreview_c-155x206.png 155w\" sizes=\"(max-width: 826px) 100vw, 826px\" \/><\/div><\/figure><figure class=\"gallery-item\"><div class=\"gallery-icon landscape\"><img loading=\"lazy\" decoding=\"async\" width=\"1100\" height=\"658\" src=\"https:\/\/graziamagazine.com\/mx\/wp-content\/uploads\/sites\/13\/2025\/04\/CAR_HO25A02_NH_11090508_downloadPreview.png\" class=\"lazy\" alt=\"\" srcset=\"https:\/\/graziamagazine.com\/mx\/wp-content\/uploads\/sites\/13\/2025\/04\/CAR_HO25A02_NH_11090508_downloadPreview.png 1100w, https:\/\/graziamagazine.com\/mx\/wp-content\/uploads\/sites\/13\/2025\/04\/CAR_HO25A02_NH_11090508_downloadPreview-450x269.png 450w, https:\/\/graziamagazine.com\/mx\/wp-content\/uploads\/sites\/13\/2025\/04\/CAR_HO25A02_NH_11090508_downloadPreview-1024x613.png 1024w, https:\/\/graziamagazine.com\/mx\/wp-content\/uploads\/sites\/13\/2025\/04\/CAR_HO25A02_NH_11090508_downloadPreview-768x459.png 768w, https:\/\/graziamagazine.com\/mx\/wp-content\/uploads\/sites\/13\/2025\/04\/CAR_HO25A02_NH_11090508_downloadPreview-400x239.png 400w, https:\/\/graziamagazine.com\/mx\/wp-content\/uploads\/sites\/13\/2025\/04\/CAR_HO25A02_NH_11090508_downloadPreview-155x93.png 155w\" sizes=\"(max-width: 1100px) 100vw, 1100px\" \/><\/div><\/figure><figure class=\"gallery-item\"><div class=\"gallery-icon landscape\"><img loading=\"lazy\" decoding=\"async\" width=\"877\" height=\"1100\" src=\"https:\/\/graziamagazine.com\/mx\/wp-content\/uploads\/sites\/13\/2025\/04\/CAR_H4334154-DDH484_c_crop_27291522_downloadPreview.png\" class=\"lazy\" alt=\"\" srcset=\"https:\/\/graziamagazine.com\/mx\/wp-content\/uploads\/sites\/13\/2025\/04\/CAR_H4334154-DDH484_c_crop_27291522_downloadPreview.png 877w, https:\/\/graziamagazine.com\/mx\/wp-content\/uploads\/sites\/13\/2025\/04\/CAR_H4334154-DDH484_c_crop_27291522_downloadPreview-359x450.png 359w, https:\/\/graziamagazine.com\/mx\/wp-content\/uploads\/sites\/13\/2025\/04\/CAR_H4334154-DDH484_c_crop_27291522_downloadPreview-816x1024.png 816w, https:\/\/graziamagazine.com\/mx\/wp-content\/uploads\/sites\/13\/2025\/04\/CAR_H4334154-DDH484_c_crop_27291522_downloadPreview-768x963.png 768w, https:\/\/graziamagazine.com\/mx\/wp-content\/uploads\/sites\/13\/2025\/04\/CAR_H4334154-DDH484_c_crop_27291522_downloadPreview-400x502.png 400w, https:\/\/graziamagazine.com\/mx\/wp-content\/uploads\/sites\/13\/2025\/04\/CAR_H4334154-DDH484_c_crop_27291522_downloadPreview-155x194.png 155w\" sizes=\"(max-width: 877px) 100vw, 877px\" \/><\/div><\/figure><figure class=\"gallery-item\"><div class=\"gallery-icon landscape\"><img loading=\"lazy\" decoding=\"async\" width=\"1100\" height=\"591\" src=\"https:\/\/graziamagazine.com\/mx\/wp-content\/uploads\/sites\/13\/2025\/04\/CAR_H1000091-AJK356_crop_27118279_downloadPreview_c.png\" class=\"lazy\" alt=\"\" srcset=\"https:\/\/graziamagazine.com\/mx\/wp-content\/uploads\/sites\/13\/2025\/04\/CAR_H1000091-AJK356_crop_27118279_downloadPreview_c.png 1100w, https:\/\/graziamagazine.com\/mx\/wp-content\/uploads\/sites\/13\/2025\/04\/CAR_H1000091-AJK356_crop_27118279_downloadPreview_c-450x242.png 450w, https:\/\/graziamagazine.com\/mx\/wp-content\/uploads\/sites\/13\/2025\/04\/CAR_H1000091-AJK356_crop_27118279_downloadPreview_c-1024x550.png 1024w, https:\/\/graziamagazine.com\/mx\/wp-content\/uploads\/sites\/13\/2025\/04\/CAR_H1000091-AJK356_crop_27118279_downloadPreview_c-768x413.png 768w, https:\/\/graziamagazine.com\/mx\/wp-content\/uploads\/sites\/13\/2025\/04\/CAR_H1000091-AJK356_crop_27118279_downloadPreview_c-400x215.png 400w, https:\/\/graziamagazine.com\/mx\/wp-content\/uploads\/sites\/13\/2025\/04\/CAR_H1000091-AJK356_crop_27118279_downloadPreview_c-155x83.png 155w\" sizes=\"(max-width: 1100px) 100vw, 1100px\" \/><\/div><\/figure><figure class=\"gallery-item\"><div class=\"gallery-icon landscape\"><img loading=\"lazy\" decoding=\"async\" width=\"1022\" height=\"1100\" src=\"https:\/\/graziamagazine.com\/mx\/wp-content\/uploads\/sites\/13\/2025\/04\/CAR_CL367A25_SG_38308184_downloadPreview.png\" class=\"lazy\" alt=\"\" srcset=\"https:\/\/graziamagazine.com\/mx\/wp-content\/uploads\/sites\/13\/2025\/04\/CAR_CL367A25_SG_38308184_downloadPreview.png 1022w, https:\/\/graziamagazine.com\/mx\/wp-content\/uploads\/sites\/13\/2025\/04\/CAR_CL367A25_SG_38308184_downloadPreview-418x450.png 418w, https:\/\/graziamagazine.com\/mx\/wp-content\/uploads\/sites\/13\/2025\/04\/CAR_CL367A25_SG_38308184_downloadPreview-951x1024.png 951w, https:\/\/graziamagazine.com\/mx\/wp-content\/uploads\/sites\/13\/2025\/04\/CAR_CL367A25_SG_38308184_downloadPreview-768x827.png 768w, https:\/\/graziamagazine.com\/mx\/wp-content\/uploads\/sites\/13\/2025\/04\/CAR_CL367A25_SG_38308184_downloadPreview-400x431.png 400w, https:\/\/graziamagazine.com\/mx\/wp-content\/uploads\/sites\/13\/2025\/04\/CAR_CL367A25_SG_38308184_downloadPreview-155x167.png 155w\" sizes=\"(max-width: 1022px) 100vw, 1022px\" \/><\/div><\/figure><\/div><\/div>\n<p>&nbsp;<\/p>\n","protected":false},"author":11628,"featured_media":149567,"template":"","format":"standard","categories":[114,12483,12517,17161,13540],"acf":[],"yoast_head":"<!-- This site is optimized with the Yoast SEO Premium plugin v18.5 (Yoast SEO v20.4) - https:\/\/yoast.com\/wordpress\/plugins\/seo\/ -->\n<title>Cartier presenta exhibici\u00f3n en el V&amp;A Museum de Londres<\/title>\n<meta name=\"description\" content=\"Si hay algo que Cartier ha sabido hacer durante m\u00e1s de un siglo, es demostrar que el lujo no solo se porta, se hereda o se presume\u2026 tambi\u00e9n se admira. Y\" \/>\n<meta name=\"robots\" content=\"index, follow, max-snippet:-1, max-image-preview:large, max-video-preview:-1\" \/>\n<link rel=\"canonical\" href=\"https:\/\/graziamagazine.com\/mx\/articles\/cartier-presenta-exhibicion-en-el-va-museum-de-londres\/\" \/>\n<meta property=\"og:locale\" content=\"es_MX\" \/>\n<meta property=\"og:type\" content=\"article\" \/>\n<meta property=\"og:title\" content=\"Cartier presenta exhibici\u00f3n en el V&amp;A Museum de Londres\" \/>\n<meta property=\"og:description\" content=\"Si hay algo que Cartier ha sabido hacer durante m\u00e1s de un siglo, es demostrar que el lujo no solo se porta, se hereda o se presume\u2026 tambi\u00e9n se admira. Y\" \/>\n<meta property=\"og:url\" content=\"https:\/\/graziamagazine.com\/mx\/articles\/cartier-presenta-exhibicion-en-el-va-museum-de-londres\/\" \/>\n<meta property=\"og:site_name\" content=\"Grazia M\u00e9xico y Latinoam\u00e9rica\" \/>\n<meta property=\"article:modified_time\" content=\"2025-04-21T15:46:59+00:00\" \/>\n<meta property=\"og:image\" content=\"https:\/\/graziamagazine.com\/mx\/wp-content\/uploads\/sites\/13\/2025\/04\/Manchester-Tiara-Harnichard-for-Cartier-Paris-1903.-Diamonds-gold-and-silver-the-C-scroll-at-each-end-set-with-glass-paste-\u00a9-Victoria-and-Albert-Museum-London_c-1024x766.png\" \/>\n\t<meta property=\"og:image:width\" content=\"1024\" \/>\n\t<meta property=\"og:image:height\" content=\"766\" \/>\n\t<meta property=\"og:image:type\" content=\"image\/png\" \/>\n<meta name=\"twitter:card\" content=\"summary_large_image\" \/>\n<meta name=\"twitter:label1\" content=\"Est. reading time\" \/>\n\t<meta name=\"twitter:data1\" content=\"2 minutos\" \/>\n<script type=\"application\/ld+json\" class=\"yoast-schema-graph\">{\"@context\":\"https:\/\/schema.org\",\"@graph\":[{\"@type\":\"WebPage\",\"@id\":\"https:\/\/graziamagazine.com\/mx\/articles\/cartier-presenta-exhibicion-en-el-va-museum-de-londres\/\",\"url\":\"https:\/\/graziamagazine.com\/mx\/articles\/cartier-presenta-exhibicion-en-el-va-museum-de-londres\/\",\"name\":\"Cartier presenta exhibici\u00f3n en el V&A Museum de Londres\",\"isPartOf\":{\"@id\":\"https:\/\/graziamagazine.com\/mx\/#website\"},\"datePublished\":\"2025-04-16T21:26:41+00:00\",\"dateModified\":\"2025-04-21T15:46:59+00:00\",\"description\":\"Si hay algo que Cartier ha sabido hacer durante m\u00e1s de un siglo, es demostrar que el lujo no solo se porta, se hereda o se presume\u2026 tambi\u00e9n se admira. Y\",\"breadcrumb\":{\"@id\":\"https:\/\/graziamagazine.com\/mx\/articles\/cartier-presenta-exhibicion-en-el-va-museum-de-londres\/#breadcrumb\"},\"inLanguage\":\"es-MX\",\"potentialAction\":[{\"@type\":\"ReadAction\",\"target\":[\"https:\/\/graziamagazine.com\/mx\/articles\/cartier-presenta-exhibicion-en-el-va-museum-de-londres\/\"]}]},{\"@type\":\"BreadcrumbList\",\"@id\":\"https:\/\/graziamagazine.com\/mx\/articles\/cartier-presenta-exhibicion-en-el-va-museum-de-londres\/#breadcrumb\",\"itemListElement\":[{\"@type\":\"ListItem\",\"position\":1,\"name\":\"Home\",\"item\":\"https:\/\/graziamagazine.com\/mx\/\"},{\"@type\":\"ListItem\",\"position\":2,\"name\":\"Cartier presenta exhibici\u00f3n en el V&amp;A Museum de Londres\"}]},{\"@type\":\"WebSite\",\"@id\":\"https:\/\/graziamagazine.com\/mx\/#website\",\"url\":\"https:\/\/graziamagazine.com\/mx\/\",\"name\":\"Grazia M\u00e9xico y Latinoam\u00e9rica\",\"description\":\"Grazia es moda, belleza y noticias  de actualidad \",\"potentialAction\":[{\"@type\":\"SearchAction\",\"target\":{\"@type\":\"EntryPoint\",\"urlTemplate\":\"https:\/\/graziamagazine.com\/mx\/?s={search_term_string}\"},\"query-input\":\"required name=search_term_string\"}],\"inLanguage\":\"es-MX\"}]}<\/script>\n<!-- \/ Yoast SEO Premium plugin. -->","yoast_head_json":{"title":"Cartier presenta exhibici\u00f3n en el V&A Museum de Londres","description":"Si hay algo que Cartier ha sabido hacer durante m\u00e1s de un siglo, es demostrar que el lujo no solo se porta, se hereda o se presume\u2026 tambi\u00e9n se admira. Y","robots":{"index":"index","follow":"follow","max-snippet":"max-snippet:-1","max-image-preview":"max-image-preview:large","max-video-preview":"max-video-preview:-1"},"canonical":"https:\/\/graziamagazine.com\/mx\/articles\/cartier-presenta-exhibicion-en-el-va-museum-de-londres\/","og_locale":"es_MX","og_type":"article","og_title":"Cartier presenta exhibici\u00f3n en el V&amp;A Museum de Londres","og_description":"Si hay algo que Cartier ha sabido hacer durante m\u00e1s de un siglo, es demostrar que el lujo no solo se porta, se hereda o se presume\u2026 tambi\u00e9n se admira. Y","og_url":"https:\/\/graziamagazine.com\/mx\/articles\/cartier-presenta-exhibicion-en-el-va-museum-de-londres\/","og_site_name":"Grazia M\u00e9xico y Latinoam\u00e9rica","article_modified_time":"2025-04-21T15:46:59+00:00","og_image":[{"width":1024,"height":766,"url":"https:\/\/graziamagazine.com\/mx\/wp-content\/uploads\/sites\/13\/2025\/04\/Manchester-Tiara-Harnichard-for-Cartier-Paris-1903.-Diamonds-gold-and-silver-the-C-scroll-at-each-end-set-with-glass-paste-\u00a9-Victoria-and-Albert-Museum-London_c-1024x766.png","type":"image\/png"}],"twitter_card":"summary_large_image","twitter_misc":{"Est. reading time":"2 minutos"},"schema":{"@context":"https:\/\/schema.org","@graph":[{"@type":"WebPage","@id":"https:\/\/graziamagazine.com\/mx\/articles\/cartier-presenta-exhibicion-en-el-va-museum-de-londres\/","url":"https:\/\/graziamagazine.com\/mx\/articles\/cartier-presenta-exhibicion-en-el-va-museum-de-londres\/","name":"Cartier presenta exhibici\u00f3n en el V&A Museum de Londres","isPartOf":{"@id":"https:\/\/graziamagazine.com\/mx\/#website"},"datePublished":"2025-04-16T21:26:41+00:00","dateModified":"2025-04-21T15:46:59+00:00","description":"Si hay algo que Cartier ha sabido hacer durante m\u00e1s de un siglo, es demostrar que el lujo no solo se porta, se hereda o se presume\u2026 tambi\u00e9n se admira. Y","breadcrumb":{"@id":"https:\/\/graziamagazine.com\/mx\/articles\/cartier-presenta-exhibicion-en-el-va-museum-de-londres\/#breadcrumb"},"inLanguage":"es-MX","potentialAction":[{"@type":"ReadAction","target":["https:\/\/graziamagazine.com\/mx\/articles\/cartier-presenta-exhibicion-en-el-va-museum-de-londres\/"]}]},{"@type":"BreadcrumbList","@id":"https:\/\/graziamagazine.com\/mx\/articles\/cartier-presenta-exhibicion-en-el-va-museum-de-londres\/#breadcrumb","itemListElement":[{"@type":"ListItem","position":1,"name":"Home","item":"https:\/\/graziamagazine.com\/mx\/"},{"@type":"ListItem","position":2,"name":"Cartier presenta exhibici\u00f3n en el V&amp;A Museum de Londres"}]},{"@type":"WebSite","@id":"https:\/\/graziamagazine.com\/mx\/#website","url":"https:\/\/graziamagazine.com\/mx\/","name":"Grazia M\u00e9xico y Latinoam\u00e9rica","description":"Grazia es moda, belleza y noticias  de actualidad ","potentialAction":[{"@type":"SearchAction","target":{"@type":"EntryPoint","urlTemplate":"https:\/\/graziamagazine.com\/mx\/?s={search_term_string}"},"query-input":"required name=search_term_string"}],"inLanguage":"es-MX"}]}},"jetpack_sharing_enabled":true,"distributor_meta":false,"distributor_terms":false,"distributor_media":false,"distributor_original_site_name":"Grazia M\u00e9xico y Latinoam\u00e9rica","distributor_original_site_url":"https:\/\/graziamagazine.com\/mx","push-errors":false,"_links":{"self":[{"href":"https:\/\/graziamagazine.com\/mx\/wp-json\/wp\/v2\/articles\/149560"}],"collection":[{"href":"https:\/\/graziamagazine.com\/mx\/wp-json\/wp\/v2\/articles"}],"about":[{"href":"https:\/\/graziamagazine.com\/mx\/wp-json\/wp\/v2\/types\/articles"}],"author":[{"embeddable":true,"href":"https:\/\/graziamagazine.com\/mx\/wp-json\/wp\/v2\/users\/11628"}],"wp:featuredmedia":[{"embeddable":true,"href":"https:\/\/graziamagazine.com\/mx\/wp-json\/wp\/v2\/media\/149567"}],"wp:attachment":[{"href":"https:\/\/graziamagazine.com\/mx\/wp-json\/wp\/v2\/media?parent=149560"}],"wp:term":[{"taxonomy":"category","embeddable":true,"href":"https:\/\/graziamagazine.com\/mx\/wp-json\/wp\/v2\/categories?post=149560"}],"curies":[{"name":"wp","href":"https:\/\/api.w.org\/{rel}","templated":true}]}}