{"id":149500,"date":"2025-04-15T10:25:11","date_gmt":"2025-04-15T15:25:11","guid":{"rendered":"https:\/\/graziamagazine.com\/mx\/?post_type=articles&#038;p=149500"},"modified":"2025-04-15T10:25:11","modified_gmt":"2025-04-15T15:25:11","slug":"quien-es-duran-lantink-nuevo-disenador-de-gaultier","status":"publish","type":"articles","link":"https:\/\/graziamagazine.com\/mx\/articles\/quien-es-duran-lantink-nuevo-disenador-de-gaultier\/","title":{"rendered":"\u00bfQui\u00e9n es Duran Lantink, nuevo dise\u00f1ador de Gaultier?"},"content":{"rendered":"<p>Hoy Jean Paul Gaultier ha hecho p\u00fablico que, despu\u00e9s de varias temporadas con dise\u00f1adores invitados, ya tiene un nuevo director creativo fijo. Se trata del dise\u00f1ador\u00a0<strong>Duran Lantink,<\/strong> uno de esos nombres que est\u00e1n marcando el futuro de la moda con paso firme, creatividad radical y una visi\u00f3n sostenible que desaf\u00eda las normas del lujo. Su estilo provocador, su discurso pol\u00edtico y su forma de reinventar prendas ya existentes lo han convertido en uno de los dise\u00f1adores m\u00e1s comentados de la escena actual. El creador neerland\u00e9s no es nuevo en la maison ya que ya ha colaborado en otros momentos, como director invitado de su colecci\u00f3n de Alta Costura 2025, y ahora ser\u00e1 el encargado de dise\u00f1ar la pr\u00f3xima colecci\u00f3n de pr\u00eat-\u00e0-porter qie se presentar\u00e1 en Par\u00eds durante la Semana de la Moda de Par\u00eds el 25 de septiembre y su primera colecci\u00f3n de Alta Costura, que se lanzar\u00e1 en enero de 2026.<\/p>\n<h3>\u00bfQui\u00e9n es Duran Lantink?<\/h3>\n<p>Originario de \u00c1msterdam, <strong>Duran Lantink<\/strong> se gradu\u00f3 en la prestigiosa Gerrit Rietveld Academie y complet\u00f3 un m\u00e1ster en el Sandberg Institute. Desde sus inicios, su trabajo ha estado ligado a la moda \u00e9tica, la deconstrucci\u00f3n y la reutilizaci\u00f3n como forma de protesta y creaci\u00f3n.<\/p>\n<p>Salt\u00f3 a la fama en 2019 gracias a su colaboraci\u00f3n con la actriz y activista <strong>Janelle Mon\u00e1e<\/strong>, a quien visti\u00f3 para la portada de la revista <em>Paper<\/em>. Desde entonces, ha llamado la atenci\u00f3n de la industria con dise\u00f1os que mezclan tejidos reciclados, piezas vintage y restos de colecciones de grandes firmas como Gucci, Balenciaga o Vetements. \u00bfEl resultado? Un collage visual poderoso, con mensaje, identidad y mucha personalidad.<\/p>\n<h3>Una moda que habla de sostenibilidad y rebeld\u00eda<\/h3>\n<p>Lantink se ha convertido en un abanderado de la <strong>moda circular y consciente<\/strong>. Su atelier trabaja exclusivamente con stock sobrante y prendas de segunda mano, transform\u00e1ndolas en piezas \u00fanicas con alma art\u00edstica. Sus creaciones no son solo ropa: son una cr\u00edtica al consumo masivo y una invitaci\u00f3n a repensar nuestro estilo y nuestra forma de vestir.<\/p>\n<p>Este enfoque lo ha hecho destacar entre los nuevos dise\u00f1adores europeos, convirti\u00e9ndose en una figura clave del <strong>nuevo lujo responsable<\/strong>, ese que no sacrifica ni la est\u00e9tica ni la \u00e9tica.<\/p>\n<p><img decoding=\"async\" src=\"https:\/\/www.hola.com\/horizon\/portrait\/a10e36eef98b-duran-lantink-f25-002.jpg\" alt=\"Jean-Paul Gaultier nombra a su primer sucesor: Duran Lantink es el nuevo director creativo\" \/><\/p>\n<h3>Su llegada a Jean Paul Gaultier<\/h3>\n<p>En 2025, <strong>Jean Paul Gaultier<\/strong> ha elegido a Duran Lantink como dise\u00f1ador invitado para su pr\u00f3xima colecci\u00f3n de Alta Costura. Esta colaboraci\u00f3n forma parte de una serie de colecciones en las que la maison francesa invita a talentos visionarios a reinterpretar su legado.<\/p>\n<p>Lantink, conocido por su enfoque irreverente y experimental, encuentra en el universo de Gaultier el terreno perfecto para fusionar sus c\u00f3digos con la historia y provocaci\u00f3n del enfant terrible de la moda. Se espera una colecci\u00f3n explosiva, rica en referencias pop, deconstrucciones atrevidas y un enfoque sostenible sin precedentes dentro del circuito de la <strong>alta costura<\/strong>.<\/p>\n<p><img decoding=\"async\" src=\"https:\/\/i.pinimg.com\/736x\/8f\/dc\/7f\/8fdc7fd707ec012b4b719e0f08158550.jpg\" alt=\"Duran Lantink Fall 2024 Ready-to-Wear Collection\" \/><\/p>\n<h3>\u00bfPor qu\u00e9 no perderle la pista?<\/h3>\n<p>Si te interesa la <strong>moda con prop\u00f3sito<\/strong>, el dise\u00f1o valiente y el arte de transformar lo cotidiano en algo extraordinario, Duran Lantink es un nombre que debes tener en tu radar. Su llegada a Jean Paul Gaultier no solo confirma su talento, sino que anticipa una nueva era para la alta costura: m\u00e1s diversa, m\u00e1s consciente y m\u00e1s provocadora.<\/p>\n<p><em>*Im\u00e1genes: Getty Images y Redes Sociales<\/em><\/p>\n","protected":false},"author":11653,"featured_media":149503,"template":"","format":"standard","categories":[12483],"acf":[],"yoast_head":"<!-- This site is optimized with the Yoast SEO Premium plugin v18.5 (Yoast SEO v20.4) - https:\/\/yoast.com\/wordpress\/plugins\/seo\/ -->\n<title>\u00bfQui\u00e9n es Duran Lantink, nuevo dise\u00f1ador de Gaultier? | Grazia M\u00e9xico y Latinoam\u00e9rica<\/title>\n<meta name=\"description\" content=\"Su debut en la firma ser\u00e1 con su primera colecci\u00f3n pr\u00eat-\u00e0-porter en septiembre de 2025 durante la Semana de la Moda de Par\u00eds.\" \/>\n<meta name=\"robots\" content=\"index, follow, max-snippet:-1, max-image-preview:large, max-video-preview:-1\" \/>\n<link rel=\"canonical\" href=\"https:\/\/graziamagazine.com\/mx\/articles\/quien-es-duran-lantink-nuevo-disenador-de-gaultier\/\" \/>\n<meta property=\"og:locale\" content=\"es_MX\" \/>\n<meta property=\"og:type\" content=\"article\" \/>\n<meta property=\"og:title\" content=\"\u00bfQui\u00e9n es Duran Lantink, nuevo dise\u00f1ador de Gaultier?\" \/>\n<meta property=\"og:description\" content=\"Su debut en la firma ser\u00e1 con su primera colecci\u00f3n pr\u00eat-\u00e0-porter en septiembre de 2025 durante la Semana de la Moda de Par\u00eds.\" \/>\n<meta property=\"og:url\" content=\"https:\/\/graziamagazine.com\/mx\/articles\/quien-es-duran-lantink-nuevo-disenador-de-gaultier\/\" \/>\n<meta property=\"og:site_name\" content=\"Grazia M\u00e9xico y Latinoam\u00e9rica\" \/>\n<meta property=\"og:image\" content=\"https:\/\/graziamagazine.com\/mx\/wp-content\/uploads\/sites\/13\/2025\/04\/highxtar-duran-landink.jpeg\" \/>\n\t<meta property=\"og:image:width\" content=\"1440\" \/>\n\t<meta property=\"og:image:height\" content=\"960\" \/>\n\t<meta property=\"og:image:type\" content=\"image\/jpeg\" \/>\n<meta name=\"twitter:card\" content=\"summary_large_image\" \/>\n<meta name=\"twitter:label1\" content=\"Est. reading time\" \/>\n\t<meta name=\"twitter:data1\" content=\"3 minutos\" \/>\n<script type=\"application\/ld+json\" class=\"yoast-schema-graph\">{\"@context\":\"https:\/\/schema.org\",\"@graph\":[{\"@type\":\"WebPage\",\"@id\":\"https:\/\/graziamagazine.com\/mx\/articles\/quien-es-duran-lantink-nuevo-disenador-de-gaultier\/\",\"url\":\"https:\/\/graziamagazine.com\/mx\/articles\/quien-es-duran-lantink-nuevo-disenador-de-gaultier\/\",\"name\":\"\u00bfQui\u00e9n es Duran Lantink, nuevo dise\u00f1ador de Gaultier? | Grazia M\u00e9xico y Latinoam\u00e9rica\",\"isPartOf\":{\"@id\":\"https:\/\/graziamagazine.com\/mx\/#website\"},\"datePublished\":\"2025-04-15T15:25:11+00:00\",\"dateModified\":\"2025-04-15T15:25:11+00:00\",\"description\":\"Su debut en la firma ser\u00e1 con su primera colecci\u00f3n pr\u00eat-\u00e0-porter en septiembre de 2025 durante la Semana de la Moda de Par\u00eds.\",\"breadcrumb\":{\"@id\":\"https:\/\/graziamagazine.com\/mx\/articles\/quien-es-duran-lantink-nuevo-disenador-de-gaultier\/#breadcrumb\"},\"inLanguage\":\"es-MX\",\"potentialAction\":[{\"@type\":\"ReadAction\",\"target\":[\"https:\/\/graziamagazine.com\/mx\/articles\/quien-es-duran-lantink-nuevo-disenador-de-gaultier\/\"]}]},{\"@type\":\"BreadcrumbList\",\"@id\":\"https:\/\/graziamagazine.com\/mx\/articles\/quien-es-duran-lantink-nuevo-disenador-de-gaultier\/#breadcrumb\",\"itemListElement\":[{\"@type\":\"ListItem\",\"position\":1,\"name\":\"Home\",\"item\":\"https:\/\/graziamagazine.com\/mx\/\"},{\"@type\":\"ListItem\",\"position\":2,\"name\":\"\u00bfQui\u00e9n es Duran Lantink, nuevo dise\u00f1ador de Gaultier?\"}]},{\"@type\":\"WebSite\",\"@id\":\"https:\/\/graziamagazine.com\/mx\/#website\",\"url\":\"https:\/\/graziamagazine.com\/mx\/\",\"name\":\"Grazia M\u00e9xico y Latinoam\u00e9rica\",\"description\":\"Grazia es moda, belleza y noticias  de actualidad \",\"potentialAction\":[{\"@type\":\"SearchAction\",\"target\":{\"@type\":\"EntryPoint\",\"urlTemplate\":\"https:\/\/graziamagazine.com\/mx\/?s={search_term_string}\"},\"query-input\":\"required name=search_term_string\"}],\"inLanguage\":\"es-MX\"}]}<\/script>\n<!-- \/ Yoast SEO Premium plugin. -->","yoast_head_json":{"title":"\u00bfQui\u00e9n es Duran Lantink, nuevo dise\u00f1ador de Gaultier? | Grazia M\u00e9xico y Latinoam\u00e9rica","description":"Su debut en la firma ser\u00e1 con su primera colecci\u00f3n pr\u00eat-\u00e0-porter en septiembre de 2025 durante la Semana de la Moda de Par\u00eds.","robots":{"index":"index","follow":"follow","max-snippet":"max-snippet:-1","max-image-preview":"max-image-preview:large","max-video-preview":"max-video-preview:-1"},"canonical":"https:\/\/graziamagazine.com\/mx\/articles\/quien-es-duran-lantink-nuevo-disenador-de-gaultier\/","og_locale":"es_MX","og_type":"article","og_title":"\u00bfQui\u00e9n es Duran Lantink, nuevo dise\u00f1ador de Gaultier?","og_description":"Su debut en la firma ser\u00e1 con su primera colecci\u00f3n pr\u00eat-\u00e0-porter en septiembre de 2025 durante la Semana de la Moda de Par\u00eds.","og_url":"https:\/\/graziamagazine.com\/mx\/articles\/quien-es-duran-lantink-nuevo-disenador-de-gaultier\/","og_site_name":"Grazia M\u00e9xico y Latinoam\u00e9rica","og_image":[{"width":1440,"height":960,"url":"https:\/\/graziamagazine.com\/mx\/wp-content\/uploads\/sites\/13\/2025\/04\/highxtar-duran-landink.jpeg","type":"image\/jpeg"}],"twitter_card":"summary_large_image","twitter_misc":{"Est. reading time":"3 minutos"},"schema":{"@context":"https:\/\/schema.org","@graph":[{"@type":"WebPage","@id":"https:\/\/graziamagazine.com\/mx\/articles\/quien-es-duran-lantink-nuevo-disenador-de-gaultier\/","url":"https:\/\/graziamagazine.com\/mx\/articles\/quien-es-duran-lantink-nuevo-disenador-de-gaultier\/","name":"\u00bfQui\u00e9n es Duran Lantink, nuevo dise\u00f1ador de Gaultier? | Grazia M\u00e9xico y Latinoam\u00e9rica","isPartOf":{"@id":"https:\/\/graziamagazine.com\/mx\/#website"},"datePublished":"2025-04-15T15:25:11+00:00","dateModified":"2025-04-15T15:25:11+00:00","description":"Su debut en la firma ser\u00e1 con su primera colecci\u00f3n pr\u00eat-\u00e0-porter en septiembre de 2025 durante la Semana de la Moda de Par\u00eds.","breadcrumb":{"@id":"https:\/\/graziamagazine.com\/mx\/articles\/quien-es-duran-lantink-nuevo-disenador-de-gaultier\/#breadcrumb"},"inLanguage":"es-MX","potentialAction":[{"@type":"ReadAction","target":["https:\/\/graziamagazine.com\/mx\/articles\/quien-es-duran-lantink-nuevo-disenador-de-gaultier\/"]}]},{"@type":"BreadcrumbList","@id":"https:\/\/graziamagazine.com\/mx\/articles\/quien-es-duran-lantink-nuevo-disenador-de-gaultier\/#breadcrumb","itemListElement":[{"@type":"ListItem","position":1,"name":"Home","item":"https:\/\/graziamagazine.com\/mx\/"},{"@type":"ListItem","position":2,"name":"\u00bfQui\u00e9n es Duran Lantink, nuevo dise\u00f1ador de Gaultier?"}]},{"@type":"WebSite","@id":"https:\/\/graziamagazine.com\/mx\/#website","url":"https:\/\/graziamagazine.com\/mx\/","name":"Grazia M\u00e9xico y Latinoam\u00e9rica","description":"Grazia es moda, belleza y noticias  de actualidad ","potentialAction":[{"@type":"SearchAction","target":{"@type":"EntryPoint","urlTemplate":"https:\/\/graziamagazine.com\/mx\/?s={search_term_string}"},"query-input":"required name=search_term_string"}],"inLanguage":"es-MX"}]}},"jetpack_sharing_enabled":true,"distributor_meta":false,"distributor_terms":false,"distributor_media":false,"distributor_original_site_name":"Grazia M\u00e9xico y Latinoam\u00e9rica","distributor_original_site_url":"https:\/\/graziamagazine.com\/mx","push-errors":false,"_links":{"self":[{"href":"https:\/\/graziamagazine.com\/mx\/wp-json\/wp\/v2\/articles\/149500"}],"collection":[{"href":"https:\/\/graziamagazine.com\/mx\/wp-json\/wp\/v2\/articles"}],"about":[{"href":"https:\/\/graziamagazine.com\/mx\/wp-json\/wp\/v2\/types\/articles"}],"author":[{"embeddable":true,"href":"https:\/\/graziamagazine.com\/mx\/wp-json\/wp\/v2\/users\/11653"}],"wp:featuredmedia":[{"embeddable":true,"href":"https:\/\/graziamagazine.com\/mx\/wp-json\/wp\/v2\/media\/149503"}],"wp:attachment":[{"href":"https:\/\/graziamagazine.com\/mx\/wp-json\/wp\/v2\/media?parent=149500"}],"wp:term":[{"taxonomy":"category","embeddable":true,"href":"https:\/\/graziamagazine.com\/mx\/wp-json\/wp\/v2\/categories?post=149500"}],"curies":[{"name":"wp","href":"https:\/\/api.w.org\/{rel}","templated":true}]}}