{"id":149430,"date":"2025-04-14T12:04:09","date_gmt":"2025-04-14T17:04:09","guid":{"rendered":"https:\/\/graziamagazine.com\/mx\/?post_type=articles&#038;p=149430"},"modified":"2025-04-14T19:15:06","modified_gmt":"2025-04-15T00:15:06","slug":"los-imperdibles-del-fashion-fest-primavera-verano-2025","status":"publish","type":"articles","link":"https:\/\/graziamagazine.com\/mx\/articles\/los-imperdibles-del-fashion-fest-primavera-verano-2025\/","title":{"rendered":"Los imperdibles del Fashion Fest Primavera-Verano 2025"},"content":{"rendered":"<p><strong>Sol, color y mucha actitud: as\u00ed arranc\u00f3 la temporada de moda Primavera-Verano 2025 en Liverpool, que transform\u00f3 su roof garden de Polanco en un vibrante beach club urbano, con tablas de surf, palmeras, una alberca y hasta cocos de bienvenida que pusieron a todos en modo veraniego. Un ambiente rosa tropical envolvieron a los asistentes desde el primer momento, preparando el terreno para un desfile lleno de color<\/strong>.<\/p>\n<p>&nbsp;<\/p>\n<p><img loading=\"lazy\" decoding=\"async\" class=\"size-medium wp-image-149408 aligncenter\" src=\"https:\/\/graziamagazine.com\/mx\/wp-content\/uploads\/sites\/13\/2025\/04\/Copia-de-Grazia-Nueva-Opcion-A2-253x450.png\" alt=\"\" width=\"253\" height=\"450\" srcset=\"https:\/\/graziamagazine.com\/mx\/wp-content\/uploads\/sites\/13\/2025\/04\/Copia-de-Grazia-Nueva-Opcion-A2-253x450.png 253w, https:\/\/graziamagazine.com\/mx\/wp-content\/uploads\/sites\/13\/2025\/04\/Copia-de-Grazia-Nueva-Opcion-A2-576x1024.png 576w, https:\/\/graziamagazine.com\/mx\/wp-content\/uploads\/sites\/13\/2025\/04\/Copia-de-Grazia-Nueva-Opcion-A2-768x1365.png 768w, https:\/\/graziamagazine.com\/mx\/wp-content\/uploads\/sites\/13\/2025\/04\/Copia-de-Grazia-Nueva-Opcion-A2-864x1536.png 864w, https:\/\/graziamagazine.com\/mx\/wp-content\/uploads\/sites\/13\/2025\/04\/Copia-de-Grazia-Nueva-Opcion-A2-400x711.png 400w, https:\/\/graziamagazine.com\/mx\/wp-content\/uploads\/sites\/13\/2025\/04\/Copia-de-Grazia-Nueva-Opcion-A2-121x215.png 121w, https:\/\/graziamagazine.com\/mx\/wp-content\/uploads\/sites\/13\/2025\/04\/Copia-de-Grazia-Nueva-Opcion-A2.png 1080w\" sizes=\"(max-width: 253px) 100vw, 253px\" \/><\/p>\n<p>La pasarela fue muy divertida con colores y estampados tropicales muy adhoc con esa temporada\u2014\u00a1hasta adorables perritos con conjuntos a juego desfilaron con mucha simpat\u00eda!\u2014 compartieron escena, demostrando que la moda es para todos . Sobre ese escenario vimos outfits para cada ocasi\u00f3n: ideales no solo para ir a la playa o la alberca, sino tambi\u00e9n para deslumbrar en la oficina o en los pr\u00f3ximos festivales de m\u00fasica .<\/p>\n<p>Lo mejor de todo es que muchas de estas propuestas llegan de la mano de marcas exclusivas que solo se encuentran en Liverpool \u2013por ejemplo en Kate Spade, Karl Lagerfeld o Sam Edelman, entre otras\u2013 elevando el guardarropa primaveral a otro nivel . Tambi\u00e9n debutaron nuevas firmas internacionales como Alohas, Indi &amp; Cold, Flabelus y Rapsodia , ampliando el abanico de opciones para todos los gustos. Con toda esta inspiraci\u00f3n sobre la mesa, te presentamos los looks clave del Fashion Fest P\/V 2025 de Liverpool que no te puedes perder esta temporada:<\/p>\n<ul>\n<li><strong>Chic desenfadado para la ciudad:<\/strong> La sastrer\u00eda se relaja sin perder elegancia. Los trajes sastre cl\u00e1sicos \u2013s\u00ed, tambi\u00e9n para ellas\u2013 regresan en telas ligeras y fluidas, conviviendo con vestidos con volantes perfectos para eventos de d\u00eda . Estampados florales sutiles y tonos suaves que van del lila al verde esmeralda p\u00e1lido dominan esta propuesta, transmitiendo una sofisticaci\u00f3n natural y libre. El resultado es un estilo pulido pero desenfadado, ideal para conquistar la jungla urbana bajo el sol primaveral.<\/li>\n<\/ul>\n<p><img loading=\"lazy\" decoding=\"async\" class=\"size-medium wp-image-149406 aligncenter\" src=\"https:\/\/graziamagazine.com\/mx\/wp-content\/uploads\/sites\/13\/2025\/04\/Copia-de-_DSC1573-253x450.png\" alt=\"\" width=\"253\" height=\"450\" srcset=\"https:\/\/graziamagazine.com\/mx\/wp-content\/uploads\/sites\/13\/2025\/04\/Copia-de-_DSC1573-253x450.png 253w, https:\/\/graziamagazine.com\/mx\/wp-content\/uploads\/sites\/13\/2025\/04\/Copia-de-_DSC1573-575x1024.png 575w, https:\/\/graziamagazine.com\/mx\/wp-content\/uploads\/sites\/13\/2025\/04\/Copia-de-_DSC1573-768x1367.png 768w, https:\/\/graziamagazine.com\/mx\/wp-content\/uploads\/sites\/13\/2025\/04\/Copia-de-_DSC1573-863x1536.png 863w, https:\/\/graziamagazine.com\/mx\/wp-content\/uploads\/sites\/13\/2025\/04\/Copia-de-_DSC1573-1151x2048.png 1151w, https:\/\/graziamagazine.com\/mx\/wp-content\/uploads\/sites\/13\/2025\/04\/Copia-de-_DSC1573-400x712.png 400w, https:\/\/graziamagazine.com\/mx\/wp-content\/uploads\/sites\/13\/2025\/04\/Copia-de-_DSC1573-121x215.png 121w, https:\/\/graziamagazine.com\/mx\/wp-content\/uploads\/sites\/13\/2025\/04\/Copia-de-_DSC1573.png 1655w\" sizes=\"(max-width: 253px) 100vw, 253px\" \/><\/p>\n<ul>\n<li><strong>Denim sin l\u00edmites:<\/strong> La mezclilla reafirma su lugar como protagonista del guardarropa moderno. Esta temporada se lleva en clave relajada pero con toques trendy: vaqueros holgados combinados con camisas o chaquetas denim (incluso en coordinado doble) y shorts estilo bermuda con tops ligeros y sandalias de tac\u00f3n para ellas . La versatilidad de este tejido eterno permite crear atuendos c\u00f3modos sin sacrificar estilo: imagina a \u00e9l con jeans amplios de corte baggy y tenis blancos, o a ella con una falda de mezclilla y tacones medios. Marcas emblem\u00e1ticas como Guess y Tommy Hilfiger lo confirman sobre la pasarela : el denim se adapta a todos los estilos, desde el m\u00e1s casual hasta el m\u00e1s chic, y este a\u00f1o no hay reglas para combinarlo de pies a cabeza.<\/li>\n<\/ul>\n<p><img loading=\"lazy\" decoding=\"async\" class=\"size-medium wp-image-149433 aligncenter\" src=\"https:\/\/graziamagazine.com\/mx\/wp-content\/uploads\/sites\/13\/2025\/04\/Copia-de-_DSC1771-253x450.png\" alt=\"\" width=\"253\" height=\"450\" srcset=\"https:\/\/graziamagazine.com\/mx\/wp-content\/uploads\/sites\/13\/2025\/04\/Copia-de-_DSC1771-253x450.png 253w, https:\/\/graziamagazine.com\/mx\/wp-content\/uploads\/sites\/13\/2025\/04\/Copia-de-_DSC1771-576x1024.png 576w, https:\/\/graziamagazine.com\/mx\/wp-content\/uploads\/sites\/13\/2025\/04\/Copia-de-_DSC1771-768x1365.png 768w, https:\/\/graziamagazine.com\/mx\/wp-content\/uploads\/sites\/13\/2025\/04\/Copia-de-_DSC1771-864x1536.png 864w, https:\/\/graziamagazine.com\/mx\/wp-content\/uploads\/sites\/13\/2025\/04\/Copia-de-_DSC1771-400x711.png 400w, https:\/\/graziamagazine.com\/mx\/wp-content\/uploads\/sites\/13\/2025\/04\/Copia-de-_DSC1771-121x215.png 121w, https:\/\/graziamagazine.com\/mx\/wp-content\/uploads\/sites\/13\/2025\/04\/Copia-de-_DSC1771.png 1080w\" sizes=\"(max-width: 253px) 100vw, 253px\" \/><\/p>\n<ul>\n<li><strong>Blanco y negro reinventados:<\/strong> El d\u00fao cl\u00e1sico por excelencia vuelve renovado y con mucha personalidad. Vimos conjuntos monocrom\u00e1ticos en blanco y negro que de b\u00e1sicos no ten\u00edan nada: rayas marineras, lunares divertidos y transparencias estrat\u00e9gicas transformaron estas tonalidades atemporales en declaraciones de estilo . Las faldas con volumen (tipo globo) y los conjuntos de punto en blanco y negro aportaron un aire retro-chic, mientras que detalles como encajes, volantes y estampados geom\u00e9tricos actualizaron el look cl\u00e1sico para 2025. Este juego de opuestos funciona para ellos y ellas por igual \u2013piensa en un traje negro con camisa blanca de corte impecable para \u00e9l, o en un vestido blanco vaporoso combinado con una chamarra de cuero negra para ella\u2013 logrando un equilibrio entre elegancia y fashion-forward. (Tip: Un gui\u00f1o al estilo de Karl Lagerfeld o Coco Chanel nunca falla al llevar B&amp;N).<\/li>\n<\/ul>\n<p><img loading=\"lazy\" decoding=\"async\" class=\"size-medium wp-image-149411 aligncenter\" src=\"https:\/\/graziamagazine.com\/mx\/wp-content\/uploads\/sites\/13\/2025\/04\/Captura-de-Pantalla-2025-04-11-a-las-14.01.26-450x303.png\" alt=\"\" width=\"450\" height=\"303\" srcset=\"https:\/\/graziamagazine.com\/mx\/wp-content\/uploads\/sites\/13\/2025\/04\/Captura-de-Pantalla-2025-04-11-a-las-14.01.26-450x303.png 450w, https:\/\/graziamagazine.com\/mx\/wp-content\/uploads\/sites\/13\/2025\/04\/Captura-de-Pantalla-2025-04-11-a-las-14.01.26-1024x690.png 1024w, https:\/\/graziamagazine.com\/mx\/wp-content\/uploads\/sites\/13\/2025\/04\/Captura-de-Pantalla-2025-04-11-a-las-14.01.26-768x517.png 768w, https:\/\/graziamagazine.com\/mx\/wp-content\/uploads\/sites\/13\/2025\/04\/Captura-de-Pantalla-2025-04-11-a-las-14.01.26-400x269.png 400w, https:\/\/graziamagazine.com\/mx\/wp-content\/uploads\/sites\/13\/2025\/04\/Captura-de-Pantalla-2025-04-11-a-las-14.01.26-155x104.png 155w, https:\/\/graziamagazine.com\/mx\/wp-content\/uploads\/sites\/13\/2025\/04\/Captura-de-Pantalla-2025-04-11-a-las-14.01.26.png 1051w\" sizes=\"(max-width: 450px) 100vw, 450px\" \/><\/p>\n<ul>\n<li><strong>Elegancia n\u00e1utica:<\/strong> El mar y la vida costera inspiran uno de los ejes de la temporada. Tonos azul marino y blanco inundaron la pasarela, combinados con acentos vibrantes que evocan la flora y fauna marina . Desde un blazer ligero estilo capit\u00e1n para \u00e9l hasta un vestido camisero blanco con estampados de conchas para ella, el look marinero se reinvent\u00f3 con lujo y comodidad a partes iguales. Los detalles lo son todo: pa\u00f1uelos de seda anudados al cuello, cinturones de cadena dorados y bolsos de mimbre complementaron estos conjuntos, ofreciendo ese aire de yate club sofisticado que encanta a los amantes del mar . De hecho, no es casualidad que Tommy Hilfiger formara parte de esta pasarela, pues su est\u00e9tica cl\u00e1sica encaja perfecto con esta tendencia mar\u00edtima . El resultado: outfits listos para navegar del muelle a la ciudad sin perder ni un \u00e1pice de glamour veraniego.<\/li>\n<\/ul>\n<p><img loading=\"lazy\" decoding=\"async\" class=\"size-medium wp-image-149414 aligncenter\" src=\"https:\/\/graziamagazine.com\/mx\/wp-content\/uploads\/sites\/13\/2025\/04\/Captura-de-Pantalla-2025-04-11-a-las-14.00.56-233x450.png\" alt=\"\" width=\"233\" height=\"450\" srcset=\"https:\/\/graziamagazine.com\/mx\/wp-content\/uploads\/sites\/13\/2025\/04\/Captura-de-Pantalla-2025-04-11-a-las-14.00.56-233x450.png 233w, https:\/\/graziamagazine.com\/mx\/wp-content\/uploads\/sites\/13\/2025\/04\/Captura-de-Pantalla-2025-04-11-a-las-14.00.56-111x215.png 111w, https:\/\/graziamagazine.com\/mx\/wp-content\/uploads\/sites\/13\/2025\/04\/Captura-de-Pantalla-2025-04-11-a-las-14.00.56.png 352w\" sizes=\"(max-width: 233px) 100vw, 233px\" \/><\/p>\n<ul>\n<li><strong>Esp\u00edritu bohemio y folcl\u00f3rico:<\/strong> Para las almas libres, Liverpool present\u00f3 una oda a lo artesanal y aventurero. Esta tendencia multicultural mezcla estampados \u00e9tnicos y bordados inspirados en la artesan\u00eda tradicional, con toques de estilo vaquero y vibra boho chic\u00a0. Piensa en vestidos largos vaporosos de telas crudas, faldas midi y pantalones capri en tonos tierra combinados con alg\u00fan detalle de animal print; todo realzado con accesorios llenos de car\u00e1cter. Botines de ante con flecos, cinturones anchos estilo western y sombreros de ala ancha aportaron el toque folk necesario, conectando el look con la naturaleza. Marcas boho como Rapsodia contribuyeron a esta est\u00e9tica con sus exquisitas propuestas artesanales , llenando de autenticidad y esp\u00edritu viajero cada conjunto. El resultado es un estilo bohemio deluxe, que abraza las ra\u00edces culturales y el amor por la tierra sin perder sofisticaci\u00f3n.<\/li>\n<\/ul>\n<p><img loading=\"lazy\" decoding=\"async\" class=\"size-medium wp-image-149407 aligncenter\" src=\"https:\/\/graziamagazine.com\/mx\/wp-content\/uploads\/sites\/13\/2025\/04\/Copia-de-_DSC1686-1-253x450.png\" alt=\"\" width=\"253\" height=\"450\" srcset=\"https:\/\/graziamagazine.com\/mx\/wp-content\/uploads\/sites\/13\/2025\/04\/Copia-de-_DSC1686-1-253x450.png 253w, https:\/\/graziamagazine.com\/mx\/wp-content\/uploads\/sites\/13\/2025\/04\/Copia-de-_DSC1686-1-575x1024.png 575w, https:\/\/graziamagazine.com\/mx\/wp-content\/uploads\/sites\/13\/2025\/04\/Copia-de-_DSC1686-1-768x1367.png 768w, https:\/\/graziamagazine.com\/mx\/wp-content\/uploads\/sites\/13\/2025\/04\/Copia-de-_DSC1686-1-863x1536.png 863w, https:\/\/graziamagazine.com\/mx\/wp-content\/uploads\/sites\/13\/2025\/04\/Copia-de-_DSC1686-1-1151x2048.png 1151w, https:\/\/graziamagazine.com\/mx\/wp-content\/uploads\/sites\/13\/2025\/04\/Copia-de-_DSC1686-1-400x712.png 400w, https:\/\/graziamagazine.com\/mx\/wp-content\/uploads\/sites\/13\/2025\/04\/Copia-de-_DSC1686-1-121x215.png 121w, https:\/\/graziamagazine.com\/mx\/wp-content\/uploads\/sites\/13\/2025\/04\/Copia-de-_DSC1686-1.png 1655w\" sizes=\"(max-width: 253px) 100vw, 253px\" \/><\/p>\n<p>Cada uno de estos looks imperdibles captur\u00f3 la esencia de la Primavera-Verano 2025 en Liverpool. Desde la frescura urbana hasta la magia bohemia, la pasarela del Fashion Fest nos dej\u00f3 inspiraci\u00f3n para reinventar el guardarropa esta temporada. \u00bfLo mejor? Todas estas tendencias ya est\u00e1n disponibles en un solo lugar. Liverpool nos record\u00f3 que la moda de primavera comienza aqu\u00ed, invit\u00e1ndonos a explorar, mezclar y expresar nuestro estilo con total libertad. \u00a1Atr\u00e9vete a lucir estos looks y haz de tu primavera-verano una verdadera celebraci\u00f3n de estilo!<\/p>\n<div dir=\"ltr\"><\/div>\n<div dir=\"ltr\"><\/div>\n","protected":false},"author":42739,"featured_media":149415,"template":"","format":"standard","categories":[],"acf":[],"yoast_head":"<!-- This site is optimized with the Yoast SEO Premium plugin v18.5 (Yoast SEO v20.4) - https:\/\/yoast.com\/wordpress\/plugins\/seo\/ -->\n<title>Los imperdibles del Fashion Fest Primavera-Verano 2025 | Grazia M\u00e9xico y Latinoam\u00e9rica<\/title>\n<meta name=\"description\" content=\"Sol, color y mucha actitud: as\u00ed arranc\u00f3 la temporada de moda Primavera-Verano 2025 en Liverpool, que transform\u00f3 su roof garden de Polanco en un vibrante\" \/>\n<meta name=\"robots\" content=\"index, follow, max-snippet:-1, max-image-preview:large, max-video-preview:-1\" \/>\n<link rel=\"canonical\" href=\"https:\/\/graziamagazine.com\/mx\/articles\/los-imperdibles-del-fashion-fest-primavera-verano-2025\/\" \/>\n<meta property=\"og:locale\" content=\"es_MX\" \/>\n<meta property=\"og:type\" content=\"article\" \/>\n<meta property=\"og:title\" content=\"Los imperdibles del Fashion Fest Primavera-Verano 2025\" \/>\n<meta property=\"og:description\" content=\"Sol, color y mucha actitud: as\u00ed arranc\u00f3 la temporada de moda Primavera-Verano 2025 en Liverpool, que transform\u00f3 su roof garden de Polanco en un vibrante\" \/>\n<meta property=\"og:url\" content=\"https:\/\/graziamagazine.com\/mx\/articles\/los-imperdibles-del-fashion-fest-primavera-verano-2025\/\" \/>\n<meta property=\"og:site_name\" content=\"Grazia M\u00e9xico y Latinoam\u00e9rica\" \/>\n<meta property=\"article:modified_time\" content=\"2025-04-15T00:15:06+00:00\" \/>\n<meta property=\"og:image\" content=\"https:\/\/graziamagazine.com\/mx\/wp-content\/uploads\/sites\/13\/2025\/04\/Captura-de-Pantalla-2025-04-11-a-las-14.06.43.png\" \/>\n\t<meta property=\"og:image:width\" content=\"1024\" \/>\n\t<meta property=\"og:image:height\" content=\"671\" \/>\n\t<meta property=\"og:image:type\" content=\"image\/png\" \/>\n<meta name=\"twitter:card\" content=\"summary_large_image\" \/>\n<meta name=\"twitter:label1\" content=\"Est. reading time\" \/>\n\t<meta name=\"twitter:data1\" content=\"6 minutos\" \/>\n<script type=\"application\/ld+json\" class=\"yoast-schema-graph\">{\"@context\":\"https:\/\/schema.org\",\"@graph\":[{\"@type\":\"WebPage\",\"@id\":\"https:\/\/graziamagazine.com\/mx\/articles\/los-imperdibles-del-fashion-fest-primavera-verano-2025\/\",\"url\":\"https:\/\/graziamagazine.com\/mx\/articles\/los-imperdibles-del-fashion-fest-primavera-verano-2025\/\",\"name\":\"Los imperdibles del Fashion Fest Primavera-Verano 2025 | Grazia M\u00e9xico y Latinoam\u00e9rica\",\"isPartOf\":{\"@id\":\"https:\/\/graziamagazine.com\/mx\/#website\"},\"datePublished\":\"2025-04-14T17:04:09+00:00\",\"dateModified\":\"2025-04-15T00:15:06+00:00\",\"description\":\"Sol, color y mucha actitud: as\u00ed arranc\u00f3 la temporada de moda Primavera-Verano 2025 en Liverpool, que transform\u00f3 su roof garden de Polanco en un vibrante\",\"breadcrumb\":{\"@id\":\"https:\/\/graziamagazine.com\/mx\/articles\/los-imperdibles-del-fashion-fest-primavera-verano-2025\/#breadcrumb\"},\"inLanguage\":\"es-MX\",\"potentialAction\":[{\"@type\":\"ReadAction\",\"target\":[\"https:\/\/graziamagazine.com\/mx\/articles\/los-imperdibles-del-fashion-fest-primavera-verano-2025\/\"]}]},{\"@type\":\"BreadcrumbList\",\"@id\":\"https:\/\/graziamagazine.com\/mx\/articles\/los-imperdibles-del-fashion-fest-primavera-verano-2025\/#breadcrumb\",\"itemListElement\":[{\"@type\":\"ListItem\",\"position\":1,\"name\":\"Home\",\"item\":\"https:\/\/graziamagazine.com\/mx\/\"},{\"@type\":\"ListItem\",\"position\":2,\"name\":\"Los imperdibles del Fashion Fest Primavera-Verano 2025\"}]},{\"@type\":\"WebSite\",\"@id\":\"https:\/\/graziamagazine.com\/mx\/#website\",\"url\":\"https:\/\/graziamagazine.com\/mx\/\",\"name\":\"Grazia M\u00e9xico y Latinoam\u00e9rica\",\"description\":\"Grazia es moda, belleza y noticias  de actualidad \",\"potentialAction\":[{\"@type\":\"SearchAction\",\"target\":{\"@type\":\"EntryPoint\",\"urlTemplate\":\"https:\/\/graziamagazine.com\/mx\/?s={search_term_string}\"},\"query-input\":\"required name=search_term_string\"}],\"inLanguage\":\"es-MX\"}]}<\/script>\n<!-- \/ Yoast SEO Premium plugin. -->","yoast_head_json":{"title":"Los imperdibles del Fashion Fest Primavera-Verano 2025 | Grazia M\u00e9xico y Latinoam\u00e9rica","description":"Sol, color y mucha actitud: as\u00ed arranc\u00f3 la temporada de moda Primavera-Verano 2025 en Liverpool, que transform\u00f3 su roof garden de Polanco en un vibrante","robots":{"index":"index","follow":"follow","max-snippet":"max-snippet:-1","max-image-preview":"max-image-preview:large","max-video-preview":"max-video-preview:-1"},"canonical":"https:\/\/graziamagazine.com\/mx\/articles\/los-imperdibles-del-fashion-fest-primavera-verano-2025\/","og_locale":"es_MX","og_type":"article","og_title":"Los imperdibles del Fashion Fest Primavera-Verano 2025","og_description":"Sol, color y mucha actitud: as\u00ed arranc\u00f3 la temporada de moda Primavera-Verano 2025 en Liverpool, que transform\u00f3 su roof garden de Polanco en un vibrante","og_url":"https:\/\/graziamagazine.com\/mx\/articles\/los-imperdibles-del-fashion-fest-primavera-verano-2025\/","og_site_name":"Grazia M\u00e9xico y Latinoam\u00e9rica","article_modified_time":"2025-04-15T00:15:06+00:00","og_image":[{"width":1024,"height":671,"url":"https:\/\/graziamagazine.com\/mx\/wp-content\/uploads\/sites\/13\/2025\/04\/Captura-de-Pantalla-2025-04-11-a-las-14.06.43.png","type":"image\/png"}],"twitter_card":"summary_large_image","twitter_misc":{"Est. reading time":"6 minutos"},"schema":{"@context":"https:\/\/schema.org","@graph":[{"@type":"WebPage","@id":"https:\/\/graziamagazine.com\/mx\/articles\/los-imperdibles-del-fashion-fest-primavera-verano-2025\/","url":"https:\/\/graziamagazine.com\/mx\/articles\/los-imperdibles-del-fashion-fest-primavera-verano-2025\/","name":"Los imperdibles del Fashion Fest Primavera-Verano 2025 | Grazia M\u00e9xico y Latinoam\u00e9rica","isPartOf":{"@id":"https:\/\/graziamagazine.com\/mx\/#website"},"datePublished":"2025-04-14T17:04:09+00:00","dateModified":"2025-04-15T00:15:06+00:00","description":"Sol, color y mucha actitud: as\u00ed arranc\u00f3 la temporada de moda Primavera-Verano 2025 en Liverpool, que transform\u00f3 su roof garden de Polanco en un vibrante","breadcrumb":{"@id":"https:\/\/graziamagazine.com\/mx\/articles\/los-imperdibles-del-fashion-fest-primavera-verano-2025\/#breadcrumb"},"inLanguage":"es-MX","potentialAction":[{"@type":"ReadAction","target":["https:\/\/graziamagazine.com\/mx\/articles\/los-imperdibles-del-fashion-fest-primavera-verano-2025\/"]}]},{"@type":"BreadcrumbList","@id":"https:\/\/graziamagazine.com\/mx\/articles\/los-imperdibles-del-fashion-fest-primavera-verano-2025\/#breadcrumb","itemListElement":[{"@type":"ListItem","position":1,"name":"Home","item":"https:\/\/graziamagazine.com\/mx\/"},{"@type":"ListItem","position":2,"name":"Los imperdibles del Fashion Fest Primavera-Verano 2025"}]},{"@type":"WebSite","@id":"https:\/\/graziamagazine.com\/mx\/#website","url":"https:\/\/graziamagazine.com\/mx\/","name":"Grazia M\u00e9xico y Latinoam\u00e9rica","description":"Grazia es moda, belleza y noticias  de actualidad ","potentialAction":[{"@type":"SearchAction","target":{"@type":"EntryPoint","urlTemplate":"https:\/\/graziamagazine.com\/mx\/?s={search_term_string}"},"query-input":"required name=search_term_string"}],"inLanguage":"es-MX"}]}},"jetpack_sharing_enabled":true,"distributor_meta":false,"distributor_terms":false,"distributor_media":false,"distributor_original_site_name":"Grazia M\u00e9xico y Latinoam\u00e9rica","distributor_original_site_url":"https:\/\/graziamagazine.com\/mx","push-errors":false,"_links":{"self":[{"href":"https:\/\/graziamagazine.com\/mx\/wp-json\/wp\/v2\/articles\/149430"}],"collection":[{"href":"https:\/\/graziamagazine.com\/mx\/wp-json\/wp\/v2\/articles"}],"about":[{"href":"https:\/\/graziamagazine.com\/mx\/wp-json\/wp\/v2\/types\/articles"}],"author":[{"embeddable":true,"href":"https:\/\/graziamagazine.com\/mx\/wp-json\/wp\/v2\/users\/42739"}],"wp:featuredmedia":[{"embeddable":true,"href":"https:\/\/graziamagazine.com\/mx\/wp-json\/wp\/v2\/media\/149415"}],"wp:attachment":[{"href":"https:\/\/graziamagazine.com\/mx\/wp-json\/wp\/v2\/media?parent=149430"}],"wp:term":[{"taxonomy":"category","embeddable":true,"href":"https:\/\/graziamagazine.com\/mx\/wp-json\/wp\/v2\/categories?post=149430"}],"curies":[{"name":"wp","href":"https:\/\/api.w.org\/{rel}","templated":true}]}}