{"id":149423,"date":"2025-04-14T11:55:40","date_gmt":"2025-04-14T16:55:40","guid":{"rendered":"https:\/\/graziamagazine.com\/mx\/?post_type=articles&#038;p=149423"},"modified":"2025-04-15T11:35:44","modified_gmt":"2025-04-15T16:35:44","slug":"te-contamos-como-la-carrera-musical-de-paulina-goto-va-en-ascenso","status":"publish","type":"articles","link":"https:\/\/graziamagazine.com\/mx\/articles\/te-contamos-como-la-carrera-musical-de-paulina-goto-va-en-ascenso\/","title":{"rendered":"Te contamos c\u00f3mo la carrera musical de Paulina Goto va en ascenso"},"content":{"rendered":"<p><strong>Paulina Goto<\/strong> es sin duda, una de las cantantes mexicanas en ascenso, despu\u00e9s de demostrar que su carrera como actriz se ha consolidado. Y es que el pasado 5 de abril se present\u00f3 por primera vez en el<strong> Lunario del Auditorio Nacional <\/strong>con un <em>sold out<\/em> dos semanas antes del evento.<\/p>\n<p>En el concierto, adem\u00e1s de cantar los temas que forman parte de su gira Natural Tour como <strong><em>Rompe, Ll\u00e9vame Despacio <\/em><\/strong>y<strong><em> Vete al Diablo<\/em><\/strong>, la cantante tuvo adem\u00e1s invitados de lujo como <strong>Natasha Dupeyr\u00f3n, Jack Duarte y Cecy Leos<\/strong>, quien adem\u00e1s le abri\u00f3 el concierto.<\/p>\n<figure id=\"attachment_149426\" aria-describedby=\"caption-attachment-149426\" style=\"width: 447px\" class=\"wp-caption alignnone\"><img loading=\"lazy\" decoding=\"async\" class=\"size-medium wp-image-149426\" src=\"https:\/\/graziamagazine.com\/mx\/wp-content\/uploads\/sites\/13\/2025\/04\/Copy-of-lunario-272-scaled-e1744649975824-447x450.jpeg\" alt=\"\" width=\"447\" height=\"450\" srcset=\"https:\/\/graziamagazine.com\/mx\/wp-content\/uploads\/sites\/13\/2025\/04\/Copy-of-lunario-272-scaled-e1744649975824-447x450.jpeg 447w, https:\/\/graziamagazine.com\/mx\/wp-content\/uploads\/sites\/13\/2025\/04\/Copy-of-lunario-272-scaled-e1744649975824-1016x1024.jpeg 1016w, https:\/\/graziamagazine.com\/mx\/wp-content\/uploads\/sites\/13\/2025\/04\/Copy-of-lunario-272-scaled-e1744649975824-150x150.jpeg 150w, https:\/\/graziamagazine.com\/mx\/wp-content\/uploads\/sites\/13\/2025\/04\/Copy-of-lunario-272-scaled-e1744649975824-768x774.jpeg 768w, https:\/\/graziamagazine.com\/mx\/wp-content\/uploads\/sites\/13\/2025\/04\/Copy-of-lunario-272-scaled-e1744649975824-1524x1536.jpeg 1524w, https:\/\/graziamagazine.com\/mx\/wp-content\/uploads\/sites\/13\/2025\/04\/Copy-of-lunario-272-scaled-e1744649975824-400x403.jpeg 400w, https:\/\/graziamagazine.com\/mx\/wp-content\/uploads\/sites\/13\/2025\/04\/Copy-of-lunario-272-scaled-e1744649975824-155x156.jpeg 155w, https:\/\/graziamagazine.com\/mx\/wp-content\/uploads\/sites\/13\/2025\/04\/Copy-of-lunario-272-scaled-e1744649975824.jpeg 1706w\" sizes=\"(max-width: 447px) 100vw, 447px\" \/><figcaption id=\"caption-attachment-149426\" class=\"wp-caption-text\">Paulina Goto se present\u00f3 en el Lunario del Auditorio Nacional \/ CC Entertainment<\/figcaption><\/figure>\n<p>Paulina nos regal\u00f3 un momento muy emotivo durante el concierto, al reunir al elenco de <strong><em>Mi Coraz\u00f3n es Tuyo<\/em><\/strong>. Juan Pablo Gil, Emilio Marcos, Polo Mor\u00edn, Isabella Tena, Isidora Vives, Beatriz Morarya, Pablo y Manuel Alan\u00eds cantaron en el escenario el tema de la novela.<\/p>\n<p>Otro dato importante es el estilismo de Paulina, que eligi\u00f3 <strong>un atuendo completamente <em>denim <\/em>y perlas para elevarlo,<\/strong> con lo que se ve\u00eda simplemente espectacular.<\/p>\n<figure id=\"attachment_149424\" aria-describedby=\"caption-attachment-149424\" style=\"width: 300px\" class=\"wp-caption alignnone\"><img loading=\"lazy\" decoding=\"async\" class=\"size-medium wp-image-149424\" src=\"https:\/\/graziamagazine.com\/mx\/wp-content\/uploads\/sites\/13\/2025\/04\/8D3DE2B7-6820-472D-9ED8-B22E66562555-300x450.jpeg\" alt=\"\" width=\"300\" height=\"450\" srcset=\"https:\/\/graziamagazine.com\/mx\/wp-content\/uploads\/sites\/13\/2025\/04\/8D3DE2B7-6820-472D-9ED8-B22E66562555-300x450.jpeg 300w, https:\/\/graziamagazine.com\/mx\/wp-content\/uploads\/sites\/13\/2025\/04\/8D3DE2B7-6820-472D-9ED8-B22E66562555-683x1024.jpeg 683w, https:\/\/graziamagazine.com\/mx\/wp-content\/uploads\/sites\/13\/2025\/04\/8D3DE2B7-6820-472D-9ED8-B22E66562555-768x1152.jpeg 768w, https:\/\/graziamagazine.com\/mx\/wp-content\/uploads\/sites\/13\/2025\/04\/8D3DE2B7-6820-472D-9ED8-B22E66562555-1024x1536.jpeg 1024w, https:\/\/graziamagazine.com\/mx\/wp-content\/uploads\/sites\/13\/2025\/04\/8D3DE2B7-6820-472D-9ED8-B22E66562555-400x600.jpeg 400w, https:\/\/graziamagazine.com\/mx\/wp-content\/uploads\/sites\/13\/2025\/04\/8D3DE2B7-6820-472D-9ED8-B22E66562555-143x215.jpeg 143w, https:\/\/graziamagazine.com\/mx\/wp-content\/uploads\/sites\/13\/2025\/04\/8D3DE2B7-6820-472D-9ED8-B22E66562555.jpeg 1080w\" sizes=\"(max-width: 300px) 100vw, 300px\" \/><figcaption id=\"caption-attachment-149424\" class=\"wp-caption-text\">Paulina Goto se present\u00f3 en el Lunario del Auditorio Nacional \/ CC Entertainment<\/figcaption><\/figure>\n<p>&nbsp;<\/p>\n<h3>La carrera de Paulina Goto<\/h3>\n<p>El nombre real de la cantante es Paulina G\u00f3mez Torres y <strong>naci\u00f3 el 29 de julio de 1991 <\/strong>en Monterrey, Nuevo Le\u00f3n. Despu\u00e9s de terminar la preparatoria, se fue a la Ciudad de M\u00e9xico a estudiar en el Centro de Educaci\u00f3n Art\u00edstica y ha estudiado adem\u00e1s en el Stella Adler Studio of Acting\u200b y la American Academy of Dramatic Arts\u200b.<\/p>\n<p>Ha participado en telenovelas como <strong><em>Mi coraz\u00f3n es tuyo, Un camino hacia el destino, El vuelo de la Victoria, <\/em><\/strong>y<strong><em> Vencer el miedo.<\/em><\/strong><\/p>\n<div class=\"content-gallery\"><div class=\"gallery-placeholder\"><div class=\"spinner\"><\/div><\/div><span class=\"gallery-pagination\"><\/span><div id=\"gallery-1\" class=\"gallery galleryid-149423 gallery-columns- gallery-size-\"><figure class=\"gallery-item\"><div class=\"gallery-icon landscape\"><img loading=\"lazy\" decoding=\"async\" width=\"2560\" height=\"1707\" src=\"https:\/\/graziamagazine.com\/mx\/wp-content\/uploads\/sites\/13\/2025\/04\/lunario-35-scaled.jpeg\" class=\"lazy\" alt=\"\" srcset=\"https:\/\/graziamagazine.com\/mx\/wp-content\/uploads\/sites\/13\/2025\/04\/lunario-35-scaled.jpeg 2560w, https:\/\/graziamagazine.com\/mx\/wp-content\/uploads\/sites\/13\/2025\/04\/lunario-35-450x300.jpeg 450w, https:\/\/graziamagazine.com\/mx\/wp-content\/uploads\/sites\/13\/2025\/04\/lunario-35-1024x683.jpeg 1024w, https:\/\/graziamagazine.com\/mx\/wp-content\/uploads\/sites\/13\/2025\/04\/lunario-35-768x512.jpeg 768w, https:\/\/graziamagazine.com\/mx\/wp-content\/uploads\/sites\/13\/2025\/04\/lunario-35-1536x1024.jpeg 1536w, https:\/\/graziamagazine.com\/mx\/wp-content\/uploads\/sites\/13\/2025\/04\/lunario-35-2048x1365.jpeg 2048w, https:\/\/graziamagazine.com\/mx\/wp-content\/uploads\/sites\/13\/2025\/04\/lunario-35-400x267.jpeg 400w, https:\/\/graziamagazine.com\/mx\/wp-content\/uploads\/sites\/13\/2025\/04\/lunario-35-155x103.jpeg 155w\" sizes=\"(max-width: 2560px) 100vw, 2560px\" \/><\/div><figcaption class=\"wp-caption-text gallery-caption\" id=\"gallery-1-149428\">Paulina Goto se present\u00f3 en el Lunario del Auditorio Nacional \/ CC Entertainment<\/figcaption><\/figure><figure class=\"gallery-item\"><div class=\"gallery-icon landscape\"><img loading=\"lazy\" decoding=\"async\" width=\"2560\" height=\"1707\" src=\"https:\/\/graziamagazine.com\/mx\/wp-content\/uploads\/sites\/13\/2025\/04\/lunario-240-scaled.jpeg\" class=\"lazy\" alt=\"\" srcset=\"https:\/\/graziamagazine.com\/mx\/wp-content\/uploads\/sites\/13\/2025\/04\/lunario-240-scaled.jpeg 2560w, https:\/\/graziamagazine.com\/mx\/wp-content\/uploads\/sites\/13\/2025\/04\/lunario-240-450x300.jpeg 450w, https:\/\/graziamagazine.com\/mx\/wp-content\/uploads\/sites\/13\/2025\/04\/lunario-240-1024x683.jpeg 1024w, https:\/\/graziamagazine.com\/mx\/wp-content\/uploads\/sites\/13\/2025\/04\/lunario-240-768x512.jpeg 768w, https:\/\/graziamagazine.com\/mx\/wp-content\/uploads\/sites\/13\/2025\/04\/lunario-240-1536x1024.jpeg 1536w, https:\/\/graziamagazine.com\/mx\/wp-content\/uploads\/sites\/13\/2025\/04\/lunario-240-2048x1365.jpeg 2048w, https:\/\/graziamagazine.com\/mx\/wp-content\/uploads\/sites\/13\/2025\/04\/lunario-240-400x267.jpeg 400w, https:\/\/graziamagazine.com\/mx\/wp-content\/uploads\/sites\/13\/2025\/04\/lunario-240-155x103.jpeg 155w\" sizes=\"(max-width: 2560px) 100vw, 2560px\" \/><\/div><figcaption class=\"wp-caption-text gallery-caption\" id=\"gallery-1-149427\">Paulina Goto se present\u00f3 en el Lunario del Auditorio Nacional \/ CC Entertainment<\/figcaption><\/figure><\/div><\/div>\n<p>Ha hecho pel\u00edculas como <strong><em>Veintea\u00f1era, Divorciada y Fant\u00e1stica<\/em><\/strong><em>, La diosa del asfalto, Entra en mi vida, Bendita suegra <\/em>o<em> Tu madre o la m\u00eda. \u00a0<\/em><\/p>\n<p><em>\u00a0<\/em>Paulina tambi\u00e9n ha participado en series de televisi\u00f3n que han sido todo un \u00e9xito como <strong><em>Madre solo hay dos<\/em><\/strong><em>, Vencer la ausencia <\/em>o<em> Miss VX.<\/em><\/p>\n<p>La cantante inici\u00f3 su carrera musical con su primer disco hom\u00f3nimo en 2010, en 2012 perteneci\u00f3 al grupo Eme 15 y en 2025 lanz\u00f3 su nuevo disco <strong><em>Natural<\/em><\/strong>.<\/p>\n<p>&nbsp;<\/p>\n","protected":false},"author":36289,"featured_media":149425,"template":"","format":"standard","categories":[12483,12517,114],"acf":[],"yoast_head":"<!-- This site is optimized with the Yoast SEO Premium plugin v18.5 (Yoast SEO v20.4) - https:\/\/yoast.com\/wordpress\/plugins\/seo\/ -->\n<title>Te contamos c\u00f3mo la carrera musical de Paulina Goto va en ascenso | Grazia M\u00e9xico y Latinoam\u00e9rica<\/title>\n<meta name=\"description\" content=\"Paulina Goto es sin duda, una de las cantantes mexicanas en ascenso, despu\u00e9s de demostrar que su carrera como actriz se ha consolidado. Y es que el pasado\" \/>\n<meta name=\"robots\" content=\"index, follow, max-snippet:-1, max-image-preview:large, max-video-preview:-1\" \/>\n<link rel=\"canonical\" href=\"https:\/\/graziamagazine.com\/mx\/articles\/te-contamos-como-la-carrera-musical-de-paulina-goto-va-en-ascenso\/\" \/>\n<meta property=\"og:locale\" content=\"es_MX\" \/>\n<meta property=\"og:type\" content=\"article\" \/>\n<meta property=\"og:title\" content=\"Te contamos c\u00f3mo la carrera musical de Paulina Goto va en ascenso\" \/>\n<meta property=\"og:description\" content=\"Paulina Goto es sin duda, una de las cantantes mexicanas en ascenso, despu\u00e9s de demostrar que su carrera como actriz se ha consolidado. Y es que el pasado\" \/>\n<meta property=\"og:url\" content=\"https:\/\/graziamagazine.com\/mx\/articles\/te-contamos-como-la-carrera-musical-de-paulina-goto-va-en-ascenso\/\" \/>\n<meta property=\"og:site_name\" content=\"Grazia M\u00e9xico y Latinoam\u00e9rica\" \/>\n<meta property=\"article:modified_time\" content=\"2025-04-15T16:35:44+00:00\" \/>\n<meta property=\"og:image\" content=\"https:\/\/graziamagazine.com\/mx\/wp-content\/uploads\/sites\/13\/2025\/04\/Copy-of-lunario-136-scaled-e1744650056882.jpeg\" \/>\n\t<meta property=\"og:image:width\" content=\"1280\" \/>\n\t<meta property=\"og:image:height\" content=\"721\" \/>\n\t<meta property=\"og:image:type\" content=\"image\/jpeg\" \/>\n<meta name=\"twitter:card\" content=\"summary_large_image\" \/>\n<meta name=\"twitter:label1\" content=\"Est. reading time\" \/>\n\t<meta name=\"twitter:data1\" content=\"3 minutos\" \/>\n<script type=\"application\/ld+json\" class=\"yoast-schema-graph\">{\"@context\":\"https:\/\/schema.org\",\"@graph\":[{\"@type\":\"WebPage\",\"@id\":\"https:\/\/graziamagazine.com\/mx\/articles\/te-contamos-como-la-carrera-musical-de-paulina-goto-va-en-ascenso\/\",\"url\":\"https:\/\/graziamagazine.com\/mx\/articles\/te-contamos-como-la-carrera-musical-de-paulina-goto-va-en-ascenso\/\",\"name\":\"Te contamos c\u00f3mo la carrera musical de Paulina Goto va en ascenso | Grazia M\u00e9xico y Latinoam\u00e9rica\",\"isPartOf\":{\"@id\":\"https:\/\/graziamagazine.com\/mx\/#website\"},\"datePublished\":\"2025-04-14T16:55:40+00:00\",\"dateModified\":\"2025-04-15T16:35:44+00:00\",\"description\":\"Paulina Goto es sin duda, una de las cantantes mexicanas en ascenso, despu\u00e9s de demostrar que su carrera como actriz se ha consolidado. Y es que el pasado\",\"breadcrumb\":{\"@id\":\"https:\/\/graziamagazine.com\/mx\/articles\/te-contamos-como-la-carrera-musical-de-paulina-goto-va-en-ascenso\/#breadcrumb\"},\"inLanguage\":\"es-MX\",\"potentialAction\":[{\"@type\":\"ReadAction\",\"target\":[\"https:\/\/graziamagazine.com\/mx\/articles\/te-contamos-como-la-carrera-musical-de-paulina-goto-va-en-ascenso\/\"]}]},{\"@type\":\"BreadcrumbList\",\"@id\":\"https:\/\/graziamagazine.com\/mx\/articles\/te-contamos-como-la-carrera-musical-de-paulina-goto-va-en-ascenso\/#breadcrumb\",\"itemListElement\":[{\"@type\":\"ListItem\",\"position\":1,\"name\":\"Home\",\"item\":\"https:\/\/graziamagazine.com\/mx\/\"},{\"@type\":\"ListItem\",\"position\":2,\"name\":\"Te contamos c\u00f3mo la carrera musical de Paulina Goto va en ascenso\"}]},{\"@type\":\"WebSite\",\"@id\":\"https:\/\/graziamagazine.com\/mx\/#website\",\"url\":\"https:\/\/graziamagazine.com\/mx\/\",\"name\":\"Grazia M\u00e9xico y Latinoam\u00e9rica\",\"description\":\"Grazia es moda, belleza y noticias  de actualidad \",\"potentialAction\":[{\"@type\":\"SearchAction\",\"target\":{\"@type\":\"EntryPoint\",\"urlTemplate\":\"https:\/\/graziamagazine.com\/mx\/?s={search_term_string}\"},\"query-input\":\"required name=search_term_string\"}],\"inLanguage\":\"es-MX\"}]}<\/script>\n<!-- \/ Yoast SEO Premium plugin. -->","yoast_head_json":{"title":"Te contamos c\u00f3mo la carrera musical de Paulina Goto va en ascenso | Grazia M\u00e9xico y Latinoam\u00e9rica","description":"Paulina Goto es sin duda, una de las cantantes mexicanas en ascenso, despu\u00e9s de demostrar que su carrera como actriz se ha consolidado. Y es que el pasado","robots":{"index":"index","follow":"follow","max-snippet":"max-snippet:-1","max-image-preview":"max-image-preview:large","max-video-preview":"max-video-preview:-1"},"canonical":"https:\/\/graziamagazine.com\/mx\/articles\/te-contamos-como-la-carrera-musical-de-paulina-goto-va-en-ascenso\/","og_locale":"es_MX","og_type":"article","og_title":"Te contamos c\u00f3mo la carrera musical de Paulina Goto va en ascenso","og_description":"Paulina Goto es sin duda, una de las cantantes mexicanas en ascenso, despu\u00e9s de demostrar que su carrera como actriz se ha consolidado. Y es que el pasado","og_url":"https:\/\/graziamagazine.com\/mx\/articles\/te-contamos-como-la-carrera-musical-de-paulina-goto-va-en-ascenso\/","og_site_name":"Grazia M\u00e9xico y Latinoam\u00e9rica","article_modified_time":"2025-04-15T16:35:44+00:00","og_image":[{"width":1280,"height":721,"url":"https:\/\/graziamagazine.com\/mx\/wp-content\/uploads\/sites\/13\/2025\/04\/Copy-of-lunario-136-scaled-e1744650056882.jpeg","type":"image\/jpeg"}],"twitter_card":"summary_large_image","twitter_misc":{"Est. reading time":"3 minutos"},"schema":{"@context":"https:\/\/schema.org","@graph":[{"@type":"WebPage","@id":"https:\/\/graziamagazine.com\/mx\/articles\/te-contamos-como-la-carrera-musical-de-paulina-goto-va-en-ascenso\/","url":"https:\/\/graziamagazine.com\/mx\/articles\/te-contamos-como-la-carrera-musical-de-paulina-goto-va-en-ascenso\/","name":"Te contamos c\u00f3mo la carrera musical de Paulina Goto va en ascenso | Grazia M\u00e9xico y Latinoam\u00e9rica","isPartOf":{"@id":"https:\/\/graziamagazine.com\/mx\/#website"},"datePublished":"2025-04-14T16:55:40+00:00","dateModified":"2025-04-15T16:35:44+00:00","description":"Paulina Goto es sin duda, una de las cantantes mexicanas en ascenso, despu\u00e9s de demostrar que su carrera como actriz se ha consolidado. Y es que el pasado","breadcrumb":{"@id":"https:\/\/graziamagazine.com\/mx\/articles\/te-contamos-como-la-carrera-musical-de-paulina-goto-va-en-ascenso\/#breadcrumb"},"inLanguage":"es-MX","potentialAction":[{"@type":"ReadAction","target":["https:\/\/graziamagazine.com\/mx\/articles\/te-contamos-como-la-carrera-musical-de-paulina-goto-va-en-ascenso\/"]}]},{"@type":"BreadcrumbList","@id":"https:\/\/graziamagazine.com\/mx\/articles\/te-contamos-como-la-carrera-musical-de-paulina-goto-va-en-ascenso\/#breadcrumb","itemListElement":[{"@type":"ListItem","position":1,"name":"Home","item":"https:\/\/graziamagazine.com\/mx\/"},{"@type":"ListItem","position":2,"name":"Te contamos c\u00f3mo la carrera musical de Paulina Goto va en ascenso"}]},{"@type":"WebSite","@id":"https:\/\/graziamagazine.com\/mx\/#website","url":"https:\/\/graziamagazine.com\/mx\/","name":"Grazia M\u00e9xico y Latinoam\u00e9rica","description":"Grazia es moda, belleza y noticias  de actualidad ","potentialAction":[{"@type":"SearchAction","target":{"@type":"EntryPoint","urlTemplate":"https:\/\/graziamagazine.com\/mx\/?s={search_term_string}"},"query-input":"required name=search_term_string"}],"inLanguage":"es-MX"}]}},"jetpack_sharing_enabled":true,"distributor_meta":false,"distributor_terms":false,"distributor_media":false,"distributor_original_site_name":"Grazia M\u00e9xico y Latinoam\u00e9rica","distributor_original_site_url":"https:\/\/graziamagazine.com\/mx","push-errors":false,"_links":{"self":[{"href":"https:\/\/graziamagazine.com\/mx\/wp-json\/wp\/v2\/articles\/149423"}],"collection":[{"href":"https:\/\/graziamagazine.com\/mx\/wp-json\/wp\/v2\/articles"}],"about":[{"href":"https:\/\/graziamagazine.com\/mx\/wp-json\/wp\/v2\/types\/articles"}],"author":[{"embeddable":true,"href":"https:\/\/graziamagazine.com\/mx\/wp-json\/wp\/v2\/users\/36289"}],"wp:featuredmedia":[{"embeddable":true,"href":"https:\/\/graziamagazine.com\/mx\/wp-json\/wp\/v2\/media\/149425"}],"wp:attachment":[{"href":"https:\/\/graziamagazine.com\/mx\/wp-json\/wp\/v2\/media?parent=149423"}],"wp:term":[{"taxonomy":"category","embeddable":true,"href":"https:\/\/graziamagazine.com\/mx\/wp-json\/wp\/v2\/categories?post=149423"}],"curies":[{"name":"wp","href":"https:\/\/api.w.org\/{rel}","templated":true}]}}