{"id":149301,"date":"2025-04-09T18:47:10","date_gmt":"2025-04-09T23:47:10","guid":{"rendered":"https:\/\/graziamagazine.com\/mx\/?post_type=articles&#038;p=149301"},"modified":"2025-04-09T18:59:42","modified_gmt":"2025-04-09T23:59:42","slug":"presentamos-nueva-coleccion-primavera-verano-2025-swarovski","status":"publish","type":"articles","link":"https:\/\/graziamagazine.com\/mx\/articles\/presentamos-nueva-coleccion-primavera-verano-2025-swarovski\/","title":{"rendered":"Te presentamos la nueva colecci\u00f3n Primavera\/Verano 2025 de Swarovski"},"content":{"rendered":"<p><strong>Swarovski<\/strong> lanz\u00f3 recientemente su nueva colecci\u00f3n Primavera\/Verano 2025 <strong>Joyful Technicolor <\/strong>que rinde homelaje al todo el espectro de color y a la historia de la marca austr\u00edaca que desde 1985 ha innovado en la joyer\u00eda de cristal.<\/p>\n<p>Joyful Technicolor destaca las figuras <strong>Millenia, Idyllia Flora y Gema<\/strong>, las cuales <strong>se reinventan para dar vida a la colecci\u00f3n.<\/strong><\/p>\n<figure id=\"attachment_149313\" aria-describedby=\"caption-attachment-149313\" style=\"width: 450px\" class=\"wp-caption alignnone\"><img loading=\"lazy\" decoding=\"async\" class=\"size-medium wp-image-149313\" src=\"https:\/\/graziamagazine.com\/mx\/wp-content\/uploads\/sites\/13\/2025\/04\/WhatsApp-Image-2025-04-09-at-5.57.16-PM-450x426.jpeg\" alt=\"\" width=\"450\" height=\"426\" srcset=\"https:\/\/graziamagazine.com\/mx\/wp-content\/uploads\/sites\/13\/2025\/04\/WhatsApp-Image-2025-04-09-at-5.57.16-PM-450x426.jpeg 450w, https:\/\/graziamagazine.com\/mx\/wp-content\/uploads\/sites\/13\/2025\/04\/WhatsApp-Image-2025-04-09-at-5.57.16-PM-1024x969.jpeg 1024w, https:\/\/graziamagazine.com\/mx\/wp-content\/uploads\/sites\/13\/2025\/04\/WhatsApp-Image-2025-04-09-at-5.57.16-PM-768x727.jpeg 768w, https:\/\/graziamagazine.com\/mx\/wp-content\/uploads\/sites\/13\/2025\/04\/WhatsApp-Image-2025-04-09-at-5.57.16-PM-400x379.jpeg 400w, https:\/\/graziamagazine.com\/mx\/wp-content\/uploads\/sites\/13\/2025\/04\/WhatsApp-Image-2025-04-09-at-5.57.16-PM-155x147.jpeg 155w, https:\/\/graziamagazine.com\/mx\/wp-content\/uploads\/sites\/13\/2025\/04\/WhatsApp-Image-2025-04-09-at-5.57.16-PM.jpeg 1290w\" sizes=\"(max-width: 450px) 100vw, 450px\" \/><figcaption id=\"caption-attachment-149313\" class=\"wp-caption-text\">Joyful Technicolor es la nueva colecci\u00f3n de Swarovski \/ Foto: Swarovski<\/figcaption><\/figure>\n<p>\u201cDesde una audaz nueva combinaci\u00f3n de colores para la ic\u00f3nica familia Millenia y la versatilidad de Chroma Twist, hasta el extraordinario savoir-faire destacado en las elaboradas creaciones de Idyllia Flora, la colecci\u00f3n Primavera\/Verano 2025 rinde homenaje al ilustre pasado de la Casa, proyectando al mismo tiempo un futuro resplandeciente\u201d, destaca el comunicado de prensa del lanzamiento.<\/p>\n<p>As\u00ed que esta colecci\u00f3n, que est\u00e1 liderada por la directora creativa de la marca, <strong>Giovanna Engelbert<\/strong>, es una verdadera inspiraci\u00f3n que evoca a los colores m\u00e1s puros vistos a trav\u00e9s de un cristal.<\/p>\n<p>La serie incluye colores desde el blanco puro o los tonos pastel, hasta las intensas tonalidades caramelo.<\/p>\n<p><strong>Las siluetas Rivi\u00e8re de Millenia<\/strong> est\u00e1n presentes en la serie en esta versi\u00f3n incluye cristales p\u00farpura <strong>engastados a mano<\/strong> sobre monturas doradas.<\/p>\n<p>\u201cCada pieza de Millenia <strong>est\u00e1 dise\u00f1ada para usarse una y otra vez<\/strong>, con cascadas de cristales que fluyen en un r\u00edo de resplandor\u201d, asegura la marca.<\/p>\n<div class=\"content-gallery\"><div class=\"gallery-placeholder\"><div class=\"spinner\"><\/div><\/div><span class=\"gallery-pagination\"><\/span><div id=\"gallery-1\" class=\"gallery galleryid-149301 gallery-columns- gallery-size-\"><figure class=\"gallery-item\"><div class=\"gallery-icon landscape\"><img loading=\"lazy\" decoding=\"async\" width=\"1290\" height=\"1262\" src=\"https:\/\/graziamagazine.com\/mx\/wp-content\/uploads\/sites\/13\/2025\/04\/WhatsApp-Image-2025-04-09-at-5.51.54-PM-1.jpeg\" class=\"lazy\" alt=\"\" srcset=\"https:\/\/graziamagazine.com\/mx\/wp-content\/uploads\/sites\/13\/2025\/04\/WhatsApp-Image-2025-04-09-at-5.51.54-PM-1.jpeg 1290w, https:\/\/graziamagazine.com\/mx\/wp-content\/uploads\/sites\/13\/2025\/04\/WhatsApp-Image-2025-04-09-at-5.51.54-PM-1-450x440.jpeg 450w, https:\/\/graziamagazine.com\/mx\/wp-content\/uploads\/sites\/13\/2025\/04\/WhatsApp-Image-2025-04-09-at-5.51.54-PM-1-1024x1002.jpeg 1024w, https:\/\/graziamagazine.com\/mx\/wp-content\/uploads\/sites\/13\/2025\/04\/WhatsApp-Image-2025-04-09-at-5.51.54-PM-1-768x751.jpeg 768w, https:\/\/graziamagazine.com\/mx\/wp-content\/uploads\/sites\/13\/2025\/04\/WhatsApp-Image-2025-04-09-at-5.51.54-PM-1-400x391.jpeg 400w, https:\/\/graziamagazine.com\/mx\/wp-content\/uploads\/sites\/13\/2025\/04\/WhatsApp-Image-2025-04-09-at-5.51.54-PM-1-155x152.jpeg 155w\" sizes=\"(max-width: 1290px) 100vw, 1290px\" \/><\/div><figcaption class=\"wp-caption-text gallery-caption\" id=\"gallery-1-149306\">Joyful Technicolor es la nueva colecci\u00f3n de Swarovski \/ Foto: Swarovski<\/figcaption><\/figure><figure class=\"gallery-item\"><div class=\"gallery-icon landscape\"><img loading=\"lazy\" decoding=\"async\" width=\"1290\" height=\"1265\" src=\"https:\/\/graziamagazine.com\/mx\/wp-content\/uploads\/sites\/13\/2025\/04\/WhatsApp-Image-2025-04-09-at-5.51.54-PM.jpeg\" class=\"lazy\" alt=\"\" srcset=\"https:\/\/graziamagazine.com\/mx\/wp-content\/uploads\/sites\/13\/2025\/04\/WhatsApp-Image-2025-04-09-at-5.51.54-PM.jpeg 1290w, https:\/\/graziamagazine.com\/mx\/wp-content\/uploads\/sites\/13\/2025\/04\/WhatsApp-Image-2025-04-09-at-5.51.54-PM-450x441.jpeg 450w, https:\/\/graziamagazine.com\/mx\/wp-content\/uploads\/sites\/13\/2025\/04\/WhatsApp-Image-2025-04-09-at-5.51.54-PM-1024x1004.jpeg 1024w, https:\/\/graziamagazine.com\/mx\/wp-content\/uploads\/sites\/13\/2025\/04\/WhatsApp-Image-2025-04-09-at-5.51.54-PM-768x753.jpeg 768w, https:\/\/graziamagazine.com\/mx\/wp-content\/uploads\/sites\/13\/2025\/04\/WhatsApp-Image-2025-04-09-at-5.51.54-PM-400x392.jpeg 400w, https:\/\/graziamagazine.com\/mx\/wp-content\/uploads\/sites\/13\/2025\/04\/WhatsApp-Image-2025-04-09-at-5.51.54-PM-155x152.jpeg 155w\" sizes=\"(max-width: 1290px) 100vw, 1290px\" \/><\/div><figcaption class=\"wp-caption-text gallery-caption\" id=\"gallery-1-149307\">Joyful Technicolor es la nueva colecci\u00f3n de Swarovski \/ Foto: Swarovski<\/figcaption><\/figure><\/div><\/div>\n<p>&nbsp;<\/p>\n<p>En cuanto a <strong>Idyllia Flora<\/strong>, las piedas vienen en veraniegos tonos dorados en forma de flores y mariposas con <strong>un collar<\/strong> <strong>maximalista como pieza clave<\/strong>.<\/p>\n<div class=\"content-gallery\"><div class=\"gallery-placeholder\"><div class=\"spinner\"><\/div><\/div><span class=\"gallery-pagination\"><\/span><div id=\"gallery-2\" class=\"gallery galleryid-149301 gallery-columns- gallery-size-\"><figure class=\"gallery-item\"><div class=\"gallery-icon landscape\"><img loading=\"lazy\" decoding=\"async\" width=\"1290\" height=\"1245\" src=\"https:\/\/graziamagazine.com\/mx\/wp-content\/uploads\/sites\/13\/2025\/04\/WhatsApp-Image-2025-04-09-at-5.52.09-PM-2.jpeg\" class=\"lazy\" alt=\"\" srcset=\"https:\/\/graziamagazine.com\/mx\/wp-content\/uploads\/sites\/13\/2025\/04\/WhatsApp-Image-2025-04-09-at-5.52.09-PM-2.jpeg 1290w, https:\/\/graziamagazine.com\/mx\/wp-content\/uploads\/sites\/13\/2025\/04\/WhatsApp-Image-2025-04-09-at-5.52.09-PM-2-450x434.jpeg 450w, https:\/\/graziamagazine.com\/mx\/wp-content\/uploads\/sites\/13\/2025\/04\/WhatsApp-Image-2025-04-09-at-5.52.09-PM-2-1024x988.jpeg 1024w, https:\/\/graziamagazine.com\/mx\/wp-content\/uploads\/sites\/13\/2025\/04\/WhatsApp-Image-2025-04-09-at-5.52.09-PM-2-768x741.jpeg 768w, https:\/\/graziamagazine.com\/mx\/wp-content\/uploads\/sites\/13\/2025\/04\/WhatsApp-Image-2025-04-09-at-5.52.09-PM-2-400x386.jpeg 400w, https:\/\/graziamagazine.com\/mx\/wp-content\/uploads\/sites\/13\/2025\/04\/WhatsApp-Image-2025-04-09-at-5.52.09-PM-2-155x150.jpeg 155w\" sizes=\"(max-width: 1290px) 100vw, 1290px\" \/><\/div><figcaption class=\"wp-caption-text gallery-caption\" id=\"gallery-2-149302\">Joyful Technicolor es la nueva colecci\u00f3n de Swarovski \/ Foto: Swarovski<\/figcaption><\/figure><figure class=\"gallery-item\"><div class=\"gallery-icon landscape\"><img loading=\"lazy\" decoding=\"async\" width=\"1290\" height=\"1251\" src=\"https:\/\/graziamagazine.com\/mx\/wp-content\/uploads\/sites\/13\/2025\/04\/WhatsApp-Image-2025-04-09-at-5.52.09-PM.jpeg\" class=\"lazy\" alt=\"\" srcset=\"https:\/\/graziamagazine.com\/mx\/wp-content\/uploads\/sites\/13\/2025\/04\/WhatsApp-Image-2025-04-09-at-5.52.09-PM.jpeg 1290w, https:\/\/graziamagazine.com\/mx\/wp-content\/uploads\/sites\/13\/2025\/04\/WhatsApp-Image-2025-04-09-at-5.52.09-PM-450x436.jpeg 450w, https:\/\/graziamagazine.com\/mx\/wp-content\/uploads\/sites\/13\/2025\/04\/WhatsApp-Image-2025-04-09-at-5.52.09-PM-1024x993.jpeg 1024w, https:\/\/graziamagazine.com\/mx\/wp-content\/uploads\/sites\/13\/2025\/04\/WhatsApp-Image-2025-04-09-at-5.52.09-PM-768x745.jpeg 768w, https:\/\/graziamagazine.com\/mx\/wp-content\/uploads\/sites\/13\/2025\/04\/WhatsApp-Image-2025-04-09-at-5.52.09-PM-400x388.jpeg 400w, https:\/\/graziamagazine.com\/mx\/wp-content\/uploads\/sites\/13\/2025\/04\/WhatsApp-Image-2025-04-09-at-5.52.09-PM-155x150.jpeg 155w\" sizes=\"(max-width: 1290px) 100vw, 1290px\" \/><\/div><figcaption class=\"wp-caption-text gallery-caption\" id=\"gallery-2-149304\">Joyful Technicolor es la nueva colecci\u00f3n de Swarovski \/ Foto: Swarovski<\/figcaption><\/figure><figure class=\"gallery-item\"><div class=\"gallery-icon landscape\"><img loading=\"lazy\" decoding=\"async\" width=\"1290\" height=\"1253\" src=\"https:\/\/graziamagazine.com\/mx\/wp-content\/uploads\/sites\/13\/2025\/04\/WhatsApp-Image-2025-04-09-at-5.52.09-PM-1.jpeg\" class=\"lazy\" alt=\"\" srcset=\"https:\/\/graziamagazine.com\/mx\/wp-content\/uploads\/sites\/13\/2025\/04\/WhatsApp-Image-2025-04-09-at-5.52.09-PM-1.jpeg 1290w, https:\/\/graziamagazine.com\/mx\/wp-content\/uploads\/sites\/13\/2025\/04\/WhatsApp-Image-2025-04-09-at-5.52.09-PM-1-450x437.jpeg 450w, https:\/\/graziamagazine.com\/mx\/wp-content\/uploads\/sites\/13\/2025\/04\/WhatsApp-Image-2025-04-09-at-5.52.09-PM-1-1024x995.jpeg 1024w, https:\/\/graziamagazine.com\/mx\/wp-content\/uploads\/sites\/13\/2025\/04\/WhatsApp-Image-2025-04-09-at-5.52.09-PM-1-768x746.jpeg 768w, https:\/\/graziamagazine.com\/mx\/wp-content\/uploads\/sites\/13\/2025\/04\/WhatsApp-Image-2025-04-09-at-5.52.09-PM-1-400x389.jpeg 400w, https:\/\/graziamagazine.com\/mx\/wp-content\/uploads\/sites\/13\/2025\/04\/WhatsApp-Image-2025-04-09-at-5.52.09-PM-1-155x151.jpeg 155w\" sizes=\"(max-width: 1290px) 100vw, 1290px\" \/><\/div><figcaption class=\"wp-caption-text gallery-caption\" id=\"gallery-2-149303\">Joyful Technicolor es la nueva colecci\u00f3n de Swarovski \/ Foto: Swarovski<\/figcaption><\/figure><\/div><\/div>\n<p>Por su parte, <strong>Gema<\/strong> rinde tributo al artista vien\u00e9s <strong>Gustav Klimt<\/strong> con colores caleidosc\u00f3picos, cortes mixtos y engastes irregulares que celebran la innovaci\u00f3n.<\/p>\n<div class=\"content-gallery\"><div class=\"gallery-placeholder\"><div class=\"spinner\"><\/div><\/div><span class=\"gallery-pagination\"><\/span><div id=\"gallery-3\" class=\"gallery galleryid-149301 gallery-columns- gallery-size-\"><figure class=\"gallery-item\"><div class=\"gallery-icon landscape\"><img loading=\"lazy\" decoding=\"async\" width=\"1290\" height=\"1248\" src=\"https:\/\/graziamagazine.com\/mx\/wp-content\/uploads\/sites\/13\/2025\/04\/WhatsApp-Image-2025-04-09-at-5.49.36-PM.jpeg\" class=\"lazy\" alt=\"\" srcset=\"https:\/\/graziamagazine.com\/mx\/wp-content\/uploads\/sites\/13\/2025\/04\/WhatsApp-Image-2025-04-09-at-5.49.36-PM.jpeg 1290w, https:\/\/graziamagazine.com\/mx\/wp-content\/uploads\/sites\/13\/2025\/04\/WhatsApp-Image-2025-04-09-at-5.49.36-PM-450x435.jpeg 450w, https:\/\/graziamagazine.com\/mx\/wp-content\/uploads\/sites\/13\/2025\/04\/WhatsApp-Image-2025-04-09-at-5.49.36-PM-1024x991.jpeg 1024w, https:\/\/graziamagazine.com\/mx\/wp-content\/uploads\/sites\/13\/2025\/04\/WhatsApp-Image-2025-04-09-at-5.49.36-PM-768x743.jpeg 768w, https:\/\/graziamagazine.com\/mx\/wp-content\/uploads\/sites\/13\/2025\/04\/WhatsApp-Image-2025-04-09-at-5.49.36-PM-400x387.jpeg 400w, https:\/\/graziamagazine.com\/mx\/wp-content\/uploads\/sites\/13\/2025\/04\/WhatsApp-Image-2025-04-09-at-5.49.36-PM-155x150.jpeg 155w\" sizes=\"(max-width: 1290px) 100vw, 1290px\" \/><\/div><figcaption class=\"wp-caption-text gallery-caption\" id=\"gallery-3-149308\">Joyful Technicolor es la nueva colecci\u00f3n de Swarovski \/ Foto: Swarovski<\/figcaption><\/figure><figure class=\"gallery-item\"><div class=\"gallery-icon landscape\"><img loading=\"lazy\" decoding=\"async\" width=\"1290\" height=\"1275\" src=\"https:\/\/graziamagazine.com\/mx\/wp-content\/uploads\/sites\/13\/2025\/04\/WhatsApp-Image-2025-04-09-at-5.49.34-PM-1.jpeg\" class=\"lazy\" alt=\"\" srcset=\"https:\/\/graziamagazine.com\/mx\/wp-content\/uploads\/sites\/13\/2025\/04\/WhatsApp-Image-2025-04-09-at-5.49.34-PM-1.jpeg 1290w, https:\/\/graziamagazine.com\/mx\/wp-content\/uploads\/sites\/13\/2025\/04\/WhatsApp-Image-2025-04-09-at-5.49.34-PM-1-450x445.jpeg 450w, https:\/\/graziamagazine.com\/mx\/wp-content\/uploads\/sites\/13\/2025\/04\/WhatsApp-Image-2025-04-09-at-5.49.34-PM-1-1024x1012.jpeg 1024w, https:\/\/graziamagazine.com\/mx\/wp-content\/uploads\/sites\/13\/2025\/04\/WhatsApp-Image-2025-04-09-at-5.49.34-PM-1-768x759.jpeg 768w, https:\/\/graziamagazine.com\/mx\/wp-content\/uploads\/sites\/13\/2025\/04\/WhatsApp-Image-2025-04-09-at-5.49.34-PM-1-400x395.jpeg 400w, https:\/\/graziamagazine.com\/mx\/wp-content\/uploads\/sites\/13\/2025\/04\/WhatsApp-Image-2025-04-09-at-5.49.34-PM-1-155x153.jpeg 155w\" sizes=\"(max-width: 1290px) 100vw, 1290px\" \/><\/div><figcaption class=\"wp-caption-text gallery-caption\" id=\"gallery-3-149310\">Joyful Technicolor es la nueva colecci\u00f3n de Swarovski \/ Foto: Swarovski<\/figcaption><\/figure><figure class=\"gallery-item\"><div class=\"gallery-icon landscape\"><img loading=\"lazy\" decoding=\"async\" width=\"1290\" height=\"1247\" src=\"https:\/\/graziamagazine.com\/mx\/wp-content\/uploads\/sites\/13\/2025\/04\/WhatsApp-Image-2025-04-09-at-5.49.34-PM.jpeg\" class=\"lazy\" alt=\"\" srcset=\"https:\/\/graziamagazine.com\/mx\/wp-content\/uploads\/sites\/13\/2025\/04\/WhatsApp-Image-2025-04-09-at-5.49.34-PM.jpeg 1290w, https:\/\/graziamagazine.com\/mx\/wp-content\/uploads\/sites\/13\/2025\/04\/WhatsApp-Image-2025-04-09-at-5.49.34-PM-450x435.jpeg 450w, https:\/\/graziamagazine.com\/mx\/wp-content\/uploads\/sites\/13\/2025\/04\/WhatsApp-Image-2025-04-09-at-5.49.34-PM-1024x990.jpeg 1024w, https:\/\/graziamagazine.com\/mx\/wp-content\/uploads\/sites\/13\/2025\/04\/WhatsApp-Image-2025-04-09-at-5.49.34-PM-768x742.jpeg 768w, https:\/\/graziamagazine.com\/mx\/wp-content\/uploads\/sites\/13\/2025\/04\/WhatsApp-Image-2025-04-09-at-5.49.34-PM-400x387.jpeg 400w, https:\/\/graziamagazine.com\/mx\/wp-content\/uploads\/sites\/13\/2025\/04\/WhatsApp-Image-2025-04-09-at-5.49.34-PM-155x150.jpeg 155w\" sizes=\"(max-width: 1290px) 100vw, 1290px\" \/><\/div><figcaption class=\"wp-caption-text gallery-caption\" id=\"gallery-3-149311\">Joyful Technicolor es la nueva colecci\u00f3n de Swarovski \/ Foto: Swarovski<\/figcaption><\/figure><\/div><\/div>\n<p>As\u00ed que no te pierdas la oportunidad de probar la nueva colecci\u00f3n de Swarovski y disfrutar de la temporada c\u00e1lida a todo color.<\/p>\n","protected":false},"author":36289,"featured_media":149312,"template":"","format":"standard","categories":[],"acf":[],"yoast_head":"<!-- This site is optimized with the Yoast SEO Premium plugin v18.5 (Yoast SEO v20.4) - https:\/\/yoast.com\/wordpress\/plugins\/seo\/ -->\n<title>Te presentamos la nueva colecci\u00f3n Primavera\/Verano 2025 de Swarovski | Grazia M\u00e9xico y Latinoam\u00e9rica<\/title>\n<meta name=\"description\" content=\"Swarovski lanz\u00f3 recientemente su nueva colecci\u00f3n Primavera\/Verano 2025 Joyful Technicolor que rinde homelaje al todo el espectro de color y a la historia\" \/>\n<meta name=\"robots\" content=\"index, follow, max-snippet:-1, max-image-preview:large, max-video-preview:-1\" \/>\n<link rel=\"canonical\" href=\"https:\/\/graziamagazine.com\/mx\/articles\/presentamos-nueva-coleccion-primavera-verano-2025-swarovski\/\" \/>\n<meta property=\"og:locale\" content=\"es_MX\" \/>\n<meta property=\"og:type\" content=\"article\" \/>\n<meta property=\"og:title\" content=\"Te presentamos la nueva colecci\u00f3n Primavera\/Verano 2025 de Swarovski\" \/>\n<meta property=\"og:description\" content=\"Swarovski lanz\u00f3 recientemente su nueva colecci\u00f3n Primavera\/Verano 2025 Joyful Technicolor que rinde homelaje al todo el espectro de color y a la historia\" \/>\n<meta property=\"og:url\" content=\"https:\/\/graziamagazine.com\/mx\/articles\/presentamos-nueva-coleccion-primavera-verano-2025-swarovski\/\" \/>\n<meta property=\"og:site_name\" content=\"Grazia M\u00e9xico y Latinoam\u00e9rica\" \/>\n<meta property=\"article:modified_time\" content=\"2025-04-09T23:59:42+00:00\" \/>\n<meta property=\"og:image\" content=\"https:\/\/graziamagazine.com\/mx\/wp-content\/uploads\/sites\/13\/2025\/04\/WhatsApp-Image-2025-04-09-at-5.57.16-PM-1-e1744243096221.jpeg\" \/>\n\t<meta property=\"og:image:width\" content=\"1279\" \/>\n\t<meta property=\"og:image:height\" content=\"720\" \/>\n\t<meta property=\"og:image:type\" content=\"image\/jpeg\" \/>\n<meta name=\"twitter:card\" content=\"summary_large_image\" \/>\n<meta name=\"twitter:label1\" content=\"Est. reading time\" \/>\n\t<meta name=\"twitter:data1\" content=\"2 minutos\" \/>\n<script type=\"application\/ld+json\" class=\"yoast-schema-graph\">{\"@context\":\"https:\/\/schema.org\",\"@graph\":[{\"@type\":\"WebPage\",\"@id\":\"https:\/\/graziamagazine.com\/mx\/articles\/presentamos-nueva-coleccion-primavera-verano-2025-swarovski\/\",\"url\":\"https:\/\/graziamagazine.com\/mx\/articles\/presentamos-nueva-coleccion-primavera-verano-2025-swarovski\/\",\"name\":\"Te presentamos la nueva colecci\u00f3n Primavera\/Verano 2025 de Swarovski | Grazia M\u00e9xico y Latinoam\u00e9rica\",\"isPartOf\":{\"@id\":\"https:\/\/graziamagazine.com\/mx\/#website\"},\"datePublished\":\"2025-04-09T23:47:10+00:00\",\"dateModified\":\"2025-04-09T23:59:42+00:00\",\"description\":\"Swarovski lanz\u00f3 recientemente su nueva colecci\u00f3n Primavera\/Verano 2025 Joyful Technicolor que rinde homelaje al todo el espectro de color y a la historia\",\"breadcrumb\":{\"@id\":\"https:\/\/graziamagazine.com\/mx\/articles\/presentamos-nueva-coleccion-primavera-verano-2025-swarovski\/#breadcrumb\"},\"inLanguage\":\"es-MX\",\"potentialAction\":[{\"@type\":\"ReadAction\",\"target\":[\"https:\/\/graziamagazine.com\/mx\/articles\/presentamos-nueva-coleccion-primavera-verano-2025-swarovski\/\"]}]},{\"@type\":\"BreadcrumbList\",\"@id\":\"https:\/\/graziamagazine.com\/mx\/articles\/presentamos-nueva-coleccion-primavera-verano-2025-swarovski\/#breadcrumb\",\"itemListElement\":[{\"@type\":\"ListItem\",\"position\":1,\"name\":\"Home\",\"item\":\"https:\/\/graziamagazine.com\/mx\/\"},{\"@type\":\"ListItem\",\"position\":2,\"name\":\"Te presentamos la nueva colecci\u00f3n Primavera\/Verano 2025 de Swarovski\"}]},{\"@type\":\"WebSite\",\"@id\":\"https:\/\/graziamagazine.com\/mx\/#website\",\"url\":\"https:\/\/graziamagazine.com\/mx\/\",\"name\":\"Grazia M\u00e9xico y Latinoam\u00e9rica\",\"description\":\"Grazia es moda, belleza y noticias  de actualidad \",\"potentialAction\":[{\"@type\":\"SearchAction\",\"target\":{\"@type\":\"EntryPoint\",\"urlTemplate\":\"https:\/\/graziamagazine.com\/mx\/?s={search_term_string}\"},\"query-input\":\"required name=search_term_string\"}],\"inLanguage\":\"es-MX\"}]}<\/script>\n<!-- \/ Yoast SEO Premium plugin. -->","yoast_head_json":{"title":"Te presentamos la nueva colecci\u00f3n Primavera\/Verano 2025 de Swarovski | Grazia M\u00e9xico y Latinoam\u00e9rica","description":"Swarovski lanz\u00f3 recientemente su nueva colecci\u00f3n Primavera\/Verano 2025 Joyful Technicolor que rinde homelaje al todo el espectro de color y a la historia","robots":{"index":"index","follow":"follow","max-snippet":"max-snippet:-1","max-image-preview":"max-image-preview:large","max-video-preview":"max-video-preview:-1"},"canonical":"https:\/\/graziamagazine.com\/mx\/articles\/presentamos-nueva-coleccion-primavera-verano-2025-swarovski\/","og_locale":"es_MX","og_type":"article","og_title":"Te presentamos la nueva colecci\u00f3n Primavera\/Verano 2025 de Swarovski","og_description":"Swarovski lanz\u00f3 recientemente su nueva colecci\u00f3n Primavera\/Verano 2025 Joyful Technicolor que rinde homelaje al todo el espectro de color y a la historia","og_url":"https:\/\/graziamagazine.com\/mx\/articles\/presentamos-nueva-coleccion-primavera-verano-2025-swarovski\/","og_site_name":"Grazia M\u00e9xico y Latinoam\u00e9rica","article_modified_time":"2025-04-09T23:59:42+00:00","og_image":[{"width":1279,"height":720,"url":"https:\/\/graziamagazine.com\/mx\/wp-content\/uploads\/sites\/13\/2025\/04\/WhatsApp-Image-2025-04-09-at-5.57.16-PM-1-e1744243096221.jpeg","type":"image\/jpeg"}],"twitter_card":"summary_large_image","twitter_misc":{"Est. reading time":"2 minutos"},"schema":{"@context":"https:\/\/schema.org","@graph":[{"@type":"WebPage","@id":"https:\/\/graziamagazine.com\/mx\/articles\/presentamos-nueva-coleccion-primavera-verano-2025-swarovski\/","url":"https:\/\/graziamagazine.com\/mx\/articles\/presentamos-nueva-coleccion-primavera-verano-2025-swarovski\/","name":"Te presentamos la nueva colecci\u00f3n Primavera\/Verano 2025 de Swarovski | Grazia M\u00e9xico y Latinoam\u00e9rica","isPartOf":{"@id":"https:\/\/graziamagazine.com\/mx\/#website"},"datePublished":"2025-04-09T23:47:10+00:00","dateModified":"2025-04-09T23:59:42+00:00","description":"Swarovski lanz\u00f3 recientemente su nueva colecci\u00f3n Primavera\/Verano 2025 Joyful Technicolor que rinde homelaje al todo el espectro de color y a la historia","breadcrumb":{"@id":"https:\/\/graziamagazine.com\/mx\/articles\/presentamos-nueva-coleccion-primavera-verano-2025-swarovski\/#breadcrumb"},"inLanguage":"es-MX","potentialAction":[{"@type":"ReadAction","target":["https:\/\/graziamagazine.com\/mx\/articles\/presentamos-nueva-coleccion-primavera-verano-2025-swarovski\/"]}]},{"@type":"BreadcrumbList","@id":"https:\/\/graziamagazine.com\/mx\/articles\/presentamos-nueva-coleccion-primavera-verano-2025-swarovski\/#breadcrumb","itemListElement":[{"@type":"ListItem","position":1,"name":"Home","item":"https:\/\/graziamagazine.com\/mx\/"},{"@type":"ListItem","position":2,"name":"Te presentamos la nueva colecci\u00f3n Primavera\/Verano 2025 de Swarovski"}]},{"@type":"WebSite","@id":"https:\/\/graziamagazine.com\/mx\/#website","url":"https:\/\/graziamagazine.com\/mx\/","name":"Grazia M\u00e9xico y Latinoam\u00e9rica","description":"Grazia es moda, belleza y noticias  de actualidad ","potentialAction":[{"@type":"SearchAction","target":{"@type":"EntryPoint","urlTemplate":"https:\/\/graziamagazine.com\/mx\/?s={search_term_string}"},"query-input":"required name=search_term_string"}],"inLanguage":"es-MX"}]}},"jetpack_sharing_enabled":true,"distributor_meta":false,"distributor_terms":false,"distributor_media":false,"distributor_original_site_name":"Grazia M\u00e9xico y Latinoam\u00e9rica","distributor_original_site_url":"https:\/\/graziamagazine.com\/mx","push-errors":false,"_links":{"self":[{"href":"https:\/\/graziamagazine.com\/mx\/wp-json\/wp\/v2\/articles\/149301"}],"collection":[{"href":"https:\/\/graziamagazine.com\/mx\/wp-json\/wp\/v2\/articles"}],"about":[{"href":"https:\/\/graziamagazine.com\/mx\/wp-json\/wp\/v2\/types\/articles"}],"author":[{"embeddable":true,"href":"https:\/\/graziamagazine.com\/mx\/wp-json\/wp\/v2\/users\/36289"}],"wp:featuredmedia":[{"embeddable":true,"href":"https:\/\/graziamagazine.com\/mx\/wp-json\/wp\/v2\/media\/149312"}],"wp:attachment":[{"href":"https:\/\/graziamagazine.com\/mx\/wp-json\/wp\/v2\/media?parent=149301"}],"wp:term":[{"taxonomy":"category","embeddable":true,"href":"https:\/\/graziamagazine.com\/mx\/wp-json\/wp\/v2\/categories?post=149301"}],"curies":[{"name":"wp","href":"https:\/\/api.w.org\/{rel}","templated":true}]}}