{"id":149212,"date":"2025-04-07T12:59:48","date_gmt":"2025-04-07T17:59:48","guid":{"rendered":"https:\/\/graziamagazine.com\/mx\/?post_type=articles&#038;p=149212"},"modified":"2025-04-07T13:01:12","modified_gmt":"2025-04-07T18:01:12","slug":"asi-se-vivio-el-festival-de-flores-en-polanco-2025","status":"publish","type":"articles","link":"https:\/\/graziamagazine.com\/mx\/articles\/asi-se-vivio-el-festival-de-flores-en-polanco-2025\/","title":{"rendered":"As\u00ed se vivi\u00f3 el Festival de Flores en Polanco 2025"},"content":{"rendered":"<p><span style=\"font-weight: 400\">Del 3 al 6 de abril, las calles de Polanco se transformaron en un espect\u00e1culo de color y creatividad durante la sexta edici\u00f3n del Festival de Flores y Jardines (FYJA) 2025. Bajo el tema &#8220;Jardines del Futuro&#8221;, este evento anual embelleci\u00f3 la ciudad e invit\u00f3 a la reflexi\u00f3n sobre la sostenibilidad y el v\u00ednculo entre la naturaleza y la comunidad.\u200b<\/span><\/p>\n<p><span style=\"font-weight: 400\">M\u00e1s de 90 establecimientos, incluyendo tiendas, restaurantes, bancos y hoteles, adornaron sus fachadas y aparadores con impresionantes arreglos florales, ofreciendo a los visitantes una experiencia visual inolvidable en las principales calles de Polanco. \u200b<\/span><\/p>\n<p><img loading=\"lazy\" decoding=\"async\" class=\"alignnone size-medium wp-image-149215\" src=\"https:\/\/graziamagazine.com\/mx\/wp-content\/uploads\/sites\/13\/2025\/04\/3-450x269.jpg\" alt=\"\" width=\"450\" height=\"269\" srcset=\"https:\/\/graziamagazine.com\/mx\/wp-content\/uploads\/sites\/13\/2025\/04\/3-450x269.jpg 450w, https:\/\/graziamagazine.com\/mx\/wp-content\/uploads\/sites\/13\/2025\/04\/3-400x239.jpg 400w, https:\/\/graziamagazine.com\/mx\/wp-content\/uploads\/sites\/13\/2025\/04\/3-155x93.jpg 155w, https:\/\/graziamagazine.com\/mx\/wp-content\/uploads\/sites\/13\/2025\/04\/3.jpg 755w\" sizes=\"(max-width: 450px) 100vw, 450px\" \/><\/p>\n<p><span style=\"font-weight: 400\">El Parque Am\u00e9rica se convirti\u00f3 en el hogar de nueve arcos florales dise\u00f1ados por floristas seleccionados a trav\u00e9s de una convocatoria abierta.\u00a0<\/span><\/p>\n<p><span style=\"font-weight: 400\">Una de las atracciones m\u00e1s esperadas fue la intervenci\u00f3n del reconocido artista pl\u00e1stico Carlos Amorales en el Parque Lincoln. Su pabell\u00f3n ofreci\u00f3 una interpretaci\u00f3n \u00fanica de los &#8220;Jardines del Futuro&#8221;, fusionando arte contempor\u00e1neo y naturaleza, y brindando a los asistentes una perspectiva diferente sobre el paisaje urbano. \u200b<\/span><\/p>\n<p><img loading=\"lazy\" decoding=\"async\" class=\"alignnone size-medium wp-image-149213\" src=\"https:\/\/graziamagazine.com\/mx\/wp-content\/uploads\/sites\/13\/2025\/04\/2-4-450x311.jpg\" alt=\"\" width=\"450\" height=\"311\" srcset=\"https:\/\/graziamagazine.com\/mx\/wp-content\/uploads\/sites\/13\/2025\/04\/2-4-450x311.jpg 450w, https:\/\/graziamagazine.com\/mx\/wp-content\/uploads\/sites\/13\/2025\/04\/2-4-400x276.jpg 400w, https:\/\/graziamagazine.com\/mx\/wp-content\/uploads\/sites\/13\/2025\/04\/2-4-155x107.jpg 155w, https:\/\/graziamagazine.com\/mx\/wp-content\/uploads\/sites\/13\/2025\/04\/2-4.jpg 627w\" sizes=\"(max-width: 450px) 100vw, 450px\" \/><\/p>\n<p><span style=\"font-weight: 400\">Adem\u00e1s, por primera vez, el festival cont\u00f3 con la participaci\u00f3n de un pa\u00eds invitado: Costa Rica. Esta colaboraci\u00f3n permiti\u00f3 conocer m\u00e1s sobre la biodiversidad y las pr\u00e1cticas sostenibles de esta naci\u00f3n centroamericana, enriqueciendo a\u00fan m\u00e1s la experiencia del FYJA 2025. \u200b<\/span><\/p>\n<p><span style=\"font-weight: 400\">El Festival de Flores represent\u00f3 una oportunidad perfecta para inspirarse, aprender y disfrutar de la belleza de las flores en un entorno urbano. <\/span><\/p>\n","protected":false},"author":11628,"featured_media":149214,"template":"","format":"standard","categories":[9864],"acf":[],"yoast_head":"<!-- This site is optimized with the Yoast SEO Premium plugin v18.5 (Yoast SEO v20.4) - https:\/\/yoast.com\/wordpress\/plugins\/seo\/ -->\n<title>As\u00ed se vivi\u00f3 el Festival de Flores en Polanco 2025<\/title>\n<meta name=\"description\" content=\"Del 3 al 6 de abril, las calles de Polanco se transformaron en un espect\u00e1culo de color y creatividad durante la sexta edici\u00f3n del Festival de Flores y\" \/>\n<meta name=\"robots\" content=\"index, follow, max-snippet:-1, max-image-preview:large, max-video-preview:-1\" \/>\n<link rel=\"canonical\" href=\"https:\/\/graziamagazine.com\/mx\/articles\/asi-se-vivio-el-festival-de-flores-en-polanco-2025\/\" \/>\n<meta property=\"og:locale\" content=\"es_MX\" \/>\n<meta property=\"og:type\" content=\"article\" \/>\n<meta property=\"og:title\" content=\"As\u00ed se vivi\u00f3 el Festival de Flores en Polanco 2025\" \/>\n<meta property=\"og:description\" content=\"Del 3 al 6 de abril, las calles de Polanco se transformaron en un espect\u00e1culo de color y creatividad durante la sexta edici\u00f3n del Festival de Flores y\" \/>\n<meta property=\"og:url\" content=\"https:\/\/graziamagazine.com\/mx\/articles\/asi-se-vivio-el-festival-de-flores-en-polanco-2025\/\" \/>\n<meta property=\"og:site_name\" content=\"Grazia M\u00e9xico y Latinoam\u00e9rica\" \/>\n<meta property=\"article:modified_time\" content=\"2025-04-07T18:01:12+00:00\" \/>\n<meta property=\"og:image\" content=\"https:\/\/graziamagazine.com\/mx\/wp-content\/uploads\/sites\/13\/2025\/04\/1-3.jpg\" \/>\n\t<meta property=\"og:image:width\" content=\"649\" \/>\n\t<meta property=\"og:image:height\" content=\"379\" \/>\n\t<meta property=\"og:image:type\" content=\"image\/jpeg\" \/>\n<meta name=\"twitter:card\" content=\"summary_large_image\" \/>\n<meta name=\"twitter:label1\" content=\"Est. reading time\" \/>\n\t<meta name=\"twitter:data1\" content=\"2 minutos\" \/>\n<script type=\"application\/ld+json\" class=\"yoast-schema-graph\">{\"@context\":\"https:\/\/schema.org\",\"@graph\":[{\"@type\":\"WebPage\",\"@id\":\"https:\/\/graziamagazine.com\/mx\/articles\/asi-se-vivio-el-festival-de-flores-en-polanco-2025\/\",\"url\":\"https:\/\/graziamagazine.com\/mx\/articles\/asi-se-vivio-el-festival-de-flores-en-polanco-2025\/\",\"name\":\"As\u00ed se vivi\u00f3 el Festival de Flores en Polanco 2025\",\"isPartOf\":{\"@id\":\"https:\/\/graziamagazine.com\/mx\/#website\"},\"datePublished\":\"2025-04-07T17:59:48+00:00\",\"dateModified\":\"2025-04-07T18:01:12+00:00\",\"description\":\"Del 3 al 6 de abril, las calles de Polanco se transformaron en un espect\u00e1culo de color y creatividad durante la sexta edici\u00f3n del Festival de Flores y\",\"breadcrumb\":{\"@id\":\"https:\/\/graziamagazine.com\/mx\/articles\/asi-se-vivio-el-festival-de-flores-en-polanco-2025\/#breadcrumb\"},\"inLanguage\":\"es-MX\",\"potentialAction\":[{\"@type\":\"ReadAction\",\"target\":[\"https:\/\/graziamagazine.com\/mx\/articles\/asi-se-vivio-el-festival-de-flores-en-polanco-2025\/\"]}]},{\"@type\":\"BreadcrumbList\",\"@id\":\"https:\/\/graziamagazine.com\/mx\/articles\/asi-se-vivio-el-festival-de-flores-en-polanco-2025\/#breadcrumb\",\"itemListElement\":[{\"@type\":\"ListItem\",\"position\":1,\"name\":\"Home\",\"item\":\"https:\/\/graziamagazine.com\/mx\/\"},{\"@type\":\"ListItem\",\"position\":2,\"name\":\"As\u00ed se vivi\u00f3 el Festival de Flores en Polanco 2025\"}]},{\"@type\":\"WebSite\",\"@id\":\"https:\/\/graziamagazine.com\/mx\/#website\",\"url\":\"https:\/\/graziamagazine.com\/mx\/\",\"name\":\"Grazia M\u00e9xico y Latinoam\u00e9rica\",\"description\":\"Grazia es moda, belleza y noticias  de actualidad \",\"potentialAction\":[{\"@type\":\"SearchAction\",\"target\":{\"@type\":\"EntryPoint\",\"urlTemplate\":\"https:\/\/graziamagazine.com\/mx\/?s={search_term_string}\"},\"query-input\":\"required name=search_term_string\"}],\"inLanguage\":\"es-MX\"}]}<\/script>\n<!-- \/ Yoast SEO Premium plugin. -->","yoast_head_json":{"title":"As\u00ed se vivi\u00f3 el Festival de Flores en Polanco 2025","description":"Del 3 al 6 de abril, las calles de Polanco se transformaron en un espect\u00e1culo de color y creatividad durante la sexta edici\u00f3n del Festival de Flores y","robots":{"index":"index","follow":"follow","max-snippet":"max-snippet:-1","max-image-preview":"max-image-preview:large","max-video-preview":"max-video-preview:-1"},"canonical":"https:\/\/graziamagazine.com\/mx\/articles\/asi-se-vivio-el-festival-de-flores-en-polanco-2025\/","og_locale":"es_MX","og_type":"article","og_title":"As\u00ed se vivi\u00f3 el Festival de Flores en Polanco 2025","og_description":"Del 3 al 6 de abril, las calles de Polanco se transformaron en un espect\u00e1culo de color y creatividad durante la sexta edici\u00f3n del Festival de Flores y","og_url":"https:\/\/graziamagazine.com\/mx\/articles\/asi-se-vivio-el-festival-de-flores-en-polanco-2025\/","og_site_name":"Grazia M\u00e9xico y Latinoam\u00e9rica","article_modified_time":"2025-04-07T18:01:12+00:00","og_image":[{"width":649,"height":379,"url":"https:\/\/graziamagazine.com\/mx\/wp-content\/uploads\/sites\/13\/2025\/04\/1-3.jpg","type":"image\/jpeg"}],"twitter_card":"summary_large_image","twitter_misc":{"Est. reading time":"2 minutos"},"schema":{"@context":"https:\/\/schema.org","@graph":[{"@type":"WebPage","@id":"https:\/\/graziamagazine.com\/mx\/articles\/asi-se-vivio-el-festival-de-flores-en-polanco-2025\/","url":"https:\/\/graziamagazine.com\/mx\/articles\/asi-se-vivio-el-festival-de-flores-en-polanco-2025\/","name":"As\u00ed se vivi\u00f3 el Festival de Flores en Polanco 2025","isPartOf":{"@id":"https:\/\/graziamagazine.com\/mx\/#website"},"datePublished":"2025-04-07T17:59:48+00:00","dateModified":"2025-04-07T18:01:12+00:00","description":"Del 3 al 6 de abril, las calles de Polanco se transformaron en un espect\u00e1culo de color y creatividad durante la sexta edici\u00f3n del Festival de Flores y","breadcrumb":{"@id":"https:\/\/graziamagazine.com\/mx\/articles\/asi-se-vivio-el-festival-de-flores-en-polanco-2025\/#breadcrumb"},"inLanguage":"es-MX","potentialAction":[{"@type":"ReadAction","target":["https:\/\/graziamagazine.com\/mx\/articles\/asi-se-vivio-el-festival-de-flores-en-polanco-2025\/"]}]},{"@type":"BreadcrumbList","@id":"https:\/\/graziamagazine.com\/mx\/articles\/asi-se-vivio-el-festival-de-flores-en-polanco-2025\/#breadcrumb","itemListElement":[{"@type":"ListItem","position":1,"name":"Home","item":"https:\/\/graziamagazine.com\/mx\/"},{"@type":"ListItem","position":2,"name":"As\u00ed se vivi\u00f3 el Festival de Flores en Polanco 2025"}]},{"@type":"WebSite","@id":"https:\/\/graziamagazine.com\/mx\/#website","url":"https:\/\/graziamagazine.com\/mx\/","name":"Grazia M\u00e9xico y Latinoam\u00e9rica","description":"Grazia es moda, belleza y noticias  de actualidad ","potentialAction":[{"@type":"SearchAction","target":{"@type":"EntryPoint","urlTemplate":"https:\/\/graziamagazine.com\/mx\/?s={search_term_string}"},"query-input":"required name=search_term_string"}],"inLanguage":"es-MX"}]}},"jetpack_sharing_enabled":true,"distributor_meta":false,"distributor_terms":false,"distributor_media":false,"distributor_original_site_name":"Grazia M\u00e9xico y Latinoam\u00e9rica","distributor_original_site_url":"https:\/\/graziamagazine.com\/mx","push-errors":false,"_links":{"self":[{"href":"https:\/\/graziamagazine.com\/mx\/wp-json\/wp\/v2\/articles\/149212"}],"collection":[{"href":"https:\/\/graziamagazine.com\/mx\/wp-json\/wp\/v2\/articles"}],"about":[{"href":"https:\/\/graziamagazine.com\/mx\/wp-json\/wp\/v2\/types\/articles"}],"author":[{"embeddable":true,"href":"https:\/\/graziamagazine.com\/mx\/wp-json\/wp\/v2\/users\/11628"}],"wp:featuredmedia":[{"embeddable":true,"href":"https:\/\/graziamagazine.com\/mx\/wp-json\/wp\/v2\/media\/149214"}],"wp:attachment":[{"href":"https:\/\/graziamagazine.com\/mx\/wp-json\/wp\/v2\/media?parent=149212"}],"wp:term":[{"taxonomy":"category","embeddable":true,"href":"https:\/\/graziamagazine.com\/mx\/wp-json\/wp\/v2\/categories?post=149212"}],"curies":[{"name":"wp","href":"https:\/\/api.w.org\/{rel}","templated":true}]}}