{"id":149086,"date":"2025-04-02T12:37:05","date_gmt":"2025-04-02T17:37:05","guid":{"rendered":"https:\/\/graziamagazine.com\/mx\/?post_type=articles&#038;p=149086"},"modified":"2025-04-02T12:38:59","modified_gmt":"2025-04-02T17:38:59","slug":"val-kilmer-fallece-a-los-65-anos","status":"publish","type":"articles","link":"https:\/\/graziamagazine.com\/mx\/articles\/val-kilmer-fallece-a-los-65-anos\/","title":{"rendered":"Val Kilmer fallece a los 65 a\u00f1os"},"content":{"rendered":"<p><span style=\"font-weight: 400\">El actor Val Kilmer ha fallecido a los 65 a\u00f1os, en su casa de Los \u00c1ngeles, debido a una neumon\u00eda, seg\u00fan inform\u00f3 su hija, Mercedes Kilmer. \u200b\u00a0<\/span><\/p>\n<p><span style=\"font-weight: 400\">El actor conocido por sus inolvidables roles en pel\u00edculas como &#8220;Top Gun&#8221; y &#8220;Batman Forever&#8221;, naci\u00f3 el 31 de diciembre de 1959 en Los \u00c1ngeles, y desde joven mostr\u00f3 una inclinaci\u00f3n por las artes esc\u00e9nicas.\u00a0<\/span><\/p>\n<p><span style=\"font-weight: 400\">Su formaci\u00f3n en la prestigiosa Juilliard School sent\u00f3 las bases de una exitosa carrera en Hollywood. Debut\u00f3 en la pantalla grande con la comedia &#8220;Top Secret!&#8221; en 1984, pero fue su papel como Tom &#8220;Iceman&#8221; Kazansky en &#8220;Top Gun&#8221; (1986) el que lo catapult\u00f3 a la fama internacional. Este personaje se convirti\u00f3 en un referente cultural y consolid\u00f3 a Kilmer como uno de los actores m\u00e1s solicitados de su generaci\u00f3n. \u200b<\/span><\/p>\n<p><img loading=\"lazy\" decoding=\"async\" class=\"alignnone size-medium wp-image-149088\" src=\"https:\/\/graziamagazine.com\/mx\/wp-content\/uploads\/sites\/13\/2025\/04\/val2-309x450.jpg\" alt=\"\" width=\"309\" height=\"450\" srcset=\"https:\/\/graziamagazine.com\/mx\/wp-content\/uploads\/sites\/13\/2025\/04\/val2-309x450.jpg 309w, https:\/\/graziamagazine.com\/mx\/wp-content\/uploads\/sites\/13\/2025\/04\/val2-148x215.jpg 148w, https:\/\/graziamagazine.com\/mx\/wp-content\/uploads\/sites\/13\/2025\/04\/val2.jpg 353w\" sizes=\"(max-width: 309px) 100vw, 309px\" \/><\/p>\n<p><span style=\"font-weight: 400\">A lo largo de los a\u00f1os, Kilmer demostr\u00f3 su versatilidad al interpretar una variedad de personajes complejos. Su transformaci\u00f3n en Jim Morrison para la pel\u00edcula &#8220;The Doors&#8221; (1991) fue aclamada por la cr\u00edtica. Despu\u00e9s, en 1995, asumi\u00f3 el papel del superh\u00e9roe nocturno en &#8220;Batman Forever&#8221;, aportando una nueva dimensi\u00f3n al personaje.\u00a0<\/span><\/p>\n<p><span style=\"font-weight: 400\">Otros roles notables incluyen su interpretaci\u00f3n de Doc Holliday en &#8220;Tombstone&#8221; (1993) y Simon Templar en &#8220;El Santo&#8221; (1997). \u200b<\/span><\/p>\n<p><img loading=\"lazy\" decoding=\"async\" class=\"alignnone size-medium wp-image-149089\" src=\"https:\/\/graziamagazine.com\/mx\/wp-content\/uploads\/sites\/13\/2025\/04\/val3-450x260.jpg\" alt=\"\" width=\"450\" height=\"260\" srcset=\"https:\/\/graziamagazine.com\/mx\/wp-content\/uploads\/sites\/13\/2025\/04\/val3-450x260.jpg 450w, https:\/\/graziamagazine.com\/mx\/wp-content\/uploads\/sites\/13\/2025\/04\/val3-400x231.jpg 400w, https:\/\/graziamagazine.com\/mx\/wp-content\/uploads\/sites\/13\/2025\/04\/val3-155x90.jpg 155w, https:\/\/graziamagazine.com\/mx\/wp-content\/uploads\/sites\/13\/2025\/04\/val3.jpg 674w\" sizes=\"(max-width: 450px) 100vw, 450px\" \/><\/p>\n<p><span style=\"font-weight: 400\">Lamentablemente, en 2014 Kilmer fue diagnosticado con c\u00e1ncer de garganta, lo que afect\u00f3 significativamente su voz y salud. El actor se someti\u00f3 a tratamientos que incluyeron quimioterapia y una traqueotom\u00eda. Aunque estas intervenciones impactaron su capacidad vocal, Kilmer continu\u00f3 participando en proyectos cinematogr\u00e1ficos y art\u00edsticos, adapt\u00e1ndose a sus nuevas circunstancias. \u200b<\/span><\/p>\n<p><span style=\"font-weight: 400\">En su vida personal, Kilmer estuvo casado con la actriz Joanne Whalley desde 1988 hasta 1996, con quien tuvo dos hijos: Mercedes y Jack. A lo largo de los a\u00f1os, se le vincul\u00f3 sentimentalmente con figuras destacadas como Cher, Michelle Pfeiffer y Cindy Crawford. \u200b<\/span><\/p>\n<p><span style=\"font-weight: 400\">Su partida deja un vac\u00edo en Hollywood, pero su trabajo perdurar\u00e1 como testimonio de su pasi\u00f3n por la actuaci\u00f3n.<\/span><\/p>\n","protected":false},"author":11628,"featured_media":149087,"template":"","format":"standard","categories":[2],"acf":[],"yoast_head":"<!-- This site is optimized with the Yoast SEO Premium plugin v18.5 (Yoast SEO v20.4) - https:\/\/yoast.com\/wordpress\/plugins\/seo\/ -->\n<title>Val Kilmer fallece a los 65 a\u00f1os<\/title>\n<meta name=\"description\" content=\"El actor Val Kilmer ha fallecido a los 65 a\u00f1os, en su casa de Los \u00c1ngeles, debido a una neumon\u00eda, seg\u00fan inform\u00f3 su hija, Mercedes Kilmer. \u200b\u00a0 El actor\" \/>\n<meta name=\"robots\" content=\"index, follow, max-snippet:-1, max-image-preview:large, max-video-preview:-1\" \/>\n<link rel=\"canonical\" href=\"https:\/\/graziamagazine.com\/mx\/articles\/val-kilmer-fallece-a-los-65-anos\/\" \/>\n<meta property=\"og:locale\" content=\"es_MX\" \/>\n<meta property=\"og:type\" content=\"article\" \/>\n<meta property=\"og:title\" content=\"Val Kilmer fallece a los 65 a\u00f1os\" \/>\n<meta property=\"og:description\" content=\"El actor Val Kilmer ha fallecido a los 65 a\u00f1os, en su casa de Los \u00c1ngeles, debido a una neumon\u00eda, seg\u00fan inform\u00f3 su hija, Mercedes Kilmer. \u200b\u00a0 El actor\" \/>\n<meta property=\"og:url\" content=\"https:\/\/graziamagazine.com\/mx\/articles\/val-kilmer-fallece-a-los-65-anos\/\" \/>\n<meta property=\"og:site_name\" content=\"Grazia M\u00e9xico y Latinoam\u00e9rica\" \/>\n<meta property=\"article:modified_time\" content=\"2025-04-02T17:38:59+00:00\" \/>\n<meta property=\"og:image\" content=\"https:\/\/graziamagazine.com\/mx\/wp-content\/uploads\/sites\/13\/2025\/04\/val.jpg\" \/>\n\t<meta property=\"og:image:width\" content=\"713\" \/>\n\t<meta property=\"og:image:height\" content=\"426\" \/>\n\t<meta property=\"og:image:type\" content=\"image\/jpeg\" \/>\n<meta name=\"twitter:card\" content=\"summary_large_image\" \/>\n<meta name=\"twitter:label1\" content=\"Est. reading time\" \/>\n\t<meta name=\"twitter:data1\" content=\"2 minutos\" \/>\n<script type=\"application\/ld+json\" class=\"yoast-schema-graph\">{\"@context\":\"https:\/\/schema.org\",\"@graph\":[{\"@type\":\"WebPage\",\"@id\":\"https:\/\/graziamagazine.com\/mx\/articles\/val-kilmer-fallece-a-los-65-anos\/\",\"url\":\"https:\/\/graziamagazine.com\/mx\/articles\/val-kilmer-fallece-a-los-65-anos\/\",\"name\":\"Val Kilmer fallece a los 65 a\u00f1os\",\"isPartOf\":{\"@id\":\"https:\/\/graziamagazine.com\/mx\/#website\"},\"datePublished\":\"2025-04-02T17:37:05+00:00\",\"dateModified\":\"2025-04-02T17:38:59+00:00\",\"description\":\"El actor Val Kilmer ha fallecido a los 65 a\u00f1os, en su casa de Los \u00c1ngeles, debido a una neumon\u00eda, seg\u00fan inform\u00f3 su hija, Mercedes Kilmer. \u200b\u00a0 El actor\",\"breadcrumb\":{\"@id\":\"https:\/\/graziamagazine.com\/mx\/articles\/val-kilmer-fallece-a-los-65-anos\/#breadcrumb\"},\"inLanguage\":\"es-MX\",\"potentialAction\":[{\"@type\":\"ReadAction\",\"target\":[\"https:\/\/graziamagazine.com\/mx\/articles\/val-kilmer-fallece-a-los-65-anos\/\"]}]},{\"@type\":\"BreadcrumbList\",\"@id\":\"https:\/\/graziamagazine.com\/mx\/articles\/val-kilmer-fallece-a-los-65-anos\/#breadcrumb\",\"itemListElement\":[{\"@type\":\"ListItem\",\"position\":1,\"name\":\"Home\",\"item\":\"https:\/\/graziamagazine.com\/mx\/\"},{\"@type\":\"ListItem\",\"position\":2,\"name\":\"Val Kilmer fallece a los 65 a\u00f1os\"}]},{\"@type\":\"WebSite\",\"@id\":\"https:\/\/graziamagazine.com\/mx\/#website\",\"url\":\"https:\/\/graziamagazine.com\/mx\/\",\"name\":\"Grazia M\u00e9xico y Latinoam\u00e9rica\",\"description\":\"Grazia es moda, belleza y noticias  de actualidad \",\"potentialAction\":[{\"@type\":\"SearchAction\",\"target\":{\"@type\":\"EntryPoint\",\"urlTemplate\":\"https:\/\/graziamagazine.com\/mx\/?s={search_term_string}\"},\"query-input\":\"required name=search_term_string\"}],\"inLanguage\":\"es-MX\"}]}<\/script>\n<!-- \/ Yoast SEO Premium plugin. -->","yoast_head_json":{"title":"Val Kilmer fallece a los 65 a\u00f1os","description":"El actor Val Kilmer ha fallecido a los 65 a\u00f1os, en su casa de Los \u00c1ngeles, debido a una neumon\u00eda, seg\u00fan inform\u00f3 su hija, Mercedes Kilmer. \u200b\u00a0 El actor","robots":{"index":"index","follow":"follow","max-snippet":"max-snippet:-1","max-image-preview":"max-image-preview:large","max-video-preview":"max-video-preview:-1"},"canonical":"https:\/\/graziamagazine.com\/mx\/articles\/val-kilmer-fallece-a-los-65-anos\/","og_locale":"es_MX","og_type":"article","og_title":"Val Kilmer fallece a los 65 a\u00f1os","og_description":"El actor Val Kilmer ha fallecido a los 65 a\u00f1os, en su casa de Los \u00c1ngeles, debido a una neumon\u00eda, seg\u00fan inform\u00f3 su hija, Mercedes Kilmer. \u200b\u00a0 El actor","og_url":"https:\/\/graziamagazine.com\/mx\/articles\/val-kilmer-fallece-a-los-65-anos\/","og_site_name":"Grazia M\u00e9xico y Latinoam\u00e9rica","article_modified_time":"2025-04-02T17:38:59+00:00","og_image":[{"width":713,"height":426,"url":"https:\/\/graziamagazine.com\/mx\/wp-content\/uploads\/sites\/13\/2025\/04\/val.jpg","type":"image\/jpeg"}],"twitter_card":"summary_large_image","twitter_misc":{"Est. reading time":"2 minutos"},"schema":{"@context":"https:\/\/schema.org","@graph":[{"@type":"WebPage","@id":"https:\/\/graziamagazine.com\/mx\/articles\/val-kilmer-fallece-a-los-65-anos\/","url":"https:\/\/graziamagazine.com\/mx\/articles\/val-kilmer-fallece-a-los-65-anos\/","name":"Val Kilmer fallece a los 65 a\u00f1os","isPartOf":{"@id":"https:\/\/graziamagazine.com\/mx\/#website"},"datePublished":"2025-04-02T17:37:05+00:00","dateModified":"2025-04-02T17:38:59+00:00","description":"El actor Val Kilmer ha fallecido a los 65 a\u00f1os, en su casa de Los \u00c1ngeles, debido a una neumon\u00eda, seg\u00fan inform\u00f3 su hija, Mercedes Kilmer. \u200b\u00a0 El actor","breadcrumb":{"@id":"https:\/\/graziamagazine.com\/mx\/articles\/val-kilmer-fallece-a-los-65-anos\/#breadcrumb"},"inLanguage":"es-MX","potentialAction":[{"@type":"ReadAction","target":["https:\/\/graziamagazine.com\/mx\/articles\/val-kilmer-fallece-a-los-65-anos\/"]}]},{"@type":"BreadcrumbList","@id":"https:\/\/graziamagazine.com\/mx\/articles\/val-kilmer-fallece-a-los-65-anos\/#breadcrumb","itemListElement":[{"@type":"ListItem","position":1,"name":"Home","item":"https:\/\/graziamagazine.com\/mx\/"},{"@type":"ListItem","position":2,"name":"Val Kilmer fallece a los 65 a\u00f1os"}]},{"@type":"WebSite","@id":"https:\/\/graziamagazine.com\/mx\/#website","url":"https:\/\/graziamagazine.com\/mx\/","name":"Grazia M\u00e9xico y Latinoam\u00e9rica","description":"Grazia es moda, belleza y noticias  de actualidad ","potentialAction":[{"@type":"SearchAction","target":{"@type":"EntryPoint","urlTemplate":"https:\/\/graziamagazine.com\/mx\/?s={search_term_string}"},"query-input":"required name=search_term_string"}],"inLanguage":"es-MX"}]}},"jetpack_sharing_enabled":true,"distributor_meta":false,"distributor_terms":false,"distributor_media":false,"distributor_original_site_name":"Grazia M\u00e9xico y Latinoam\u00e9rica","distributor_original_site_url":"https:\/\/graziamagazine.com\/mx","push-errors":false,"_links":{"self":[{"href":"https:\/\/graziamagazine.com\/mx\/wp-json\/wp\/v2\/articles\/149086"}],"collection":[{"href":"https:\/\/graziamagazine.com\/mx\/wp-json\/wp\/v2\/articles"}],"about":[{"href":"https:\/\/graziamagazine.com\/mx\/wp-json\/wp\/v2\/types\/articles"}],"author":[{"embeddable":true,"href":"https:\/\/graziamagazine.com\/mx\/wp-json\/wp\/v2\/users\/11628"}],"wp:featuredmedia":[{"embeddable":true,"href":"https:\/\/graziamagazine.com\/mx\/wp-json\/wp\/v2\/media\/149087"}],"wp:attachment":[{"href":"https:\/\/graziamagazine.com\/mx\/wp-json\/wp\/v2\/media?parent=149086"}],"wp:term":[{"taxonomy":"category","embeddable":true,"href":"https:\/\/graziamagazine.com\/mx\/wp-json\/wp\/v2\/categories?post=149086"}],"curies":[{"name":"wp","href":"https:\/\/api.w.org\/{rel}","templated":true}]}}