{"id":148948,"date":"2025-04-18T09:55:55","date_gmt":"2025-04-18T14:55:55","guid":{"rendered":"https:\/\/graziamagazine.com\/mx\/?post_type=articles&#038;p=148948"},"modified":"2025-04-22T03:25:28","modified_gmt":"2025-04-22T08:25:28","slug":"adios-camisetas-7-formas-de-combinar-el-polo","status":"publish","type":"articles","link":"https:\/\/graziamagazine.com\/mx\/articles\/adios-camisetas-7-formas-de-combinar-el-polo\/","title":{"rendered":"Adi\u00f3s, camisetas: 7 formas de combinar el polo"},"content":{"rendered":"<p data-pm-slice=\"1 1 []\">Los polos han pasado de ser una prenda deportiva a un imprescindible en el armario de cualquier amante de la moda. Su versatilidad lo ha convertido en el sustituto perfecto de camisetas y camisas b\u00e1sicas, aportando un toque preppy y sofisticado sin esfuerzo.<\/p>\n<p data-pm-slice=\"1 1 []\">A continuaci\u00f3n, te mostramos siete formas de combinarlo para elevar tus estilismos esta temporada.<\/p>\n<h3><strong>Polo con traje de sastrer\u00eda<\/strong><\/h3>\n<h3><strong><img loading=\"lazy\" decoding=\"async\" class=\"alignnone wp-image-148952 size-full\" src=\"https:\/\/graziamagazine.com\/mx\/wp-content\/uploads\/sites\/13\/2025\/03\/Captura-de-Pantalla-2025-03-30-a-las-13.13.14.png\" alt=\"\" width=\"746\" height=\"1192\" srcset=\"https:\/\/graziamagazine.com\/mx\/wp-content\/uploads\/sites\/13\/2025\/03\/Captura-de-Pantalla-2025-03-30-a-las-13.13.14.png 746w, https:\/\/graziamagazine.com\/mx\/wp-content\/uploads\/sites\/13\/2025\/03\/Captura-de-Pantalla-2025-03-30-a-las-13.13.14-282x450.png 282w, https:\/\/graziamagazine.com\/mx\/wp-content\/uploads\/sites\/13\/2025\/03\/Captura-de-Pantalla-2025-03-30-a-las-13.13.14-641x1024.png 641w, https:\/\/graziamagazine.com\/mx\/wp-content\/uploads\/sites\/13\/2025\/03\/Captura-de-Pantalla-2025-03-30-a-las-13.13.14-400x639.png 400w, https:\/\/graziamagazine.com\/mx\/wp-content\/uploads\/sites\/13\/2025\/03\/Captura-de-Pantalla-2025-03-30-a-las-13.13.14-135x215.png 135w\" sizes=\"(max-width: 746px) 100vw, 746px\" \/><\/strong><\/h3>\n<p>Para un look sofisticado pero relajado, combina un polo de punto con un traje de dos piezas. Opta por tonos neutros y aseg\u00farate de que el fit del traje sea impecable. Unas mocasines o zapatillas blancas completar\u00e1n el conjunto con un aire moderno.<\/p>\n<h3><strong>Polo con falda midi plisada<\/strong><\/h3>\n<figure id=\"attachment_148955\" aria-describedby=\"caption-attachment-148955\" style=\"width: 722px\" class=\"wp-caption alignnone\"><img loading=\"lazy\" decoding=\"async\" class=\"wp-image-148955 size-full\" src=\"https:\/\/graziamagazine.com\/mx\/wp-content\/uploads\/sites\/13\/2025\/03\/Captura-de-Pantalla-2025-03-30-a-las-13.14.11.png\" alt=\"Adi\u00f3s, camisetas: 7 formas de combinar el polo\" width=\"722\" height=\"1142\" srcset=\"https:\/\/graziamagazine.com\/mx\/wp-content\/uploads\/sites\/13\/2025\/03\/Captura-de-Pantalla-2025-03-30-a-las-13.14.11.png 722w, https:\/\/graziamagazine.com\/mx\/wp-content\/uploads\/sites\/13\/2025\/03\/Captura-de-Pantalla-2025-03-30-a-las-13.14.11-285x450.png 285w, https:\/\/graziamagazine.com\/mx\/wp-content\/uploads\/sites\/13\/2025\/03\/Captura-de-Pantalla-2025-03-30-a-las-13.14.11-647x1024.png 647w, https:\/\/graziamagazine.com\/mx\/wp-content\/uploads\/sites\/13\/2025\/03\/Captura-de-Pantalla-2025-03-30-a-las-13.14.11-400x633.png 400w, https:\/\/graziamagazine.com\/mx\/wp-content\/uploads\/sites\/13\/2025\/03\/Captura-de-Pantalla-2025-03-30-a-las-13.14.11-136x215.png 136w\" sizes=\"(max-width: 722px) 100vw, 722px\" \/><figcaption id=\"caption-attachment-148955\" class=\"wp-caption-text\">Adi\u00f3s, camisetas: 7 formas de combinar el polo<\/figcaption><\/figure>\n<p>Inspirado en el estilo college, esta combinaci\u00f3n es perfecta para un look chic y femenino. Elige una falda en tonos pastel y comb\u00ednala con un polo en un color complementario. Unas bailarinas o botines dar\u00e1n el toque final.<\/p>\n<h3><strong>Polo con pantalones anchos<\/strong><\/h3>\n<figure id=\"attachment_148953\" aria-describedby=\"caption-attachment-148953\" style=\"width: 734px\" class=\"wp-caption alignnone\"><img loading=\"lazy\" decoding=\"async\" class=\"wp-image-148953 size-full\" src=\"https:\/\/graziamagazine.com\/mx\/wp-content\/uploads\/sites\/13\/2025\/03\/Captura-de-Pantalla-2025-03-30-a-las-13.13.31.png\" alt=\"Adi\u00f3s, camisetas: 7 formas de combinar el polo\" width=\"734\" height=\"1174\" srcset=\"https:\/\/graziamagazine.com\/mx\/wp-content\/uploads\/sites\/13\/2025\/03\/Captura-de-Pantalla-2025-03-30-a-las-13.13.31.png 734w, https:\/\/graziamagazine.com\/mx\/wp-content\/uploads\/sites\/13\/2025\/03\/Captura-de-Pantalla-2025-03-30-a-las-13.13.31-281x450.png 281w, https:\/\/graziamagazine.com\/mx\/wp-content\/uploads\/sites\/13\/2025\/03\/Captura-de-Pantalla-2025-03-30-a-las-13.13.31-640x1024.png 640w, https:\/\/graziamagazine.com\/mx\/wp-content\/uploads\/sites\/13\/2025\/03\/Captura-de-Pantalla-2025-03-30-a-las-13.13.31-400x640.png 400w, https:\/\/graziamagazine.com\/mx\/wp-content\/uploads\/sites\/13\/2025\/03\/Captura-de-Pantalla-2025-03-30-a-las-13.13.31-134x215.png 134w\" sizes=\"(max-width: 734px) 100vw, 734px\" \/><figcaption id=\"caption-attachment-148953\" class=\"wp-caption-text\">Adi\u00f3s, camisetas: 7 formas de combinar el polo<\/figcaption><\/figure>\n<p>La clave para un outfit c\u00f3modo y a la moda es elegir un polo ajustado y llevarlo con pantalones de pernera ancha. Esta silueta equilibra el look y a\u00f1ade un aire sofisticado. Prueba con sandalias de tac\u00f3n bajo para un toque extra de elegancia.<\/p>\n<h3><strong>Polo con pantal\u00f3n o shorts de lino<\/strong><\/h3>\n<figure id=\"attachment_148954\" aria-describedby=\"caption-attachment-148954\" style=\"width: 766px\" class=\"wp-caption alignnone\"><img loading=\"lazy\" decoding=\"async\" class=\"wp-image-148954 size-full\" src=\"https:\/\/graziamagazine.com\/mx\/wp-content\/uploads\/sites\/13\/2025\/03\/Captura-de-Pantalla-2025-03-30-a-las-13.14.01.png\" alt=\"Adi\u00f3s, camisetas: 7 formas de combinar el polo\" width=\"766\" height=\"1160\" srcset=\"https:\/\/graziamagazine.com\/mx\/wp-content\/uploads\/sites\/13\/2025\/03\/Captura-de-Pantalla-2025-03-30-a-las-13.14.01.png 766w, https:\/\/graziamagazine.com\/mx\/wp-content\/uploads\/sites\/13\/2025\/03\/Captura-de-Pantalla-2025-03-30-a-las-13.14.01-297x450.png 297w, https:\/\/graziamagazine.com\/mx\/wp-content\/uploads\/sites\/13\/2025\/03\/Captura-de-Pantalla-2025-03-30-a-las-13.14.01-676x1024.png 676w, https:\/\/graziamagazine.com\/mx\/wp-content\/uploads\/sites\/13\/2025\/03\/Captura-de-Pantalla-2025-03-30-a-las-13.14.01-400x606.png 400w, https:\/\/graziamagazine.com\/mx\/wp-content\/uploads\/sites\/13\/2025\/03\/Captura-de-Pantalla-2025-03-30-a-las-13.14.01-142x215.png 142w\" sizes=\"(max-width: 766px) 100vw, 766px\" \/><figcaption id=\"caption-attachment-148954\" class=\"wp-caption-text\">Adi\u00f3s, camisetas: 7 formas de combinar el polo<\/figcaption><\/figure>\n<p>Perfecto para los d\u00edas c\u00e1lidos, esta combinaci\u00f3n mantiene la frescura sin perder el estilo. Opta por un polo en tonos neutros y comb\u00ednalo con shorts de lino en colores tierra. Unas alpargatas o sandalias planas completar\u00e1n este look relajado pero refinado.<\/p>\n<h3><strong>Polo con jeans rectos<\/strong><\/h3>\n<figure id=\"attachment_148956\" aria-describedby=\"caption-attachment-148956\" style=\"width: 728px\" class=\"wp-caption alignnone\"><img loading=\"lazy\" decoding=\"async\" class=\"wp-image-148956 size-full\" src=\"https:\/\/graziamagazine.com\/mx\/wp-content\/uploads\/sites\/13\/2025\/03\/Captura-de-Pantalla-2025-03-30-a-las-13.16.43.png\" alt=\"Adi\u00f3s, camisetas: 7 formas de combinar el polo\" width=\"728\" height=\"1146\" srcset=\"https:\/\/graziamagazine.com\/mx\/wp-content\/uploads\/sites\/13\/2025\/03\/Captura-de-Pantalla-2025-03-30-a-las-13.16.43.png 728w, https:\/\/graziamagazine.com\/mx\/wp-content\/uploads\/sites\/13\/2025\/03\/Captura-de-Pantalla-2025-03-30-a-las-13.16.43-286x450.png 286w, https:\/\/graziamagazine.com\/mx\/wp-content\/uploads\/sites\/13\/2025\/03\/Captura-de-Pantalla-2025-03-30-a-las-13.16.43-650x1024.png 650w, https:\/\/graziamagazine.com\/mx\/wp-content\/uploads\/sites\/13\/2025\/03\/Captura-de-Pantalla-2025-03-30-a-las-13.16.43-400x630.png 400w, https:\/\/graziamagazine.com\/mx\/wp-content\/uploads\/sites\/13\/2025\/03\/Captura-de-Pantalla-2025-03-30-a-las-13.16.43-137x215.png 137w\" sizes=\"(max-width: 728px) 100vw, 728px\" \/><figcaption id=\"caption-attachment-148956\" class=\"wp-caption-text\">Adi\u00f3s, camisetas: 7 formas de combinar el polo<\/figcaption><\/figure>\n<p>Un cl\u00e1sico infalible. Si buscas un look atemporal y sin complicaciones, combina tu polo favorito con jeans de corte recto. Para un aire m\u00e1s sofisticado, m\u00e9telo dentro del pantal\u00f3n y a\u00f1ade un cintur\u00f3n elegante.<\/p>\n<h3><strong>Polo debajo de un vestido lencero<\/strong><\/h3>\n<figure id=\"attachment_148957\" aria-describedby=\"caption-attachment-148957\" style=\"width: 752px\" class=\"wp-caption alignnone\"><img loading=\"lazy\" decoding=\"async\" class=\"wp-image-148957 size-full\" src=\"https:\/\/graziamagazine.com\/mx\/wp-content\/uploads\/sites\/13\/2025\/03\/Captura-de-Pantalla-2025-03-30-a-las-13.17.49.png\" alt=\"Adi\u00f3s, camisetas: 7 formas de combinar el polo\" width=\"752\" height=\"1174\" srcset=\"https:\/\/graziamagazine.com\/mx\/wp-content\/uploads\/sites\/13\/2025\/03\/Captura-de-Pantalla-2025-03-30-a-las-13.17.49.png 752w, https:\/\/graziamagazine.com\/mx\/wp-content\/uploads\/sites\/13\/2025\/03\/Captura-de-Pantalla-2025-03-30-a-las-13.17.49-288x450.png 288w, https:\/\/graziamagazine.com\/mx\/wp-content\/uploads\/sites\/13\/2025\/03\/Captura-de-Pantalla-2025-03-30-a-las-13.17.49-656x1024.png 656w, https:\/\/graziamagazine.com\/mx\/wp-content\/uploads\/sites\/13\/2025\/03\/Captura-de-Pantalla-2025-03-30-a-las-13.17.49-400x624.png 400w, https:\/\/graziamagazine.com\/mx\/wp-content\/uploads\/sites\/13\/2025\/03\/Captura-de-Pantalla-2025-03-30-a-las-13.17.49-138x215.png 138w\" sizes=\"(max-width: 752px) 100vw, 752px\" \/><figcaption id=\"caption-attachment-148957\" class=\"wp-caption-text\">Adi\u00f3s, camisetas: 7 formas de combinar el polo<\/figcaption><\/figure>\n<p>Para un toque inesperado, lleva un polo ligero debajo de un vestido lencero. Este layering aporta estructura al look sin restarle feminidad. Combina con botines o sandalias de tac\u00f3n para un contraste interesante.<\/p>\n<h3><strong>Polo con minifalda y blazer<\/strong><\/h3>\n<figure id=\"attachment_148949\" aria-describedby=\"caption-attachment-148949\" style=\"width: 672px\" class=\"wp-caption alignnone\"><img loading=\"lazy\" decoding=\"async\" class=\"wp-image-148949 size-full\" src=\"https:\/\/graziamagazine.com\/mx\/wp-content\/uploads\/sites\/13\/2025\/03\/Captura-de-Pantalla-2025-03-30-a-las-13.07.24.png\" alt=\"Adi\u00f3s, camisetas: 7 formas de combinar el polo\" width=\"672\" height=\"1192\" srcset=\"https:\/\/graziamagazine.com\/mx\/wp-content\/uploads\/sites\/13\/2025\/03\/Captura-de-Pantalla-2025-03-30-a-las-13.07.24.png 672w, https:\/\/graziamagazine.com\/mx\/wp-content\/uploads\/sites\/13\/2025\/03\/Captura-de-Pantalla-2025-03-30-a-las-13.07.24-254x450.png 254w, https:\/\/graziamagazine.com\/mx\/wp-content\/uploads\/sites\/13\/2025\/03\/Captura-de-Pantalla-2025-03-30-a-las-13.07.24-577x1024.png 577w, https:\/\/graziamagazine.com\/mx\/wp-content\/uploads\/sites\/13\/2025\/03\/Captura-de-Pantalla-2025-03-30-a-las-13.07.24-400x710.png 400w, https:\/\/graziamagazine.com\/mx\/wp-content\/uploads\/sites\/13\/2025\/03\/Captura-de-Pantalla-2025-03-30-a-las-13.07.24-121x215.png 121w\" sizes=\"(max-width: 672px) 100vw, 672px\" \/><figcaption id=\"caption-attachment-148949\" class=\"wp-caption-text\">Adi\u00f3s, camisetas: 7 formas de combinar el polo<\/figcaption><\/figure>\n<p>Inspirado en el uniforme de Miu Miu, esta opci\u00f3n fusiona el estilo preppy con el sporty-chic. Un polo ajustado con una minifalda estructurada y un blazer oversized crea un look audaz y contempor\u00e1neo.<\/p>\n<p>El polo ha demostrado que puede ser mucho m\u00e1s que una prenda deportiva. \u00bfCu\u00e1l de estas combinaciones probar\u00e1s primero? Comparte tu estilo y \u00fanete a la tendencia que redefine el entretiempo.<\/p>\n<p><em><strong>*IMAGEN: Google Images<\/strong><\/em><\/p>\n","protected":false},"author":28953,"featured_media":148958,"template":"","format":"standard","categories":[4],"acf":[],"yoast_head":"<!-- This site is optimized with the Yoast SEO Premium plugin v18.5 (Yoast SEO v20.4) - https:\/\/yoast.com\/wordpress\/plugins\/seo\/ -->\n<title>Adi\u00f3s, camisetas: 7 formas de combinar el polo<\/title>\n<meta name=\"description\" content=\"El b\u00e1sico del entretiempo que transforma cualquier look\" \/>\n<meta name=\"robots\" content=\"index, follow, max-snippet:-1, max-image-preview:large, max-video-preview:-1\" \/>\n<link rel=\"canonical\" href=\"https:\/\/graziamagazine.com\/mx\/articles\/adios-camisetas-7-formas-de-combinar-el-polo\/\" \/>\n<meta property=\"og:locale\" content=\"es_MX\" \/>\n<meta property=\"og:type\" content=\"article\" \/>\n<meta property=\"og:title\" content=\"Adi\u00f3s, camisetas: 7 formas de combinar el polo\" \/>\n<meta property=\"og:description\" content=\"El b\u00e1sico del entretiempo que transforma cualquier look\" \/>\n<meta property=\"og:url\" content=\"https:\/\/graziamagazine.com\/mx\/articles\/adios-camisetas-7-formas-de-combinar-el-polo\/\" \/>\n<meta property=\"og:site_name\" content=\"Grazia M\u00e9xico y Latinoam\u00e9rica\" \/>\n<meta property=\"article:modified_time\" content=\"2025-04-22T08:25:28+00:00\" \/>\n<meta property=\"og:image\" content=\"https:\/\/graziamagazine.com\/mx\/wp-content\/uploads\/sites\/13\/2025\/03\/Captura-de-Pantalla-2025-03-30-a-las-13.21.19.png\" \/>\n\t<meta property=\"og:image:width\" content=\"1174\" \/>\n\t<meta property=\"og:image:height\" content=\"820\" \/>\n\t<meta property=\"og:image:type\" content=\"image\/png\" \/>\n<meta name=\"twitter:card\" content=\"summary_large_image\" \/>\n<meta name=\"twitter:label1\" content=\"Est. reading time\" \/>\n\t<meta name=\"twitter:data1\" content=\"4 minutos\" \/>\n<script type=\"application\/ld+json\" class=\"yoast-schema-graph\">{\"@context\":\"https:\/\/schema.org\",\"@graph\":[{\"@type\":\"WebPage\",\"@id\":\"https:\/\/graziamagazine.com\/mx\/articles\/adios-camisetas-7-formas-de-combinar-el-polo\/\",\"url\":\"https:\/\/graziamagazine.com\/mx\/articles\/adios-camisetas-7-formas-de-combinar-el-polo\/\",\"name\":\"Adi\u00f3s, camisetas: 7 formas de combinar el polo\",\"isPartOf\":{\"@id\":\"https:\/\/graziamagazine.com\/mx\/#website\"},\"datePublished\":\"2025-04-18T14:55:55+00:00\",\"dateModified\":\"2025-04-22T08:25:28+00:00\",\"description\":\"El b\u00e1sico del entretiempo que transforma cualquier look\",\"breadcrumb\":{\"@id\":\"https:\/\/graziamagazine.com\/mx\/articles\/adios-camisetas-7-formas-de-combinar-el-polo\/#breadcrumb\"},\"inLanguage\":\"es-MX\",\"potentialAction\":[{\"@type\":\"ReadAction\",\"target\":[\"https:\/\/graziamagazine.com\/mx\/articles\/adios-camisetas-7-formas-de-combinar-el-polo\/\"]}]},{\"@type\":\"BreadcrumbList\",\"@id\":\"https:\/\/graziamagazine.com\/mx\/articles\/adios-camisetas-7-formas-de-combinar-el-polo\/#breadcrumb\",\"itemListElement\":[{\"@type\":\"ListItem\",\"position\":1,\"name\":\"Home\",\"item\":\"https:\/\/graziamagazine.com\/mx\/\"},{\"@type\":\"ListItem\",\"position\":2,\"name\":\"Adi\u00f3s, camisetas: 7 formas de combinar el polo\"}]},{\"@type\":\"WebSite\",\"@id\":\"https:\/\/graziamagazine.com\/mx\/#website\",\"url\":\"https:\/\/graziamagazine.com\/mx\/\",\"name\":\"Grazia M\u00e9xico y Latinoam\u00e9rica\",\"description\":\"Grazia es moda, belleza y noticias  de actualidad \",\"potentialAction\":[{\"@type\":\"SearchAction\",\"target\":{\"@type\":\"EntryPoint\",\"urlTemplate\":\"https:\/\/graziamagazine.com\/mx\/?s={search_term_string}\"},\"query-input\":\"required name=search_term_string\"}],\"inLanguage\":\"es-MX\"}]}<\/script>\n<!-- \/ Yoast SEO Premium plugin. -->","yoast_head_json":{"title":"Adi\u00f3s, camisetas: 7 formas de combinar el polo","description":"El b\u00e1sico del entretiempo que transforma cualquier look","robots":{"index":"index","follow":"follow","max-snippet":"max-snippet:-1","max-image-preview":"max-image-preview:large","max-video-preview":"max-video-preview:-1"},"canonical":"https:\/\/graziamagazine.com\/mx\/articles\/adios-camisetas-7-formas-de-combinar-el-polo\/","og_locale":"es_MX","og_type":"article","og_title":"Adi\u00f3s, camisetas: 7 formas de combinar el polo","og_description":"El b\u00e1sico del entretiempo que transforma cualquier look","og_url":"https:\/\/graziamagazine.com\/mx\/articles\/adios-camisetas-7-formas-de-combinar-el-polo\/","og_site_name":"Grazia M\u00e9xico y Latinoam\u00e9rica","article_modified_time":"2025-04-22T08:25:28+00:00","og_image":[{"width":1174,"height":820,"url":"https:\/\/graziamagazine.com\/mx\/wp-content\/uploads\/sites\/13\/2025\/03\/Captura-de-Pantalla-2025-03-30-a-las-13.21.19.png","type":"image\/png"}],"twitter_card":"summary_large_image","twitter_misc":{"Est. reading time":"4 minutos"},"schema":{"@context":"https:\/\/schema.org","@graph":[{"@type":"WebPage","@id":"https:\/\/graziamagazine.com\/mx\/articles\/adios-camisetas-7-formas-de-combinar-el-polo\/","url":"https:\/\/graziamagazine.com\/mx\/articles\/adios-camisetas-7-formas-de-combinar-el-polo\/","name":"Adi\u00f3s, camisetas: 7 formas de combinar el polo","isPartOf":{"@id":"https:\/\/graziamagazine.com\/mx\/#website"},"datePublished":"2025-04-18T14:55:55+00:00","dateModified":"2025-04-22T08:25:28+00:00","description":"El b\u00e1sico del entretiempo que transforma cualquier look","breadcrumb":{"@id":"https:\/\/graziamagazine.com\/mx\/articles\/adios-camisetas-7-formas-de-combinar-el-polo\/#breadcrumb"},"inLanguage":"es-MX","potentialAction":[{"@type":"ReadAction","target":["https:\/\/graziamagazine.com\/mx\/articles\/adios-camisetas-7-formas-de-combinar-el-polo\/"]}]},{"@type":"BreadcrumbList","@id":"https:\/\/graziamagazine.com\/mx\/articles\/adios-camisetas-7-formas-de-combinar-el-polo\/#breadcrumb","itemListElement":[{"@type":"ListItem","position":1,"name":"Home","item":"https:\/\/graziamagazine.com\/mx\/"},{"@type":"ListItem","position":2,"name":"Adi\u00f3s, camisetas: 7 formas de combinar el polo"}]},{"@type":"WebSite","@id":"https:\/\/graziamagazine.com\/mx\/#website","url":"https:\/\/graziamagazine.com\/mx\/","name":"Grazia M\u00e9xico y Latinoam\u00e9rica","description":"Grazia es moda, belleza y noticias  de actualidad ","potentialAction":[{"@type":"SearchAction","target":{"@type":"EntryPoint","urlTemplate":"https:\/\/graziamagazine.com\/mx\/?s={search_term_string}"},"query-input":"required name=search_term_string"}],"inLanguage":"es-MX"}]}},"jetpack_sharing_enabled":true,"distributor_meta":false,"distributor_terms":false,"distributor_media":false,"distributor_original_site_name":"Grazia M\u00e9xico y Latinoam\u00e9rica","distributor_original_site_url":"https:\/\/graziamagazine.com\/mx","push-errors":false,"_links":{"self":[{"href":"https:\/\/graziamagazine.com\/mx\/wp-json\/wp\/v2\/articles\/148948"}],"collection":[{"href":"https:\/\/graziamagazine.com\/mx\/wp-json\/wp\/v2\/articles"}],"about":[{"href":"https:\/\/graziamagazine.com\/mx\/wp-json\/wp\/v2\/types\/articles"}],"author":[{"embeddable":true,"href":"https:\/\/graziamagazine.com\/mx\/wp-json\/wp\/v2\/users\/28953"}],"wp:featuredmedia":[{"embeddable":true,"href":"https:\/\/graziamagazine.com\/mx\/wp-json\/wp\/v2\/media\/148958"}],"wp:attachment":[{"href":"https:\/\/graziamagazine.com\/mx\/wp-json\/wp\/v2\/media?parent=148948"}],"wp:term":[{"taxonomy":"category","embeddable":true,"href":"https:\/\/graziamagazine.com\/mx\/wp-json\/wp\/v2\/categories?post=148948"}],"curies":[{"name":"wp","href":"https:\/\/api.w.org\/{rel}","templated":true}]}}