{"id":148861,"date":"2025-03-28T09:38:22","date_gmt":"2025-03-28T14:38:22","guid":{"rendered":"https:\/\/graziamagazine.com\/mx\/?post_type=articles&#038;p=148861"},"modified":"2025-03-27T23:44:54","modified_gmt":"2025-03-28T04:44:54","slug":"tiffany-co-deslumbra-en-sao-paulo","status":"publish","type":"articles","link":"https:\/\/graziamagazine.com\/mx\/articles\/tiffany-co-deslumbra-en-sao-paulo\/","title":{"rendered":"Tiffany &amp; Co. deslumbra en S\u00e3o Paulo"},"content":{"rendered":"<p class=\"\" data-start=\"173\" data-end=\"526\">Tiffany &amp; Co. contin\u00faa expandiendo su legado de lujo y exclusividad con la apertura del <strong data-start=\"261\" data-end=\"285\">Blue Box Caf\u00e9 Pop-Up<\/strong> en S\u00e3o Paulo, Brasil. La ic\u00f3nica casa de joyer\u00eda celebr\u00f3 este gran acontecimiento con la presencia de <strong data-start=\"388\" data-end=\"409\">Antonela Roccuzzo<\/strong>, amiga de la marca y s\u00edmbolo de elegancia, quien deslumbr\u00f3 con una selecci\u00f3n de exquisitas piezas de alta joyer\u00eda.<\/p>\n<p class=\"\" data-start=\"528\" data-end=\"933\">El evento, que tuvo lugar el mi\u00e9rcoles 26 de marzo de 2025, fue un homenaje al estilo y sofisticaci\u00f3n que han definido a Tiffany &amp; Co. por generaciones.<\/p>\n<p class=\"\" data-start=\"528\" data-end=\"933\">Antonela Roccuzzo brill\u00f3 con un conjunto de <strong data-start=\"725\" data-end=\"770\">collares de diamantes amarillos y blancos<\/strong>, complementados con unos deslumbrantes <strong data-start=\"810\" data-end=\"845\">aretes de platino con diamantes<\/strong>, una elecci\u00f3n que encarn\u00f3 a la perfecci\u00f3n el glamour y la atemporalidad de la Maison.<\/p>\n<figure id=\"attachment_148864\" aria-describedby=\"caption-attachment-148864\" style=\"width: 453px\" class=\"wp-caption alignnone\"><img loading=\"lazy\" decoding=\"async\" class=\"size-full wp-image-148864\" src=\"https:\/\/graziamagazine.com\/mx\/wp-content\/uploads\/sites\/13\/2025\/03\/Unknown-2.png\" alt=\"Tiffany &amp; Co. deslumbra en S\u00e3o Paulo\" width=\"453\" height=\"466\" srcset=\"https:\/\/graziamagazine.com\/mx\/wp-content\/uploads\/sites\/13\/2025\/03\/Unknown-2.png 453w, https:\/\/graziamagazine.com\/mx\/wp-content\/uploads\/sites\/13\/2025\/03\/Unknown-2-437x450.png 437w, https:\/\/graziamagazine.com\/mx\/wp-content\/uploads\/sites\/13\/2025\/03\/Unknown-2-400x411.png 400w, https:\/\/graziamagazine.com\/mx\/wp-content\/uploads\/sites\/13\/2025\/03\/Unknown-2-155x159.png 155w\" sizes=\"(max-width: 453px) 100vw, 453px\" \/><figcaption id=\"caption-attachment-148864\" class=\"wp-caption-text\">Tiffany &amp; Co. deslumbra en S\u00e3o Paulo<\/figcaption><\/figure>\n<p class=\"\" data-start=\"935\" data-end=\"1334\">El <strong data-start=\"938\" data-end=\"962\">Blue Box Caf\u00e9 Pop-Up<\/strong> llega a S\u00e3o Paulo como una propuesta exclusiva que transporta a los visitantes a la esencia neoyorquina de la marca.<\/p>\n<p class=\"\" data-start=\"935\" data-end=\"1334\">Inspirado en el ic\u00f3nico flagship store de Tiffany &amp; Co. en la Quinta Avenida, el espacio ofrece una experiencia gastron\u00f3mica \u00fanica, en la que los amantes del lujo pueden disfrutar de un elegante desayuno rodeados del emblem\u00e1tico color azul de la firma.<\/p>\n<figure id=\"attachment_148863\" aria-describedby=\"caption-attachment-148863\" style=\"width: 343px\" class=\"wp-caption alignnone\"><img loading=\"lazy\" decoding=\"async\" class=\"size-full wp-image-148863\" src=\"https:\/\/graziamagazine.com\/mx\/wp-content\/uploads\/sites\/13\/2025\/03\/Unknown-1.png\" alt=\"Tiffany &amp; Co. deslumbra en S\u00e3o Paulo\" width=\"343\" height=\"535\" srcset=\"https:\/\/graziamagazine.com\/mx\/wp-content\/uploads\/sites\/13\/2025\/03\/Unknown-1.png 343w, https:\/\/graziamagazine.com\/mx\/wp-content\/uploads\/sites\/13\/2025\/03\/Unknown-1-289x450.png 289w, https:\/\/graziamagazine.com\/mx\/wp-content\/uploads\/sites\/13\/2025\/03\/Unknown-1-138x215.png 138w\" sizes=\"(max-width: 343px) 100vw, 343px\" \/><figcaption id=\"caption-attachment-148863\" class=\"wp-caption-text\">Tiffany &amp; Co. deslumbra en S\u00e3o Paulo<\/figcaption><\/figure>\n<p class=\"\" data-start=\"1336\" data-end=\"1675\">La apertura de este Pop-Up en Brasil marca un nuevo cap\u00edtulo en la historia de Tiffany &amp; Co., reafirmando su presencia en Am\u00e9rica Latina con un concepto que fusiona exclusividad y estilo. La elecci\u00f3n de Antonela Roccuzzo como embajadora del evento refleja la conexi\u00f3n entre la Maison y mujeres que representan sofisticaci\u00f3n y modernidad.<\/p>\n<p class=\"\" data-start=\"1677\" data-end=\"1966\">Desde su lanzamiento en Nueva York, el <strong data-start=\"1716\" data-end=\"1733\">Blue Box Caf\u00e9<\/strong> se ha convertido en un destino imprescindible para quienes buscan una experiencia de lujo \u00fanica. Su llegada a S\u00e3o Paulo responde a la creciente demanda de espacios que combinen dise\u00f1o, gastronom\u00eda y alta joyer\u00eda en un mismo lugar.<\/p>\n<figure id=\"attachment_148866\" aria-describedby=\"caption-attachment-148866\" style=\"width: 353px\" class=\"wp-caption alignnone\"><img loading=\"lazy\" decoding=\"async\" class=\"size-full wp-image-148866\" src=\"https:\/\/graziamagazine.com\/mx\/wp-content\/uploads\/sites\/13\/2025\/03\/Unknown.png\" alt=\"Tiffany &amp; Co. deslumbra en S\u00e3o Paulo\" width=\"353\" height=\"588\" srcset=\"https:\/\/graziamagazine.com\/mx\/wp-content\/uploads\/sites\/13\/2025\/03\/Unknown.png 353w, https:\/\/graziamagazine.com\/mx\/wp-content\/uploads\/sites\/13\/2025\/03\/Unknown-270x450.png 270w, https:\/\/graziamagazine.com\/mx\/wp-content\/uploads\/sites\/13\/2025\/03\/Unknown-129x215.png 129w\" sizes=\"(max-width: 353px) 100vw, 353px\" \/><figcaption id=\"caption-attachment-148866\" class=\"wp-caption-text\">Tiffany &amp; Co. deslumbra en S\u00e3o Paulo<\/figcaption><\/figure>\n<p class=\"\" data-start=\"1968\" data-end=\"2326\">Con cada detalle cuidadosamente dise\u00f1ado para evocar el esp\u00edritu de Tiffany &amp; Co., este Pop-Up promete convertirse en el punto de encuentro ideal para los amantes del glamour.<\/p>\n<p class=\"\" data-start=\"1968\" data-end=\"2326\">La apertura en S\u00e3o Paulo es solo el inicio de un recorrido que podr\u00eda llevar esta experiencia a otras ciudades del mundo, acercando a m\u00e1s personas la magia y el legado de la marca.<\/p>\n<p class=\"\" data-start=\"2328\" data-end=\"2430\">Bienvenidos al Blue Box Caf\u00e9 en S\u00e3o Paulo, donde el lujo y la elegancia se sirven en cada detalle.<\/p>\n<p data-start=\"2328\" data-end=\"2430\"><em><strong>*IMAGEN: Cortes\u00eda<\/strong><\/em><\/p>\n","protected":false},"author":28953,"featured_media":148865,"template":"","format":"standard","categories":[114,4],"acf":[],"yoast_head":"<!-- This site is optimized with the Yoast SEO Premium plugin v18.5 (Yoast SEO v20.4) - https:\/\/yoast.com\/wordpress\/plugins\/seo\/ -->\n<title>Tiffany &amp; Co. deslumbra en S\u00e3o Paulo<\/title>\n<meta name=\"description\" content=\"La ic\u00f3nica joyer\u00eda inaugura su exclusivo Blue Box Caf\u00e9 Pop-Up en Brasil con Antonela Roccuzzo y una experiencia de lujo incomparable.\" \/>\n<meta name=\"robots\" content=\"index, follow, max-snippet:-1, max-image-preview:large, max-video-preview:-1\" \/>\n<link rel=\"canonical\" href=\"https:\/\/graziamagazine.com\/mx\/articles\/tiffany-co-deslumbra-en-sao-paulo\/\" \/>\n<meta property=\"og:locale\" content=\"es_MX\" \/>\n<meta property=\"og:type\" content=\"article\" \/>\n<meta property=\"og:title\" content=\"Tiffany &amp; Co. deslumbra en S\u00e3o Paulo\" \/>\n<meta property=\"og:description\" content=\"La ic\u00f3nica joyer\u00eda inaugura su exclusivo Blue Box Caf\u00e9 Pop-Up en Brasil con Antonela Roccuzzo y una experiencia de lujo incomparable.\" \/>\n<meta property=\"og:url\" content=\"https:\/\/graziamagazine.com\/mx\/articles\/tiffany-co-deslumbra-en-sao-paulo\/\" \/>\n<meta property=\"og:site_name\" content=\"Grazia M\u00e9xico y Latinoam\u00e9rica\" \/>\n<meta property=\"article:modified_time\" content=\"2025-03-28T04:44:54+00:00\" \/>\n<meta property=\"og:image\" content=\"https:\/\/graziamagazine.com\/mx\/wp-content\/uploads\/sites\/13\/2025\/03\/Unknown-scaled-e1743137023938.jpeg\" \/>\n\t<meta property=\"og:image:width\" content=\"1440\" \/>\n\t<meta property=\"og:image:height\" content=\"1271\" \/>\n\t<meta property=\"og:image:type\" content=\"image\/jpeg\" \/>\n<meta name=\"twitter:card\" content=\"summary_large_image\" \/>\n<meta name=\"twitter:label1\" content=\"Est. reading time\" \/>\n\t<meta name=\"twitter:data1\" content=\"3 minutos\" \/>\n<script type=\"application\/ld+json\" class=\"yoast-schema-graph\">{\"@context\":\"https:\/\/schema.org\",\"@graph\":[{\"@type\":\"WebPage\",\"@id\":\"https:\/\/graziamagazine.com\/mx\/articles\/tiffany-co-deslumbra-en-sao-paulo\/\",\"url\":\"https:\/\/graziamagazine.com\/mx\/articles\/tiffany-co-deslumbra-en-sao-paulo\/\",\"name\":\"Tiffany & Co. deslumbra en S\u00e3o Paulo\",\"isPartOf\":{\"@id\":\"https:\/\/graziamagazine.com\/mx\/#website\"},\"datePublished\":\"2025-03-28T14:38:22+00:00\",\"dateModified\":\"2025-03-28T04:44:54+00:00\",\"description\":\"La ic\u00f3nica joyer\u00eda inaugura su exclusivo Blue Box Caf\u00e9 Pop-Up en Brasil con Antonela Roccuzzo y una experiencia de lujo incomparable.\",\"breadcrumb\":{\"@id\":\"https:\/\/graziamagazine.com\/mx\/articles\/tiffany-co-deslumbra-en-sao-paulo\/#breadcrumb\"},\"inLanguage\":\"es-MX\",\"potentialAction\":[{\"@type\":\"ReadAction\",\"target\":[\"https:\/\/graziamagazine.com\/mx\/articles\/tiffany-co-deslumbra-en-sao-paulo\/\"]}]},{\"@type\":\"BreadcrumbList\",\"@id\":\"https:\/\/graziamagazine.com\/mx\/articles\/tiffany-co-deslumbra-en-sao-paulo\/#breadcrumb\",\"itemListElement\":[{\"@type\":\"ListItem\",\"position\":1,\"name\":\"Home\",\"item\":\"https:\/\/graziamagazine.com\/mx\/\"},{\"@type\":\"ListItem\",\"position\":2,\"name\":\"Tiffany &amp; Co. deslumbra en S\u00e3o Paulo\"}]},{\"@type\":\"WebSite\",\"@id\":\"https:\/\/graziamagazine.com\/mx\/#website\",\"url\":\"https:\/\/graziamagazine.com\/mx\/\",\"name\":\"Grazia M\u00e9xico y Latinoam\u00e9rica\",\"description\":\"Grazia es moda, belleza y noticias  de actualidad \",\"potentialAction\":[{\"@type\":\"SearchAction\",\"target\":{\"@type\":\"EntryPoint\",\"urlTemplate\":\"https:\/\/graziamagazine.com\/mx\/?s={search_term_string}\"},\"query-input\":\"required name=search_term_string\"}],\"inLanguage\":\"es-MX\"}]}<\/script>\n<!-- \/ Yoast SEO Premium plugin. -->","yoast_head_json":{"title":"Tiffany & Co. deslumbra en S\u00e3o Paulo","description":"La ic\u00f3nica joyer\u00eda inaugura su exclusivo Blue Box Caf\u00e9 Pop-Up en Brasil con Antonela Roccuzzo y una experiencia de lujo incomparable.","robots":{"index":"index","follow":"follow","max-snippet":"max-snippet:-1","max-image-preview":"max-image-preview:large","max-video-preview":"max-video-preview:-1"},"canonical":"https:\/\/graziamagazine.com\/mx\/articles\/tiffany-co-deslumbra-en-sao-paulo\/","og_locale":"es_MX","og_type":"article","og_title":"Tiffany &amp; Co. deslumbra en S\u00e3o Paulo","og_description":"La ic\u00f3nica joyer\u00eda inaugura su exclusivo Blue Box Caf\u00e9 Pop-Up en Brasil con Antonela Roccuzzo y una experiencia de lujo incomparable.","og_url":"https:\/\/graziamagazine.com\/mx\/articles\/tiffany-co-deslumbra-en-sao-paulo\/","og_site_name":"Grazia M\u00e9xico y Latinoam\u00e9rica","article_modified_time":"2025-03-28T04:44:54+00:00","og_image":[{"width":1440,"height":1271,"url":"https:\/\/graziamagazine.com\/mx\/wp-content\/uploads\/sites\/13\/2025\/03\/Unknown-scaled-e1743137023938.jpeg","type":"image\/jpeg"}],"twitter_card":"summary_large_image","twitter_misc":{"Est. reading time":"3 minutos"},"schema":{"@context":"https:\/\/schema.org","@graph":[{"@type":"WebPage","@id":"https:\/\/graziamagazine.com\/mx\/articles\/tiffany-co-deslumbra-en-sao-paulo\/","url":"https:\/\/graziamagazine.com\/mx\/articles\/tiffany-co-deslumbra-en-sao-paulo\/","name":"Tiffany & Co. deslumbra en S\u00e3o Paulo","isPartOf":{"@id":"https:\/\/graziamagazine.com\/mx\/#website"},"datePublished":"2025-03-28T14:38:22+00:00","dateModified":"2025-03-28T04:44:54+00:00","description":"La ic\u00f3nica joyer\u00eda inaugura su exclusivo Blue Box Caf\u00e9 Pop-Up en Brasil con Antonela Roccuzzo y una experiencia de lujo incomparable.","breadcrumb":{"@id":"https:\/\/graziamagazine.com\/mx\/articles\/tiffany-co-deslumbra-en-sao-paulo\/#breadcrumb"},"inLanguage":"es-MX","potentialAction":[{"@type":"ReadAction","target":["https:\/\/graziamagazine.com\/mx\/articles\/tiffany-co-deslumbra-en-sao-paulo\/"]}]},{"@type":"BreadcrumbList","@id":"https:\/\/graziamagazine.com\/mx\/articles\/tiffany-co-deslumbra-en-sao-paulo\/#breadcrumb","itemListElement":[{"@type":"ListItem","position":1,"name":"Home","item":"https:\/\/graziamagazine.com\/mx\/"},{"@type":"ListItem","position":2,"name":"Tiffany &amp; Co. deslumbra en S\u00e3o Paulo"}]},{"@type":"WebSite","@id":"https:\/\/graziamagazine.com\/mx\/#website","url":"https:\/\/graziamagazine.com\/mx\/","name":"Grazia M\u00e9xico y Latinoam\u00e9rica","description":"Grazia es moda, belleza y noticias  de actualidad ","potentialAction":[{"@type":"SearchAction","target":{"@type":"EntryPoint","urlTemplate":"https:\/\/graziamagazine.com\/mx\/?s={search_term_string}"},"query-input":"required name=search_term_string"}],"inLanguage":"es-MX"}]}},"jetpack_sharing_enabled":true,"distributor_meta":false,"distributor_terms":false,"distributor_media":false,"distributor_original_site_name":"Grazia M\u00e9xico y Latinoam\u00e9rica","distributor_original_site_url":"https:\/\/graziamagazine.com\/mx","push-errors":false,"_links":{"self":[{"href":"https:\/\/graziamagazine.com\/mx\/wp-json\/wp\/v2\/articles\/148861"}],"collection":[{"href":"https:\/\/graziamagazine.com\/mx\/wp-json\/wp\/v2\/articles"}],"about":[{"href":"https:\/\/graziamagazine.com\/mx\/wp-json\/wp\/v2\/types\/articles"}],"author":[{"embeddable":true,"href":"https:\/\/graziamagazine.com\/mx\/wp-json\/wp\/v2\/users\/28953"}],"wp:featuredmedia":[{"embeddable":true,"href":"https:\/\/graziamagazine.com\/mx\/wp-json\/wp\/v2\/media\/148865"}],"wp:attachment":[{"href":"https:\/\/graziamagazine.com\/mx\/wp-json\/wp\/v2\/media?parent=148861"}],"wp:term":[{"taxonomy":"category","embeddable":true,"href":"https:\/\/graziamagazine.com\/mx\/wp-json\/wp\/v2\/categories?post=148861"}],"curies":[{"name":"wp","href":"https:\/\/api.w.org\/{rel}","templated":true}]}}