{"id":148599,"date":"2025-03-24T11:47:03","date_gmt":"2025-03-24T16:47:03","guid":{"rendered":"https:\/\/graziamagazine.com\/mx\/?post_type=articles&#038;p=148599"},"modified":"2025-03-24T13:13:05","modified_gmt":"2025-03-24T18:13:05","slug":"pierre-louis-regresa-diez-anos-despues-a-el-rey-leon-ahora-como-simba","status":"publish","type":"articles","link":"https:\/\/graziamagazine.com\/mx\/articles\/pierre-louis-regresa-diez-anos-despues-a-el-rey-leon-ahora-como-simba\/","title":{"rendered":"Pierre Louis, regresa diez a\u00f1os despu\u00e9s a El Rey Le\u00f3n, ahora como Simba"},"content":{"rendered":"<p>Han pasado diez a\u00f1os desde que Pierre Louis pis\u00f3 por primera vez el escenario de El Rey Le\u00f3n. Entonces era un actor reci\u00e9n egresado, con la ilusi\u00f3n a flor de piel y el deseo ferviente de interpretar a Simba. Hoy, regresa no solo con m\u00e1s experiencia, sino con una nueva perspectiva y una conexi\u00f3n m\u00e1s profunda con el personaje que ahora encarna como titular.<\/p>\n<p>Pierre Louis fue invitado directamente al \u00faltimo callback del casting por el productor Morris Gilbert. \u201cLa verdad es que no ten\u00eda ya las ganas de pertenecer al ensamble porque eso ya lo hab\u00eda hecho, pero cuando me dijo que me ve\u00eda como Simba m\u00e1s que nunca, fue una luz verde para intentarlo de nuevo\u201d.<\/p>\n<p>El proceso fue m\u00e1s corto esta vez, pero la espera no menos intensa. Desde que supo que se hab\u00eda quedado con el papel en agosto, tuvo que esperar hasta enero para comenzar los ensayos. Y desde entonces, su vida ha girado completamente alrededor del escenario: \u201cSon 10 horas de ensayos todos los d\u00edas, es como ser un atleta de alto rendimiento\u201d, dice. \u201cJusto ayer platicaba con Carlos Quezada \u2014(Scar)\u2014 y me dec\u00eda: \u2018Simba tiene que estar a un nivel f\u00edsico alt\u00edsimo\u2019. Y s\u00ed, porque canta, baila, act\u00faa y est\u00e1 en escena casi todo el tiempo\u201d.<\/p>\n<p>&nbsp;<\/p>\n<p>Esta exigencia f\u00edsica se entrelaza con un reto emocional mayor: la construcci\u00f3n del personaje. Aunque en la edici\u00f3n pasada comparti\u00f3 escenario con Carlos Rivera, hoy se ha enfocado en construir un Simba \u00fanico. \u201cNo me gusta basarme en nadie, ni tener referencias. Me gusta construir a partir de mi propia percepci\u00f3n\u2026<\/p>\n<blockquote><p>&#8220;Simba es un personaje que he tenido muy ligado a m\u00ed desde que era chiquito. Relacion\u00e9 muchas p\u00e9rdidas familiares y el divorcio de mis padres con su historia. Es muy m\u00eda\u201d.<\/p><\/blockquote>\n<p>Esa conexi\u00f3n lo lleva a sentir cada funci\u00f3n como una especie de catarsis, sobre todo al interpretar \u201c\u00c9l vive en ti\u201d, la canci\u00f3n en la que Mufasa se aparece a su hijo. \u201cCada funci\u00f3n es inevitable no conectar con esa canci\u00f3n. Es algo que me recuerdo todos los d\u00edas: qui\u00e9n soy y por qu\u00e9 estoy aqu\u00ed\u201d.<\/p>\n<p>La madurez tambi\u00e9n ha transformado su forma de ver este regreso. \u201cHace diez a\u00f1os ten\u00eda el \u00edmpetu de querer que todo sucediera ya. Pero fue una gran lecci\u00f3n tener que soltar ese personaje. Hoy, con m\u00e1s experiencia, me da una enorme gratitud y humildad saber que las cosas llegan cuando tienen que llegar\u201d. Pierre encuentra incluso un paralelismo po\u00e9tico:<\/p>\n<blockquote><p>\u201cDiez a\u00f1os despu\u00e9s, regreso a reclamar mi trono, como Simba\u201d.<\/p><\/blockquote>\n<p><img loading=\"lazy\" decoding=\"async\" class=\"size-medium wp-image-148601 aligncenter\" src=\"https:\/\/graziamagazine.com\/mx\/wp-content\/uploads\/sites\/13\/2025\/03\/RL__1080x1920-253x450.jpg\" alt=\"\" width=\"253\" height=\"450\" srcset=\"https:\/\/graziamagazine.com\/mx\/wp-content\/uploads\/sites\/13\/2025\/03\/RL__1080x1920-253x450.jpg 253w, https:\/\/graziamagazine.com\/mx\/wp-content\/uploads\/sites\/13\/2025\/03\/RL__1080x1920-576x1024.jpg 576w, https:\/\/graziamagazine.com\/mx\/wp-content\/uploads\/sites\/13\/2025\/03\/RL__1080x1920-768x1365.jpg 768w, https:\/\/graziamagazine.com\/mx\/wp-content\/uploads\/sites\/13\/2025\/03\/RL__1080x1920-864x1536.jpg 864w, https:\/\/graziamagazine.com\/mx\/wp-content\/uploads\/sites\/13\/2025\/03\/RL__1080x1920-400x711.jpg 400w, https:\/\/graziamagazine.com\/mx\/wp-content\/uploads\/sites\/13\/2025\/03\/RL__1080x1920-121x215.jpg 121w, https:\/\/graziamagazine.com\/mx\/wp-content\/uploads\/sites\/13\/2025\/03\/RL__1080x1920.jpg 1080w\" sizes=\"(max-width: 253px) 100vw, 253px\" \/><\/p>\n<p>&nbsp;<\/p>\n<p>Sobre el elenco, Pierre destaca la qu\u00edmica que ha construido con Majo Dom\u00ednguez, quien interpreta a Nala: \u201cEs una relaci\u00f3n tan cercana que se vibra en escena. Es uno de los comentarios m\u00e1s comunes: la conexi\u00f3n que tenemos. Nos queremos much\u00edsimo\u201d. Tambi\u00e9n se reencuentra con colegas de hace una d\u00e9cada, como Carlos Quezada y Eli Nassau, quienes en su momento fueron covers o parte del equipo t\u00e9cnico, y hoy son titulares.<\/p>\n<p>M\u00e1s all\u00e1 del musical, Pierre reafirma su amor por el teatro, ese lugar donde el actor se expone sin red de seguridad. \u201cEl teatro involucra todo el cuerpo. Est\u00e1s desnudo ante la gente. Es la base m\u00e1s s\u00f3lida y antigua de la actuaci\u00f3n. Lo m\u00e1s retador, pero tambi\u00e9n lo que m\u00e1s te llena. La energ\u00eda que das, el p\u00fablico te la regresa, y eso es muy adictivo\u201d.<\/p>\n<p>Con un rugido que suena m\u00e1s fuerte que nunca, Pierre Louis demuestra que el viaje de Simba no solo es uno de redenci\u00f3n, sino tambi\u00e9n de madurez, entrega y profundo amor por el arte esc\u00e9nico. \u201cHoy disfruto m\u00e1s que nunca estar haci\u00e9ndolo. Todo encaja como un engranaje perfecto\u201d.<\/p>\n","protected":false},"author":42739,"featured_media":148600,"template":"","format":"standard","categories":[114],"acf":[],"yoast_head":"<!-- This site is optimized with the Yoast SEO Premium plugin v18.5 (Yoast SEO v20.4) - https:\/\/yoast.com\/wordpress\/plugins\/seo\/ -->\n<title>Pierre Louis, regresa diez a\u00f1os despu\u00e9s a El Rey Le\u00f3n, ahora como Simba | Grazia M\u00e9xico y Latinoam\u00e9rica<\/title>\n<meta name=\"description\" content=\"Han pasado diez a\u00f1os desde que Pierre Louis pis\u00f3 por primera vez el escenario de El Rey Le\u00f3n. Entonces era un actor reci\u00e9n egresado, con la ilusi\u00f3n a flor\" \/>\n<meta name=\"robots\" content=\"index, follow, max-snippet:-1, max-image-preview:large, max-video-preview:-1\" \/>\n<link rel=\"canonical\" href=\"https:\/\/graziamagazine.com\/mx\/articles\/pierre-louis-regresa-diez-anos-despues-a-el-rey-leon-ahora-como-simba\/\" \/>\n<meta property=\"og:locale\" content=\"es_MX\" \/>\n<meta property=\"og:type\" content=\"article\" \/>\n<meta property=\"og:title\" content=\"Pierre Louis, regresa diez a\u00f1os despu\u00e9s a El Rey Le\u00f3n, ahora como Simba\" \/>\n<meta property=\"og:description\" content=\"Han pasado diez a\u00f1os desde que Pierre Louis pis\u00f3 por primera vez el escenario de El Rey Le\u00f3n. Entonces era un actor reci\u00e9n egresado, con la ilusi\u00f3n a flor\" \/>\n<meta property=\"og:url\" content=\"https:\/\/graziamagazine.com\/mx\/articles\/pierre-louis-regresa-diez-anos-despues-a-el-rey-leon-ahora-como-simba\/\" \/>\n<meta property=\"og:site_name\" content=\"Grazia M\u00e9xico y Latinoam\u00e9rica\" \/>\n<meta property=\"article:modified_time\" content=\"2025-03-24T18:13:05+00:00\" \/>\n<meta property=\"og:image\" content=\"https:\/\/graziamagazine.com\/mx\/wp-content\/uploads\/sites\/13\/2025\/03\/JAR3809-1-2-scaled.jpg\" \/>\n\t<meta property=\"og:image:width\" content=\"1707\" \/>\n\t<meta property=\"og:image:height\" content=\"2560\" \/>\n\t<meta property=\"og:image:type\" content=\"image\/jpeg\" \/>\n<meta name=\"twitter:card\" content=\"summary_large_image\" \/>\n<meta name=\"twitter:label1\" content=\"Est. reading time\" \/>\n\t<meta name=\"twitter:data1\" content=\"3 minutos\" \/>\n<script type=\"application\/ld+json\" class=\"yoast-schema-graph\">{\"@context\":\"https:\/\/schema.org\",\"@graph\":[{\"@type\":\"WebPage\",\"@id\":\"https:\/\/graziamagazine.com\/mx\/articles\/pierre-louis-regresa-diez-anos-despues-a-el-rey-leon-ahora-como-simba\/\",\"url\":\"https:\/\/graziamagazine.com\/mx\/articles\/pierre-louis-regresa-diez-anos-despues-a-el-rey-leon-ahora-como-simba\/\",\"name\":\"Pierre Louis, regresa diez a\u00f1os despu\u00e9s a El Rey Le\u00f3n, ahora como Simba | Grazia M\u00e9xico y Latinoam\u00e9rica\",\"isPartOf\":{\"@id\":\"https:\/\/graziamagazine.com\/mx\/#website\"},\"datePublished\":\"2025-03-24T16:47:03+00:00\",\"dateModified\":\"2025-03-24T18:13:05+00:00\",\"description\":\"Han pasado diez a\u00f1os desde que Pierre Louis pis\u00f3 por primera vez el escenario de El Rey Le\u00f3n. Entonces era un actor reci\u00e9n egresado, con la ilusi\u00f3n a flor\",\"breadcrumb\":{\"@id\":\"https:\/\/graziamagazine.com\/mx\/articles\/pierre-louis-regresa-diez-anos-despues-a-el-rey-leon-ahora-como-simba\/#breadcrumb\"},\"inLanguage\":\"es-MX\",\"potentialAction\":[{\"@type\":\"ReadAction\",\"target\":[\"https:\/\/graziamagazine.com\/mx\/articles\/pierre-louis-regresa-diez-anos-despues-a-el-rey-leon-ahora-como-simba\/\"]}]},{\"@type\":\"BreadcrumbList\",\"@id\":\"https:\/\/graziamagazine.com\/mx\/articles\/pierre-louis-regresa-diez-anos-despues-a-el-rey-leon-ahora-como-simba\/#breadcrumb\",\"itemListElement\":[{\"@type\":\"ListItem\",\"position\":1,\"name\":\"Home\",\"item\":\"https:\/\/graziamagazine.com\/mx\/\"},{\"@type\":\"ListItem\",\"position\":2,\"name\":\"Pierre Louis, regresa diez a\u00f1os despu\u00e9s a El Rey Le\u00f3n, ahora como Simba\"}]},{\"@type\":\"WebSite\",\"@id\":\"https:\/\/graziamagazine.com\/mx\/#website\",\"url\":\"https:\/\/graziamagazine.com\/mx\/\",\"name\":\"Grazia M\u00e9xico y Latinoam\u00e9rica\",\"description\":\"Grazia es moda, belleza y noticias  de actualidad \",\"potentialAction\":[{\"@type\":\"SearchAction\",\"target\":{\"@type\":\"EntryPoint\",\"urlTemplate\":\"https:\/\/graziamagazine.com\/mx\/?s={search_term_string}\"},\"query-input\":\"required name=search_term_string\"}],\"inLanguage\":\"es-MX\"}]}<\/script>\n<!-- \/ Yoast SEO Premium plugin. -->","yoast_head_json":{"title":"Pierre Louis, regresa diez a\u00f1os despu\u00e9s a El Rey Le\u00f3n, ahora como Simba | Grazia M\u00e9xico y Latinoam\u00e9rica","description":"Han pasado diez a\u00f1os desde que Pierre Louis pis\u00f3 por primera vez el escenario de El Rey Le\u00f3n. Entonces era un actor reci\u00e9n egresado, con la ilusi\u00f3n a flor","robots":{"index":"index","follow":"follow","max-snippet":"max-snippet:-1","max-image-preview":"max-image-preview:large","max-video-preview":"max-video-preview:-1"},"canonical":"https:\/\/graziamagazine.com\/mx\/articles\/pierre-louis-regresa-diez-anos-despues-a-el-rey-leon-ahora-como-simba\/","og_locale":"es_MX","og_type":"article","og_title":"Pierre Louis, regresa diez a\u00f1os despu\u00e9s a El Rey Le\u00f3n, ahora como Simba","og_description":"Han pasado diez a\u00f1os desde que Pierre Louis pis\u00f3 por primera vez el escenario de El Rey Le\u00f3n. Entonces era un actor reci\u00e9n egresado, con la ilusi\u00f3n a flor","og_url":"https:\/\/graziamagazine.com\/mx\/articles\/pierre-louis-regresa-diez-anos-despues-a-el-rey-leon-ahora-como-simba\/","og_site_name":"Grazia M\u00e9xico y Latinoam\u00e9rica","article_modified_time":"2025-03-24T18:13:05+00:00","og_image":[{"width":1707,"height":2560,"url":"https:\/\/graziamagazine.com\/mx\/wp-content\/uploads\/sites\/13\/2025\/03\/JAR3809-1-2-scaled.jpg","type":"image\/jpeg"}],"twitter_card":"summary_large_image","twitter_misc":{"Est. reading time":"3 minutos"},"schema":{"@context":"https:\/\/schema.org","@graph":[{"@type":"WebPage","@id":"https:\/\/graziamagazine.com\/mx\/articles\/pierre-louis-regresa-diez-anos-despues-a-el-rey-leon-ahora-como-simba\/","url":"https:\/\/graziamagazine.com\/mx\/articles\/pierre-louis-regresa-diez-anos-despues-a-el-rey-leon-ahora-como-simba\/","name":"Pierre Louis, regresa diez a\u00f1os despu\u00e9s a El Rey Le\u00f3n, ahora como Simba | Grazia M\u00e9xico y Latinoam\u00e9rica","isPartOf":{"@id":"https:\/\/graziamagazine.com\/mx\/#website"},"datePublished":"2025-03-24T16:47:03+00:00","dateModified":"2025-03-24T18:13:05+00:00","description":"Han pasado diez a\u00f1os desde que Pierre Louis pis\u00f3 por primera vez el escenario de El Rey Le\u00f3n. Entonces era un actor reci\u00e9n egresado, con la ilusi\u00f3n a flor","breadcrumb":{"@id":"https:\/\/graziamagazine.com\/mx\/articles\/pierre-louis-regresa-diez-anos-despues-a-el-rey-leon-ahora-como-simba\/#breadcrumb"},"inLanguage":"es-MX","potentialAction":[{"@type":"ReadAction","target":["https:\/\/graziamagazine.com\/mx\/articles\/pierre-louis-regresa-diez-anos-despues-a-el-rey-leon-ahora-como-simba\/"]}]},{"@type":"BreadcrumbList","@id":"https:\/\/graziamagazine.com\/mx\/articles\/pierre-louis-regresa-diez-anos-despues-a-el-rey-leon-ahora-como-simba\/#breadcrumb","itemListElement":[{"@type":"ListItem","position":1,"name":"Home","item":"https:\/\/graziamagazine.com\/mx\/"},{"@type":"ListItem","position":2,"name":"Pierre Louis, regresa diez a\u00f1os despu\u00e9s a El Rey Le\u00f3n, ahora como Simba"}]},{"@type":"WebSite","@id":"https:\/\/graziamagazine.com\/mx\/#website","url":"https:\/\/graziamagazine.com\/mx\/","name":"Grazia M\u00e9xico y Latinoam\u00e9rica","description":"Grazia es moda, belleza y noticias  de actualidad ","potentialAction":[{"@type":"SearchAction","target":{"@type":"EntryPoint","urlTemplate":"https:\/\/graziamagazine.com\/mx\/?s={search_term_string}"},"query-input":"required name=search_term_string"}],"inLanguage":"es-MX"}]}},"jetpack_sharing_enabled":true,"distributor_meta":false,"distributor_terms":false,"distributor_media":false,"distributor_original_site_name":"Grazia M\u00e9xico y Latinoam\u00e9rica","distributor_original_site_url":"https:\/\/graziamagazine.com\/mx","push-errors":false,"_links":{"self":[{"href":"https:\/\/graziamagazine.com\/mx\/wp-json\/wp\/v2\/articles\/148599"}],"collection":[{"href":"https:\/\/graziamagazine.com\/mx\/wp-json\/wp\/v2\/articles"}],"about":[{"href":"https:\/\/graziamagazine.com\/mx\/wp-json\/wp\/v2\/types\/articles"}],"author":[{"embeddable":true,"href":"https:\/\/graziamagazine.com\/mx\/wp-json\/wp\/v2\/users\/42739"}],"wp:featuredmedia":[{"embeddable":true,"href":"https:\/\/graziamagazine.com\/mx\/wp-json\/wp\/v2\/media\/148600"}],"wp:attachment":[{"href":"https:\/\/graziamagazine.com\/mx\/wp-json\/wp\/v2\/media?parent=148599"}],"wp:term":[{"taxonomy":"category","embeddable":true,"href":"https:\/\/graziamagazine.com\/mx\/wp-json\/wp\/v2\/categories?post=148599"}],"curies":[{"name":"wp","href":"https:\/\/api.w.org\/{rel}","templated":true}]}}