{"id":148592,"date":"2025-03-24T10:25:56","date_gmt":"2025-03-24T15:25:56","guid":{"rendered":"https:\/\/graziamagazine.com\/mx\/?post_type=articles&#038;p=148592"},"modified":"2025-03-24T10:34:32","modified_gmt":"2025-03-24T15:34:32","slug":"el-nuevo-adn-de-loewe","status":"publish","type":"articles","link":"https:\/\/graziamagazine.com\/mx\/articles\/el-nuevo-adn-de-loewe\/","title":{"rendered":"El nuevo ADN de Loewe"},"content":{"rendered":"<article class=\"group\/turn w-full text-token-text-primary focus-visible:outline-2 focus-visible:outline-offset-[-4px]\" dir=\"auto\" data-testid=\"conversation-turn-56\" data-scroll-anchor=\"true\">\n<div class=\"text-base my-auto mx-auto py-[18px] px-6\">\n<div class=\"mx-auto flex flex-1 text-base gap-4 md:gap-5 lg:gap-6 md:max-w-3xl lg:max-w-[40rem] xl:max-w-[48rem]\">\n<div class=\"group\/conversation-turn relative flex w-full min-w-0 flex-col agent-turn @xs\/thread:px-0 @sm\/thread:px-1.5 @md\/thread:px-4\">\n<div class=\"flex-col gap-1 md:gap-3\">\n<div class=\"flex max-w-full flex-col flex-grow\">\n<div class=\"min-h-8 text-message relative flex w-full flex-col items-end gap-2 whitespace-normal break-words text-start [.text-message+&amp;]:mt-5\" dir=\"auto\" data-message-author-role=\"assistant\" data-message-id=\"4958576a-1571-401e-88b3-030961be0900\" data-message-model-slug=\"gpt-4o\">\n<div class=\"flex w-full flex-col gap-1 empty:hidden first:pt-[3px]\">\n<div class=\"markdown prose w-full break-words dark:prose-invert light\">\n<p class=\"\" data-start=\"168\" data-end=\"631\">La llegada de Jack McCollough y Lazaro Hernandez como directores creativos de Loewe marca el inicio de una era con nuevas perspectivas.<\/p>\n<p class=\"\" data-start=\"168\" data-end=\"631\">Despu\u00e9s de construir un legado con Proenza Schouler, los dise\u00f1adores neoyorquinos han demostrado que su visi\u00f3n de la moda combina modernidad, artesan\u00eda y un enfoque arquitect\u00f3nico en cada prenda. Ahora que toman las riendas de Loewe, la gran pregunta es: \u00bfqu\u00e9 elementos de su identidad veremos reflejados en esta nueva etapa?<\/p>\n<p class=\"\" data-start=\"633\" data-end=\"1112\">Uno de los aspectos m\u00e1s distintivos de Proenza Schouler ha sido su impecable sastrer\u00eda. Durante m\u00e1s de dos d\u00e9cadas, han perfeccionado cortes estructurados y siluetas pulidas que redefinen la feminidad contempor\u00e1nea.<\/p>\n<figure id=\"attachment_148595\" aria-describedby=\"caption-attachment-148595\" style=\"width: 666px\" class=\"wp-caption alignnone\"><img loading=\"lazy\" decoding=\"async\" class=\"size-large wp-image-148595\" src=\"https:\/\/graziamagazine.com\/mx\/wp-content\/uploads\/sites\/13\/2025\/03\/Captura-de-Pantalla-2025-03-24-a-las-9.31.05-666x1024.png\" alt=\"El nuevo ADN de Loewe\" width=\"666\" height=\"1024\" srcset=\"https:\/\/graziamagazine.com\/mx\/wp-content\/uploads\/sites\/13\/2025\/03\/Captura-de-Pantalla-2025-03-24-a-las-9.31.05-666x1024.png 666w, https:\/\/graziamagazine.com\/mx\/wp-content\/uploads\/sites\/13\/2025\/03\/Captura-de-Pantalla-2025-03-24-a-las-9.31.05-293x450.png 293w, https:\/\/graziamagazine.com\/mx\/wp-content\/uploads\/sites\/13\/2025\/03\/Captura-de-Pantalla-2025-03-24-a-las-9.31.05-768x1180.png 768w, https:\/\/graziamagazine.com\/mx\/wp-content\/uploads\/sites\/13\/2025\/03\/Captura-de-Pantalla-2025-03-24-a-las-9.31.05-999x1536.png 999w, https:\/\/graziamagazine.com\/mx\/wp-content\/uploads\/sites\/13\/2025\/03\/Captura-de-Pantalla-2025-03-24-a-las-9.31.05-400x615.png 400w, https:\/\/graziamagazine.com\/mx\/wp-content\/uploads\/sites\/13\/2025\/03\/Captura-de-Pantalla-2025-03-24-a-las-9.31.05-140x215.png 140w, https:\/\/graziamagazine.com\/mx\/wp-content\/uploads\/sites\/13\/2025\/03\/Captura-de-Pantalla-2025-03-24-a-las-9.31.05.png 1002w\" sizes=\"(max-width: 666px) 100vw, 666px\" \/><figcaption id=\"caption-attachment-148595\" class=\"wp-caption-text\">El nuevo ADN de Loewe<\/figcaption><\/figure>\n<p class=\"\" data-start=\"633\" data-end=\"1112\">Loewe, bajo la direcci\u00f3n de Jonathan Anderson, se caracteriz\u00f3 por una aproximaci\u00f3n m\u00e1s experimental y vanguardista. Con McCollough y Hernandez al mando, es probable que veamos un regreso a l\u00edneas m\u00e1s definidas, con un equilibrio entre lo cl\u00e1sico y lo innovador.<\/p>\n<p class=\"\" data-start=\"1114\" data-end=\"1583\">Otro punto clave ser\u00e1 la evoluci\u00f3n de los materiales y t\u00e9cnicas artesanales. Loewe ha construido su reputaci\u00f3n sobre la excelencia en marroquiner\u00eda y el trabajo en cuero, mientras que Proenza Schouler ha explorado texturas inesperadas y mezclas de tejidos t\u00e9cnicos con acabados de lujo.<\/p>\n<figure id=\"attachment_148594\" aria-describedby=\"caption-attachment-148594\" style=\"width: 666px\" class=\"wp-caption alignnone\"><img loading=\"lazy\" decoding=\"async\" class=\"size-large wp-image-148594\" src=\"https:\/\/graziamagazine.com\/mx\/wp-content\/uploads\/sites\/13\/2025\/03\/Captura-de-Pantalla-2025-03-24-a-las-9.31.02-666x1024.png\" alt=\"El nuevo ADN de Loewe\" width=\"666\" height=\"1024\" srcset=\"https:\/\/graziamagazine.com\/mx\/wp-content\/uploads\/sites\/13\/2025\/03\/Captura-de-Pantalla-2025-03-24-a-las-9.31.02-666x1024.png 666w, https:\/\/graziamagazine.com\/mx\/wp-content\/uploads\/sites\/13\/2025\/03\/Captura-de-Pantalla-2025-03-24-a-las-9.31.02-293x450.png 293w, https:\/\/graziamagazine.com\/mx\/wp-content\/uploads\/sites\/13\/2025\/03\/Captura-de-Pantalla-2025-03-24-a-las-9.31.02-768x1180.png 768w, https:\/\/graziamagazine.com\/mx\/wp-content\/uploads\/sites\/13\/2025\/03\/Captura-de-Pantalla-2025-03-24-a-las-9.31.02-999x1536.png 999w, https:\/\/graziamagazine.com\/mx\/wp-content\/uploads\/sites\/13\/2025\/03\/Captura-de-Pantalla-2025-03-24-a-las-9.31.02-400x615.png 400w, https:\/\/graziamagazine.com\/mx\/wp-content\/uploads\/sites\/13\/2025\/03\/Captura-de-Pantalla-2025-03-24-a-las-9.31.02-140x215.png 140w, https:\/\/graziamagazine.com\/mx\/wp-content\/uploads\/sites\/13\/2025\/03\/Captura-de-Pantalla-2025-03-24-a-las-9.31.02.png 1002w\" sizes=\"(max-width: 666px) 100vw, 666px\" \/><figcaption id=\"caption-attachment-148594\" class=\"wp-caption-text\">El nuevo ADN de Loewe<\/figcaption><\/figure>\n<p class=\"\" data-start=\"1114\" data-end=\"1583\">Esta combinaci\u00f3n promete una nueva propuesta donde la innovaci\u00f3n en materiales se convierta en un pilar esencial, sin perder la herencia artesanal que distingue a la casa espa\u00f1ola.<\/p>\n<p class=\"\" data-start=\"1585\" data-end=\"1992\">En cuanto a la est\u00e9tica, McCollough y Hernandez han sabido capturar la esencia de la mujer cosmopolita: sofisticada, pero con un aire relajado. Loewe, por su parte, ha sido un laboratorio de experimentaci\u00f3n creativa que desaf\u00eda lo convencional. La fusi\u00f3n de ambos mundos podr\u00eda dar lugar a una versi\u00f3n m\u00e1s refinada de Loewe, sin perder ese esp\u00edritu art\u00edstico que la marca ha cultivado en los \u00faltimos a\u00f1os.<\/p>\n<figure id=\"attachment_148593\" aria-describedby=\"caption-attachment-148593\" style=\"width: 666px\" class=\"wp-caption alignnone\"><img loading=\"lazy\" decoding=\"async\" class=\"size-large wp-image-148593\" src=\"https:\/\/graziamagazine.com\/mx\/wp-content\/uploads\/sites\/13\/2025\/03\/Captura-de-Pantalla-2025-03-24-a-las-9.30.57-666x1024.png\" alt=\"El nuevo ADN de Loewe\" width=\"666\" height=\"1024\" srcset=\"https:\/\/graziamagazine.com\/mx\/wp-content\/uploads\/sites\/13\/2025\/03\/Captura-de-Pantalla-2025-03-24-a-las-9.30.57-666x1024.png 666w, https:\/\/graziamagazine.com\/mx\/wp-content\/uploads\/sites\/13\/2025\/03\/Captura-de-Pantalla-2025-03-24-a-las-9.30.57-293x450.png 293w, https:\/\/graziamagazine.com\/mx\/wp-content\/uploads\/sites\/13\/2025\/03\/Captura-de-Pantalla-2025-03-24-a-las-9.30.57-768x1180.png 768w, https:\/\/graziamagazine.com\/mx\/wp-content\/uploads\/sites\/13\/2025\/03\/Captura-de-Pantalla-2025-03-24-a-las-9.30.57-999x1536.png 999w, https:\/\/graziamagazine.com\/mx\/wp-content\/uploads\/sites\/13\/2025\/03\/Captura-de-Pantalla-2025-03-24-a-las-9.30.57-400x615.png 400w, https:\/\/graziamagazine.com\/mx\/wp-content\/uploads\/sites\/13\/2025\/03\/Captura-de-Pantalla-2025-03-24-a-las-9.30.57-140x215.png 140w, https:\/\/graziamagazine.com\/mx\/wp-content\/uploads\/sites\/13\/2025\/03\/Captura-de-Pantalla-2025-03-24-a-las-9.30.57.png 1002w\" sizes=\"(max-width: 666px) 100vw, 666px\" \/><figcaption id=\"caption-attachment-148593\" class=\"wp-caption-text\">El nuevo ADN de Loewe<\/figcaption><\/figure>\n<p class=\"\" data-start=\"1994\" data-end=\"2397\">La transici\u00f3n de liderazgo en una casa de lujo siempre genera expectativa y debate. Algunos ven esta nueva etapa como una oportunidad para consolidar a Loewe en un mercado a\u00fan m\u00e1s global, mientras que otros temen perder la irreverencia que defini\u00f3 la era Anderson.<\/p>\n<p class=\"\" data-start=\"1994\" data-end=\"2397\">Lo que es seguro es que McCollough y Hernandez tienen el talento y la visi\u00f3n para escribir un nuevo cap\u00edtulo en la historia de la marca.<\/p>\n<p class=\"\" data-start=\"2399\" data-end=\"2534\">\u00bfSer\u00e1 esta la combinaci\u00f3n perfecta entre minimalismo neoyorquino y artesan\u00eda espa\u00f1ola? La respuesta estar\u00e1 en sus primeras colecciones.<\/p>\n<p data-start=\"2399\" data-end=\"2534\"><em><strong>*IMAGEN: Google Images<\/strong><\/em><\/p>\n<\/div>\n<\/div>\n<\/div>\n<\/div>\n<\/div>\n<\/div>\n<\/div>\n<\/div>\n<\/article>\n<div class=\"pointer-events-none h-px w-px\" aria-hidden=\"true\" data-edge=\"true\"><\/div>\n","protected":false},"author":28953,"featured_media":148598,"template":"","format":"standard","categories":[4],"acf":[],"yoast_head":"<!-- This site is optimized with the Yoast SEO Premium plugin v18.5 (Yoast SEO v20.4) - https:\/\/yoast.com\/wordpress\/plugins\/seo\/ -->\n<title>El nuevo ADN de Loewe<\/title>\n<meta name=\"description\" content=\"Jack McCollough y Lazaro Hernandez traen su sello caracter\u00edstico a Loewe. \u00bfC\u00f3mo influir\u00e1 su visi\u00f3n en esta ic\u00f3nica casa de lujo?\" \/>\n<meta name=\"robots\" content=\"index, follow, max-snippet:-1, max-image-preview:large, max-video-preview:-1\" \/>\n<link rel=\"canonical\" href=\"https:\/\/graziamagazine.com\/mx\/articles\/el-nuevo-adn-de-loewe\/\" \/>\n<meta property=\"og:locale\" content=\"es_MX\" \/>\n<meta property=\"og:type\" content=\"article\" \/>\n<meta property=\"og:title\" content=\"El nuevo ADN de Loewe\" \/>\n<meta property=\"og:description\" content=\"Jack McCollough y Lazaro Hernandez traen su sello caracter\u00edstico a Loewe. \u00bfC\u00f3mo influir\u00e1 su visi\u00f3n en esta ic\u00f3nica casa de lujo?\" \/>\n<meta property=\"og:url\" content=\"https:\/\/graziamagazine.com\/mx\/articles\/el-nuevo-adn-de-loewe\/\" \/>\n<meta property=\"og:site_name\" content=\"Grazia M\u00e9xico y Latinoam\u00e9rica\" \/>\n<meta property=\"article:modified_time\" content=\"2025-03-24T15:34:32+00:00\" \/>\n<meta property=\"og:image\" content=\"https:\/\/graziamagazine.com\/mx\/wp-content\/uploads\/sites\/13\/2025\/03\/Captura-de-Pantalla-2025-03-24-a-las-9.32.24-1024x804.png\" \/>\n\t<meta property=\"og:image:width\" content=\"1024\" \/>\n\t<meta property=\"og:image:height\" content=\"804\" \/>\n\t<meta property=\"og:image:type\" content=\"image\/png\" \/>\n<meta name=\"twitter:card\" content=\"summary_large_image\" \/>\n<meta name=\"twitter:label1\" content=\"Est. reading time\" \/>\n\t<meta name=\"twitter:data1\" content=\"3 minutos\" \/>\n<script type=\"application\/ld+json\" class=\"yoast-schema-graph\">{\"@context\":\"https:\/\/schema.org\",\"@graph\":[{\"@type\":\"WebPage\",\"@id\":\"https:\/\/graziamagazine.com\/mx\/articles\/el-nuevo-adn-de-loewe\/\",\"url\":\"https:\/\/graziamagazine.com\/mx\/articles\/el-nuevo-adn-de-loewe\/\",\"name\":\"El nuevo ADN de Loewe\",\"isPartOf\":{\"@id\":\"https:\/\/graziamagazine.com\/mx\/#website\"},\"datePublished\":\"2025-03-24T15:25:56+00:00\",\"dateModified\":\"2025-03-24T15:34:32+00:00\",\"description\":\"Jack McCollough y Lazaro Hernandez traen su sello caracter\u00edstico a Loewe. \u00bfC\u00f3mo influir\u00e1 su visi\u00f3n en esta ic\u00f3nica casa de lujo?\",\"breadcrumb\":{\"@id\":\"https:\/\/graziamagazine.com\/mx\/articles\/el-nuevo-adn-de-loewe\/#breadcrumb\"},\"inLanguage\":\"es-MX\",\"potentialAction\":[{\"@type\":\"ReadAction\",\"target\":[\"https:\/\/graziamagazine.com\/mx\/articles\/el-nuevo-adn-de-loewe\/\"]}]},{\"@type\":\"BreadcrumbList\",\"@id\":\"https:\/\/graziamagazine.com\/mx\/articles\/el-nuevo-adn-de-loewe\/#breadcrumb\",\"itemListElement\":[{\"@type\":\"ListItem\",\"position\":1,\"name\":\"Home\",\"item\":\"https:\/\/graziamagazine.com\/mx\/\"},{\"@type\":\"ListItem\",\"position\":2,\"name\":\"El nuevo ADN de Loewe\"}]},{\"@type\":\"WebSite\",\"@id\":\"https:\/\/graziamagazine.com\/mx\/#website\",\"url\":\"https:\/\/graziamagazine.com\/mx\/\",\"name\":\"Grazia M\u00e9xico y Latinoam\u00e9rica\",\"description\":\"Grazia es moda, belleza y noticias  de actualidad \",\"potentialAction\":[{\"@type\":\"SearchAction\",\"target\":{\"@type\":\"EntryPoint\",\"urlTemplate\":\"https:\/\/graziamagazine.com\/mx\/?s={search_term_string}\"},\"query-input\":\"required name=search_term_string\"}],\"inLanguage\":\"es-MX\"}]}<\/script>\n<!-- \/ Yoast SEO Premium plugin. -->","yoast_head_json":{"title":"El nuevo ADN de Loewe","description":"Jack McCollough y Lazaro Hernandez traen su sello caracter\u00edstico a Loewe. \u00bfC\u00f3mo influir\u00e1 su visi\u00f3n en esta ic\u00f3nica casa de lujo?","robots":{"index":"index","follow":"follow","max-snippet":"max-snippet:-1","max-image-preview":"max-image-preview:large","max-video-preview":"max-video-preview:-1"},"canonical":"https:\/\/graziamagazine.com\/mx\/articles\/el-nuevo-adn-de-loewe\/","og_locale":"es_MX","og_type":"article","og_title":"El nuevo ADN de Loewe","og_description":"Jack McCollough y Lazaro Hernandez traen su sello caracter\u00edstico a Loewe. \u00bfC\u00f3mo influir\u00e1 su visi\u00f3n en esta ic\u00f3nica casa de lujo?","og_url":"https:\/\/graziamagazine.com\/mx\/articles\/el-nuevo-adn-de-loewe\/","og_site_name":"Grazia M\u00e9xico y Latinoam\u00e9rica","article_modified_time":"2025-03-24T15:34:32+00:00","og_image":[{"width":1024,"height":804,"url":"https:\/\/graziamagazine.com\/mx\/wp-content\/uploads\/sites\/13\/2025\/03\/Captura-de-Pantalla-2025-03-24-a-las-9.32.24-1024x804.png","type":"image\/png"}],"twitter_card":"summary_large_image","twitter_misc":{"Est. reading time":"3 minutos"},"schema":{"@context":"https:\/\/schema.org","@graph":[{"@type":"WebPage","@id":"https:\/\/graziamagazine.com\/mx\/articles\/el-nuevo-adn-de-loewe\/","url":"https:\/\/graziamagazine.com\/mx\/articles\/el-nuevo-adn-de-loewe\/","name":"El nuevo ADN de Loewe","isPartOf":{"@id":"https:\/\/graziamagazine.com\/mx\/#website"},"datePublished":"2025-03-24T15:25:56+00:00","dateModified":"2025-03-24T15:34:32+00:00","description":"Jack McCollough y Lazaro Hernandez traen su sello caracter\u00edstico a Loewe. \u00bfC\u00f3mo influir\u00e1 su visi\u00f3n en esta ic\u00f3nica casa de lujo?","breadcrumb":{"@id":"https:\/\/graziamagazine.com\/mx\/articles\/el-nuevo-adn-de-loewe\/#breadcrumb"},"inLanguage":"es-MX","potentialAction":[{"@type":"ReadAction","target":["https:\/\/graziamagazine.com\/mx\/articles\/el-nuevo-adn-de-loewe\/"]}]},{"@type":"BreadcrumbList","@id":"https:\/\/graziamagazine.com\/mx\/articles\/el-nuevo-adn-de-loewe\/#breadcrumb","itemListElement":[{"@type":"ListItem","position":1,"name":"Home","item":"https:\/\/graziamagazine.com\/mx\/"},{"@type":"ListItem","position":2,"name":"El nuevo ADN de Loewe"}]},{"@type":"WebSite","@id":"https:\/\/graziamagazine.com\/mx\/#website","url":"https:\/\/graziamagazine.com\/mx\/","name":"Grazia M\u00e9xico y Latinoam\u00e9rica","description":"Grazia es moda, belleza y noticias  de actualidad ","potentialAction":[{"@type":"SearchAction","target":{"@type":"EntryPoint","urlTemplate":"https:\/\/graziamagazine.com\/mx\/?s={search_term_string}"},"query-input":"required name=search_term_string"}],"inLanguage":"es-MX"}]}},"jetpack_sharing_enabled":true,"distributor_meta":false,"distributor_terms":false,"distributor_media":false,"distributor_original_site_name":"Grazia M\u00e9xico y Latinoam\u00e9rica","distributor_original_site_url":"https:\/\/graziamagazine.com\/mx","push-errors":false,"_links":{"self":[{"href":"https:\/\/graziamagazine.com\/mx\/wp-json\/wp\/v2\/articles\/148592"}],"collection":[{"href":"https:\/\/graziamagazine.com\/mx\/wp-json\/wp\/v2\/articles"}],"about":[{"href":"https:\/\/graziamagazine.com\/mx\/wp-json\/wp\/v2\/types\/articles"}],"author":[{"embeddable":true,"href":"https:\/\/graziamagazine.com\/mx\/wp-json\/wp\/v2\/users\/28953"}],"wp:featuredmedia":[{"embeddable":true,"href":"https:\/\/graziamagazine.com\/mx\/wp-json\/wp\/v2\/media\/148598"}],"wp:attachment":[{"href":"https:\/\/graziamagazine.com\/mx\/wp-json\/wp\/v2\/media?parent=148592"}],"wp:term":[{"taxonomy":"category","embeddable":true,"href":"https:\/\/graziamagazine.com\/mx\/wp-json\/wp\/v2\/categories?post=148592"}],"curies":[{"name":"wp","href":"https:\/\/api.w.org\/{rel}","templated":true}]}}