{"id":148587,"date":"2025-03-24T09:11:11","date_gmt":"2025-03-24T14:11:11","guid":{"rendered":"https:\/\/graziamagazine.com\/mx\/?post_type=articles&#038;p=148587"},"modified":"2025-03-24T09:17:55","modified_gmt":"2025-03-24T14:17:55","slug":"loewe-confirma-a-proenza-schouler-al-mando","status":"publish","type":"articles","link":"https:\/\/graziamagazine.com\/mx\/articles\/loewe-confirma-a-proenza-schouler-al-mando\/","title":{"rendered":"Loewe confirma a Proenza Schouler al mando"},"content":{"rendered":"<p class=\"\" data-start=\"216\" data-end=\"751\">\u00a1Es oficial! Loewe acaba de anunciar a Jack McCollough y Lazaro Hernandez como sus nuevos directores creativos, confirmando as\u00ed uno de los rumores m\u00e1s comentados en la industria.<\/p>\n<p class=\"\" data-start=\"216\" data-end=\"751\">Tras m\u00e1s de una d\u00e9cada de liderazgo bajo Jonathan Anderson, la ic\u00f3nica casa de moda espa\u00f1ola inicia un nuevo cap\u00edtulo con el reconocido d\u00fao neoyorquino al frente.<\/p>\n<p class=\"\" data-start=\"216\" data-end=\"751\">A partir del 7 de abril, los fundadores de Proenza Schouler asumir\u00e1n el reto de dirigir todas las colecciones de moda femenina y masculina, as\u00ed como la marroquiner\u00eda y accesorios de la firma.<\/p>\n<figure id=\"attachment_148589\" aria-describedby=\"caption-attachment-148589\" style=\"width: 1024px\" class=\"wp-caption alignnone\"><img loading=\"lazy\" decoding=\"async\" class=\"size-large wp-image-148589\" src=\"https:\/\/graziamagazine.com\/mx\/wp-content\/uploads\/sites\/13\/2025\/03\/Captura-de-Pantalla-2025-03-24-a-las-8.12.58-1024x601.png\" alt=\"Loewe confirma a Proenza Schouler al mando\" width=\"1024\" height=\"601\" srcset=\"https:\/\/graziamagazine.com\/mx\/wp-content\/uploads\/sites\/13\/2025\/03\/Captura-de-Pantalla-2025-03-24-a-las-8.12.58-1024x601.png 1024w, https:\/\/graziamagazine.com\/mx\/wp-content\/uploads\/sites\/13\/2025\/03\/Captura-de-Pantalla-2025-03-24-a-las-8.12.58-450x264.png 450w, https:\/\/graziamagazine.com\/mx\/wp-content\/uploads\/sites\/13\/2025\/03\/Captura-de-Pantalla-2025-03-24-a-las-8.12.58-768x451.png 768w, https:\/\/graziamagazine.com\/mx\/wp-content\/uploads\/sites\/13\/2025\/03\/Captura-de-Pantalla-2025-03-24-a-las-8.12.58-1536x902.png 1536w, https:\/\/graziamagazine.com\/mx\/wp-content\/uploads\/sites\/13\/2025\/03\/Captura-de-Pantalla-2025-03-24-a-las-8.12.58-2048x1202.png 2048w, https:\/\/graziamagazine.com\/mx\/wp-content\/uploads\/sites\/13\/2025\/03\/Captura-de-Pantalla-2025-03-24-a-las-8.12.58-400x235.png 400w, https:\/\/graziamagazine.com\/mx\/wp-content\/uploads\/sites\/13\/2025\/03\/Captura-de-Pantalla-2025-03-24-a-las-8.12.58-155x91.png 155w\" sizes=\"(max-width: 1024px) 100vw, 1024px\" \/><figcaption id=\"caption-attachment-148589\" class=\"wp-caption-text\">Loewe confirma a Proenza Schouler al mando<\/figcaption><\/figure>\n<p class=\"\" data-start=\"753\" data-end=\"1410\">Si algo define el trabajo de McCollough y Hernandez, es su enfoque en la artesan\u00eda moderna y la experimentaci\u00f3n textil. Desde su debut en 2002, han logrado posicionarse como una de las marcas m\u00e1s innovadoras de Nueva York. Pero, \u00bfser\u00e1 suficiente para tomar el control de Loewe?<\/p>\n<p class=\"\" data-start=\"753\" data-end=\"1410\">Seg\u00fan el comunicado oficial de la firma, su pr\u00e1ctica del dise\u00f1o, basada en una rigurosa exploraci\u00f3n de la artesan\u00eda filtrada a trav\u00e9s de una sensibilidad art\u00edstica, ha evolucionado el panorama de la industria y se alinea con los valores que destacan la herencia de 179 a\u00f1os de Loewe. En otras palabras, Loewe apuesta por una visi\u00f3n fresca, pero sin perder su esencia artesanal.<\/p>\n<p class=\"\" data-start=\"1412\" data-end=\"1914\">La gran pregunta es si seguir\u00e1n la l\u00ednea experimental de Anderson o veremos un enfoque m\u00e1s estructurado, como el que caracteriz\u00f3 a Proenza Schouler. Se espera que sus dise\u00f1os sean m\u00e1s minimalistas y sofisticados, con una atenci\u00f3n meticulosa al detalle y materiales innovadores.<\/p>\n<figure id=\"attachment_148590\" aria-describedby=\"caption-attachment-148590\" style=\"width: 1024px\" class=\"wp-caption alignnone\"><img loading=\"lazy\" decoding=\"async\" class=\"size-large wp-image-148590\" src=\"https:\/\/graziamagazine.com\/mx\/wp-content\/uploads\/sites\/13\/2025\/03\/Captura-de-Pantalla-2025-03-24-a-las-8.13.03-1024x600.png\" alt=\"Loewe confirma a Proenza Schouler al mando\" width=\"1024\" height=\"600\" srcset=\"https:\/\/graziamagazine.com\/mx\/wp-content\/uploads\/sites\/13\/2025\/03\/Captura-de-Pantalla-2025-03-24-a-las-8.13.03-1024x600.png 1024w, https:\/\/graziamagazine.com\/mx\/wp-content\/uploads\/sites\/13\/2025\/03\/Captura-de-Pantalla-2025-03-24-a-las-8.13.03-450x263.png 450w, https:\/\/graziamagazine.com\/mx\/wp-content\/uploads\/sites\/13\/2025\/03\/Captura-de-Pantalla-2025-03-24-a-las-8.13.03-768x450.png 768w, https:\/\/graziamagazine.com\/mx\/wp-content\/uploads\/sites\/13\/2025\/03\/Captura-de-Pantalla-2025-03-24-a-las-8.13.03-1536x899.png 1536w, https:\/\/graziamagazine.com\/mx\/wp-content\/uploads\/sites\/13\/2025\/03\/Captura-de-Pantalla-2025-03-24-a-las-8.13.03-2048x1199.png 2048w, https:\/\/graziamagazine.com\/mx\/wp-content\/uploads\/sites\/13\/2025\/03\/Captura-de-Pantalla-2025-03-24-a-las-8.13.03-400x234.png 400w, https:\/\/graziamagazine.com\/mx\/wp-content\/uploads\/sites\/13\/2025\/03\/Captura-de-Pantalla-2025-03-24-a-las-8.13.03-155x91.png 155w\" sizes=\"(max-width: 1024px) 100vw, 1024px\" \/><figcaption id=\"caption-attachment-148590\" class=\"wp-caption-text\">Loewe confirma a Proenza Schouler al mando<\/figcaption><\/figure>\n<p class=\"\" data-start=\"1412\" data-end=\"1914\">Su sello distintivo, con influencias de la moda americana fusionadas con el lujo europeo, podr\u00eda marcar una nueva direcci\u00f3n para la marca. Sin embargo, no nos adelantemos: su primera colecci\u00f3n ser\u00e1 la gran prueba de fuego.<\/p>\n<p class=\"\" data-start=\"1916\" data-end=\"2296\">Fashion insiders y seguidores de la marca han reaccionado con una mezcla de emoci\u00f3n y expectativa.<\/p>\n<p class=\"\" data-start=\"1916\" data-end=\"2296\">Mientras algunos creen que la dupla tiene todo para triunfar y llevar Loewe a un nuevo nivel, otros se preguntan si la firma perder\u00e1 parte de la identidad que Anderson construy\u00f3 durante los \u00faltimos once a\u00f1os. Lo que es seguro es que todas las miradas estar\u00e1n puestas en su debut.<\/p>\n<p class=\"\" data-start=\"2298\" data-end=\"2404\">Y ahora la pregunta es para ti: \u00bfCrees que Proenza Schouler redefinir\u00e1 Loewe o extra\u00f1ar\u00e1s la era Anderson?<\/p>\n<p data-start=\"2298\" data-end=\"2404\"><em><strong>*IMAGEN: Google Images<\/strong><\/em><\/p>\n","protected":false},"author":28953,"featured_media":148588,"template":"","format":"standard","categories":[4],"acf":[],"yoast_head":"<!-- This site is optimized with the Yoast SEO Premium plugin v18.5 (Yoast SEO v20.4) - https:\/\/yoast.com\/wordpress\/plugins\/seo\/ -->\n<title>Loewe confirma a Proenza Schouler al mando<\/title>\n<meta name=\"description\" content=\"Jack McCollough y Lazaro Hernandez, fundadores de Proenza Schouler, tomar\u00e1n las riendas de Loewe tras la salida de Jonathan Anderson. \u00bfQu\u00e9 podemos esperar?\" \/>\n<meta name=\"robots\" content=\"index, follow, max-snippet:-1, max-image-preview:large, max-video-preview:-1\" \/>\n<link rel=\"canonical\" href=\"https:\/\/graziamagazine.com\/mx\/articles\/loewe-confirma-a-proenza-schouler-al-mando\/\" \/>\n<meta property=\"og:locale\" content=\"es_MX\" \/>\n<meta property=\"og:type\" content=\"article\" \/>\n<meta property=\"og:title\" content=\"Loewe confirma a Proenza Schouler al mando\" \/>\n<meta property=\"og:description\" content=\"Jack McCollough y Lazaro Hernandez, fundadores de Proenza Schouler, tomar\u00e1n las riendas de Loewe tras la salida de Jonathan Anderson. \u00bfQu\u00e9 podemos esperar?\" \/>\n<meta property=\"og:url\" content=\"https:\/\/graziamagazine.com\/mx\/articles\/loewe-confirma-a-proenza-schouler-al-mando\/\" \/>\n<meta property=\"og:site_name\" content=\"Grazia M\u00e9xico y Latinoam\u00e9rica\" \/>\n<meta property=\"article:modified_time\" content=\"2025-03-24T14:17:55+00:00\" \/>\n<meta property=\"og:image\" content=\"https:\/\/graziamagazine.com\/mx\/wp-content\/uploads\/sites\/13\/2025\/03\/Captura-de-Pantalla-2025-03-24-a-las-8.12.52.png\" \/>\n\t<meta property=\"og:image:width\" content=\"1252\" \/>\n\t<meta property=\"og:image:height\" content=\"792\" \/>\n\t<meta property=\"og:image:type\" content=\"image\/png\" \/>\n<meta name=\"twitter:card\" content=\"summary_large_image\" \/>\n<meta name=\"twitter:label1\" content=\"Est. reading time\" \/>\n\t<meta name=\"twitter:data1\" content=\"3 minutos\" \/>\n<script type=\"application\/ld+json\" class=\"yoast-schema-graph\">{\"@context\":\"https:\/\/schema.org\",\"@graph\":[{\"@type\":\"WebPage\",\"@id\":\"https:\/\/graziamagazine.com\/mx\/articles\/loewe-confirma-a-proenza-schouler-al-mando\/\",\"url\":\"https:\/\/graziamagazine.com\/mx\/articles\/loewe-confirma-a-proenza-schouler-al-mando\/\",\"name\":\"Loewe confirma a Proenza Schouler al mando\",\"isPartOf\":{\"@id\":\"https:\/\/graziamagazine.com\/mx\/#website\"},\"datePublished\":\"2025-03-24T14:11:11+00:00\",\"dateModified\":\"2025-03-24T14:17:55+00:00\",\"description\":\"Jack McCollough y Lazaro Hernandez, fundadores de Proenza Schouler, tomar\u00e1n las riendas de Loewe tras la salida de Jonathan Anderson. \u00bfQu\u00e9 podemos esperar?\",\"breadcrumb\":{\"@id\":\"https:\/\/graziamagazine.com\/mx\/articles\/loewe-confirma-a-proenza-schouler-al-mando\/#breadcrumb\"},\"inLanguage\":\"es-MX\",\"potentialAction\":[{\"@type\":\"ReadAction\",\"target\":[\"https:\/\/graziamagazine.com\/mx\/articles\/loewe-confirma-a-proenza-schouler-al-mando\/\"]}]},{\"@type\":\"BreadcrumbList\",\"@id\":\"https:\/\/graziamagazine.com\/mx\/articles\/loewe-confirma-a-proenza-schouler-al-mando\/#breadcrumb\",\"itemListElement\":[{\"@type\":\"ListItem\",\"position\":1,\"name\":\"Home\",\"item\":\"https:\/\/graziamagazine.com\/mx\/\"},{\"@type\":\"ListItem\",\"position\":2,\"name\":\"Loewe confirma a Proenza Schouler al mando\"}]},{\"@type\":\"WebSite\",\"@id\":\"https:\/\/graziamagazine.com\/mx\/#website\",\"url\":\"https:\/\/graziamagazine.com\/mx\/\",\"name\":\"Grazia M\u00e9xico y Latinoam\u00e9rica\",\"description\":\"Grazia es moda, belleza y noticias  de actualidad \",\"potentialAction\":[{\"@type\":\"SearchAction\",\"target\":{\"@type\":\"EntryPoint\",\"urlTemplate\":\"https:\/\/graziamagazine.com\/mx\/?s={search_term_string}\"},\"query-input\":\"required name=search_term_string\"}],\"inLanguage\":\"es-MX\"}]}<\/script>\n<!-- \/ Yoast SEO Premium plugin. -->","yoast_head_json":{"title":"Loewe confirma a Proenza Schouler al mando","description":"Jack McCollough y Lazaro Hernandez, fundadores de Proenza Schouler, tomar\u00e1n las riendas de Loewe tras la salida de Jonathan Anderson. \u00bfQu\u00e9 podemos esperar?","robots":{"index":"index","follow":"follow","max-snippet":"max-snippet:-1","max-image-preview":"max-image-preview:large","max-video-preview":"max-video-preview:-1"},"canonical":"https:\/\/graziamagazine.com\/mx\/articles\/loewe-confirma-a-proenza-schouler-al-mando\/","og_locale":"es_MX","og_type":"article","og_title":"Loewe confirma a Proenza Schouler al mando","og_description":"Jack McCollough y Lazaro Hernandez, fundadores de Proenza Schouler, tomar\u00e1n las riendas de Loewe tras la salida de Jonathan Anderson. \u00bfQu\u00e9 podemos esperar?","og_url":"https:\/\/graziamagazine.com\/mx\/articles\/loewe-confirma-a-proenza-schouler-al-mando\/","og_site_name":"Grazia M\u00e9xico y Latinoam\u00e9rica","article_modified_time":"2025-03-24T14:17:55+00:00","og_image":[{"width":1252,"height":792,"url":"https:\/\/graziamagazine.com\/mx\/wp-content\/uploads\/sites\/13\/2025\/03\/Captura-de-Pantalla-2025-03-24-a-las-8.12.52.png","type":"image\/png"}],"twitter_card":"summary_large_image","twitter_misc":{"Est. reading time":"3 minutos"},"schema":{"@context":"https:\/\/schema.org","@graph":[{"@type":"WebPage","@id":"https:\/\/graziamagazine.com\/mx\/articles\/loewe-confirma-a-proenza-schouler-al-mando\/","url":"https:\/\/graziamagazine.com\/mx\/articles\/loewe-confirma-a-proenza-schouler-al-mando\/","name":"Loewe confirma a Proenza Schouler al mando","isPartOf":{"@id":"https:\/\/graziamagazine.com\/mx\/#website"},"datePublished":"2025-03-24T14:11:11+00:00","dateModified":"2025-03-24T14:17:55+00:00","description":"Jack McCollough y Lazaro Hernandez, fundadores de Proenza Schouler, tomar\u00e1n las riendas de Loewe tras la salida de Jonathan Anderson. \u00bfQu\u00e9 podemos esperar?","breadcrumb":{"@id":"https:\/\/graziamagazine.com\/mx\/articles\/loewe-confirma-a-proenza-schouler-al-mando\/#breadcrumb"},"inLanguage":"es-MX","potentialAction":[{"@type":"ReadAction","target":["https:\/\/graziamagazine.com\/mx\/articles\/loewe-confirma-a-proenza-schouler-al-mando\/"]}]},{"@type":"BreadcrumbList","@id":"https:\/\/graziamagazine.com\/mx\/articles\/loewe-confirma-a-proenza-schouler-al-mando\/#breadcrumb","itemListElement":[{"@type":"ListItem","position":1,"name":"Home","item":"https:\/\/graziamagazine.com\/mx\/"},{"@type":"ListItem","position":2,"name":"Loewe confirma a Proenza Schouler al mando"}]},{"@type":"WebSite","@id":"https:\/\/graziamagazine.com\/mx\/#website","url":"https:\/\/graziamagazine.com\/mx\/","name":"Grazia M\u00e9xico y Latinoam\u00e9rica","description":"Grazia es moda, belleza y noticias  de actualidad ","potentialAction":[{"@type":"SearchAction","target":{"@type":"EntryPoint","urlTemplate":"https:\/\/graziamagazine.com\/mx\/?s={search_term_string}"},"query-input":"required name=search_term_string"}],"inLanguage":"es-MX"}]}},"jetpack_sharing_enabled":true,"distributor_meta":false,"distributor_terms":false,"distributor_media":false,"distributor_original_site_name":"Grazia M\u00e9xico y Latinoam\u00e9rica","distributor_original_site_url":"https:\/\/graziamagazine.com\/mx","push-errors":false,"_links":{"self":[{"href":"https:\/\/graziamagazine.com\/mx\/wp-json\/wp\/v2\/articles\/148587"}],"collection":[{"href":"https:\/\/graziamagazine.com\/mx\/wp-json\/wp\/v2\/articles"}],"about":[{"href":"https:\/\/graziamagazine.com\/mx\/wp-json\/wp\/v2\/types\/articles"}],"author":[{"embeddable":true,"href":"https:\/\/graziamagazine.com\/mx\/wp-json\/wp\/v2\/users\/28953"}],"wp:featuredmedia":[{"embeddable":true,"href":"https:\/\/graziamagazine.com\/mx\/wp-json\/wp\/v2\/media\/148588"}],"wp:attachment":[{"href":"https:\/\/graziamagazine.com\/mx\/wp-json\/wp\/v2\/media?parent=148587"}],"wp:term":[{"taxonomy":"category","embeddable":true,"href":"https:\/\/graziamagazine.com\/mx\/wp-json\/wp\/v2\/categories?post=148587"}],"curies":[{"name":"wp","href":"https:\/\/api.w.org\/{rel}","templated":true}]}}