{"id":148537,"date":"2025-04-08T14:26:40","date_gmt":"2025-04-08T19:26:40","guid":{"rendered":"https:\/\/graziamagazine.com\/mx\/?post_type=articles&#038;p=148537"},"modified":"2025-03-23T14:38:37","modified_gmt":"2025-03-23T19:38:37","slug":"millie-bobby-brown-y-monos-2000","status":"publish","type":"articles","link":"https:\/\/graziamagazine.com\/mx\/articles\/millie-bobby-brown-y-monos-2000\/","title":{"rendered":"Millie Bobby Brown y mo\u00f1os 2000"},"content":{"rendered":"<article class=\"group\/turn w-full text-token-text-primary focus-visible:outline-2 focus-visible:outline-offset-[-4px]\" dir=\"auto\" data-testid=\"conversation-turn-18\" data-scroll-anchor=\"true\">\n<div class=\"text-base my-auto mx-auto py-[18px] px-6\">\n<div class=\"mx-auto flex flex-1 text-base gap-4 md:gap-5 lg:gap-6 md:max-w-3xl\">\n<div class=\"group\/conversation-turn relative flex w-full min-w-0 flex-col agent-turn @xs\/thread:px-0 @sm\/thread:px-1.5 @md\/thread:px-4\">\n<div class=\"flex-col gap-1 md:gap-3\">\n<div class=\"flex max-w-full flex-col flex-grow\">\n<div class=\"min-h-8 text-message relative flex w-full flex-col items-end gap-2 whitespace-normal break-words text-start [.text-message+&amp;]:mt-5\" dir=\"auto\" data-message-author-role=\"assistant\" data-message-id=\"efcfe11b-8e82-480b-a245-461039898488\" data-message-model-slug=\"gpt-4o-mini\">\n<div class=\"flex w-full flex-col gap-1 empty:hidden first:pt-[3px]\">\n<div class=\"markdown prose w-full break-words dark:prose-invert light\">\n<p class=\"\" data-start=\"144\" data-end=\"660\">La primavera-verano 2025 llega con una explosi\u00f3n de nostalgia, y uno de los peinados m\u00e1s emblem\u00e1ticos de los 2000 est\u00e1 resurgiendo con fuerza. Millie Bobby Brown ha sido la musa que ha revivido esta tendencia al lucir un peinado audaz que nos transporta a una \u00e9poca llena de experimentaci\u00f3n y estilo \u00fanico.<\/p>\n<p class=\"\" data-start=\"144\" data-end=\"660\">A principios de este mes, mientras promocionaba su nueva pel\u00edcula <em data-start=\"517\" data-end=\"537\">The Electric State<\/em>, la actriz sorprendi\u00f3 a todos con un look inspirado en los a\u00f1os 2000, destacando no solo su moda, sino tambi\u00e9n su cabello.<\/p>\n<h3 data-start=\"662\" data-end=\"1342\"><strong data-start=\"662\" data-end=\"699\">El peinado que marca la tendencia<\/strong><\/h3>\n<figure id=\"attachment_148538\" aria-describedby=\"caption-attachment-148538\" style=\"width: 674px\" class=\"wp-caption alignnone\"><img loading=\"lazy\" decoding=\"async\" class=\"size-large wp-image-148538\" src=\"https:\/\/graziamagazine.com\/mx\/wp-content\/uploads\/sites\/13\/2025\/03\/Captura-de-Pantalla-2025-03-23-a-las-13.30.51-674x1024.png\" alt=\"Millie Bobby Brown y mo\u00f1os 2000\" width=\"674\" height=\"1024\" srcset=\"https:\/\/graziamagazine.com\/mx\/wp-content\/uploads\/sites\/13\/2025\/03\/Captura-de-Pantalla-2025-03-23-a-las-13.30.51-674x1024.png 674w, https:\/\/graziamagazine.com\/mx\/wp-content\/uploads\/sites\/13\/2025\/03\/Captura-de-Pantalla-2025-03-23-a-las-13.30.51-296x450.png 296w, https:\/\/graziamagazine.com\/mx\/wp-content\/uploads\/sites\/13\/2025\/03\/Captura-de-Pantalla-2025-03-23-a-las-13.30.51-768x1166.png 768w, https:\/\/graziamagazine.com\/mx\/wp-content\/uploads\/sites\/13\/2025\/03\/Captura-de-Pantalla-2025-03-23-a-las-13.30.51-1011x1536.png 1011w, https:\/\/graziamagazine.com\/mx\/wp-content\/uploads\/sites\/13\/2025\/03\/Captura-de-Pantalla-2025-03-23-a-las-13.30.51-400x607.png 400w, https:\/\/graziamagazine.com\/mx\/wp-content\/uploads\/sites\/13\/2025\/03\/Captura-de-Pantalla-2025-03-23-a-las-13.30.51-142x215.png 142w, https:\/\/graziamagazine.com\/mx\/wp-content\/uploads\/sites\/13\/2025\/03\/Captura-de-Pantalla-2025-03-23-a-las-13.30.51.png 1018w\" sizes=\"(max-width: 674px) 100vw, 674px\" \/><figcaption id=\"caption-attachment-148538\" class=\"wp-caption-text\">Millie Bobby Brown y mo\u00f1os 2000<\/figcaption><\/figure>\n<p class=\"\" data-start=\"662\" data-end=\"1342\"><br data-start=\"699\" data-end=\"702\" \/>Millie, con su melena rubia decolorada, se present\u00f3 con dos mo\u00f1os espaciales que r\u00e1pidamente se convirtieron en el centro de atenci\u00f3n. El estilista Peter Burkill, reconocido por su trabajo con grandes estrellas, fue el encargado de darle vida a este peinado que reinterpreta el estilo de los 2000 con un toque moderno y fresco.<\/p>\n<p class=\"\" data-start=\"662\" data-end=\"1342\">Los mo\u00f1os, uno en la parte superior de la coronilla y el otro cerca de la oreja, fueron asegurados con dijes brillantes de Lelet, aportando un brillo futurista al look. Este estilo no solo trae consigo una dosis de nostalgia, sino tambi\u00e9n una est\u00e9tica juguetona y juvenil que promete ser un must de la temporada.<\/p>\n<h3 data-start=\"1344\" data-end=\"1860\"><strong data-start=\"1344\" data-end=\"1387\">Un look de los 2000 con un giro moderno<\/strong><\/h3>\n<figure id=\"attachment_148539\" aria-describedby=\"caption-attachment-148539\" style=\"width: 744px\" class=\"wp-caption alignnone\"><img loading=\"lazy\" decoding=\"async\" class=\"size-full wp-image-148539\" src=\"https:\/\/graziamagazine.com\/mx\/wp-content\/uploads\/sites\/13\/2025\/03\/Captura-de-Pantalla-2025-03-23-a-las-13.31.32.png\" alt=\"Millie Bobby Brown y mo\u00f1os 2000\" width=\"744\" height=\"776\" srcset=\"https:\/\/graziamagazine.com\/mx\/wp-content\/uploads\/sites\/13\/2025\/03\/Captura-de-Pantalla-2025-03-23-a-las-13.31.32.png 744w, https:\/\/graziamagazine.com\/mx\/wp-content\/uploads\/sites\/13\/2025\/03\/Captura-de-Pantalla-2025-03-23-a-las-13.31.32-431x450.png 431w, https:\/\/graziamagazine.com\/mx\/wp-content\/uploads\/sites\/13\/2025\/03\/Captura-de-Pantalla-2025-03-23-a-las-13.31.32-400x417.png 400w, https:\/\/graziamagazine.com\/mx\/wp-content\/uploads\/sites\/13\/2025\/03\/Captura-de-Pantalla-2025-03-23-a-las-13.31.32-155x162.png 155w\" sizes=\"(max-width: 744px) 100vw, 744px\" \/><figcaption id=\"caption-attachment-148539\" class=\"wp-caption-text\">Millie Bobby Brown y mo\u00f1os 2000<\/figcaption><\/figure>\n<p class=\"\" data-start=\"1344\" data-end=\"1860\"><br data-start=\"1387\" data-end=\"1390\" \/>El peinado de Millie no fue el \u00fanico gui\u00f1o a los 2000. Su conjunto, compuesto por un blazer de mezclilla de patchwork y una falda ce\u00f1ida al cuerpo, tambi\u00e9n hac\u00eda referencia a esa era, donde los atuendos sensuales y atrevidos dominaban las pasarelas.<\/p>\n<p class=\"\" data-start=\"1344\" data-end=\"1860\">Para completar el look, Millie opt\u00f3 por una sombra de ojos azul pastel, un color vibrante que fue muy popular en esa d\u00e9cada y que, combinado con su atuendo, logr\u00f3 un equilibrio perfecto entre lo retro y lo contempor\u00e1neo.<\/p>\n<h3 data-start=\"1862\" data-end=\"2348\"><strong data-start=\"1862\" data-end=\"1901\">\u00bfC\u00f3mo llevar los mo\u00f1os de los 2000?<img loading=\"lazy\" decoding=\"async\" class=\"alignnone size-large wp-image-148541\" src=\"https:\/\/graziamagazine.com\/mx\/wp-content\/uploads\/sites\/13\/2025\/03\/Captura-de-Pantalla-2025-03-23-a-las-13.37.16-1024x634.png\" alt=\"\" width=\"1024\" height=\"634\" srcset=\"https:\/\/graziamagazine.com\/mx\/wp-content\/uploads\/sites\/13\/2025\/03\/Captura-de-Pantalla-2025-03-23-a-las-13.37.16-1024x634.png 1024w, https:\/\/graziamagazine.com\/mx\/wp-content\/uploads\/sites\/13\/2025\/03\/Captura-de-Pantalla-2025-03-23-a-las-13.37.16-450x279.png 450w, https:\/\/graziamagazine.com\/mx\/wp-content\/uploads\/sites\/13\/2025\/03\/Captura-de-Pantalla-2025-03-23-a-las-13.37.16-768x476.png 768w, https:\/\/graziamagazine.com\/mx\/wp-content\/uploads\/sites\/13\/2025\/03\/Captura-de-Pantalla-2025-03-23-a-las-13.37.16-1536x951.png 1536w, https:\/\/graziamagazine.com\/mx\/wp-content\/uploads\/sites\/13\/2025\/03\/Captura-de-Pantalla-2025-03-23-a-las-13.37.16-400x248.png 400w, https:\/\/graziamagazine.com\/mx\/wp-content\/uploads\/sites\/13\/2025\/03\/Captura-de-Pantalla-2025-03-23-a-las-13.37.16-155x96.png 155w, https:\/\/graziamagazine.com\/mx\/wp-content\/uploads\/sites\/13\/2025\/03\/Captura-de-Pantalla-2025-03-23-a-las-13.37.16.png 1922w\" sizes=\"(max-width: 1024px) 100vw, 1024px\" \/><\/strong><\/h3>\n<p class=\"\" data-start=\"1862\" data-end=\"2348\"><br data-start=\"1901\" data-end=\"1904\" \/>Los mo\u00f1os espaciales se est\u00e1n posicionando como una de las tendencias m\u00e1s divertidas y f\u00e1ciles de llevar esta temporada. Puedes optar por mo\u00f1os grandes y voluminosos para un estilo m\u00e1s atrevido o hacerlo m\u00e1s sutil con mo\u00f1os peque\u00f1os y delicados.<\/p>\n<p class=\"\" data-start=\"1862\" data-end=\"2348\">Para el d\u00eda a d\u00eda, este peinado es ideal para darle un toque juguet\u00f3n a tu look, y si quieres algo m\u00e1s elegante, simplemente agrega algunos accesorios brillantes para darle un giro m\u00e1s sofisticado.<\/p>\n<p class=\"\" data-start=\"2350\" data-end=\"2546\">Sin duda, los mo\u00f1os de los 2000 est\u00e1n de vuelta, y Millie Bobby Brown ha sido la encargada de reavivar esta tendencia que nos invita a divertirnos con nuestros peinados esta primavera-verano 2025.<\/p>\n<p data-start=\"2350\" data-end=\"2546\"><em><strong>*IMAGEN: Google Images<\/strong><\/em><\/p>\n<\/div>\n<\/div>\n<\/div>\n<\/div>\n<\/div>\n<\/div>\n<\/div>\n<\/div>\n<\/article>\n<div class=\"pointer-events-none h-px w-px\" aria-hidden=\"true\" data-edge=\"true\"><\/div>\n","protected":false},"author":28953,"featured_media":148540,"template":"","format":"standard","categories":[3,4],"acf":[],"yoast_head":"<!-- This site is optimized with the Yoast SEO Premium plugin v18.5 (Yoast SEO v20.4) - https:\/\/yoast.com\/wordpress\/plugins\/seo\/ -->\n<title>Millie Bobby Brown y mo\u00f1os 2000<\/title>\n<meta name=\"description\" content=\"Millie Bobby Brown inspira la vuelta de los peinados con mo\u00f1os de los 2000 para la primavera-verano 2025.\" \/>\n<meta name=\"robots\" content=\"index, follow, max-snippet:-1, max-image-preview:large, max-video-preview:-1\" \/>\n<link rel=\"canonical\" href=\"https:\/\/graziamagazine.com\/mx\/articles\/millie-bobby-brown-y-monos-2000\/\" \/>\n<meta property=\"og:locale\" content=\"es_MX\" \/>\n<meta property=\"og:type\" content=\"article\" \/>\n<meta property=\"og:title\" content=\"Millie Bobby Brown y mo\u00f1os 2000\" \/>\n<meta property=\"og:description\" content=\"Millie Bobby Brown inspira la vuelta de los peinados con mo\u00f1os de los 2000 para la primavera-verano 2025.\" \/>\n<meta property=\"og:url\" content=\"https:\/\/graziamagazine.com\/mx\/articles\/millie-bobby-brown-y-monos-2000\/\" \/>\n<meta property=\"og:site_name\" content=\"Grazia M\u00e9xico y Latinoam\u00e9rica\" \/>\n<meta property=\"article:modified_time\" content=\"2025-03-23T19:38:37+00:00\" \/>\n<meta property=\"og:image\" content=\"https:\/\/graziamagazine.com\/mx\/wp-content\/uploads\/sites\/13\/2025\/03\/Captura-de-Pantalla-2025-03-23-a-las-13.31.58-1024x656.png\" \/>\n\t<meta property=\"og:image:width\" content=\"1024\" \/>\n\t<meta property=\"og:image:height\" content=\"656\" \/>\n\t<meta property=\"og:image:type\" content=\"image\/png\" \/>\n<meta name=\"twitter:card\" content=\"summary_large_image\" \/>\n<meta name=\"twitter:label1\" content=\"Est. reading time\" \/>\n\t<meta name=\"twitter:data1\" content=\"3 minutos\" \/>\n<script type=\"application\/ld+json\" class=\"yoast-schema-graph\">{\"@context\":\"https:\/\/schema.org\",\"@graph\":[{\"@type\":\"WebPage\",\"@id\":\"https:\/\/graziamagazine.com\/mx\/articles\/millie-bobby-brown-y-monos-2000\/\",\"url\":\"https:\/\/graziamagazine.com\/mx\/articles\/millie-bobby-brown-y-monos-2000\/\",\"name\":\"Millie Bobby Brown y mo\u00f1os 2000\",\"isPartOf\":{\"@id\":\"https:\/\/graziamagazine.com\/mx\/#website\"},\"datePublished\":\"2025-04-08T19:26:40+00:00\",\"dateModified\":\"2025-03-23T19:38:37+00:00\",\"description\":\"Millie Bobby Brown inspira la vuelta de los peinados con mo\u00f1os de los 2000 para la primavera-verano 2025.\",\"breadcrumb\":{\"@id\":\"https:\/\/graziamagazine.com\/mx\/articles\/millie-bobby-brown-y-monos-2000\/#breadcrumb\"},\"inLanguage\":\"es-MX\",\"potentialAction\":[{\"@type\":\"ReadAction\",\"target\":[\"https:\/\/graziamagazine.com\/mx\/articles\/millie-bobby-brown-y-monos-2000\/\"]}]},{\"@type\":\"BreadcrumbList\",\"@id\":\"https:\/\/graziamagazine.com\/mx\/articles\/millie-bobby-brown-y-monos-2000\/#breadcrumb\",\"itemListElement\":[{\"@type\":\"ListItem\",\"position\":1,\"name\":\"Home\",\"item\":\"https:\/\/graziamagazine.com\/mx\/\"},{\"@type\":\"ListItem\",\"position\":2,\"name\":\"Millie Bobby Brown y mo\u00f1os 2000\"}]},{\"@type\":\"WebSite\",\"@id\":\"https:\/\/graziamagazine.com\/mx\/#website\",\"url\":\"https:\/\/graziamagazine.com\/mx\/\",\"name\":\"Grazia M\u00e9xico y Latinoam\u00e9rica\",\"description\":\"Grazia es moda, belleza y noticias  de actualidad \",\"potentialAction\":[{\"@type\":\"SearchAction\",\"target\":{\"@type\":\"EntryPoint\",\"urlTemplate\":\"https:\/\/graziamagazine.com\/mx\/?s={search_term_string}\"},\"query-input\":\"required name=search_term_string\"}],\"inLanguage\":\"es-MX\"}]}<\/script>\n<!-- \/ Yoast SEO Premium plugin. -->","yoast_head_json":{"title":"Millie Bobby Brown y mo\u00f1os 2000","description":"Millie Bobby Brown inspira la vuelta de los peinados con mo\u00f1os de los 2000 para la primavera-verano 2025.","robots":{"index":"index","follow":"follow","max-snippet":"max-snippet:-1","max-image-preview":"max-image-preview:large","max-video-preview":"max-video-preview:-1"},"canonical":"https:\/\/graziamagazine.com\/mx\/articles\/millie-bobby-brown-y-monos-2000\/","og_locale":"es_MX","og_type":"article","og_title":"Millie Bobby Brown y mo\u00f1os 2000","og_description":"Millie Bobby Brown inspira la vuelta de los peinados con mo\u00f1os de los 2000 para la primavera-verano 2025.","og_url":"https:\/\/graziamagazine.com\/mx\/articles\/millie-bobby-brown-y-monos-2000\/","og_site_name":"Grazia M\u00e9xico y Latinoam\u00e9rica","article_modified_time":"2025-03-23T19:38:37+00:00","og_image":[{"width":1024,"height":656,"url":"https:\/\/graziamagazine.com\/mx\/wp-content\/uploads\/sites\/13\/2025\/03\/Captura-de-Pantalla-2025-03-23-a-las-13.31.58-1024x656.png","type":"image\/png"}],"twitter_card":"summary_large_image","twitter_misc":{"Est. reading time":"3 minutos"},"schema":{"@context":"https:\/\/schema.org","@graph":[{"@type":"WebPage","@id":"https:\/\/graziamagazine.com\/mx\/articles\/millie-bobby-brown-y-monos-2000\/","url":"https:\/\/graziamagazine.com\/mx\/articles\/millie-bobby-brown-y-monos-2000\/","name":"Millie Bobby Brown y mo\u00f1os 2000","isPartOf":{"@id":"https:\/\/graziamagazine.com\/mx\/#website"},"datePublished":"2025-04-08T19:26:40+00:00","dateModified":"2025-03-23T19:38:37+00:00","description":"Millie Bobby Brown inspira la vuelta de los peinados con mo\u00f1os de los 2000 para la primavera-verano 2025.","breadcrumb":{"@id":"https:\/\/graziamagazine.com\/mx\/articles\/millie-bobby-brown-y-monos-2000\/#breadcrumb"},"inLanguage":"es-MX","potentialAction":[{"@type":"ReadAction","target":["https:\/\/graziamagazine.com\/mx\/articles\/millie-bobby-brown-y-monos-2000\/"]}]},{"@type":"BreadcrumbList","@id":"https:\/\/graziamagazine.com\/mx\/articles\/millie-bobby-brown-y-monos-2000\/#breadcrumb","itemListElement":[{"@type":"ListItem","position":1,"name":"Home","item":"https:\/\/graziamagazine.com\/mx\/"},{"@type":"ListItem","position":2,"name":"Millie Bobby Brown y mo\u00f1os 2000"}]},{"@type":"WebSite","@id":"https:\/\/graziamagazine.com\/mx\/#website","url":"https:\/\/graziamagazine.com\/mx\/","name":"Grazia M\u00e9xico y Latinoam\u00e9rica","description":"Grazia es moda, belleza y noticias  de actualidad ","potentialAction":[{"@type":"SearchAction","target":{"@type":"EntryPoint","urlTemplate":"https:\/\/graziamagazine.com\/mx\/?s={search_term_string}"},"query-input":"required name=search_term_string"}],"inLanguage":"es-MX"}]}},"jetpack_sharing_enabled":true,"distributor_meta":false,"distributor_terms":false,"distributor_media":false,"distributor_original_site_name":"Grazia M\u00e9xico y Latinoam\u00e9rica","distributor_original_site_url":"https:\/\/graziamagazine.com\/mx","push-errors":false,"_links":{"self":[{"href":"https:\/\/graziamagazine.com\/mx\/wp-json\/wp\/v2\/articles\/148537"}],"collection":[{"href":"https:\/\/graziamagazine.com\/mx\/wp-json\/wp\/v2\/articles"}],"about":[{"href":"https:\/\/graziamagazine.com\/mx\/wp-json\/wp\/v2\/types\/articles"}],"author":[{"embeddable":true,"href":"https:\/\/graziamagazine.com\/mx\/wp-json\/wp\/v2\/users\/28953"}],"wp:featuredmedia":[{"embeddable":true,"href":"https:\/\/graziamagazine.com\/mx\/wp-json\/wp\/v2\/media\/148540"}],"wp:attachment":[{"href":"https:\/\/graziamagazine.com\/mx\/wp-json\/wp\/v2\/media?parent=148537"}],"wp:term":[{"taxonomy":"category","embeddable":true,"href":"https:\/\/graziamagazine.com\/mx\/wp-json\/wp\/v2\/categories?post=148537"}],"curies":[{"name":"wp","href":"https:\/\/api.w.org\/{rel}","templated":true}]}}