{"id":148386,"date":"2025-03-21T13:05:30","date_gmt":"2025-03-21T18:05:30","guid":{"rendered":"https:\/\/graziamagazine.com\/mx\/?post_type=articles&#038;p=148386"},"modified":"2025-03-24T06:42:12","modified_gmt":"2025-03-24T11:42:12","slug":"ana-de-armas-se-reencuentra-con-keanu-reeves-en-ballerina","status":"publish","type":"articles","link":"https:\/\/graziamagazine.com\/mx\/articles\/ana-de-armas-se-reencuentra-con-keanu-reeves-en-ballerina\/","title":{"rendered":"Ana de Armas se reencuentra con Keanu Reeves en &#8216;Ballerina&#8217;"},"content":{"rendered":"<p><span style=\"font-weight: 400\">\u200bAna de Armas y Keanu Reeves se han reencontrado a\u00f1os despu\u00e9s, de nuevo en la pantalla grande, con <\/span><b><i>Ballerina<\/i><\/b><span style=\"font-weight: 400\">, el esperado <\/span><i><span style=\"font-weight: 400\">spin-off<\/span><\/i><span style=\"font-weight: 400\"> de la franquicia <\/span><b><i>John Wick<\/i><\/b><span style=\"font-weight: 400\">. Esta colaboraci\u00f3n marca la tercera ocasi\u00f3n en que ambos actores trabajan juntos, consolidando una relaci\u00f3n profesional que comenz\u00f3 en 2015.\u200b<\/span><\/p>\n<p><span style=\"font-weight: 400\">La primera vez que compartieron escena fue en <\/span><b><i>Knock Knock<\/i><\/b><span style=\"font-weight: 400\"> (2015), seguida de<\/span><b><i> Exposed<\/i><\/b><span style=\"font-weight: 400\"> (2016). Seg\u00fan declaraciones de Ana de Armas, desde su primer encuentro, ambos sintieron una conexi\u00f3n especial que deriv\u00f3 en una s\u00f3lida amistad. La actriz coment\u00f3: &#8220;Conoc\u00ed a Keanu con 26 o 27 a\u00f1os. Tuvimos una conexi\u00f3n muy fuerte y gestamos una intensa amistad, por lo que ten\u00edamos muchas ganas de volver a trabajar juntos&#8221;.<\/span><\/p>\n<p><span style=\"font-weight: 400\">En <\/span><i><span style=\"font-weight: 400\">Ballerina<\/span><\/i><span style=\"font-weight: 400\">, Ana de Armas interpreta a Rooney, una bailarina entrenada como asesina que busca vengar la muerte de su familia. La trama se sit\u00faa entre los eventos de <\/span><i><span style=\"font-weight: 400\">John Wick 3<\/span><\/i><span style=\"font-weight: 400\"> y<\/span><i><span style=\"font-weight: 400\"> John Wick 4<\/span><\/i><span style=\"font-weight: 400\">, ofreciendo una perspectiva fresca dentro del universo de la saga. \u200b<\/span><\/p>\n<p><span style=\"font-weight: 400\">La actriz ha expresado su gratitud por formar parte de este proyecto y por la oportunidad de trabajar nuevamente con Reeves. &#8220;Estoy muy agradecida por el hecho de que quisiera estar en el proyecto conmigo y ha sido muy especial estar de nuevo en el set con \u00e9l&#8221;, afirm\u00f3 Ana de Armas.<\/span><\/p>\n<p><span style=\"font-weight: 400\">Por su parte, Keanu Reeves ha elogiado el desempe\u00f1o de su compa\u00f1era, destacando su habilidad en las escenas de acci\u00f3n y su pasi\u00f3n por el trabajo. &#8220;Trabajar con Ana fue genial. Es muy buena en escenas de acci\u00f3n, realmente ama lo que hace&#8221;, declar\u00f3 el actor. \u200b<\/span><\/p>\n<p><span style=\"font-weight: 400\">Ballerina se perfila como una emocionante adici\u00f3n al universo de <\/span><i><span style=\"font-weight: 400\">John Wick<\/span><\/i><span style=\"font-weight: 400\">, con una fecha de estreno programada para el 6 de junio de 2025. Los seguidores de la saga y de estos talentosos actores esperan con ansias esta nueva entrega que promete acci\u00f3n y emociones intensas.<\/span><\/p>\n","protected":false},"author":11628,"featured_media":148388,"template":"","format":"standard","categories":[114,12483,12517,12832],"acf":[],"yoast_head":"<!-- This site is optimized with the Yoast SEO Premium plugin v18.5 (Yoast SEO v20.4) - https:\/\/yoast.com\/wordpress\/plugins\/seo\/ -->\n<title>Ana de Armas se reencuentra con Keanu Reeves en &#039;Ballerina&#039;<\/title>\n<meta name=\"description\" content=\"\u200bAna de Armas y Keanu Reeves se han reencontrado a\u00f1os despu\u00e9s, de nuevo en la pantalla grande, con Ballerina, el esperado spin-off de la franquicia John\" \/>\n<meta name=\"robots\" content=\"index, follow, max-snippet:-1, max-image-preview:large, max-video-preview:-1\" \/>\n<link rel=\"canonical\" href=\"https:\/\/graziamagazine.com\/mx\/articles\/ana-de-armas-se-reencuentra-con-keanu-reeves-en-ballerina\/\" \/>\n<meta property=\"og:locale\" content=\"es_MX\" \/>\n<meta property=\"og:type\" content=\"article\" \/>\n<meta property=\"og:title\" content=\"Ana de Armas se reencuentra con Keanu Reeves en &#039;Ballerina&#039;\" \/>\n<meta property=\"og:description\" content=\"\u200bAna de Armas y Keanu Reeves se han reencontrado a\u00f1os despu\u00e9s, de nuevo en la pantalla grande, con Ballerina, el esperado spin-off de la franquicia John\" \/>\n<meta property=\"og:url\" content=\"https:\/\/graziamagazine.com\/mx\/articles\/ana-de-armas-se-reencuentra-con-keanu-reeves-en-ballerina\/\" \/>\n<meta property=\"og:site_name\" content=\"Grazia M\u00e9xico y Latinoam\u00e9rica\" \/>\n<meta property=\"article:modified_time\" content=\"2025-03-24T11:42:12+00:00\" \/>\n<meta property=\"og:image\" content=\"https:\/\/graziamagazine.com\/mx\/wp-content\/uploads\/sites\/13\/2025\/03\/ana.jpg\" \/>\n\t<meta property=\"og:image:width\" content=\"729\" \/>\n\t<meta property=\"og:image:height\" content=\"361\" \/>\n\t<meta property=\"og:image:type\" content=\"image\/jpeg\" \/>\n<meta name=\"twitter:card\" content=\"summary_large_image\" \/>\n<meta name=\"twitter:label1\" content=\"Est. reading time\" \/>\n\t<meta name=\"twitter:data1\" content=\"2 minutos\" \/>\n<script type=\"application\/ld+json\" class=\"yoast-schema-graph\">{\"@context\":\"https:\/\/schema.org\",\"@graph\":[{\"@type\":\"WebPage\",\"@id\":\"https:\/\/graziamagazine.com\/mx\/articles\/ana-de-armas-se-reencuentra-con-keanu-reeves-en-ballerina\/\",\"url\":\"https:\/\/graziamagazine.com\/mx\/articles\/ana-de-armas-se-reencuentra-con-keanu-reeves-en-ballerina\/\",\"name\":\"Ana de Armas se reencuentra con Keanu Reeves en 'Ballerina'\",\"isPartOf\":{\"@id\":\"https:\/\/graziamagazine.com\/mx\/#website\"},\"datePublished\":\"2025-03-21T18:05:30+00:00\",\"dateModified\":\"2025-03-24T11:42:12+00:00\",\"description\":\"\u200bAna de Armas y Keanu Reeves se han reencontrado a\u00f1os despu\u00e9s, de nuevo en la pantalla grande, con Ballerina, el esperado spin-off de la franquicia John\",\"breadcrumb\":{\"@id\":\"https:\/\/graziamagazine.com\/mx\/articles\/ana-de-armas-se-reencuentra-con-keanu-reeves-en-ballerina\/#breadcrumb\"},\"inLanguage\":\"es-MX\",\"potentialAction\":[{\"@type\":\"ReadAction\",\"target\":[\"https:\/\/graziamagazine.com\/mx\/articles\/ana-de-armas-se-reencuentra-con-keanu-reeves-en-ballerina\/\"]}]},{\"@type\":\"BreadcrumbList\",\"@id\":\"https:\/\/graziamagazine.com\/mx\/articles\/ana-de-armas-se-reencuentra-con-keanu-reeves-en-ballerina\/#breadcrumb\",\"itemListElement\":[{\"@type\":\"ListItem\",\"position\":1,\"name\":\"Home\",\"item\":\"https:\/\/graziamagazine.com\/mx\/\"},{\"@type\":\"ListItem\",\"position\":2,\"name\":\"Ana de Armas se reencuentra con Keanu Reeves en &#8216;Ballerina&#8217;\"}]},{\"@type\":\"WebSite\",\"@id\":\"https:\/\/graziamagazine.com\/mx\/#website\",\"url\":\"https:\/\/graziamagazine.com\/mx\/\",\"name\":\"Grazia M\u00e9xico y Latinoam\u00e9rica\",\"description\":\"Grazia es moda, belleza y noticias  de actualidad \",\"potentialAction\":[{\"@type\":\"SearchAction\",\"target\":{\"@type\":\"EntryPoint\",\"urlTemplate\":\"https:\/\/graziamagazine.com\/mx\/?s={search_term_string}\"},\"query-input\":\"required name=search_term_string\"}],\"inLanguage\":\"es-MX\"}]}<\/script>\n<!-- \/ Yoast SEO Premium plugin. -->","yoast_head_json":{"title":"Ana de Armas se reencuentra con Keanu Reeves en 'Ballerina'","description":"\u200bAna de Armas y Keanu Reeves se han reencontrado a\u00f1os despu\u00e9s, de nuevo en la pantalla grande, con Ballerina, el esperado spin-off de la franquicia John","robots":{"index":"index","follow":"follow","max-snippet":"max-snippet:-1","max-image-preview":"max-image-preview:large","max-video-preview":"max-video-preview:-1"},"canonical":"https:\/\/graziamagazine.com\/mx\/articles\/ana-de-armas-se-reencuentra-con-keanu-reeves-en-ballerina\/","og_locale":"es_MX","og_type":"article","og_title":"Ana de Armas se reencuentra con Keanu Reeves en 'Ballerina'","og_description":"\u200bAna de Armas y Keanu Reeves se han reencontrado a\u00f1os despu\u00e9s, de nuevo en la pantalla grande, con Ballerina, el esperado spin-off de la franquicia John","og_url":"https:\/\/graziamagazine.com\/mx\/articles\/ana-de-armas-se-reencuentra-con-keanu-reeves-en-ballerina\/","og_site_name":"Grazia M\u00e9xico y Latinoam\u00e9rica","article_modified_time":"2025-03-24T11:42:12+00:00","og_image":[{"width":729,"height":361,"url":"https:\/\/graziamagazine.com\/mx\/wp-content\/uploads\/sites\/13\/2025\/03\/ana.jpg","type":"image\/jpeg"}],"twitter_card":"summary_large_image","twitter_misc":{"Est. reading time":"2 minutos"},"schema":{"@context":"https:\/\/schema.org","@graph":[{"@type":"WebPage","@id":"https:\/\/graziamagazine.com\/mx\/articles\/ana-de-armas-se-reencuentra-con-keanu-reeves-en-ballerina\/","url":"https:\/\/graziamagazine.com\/mx\/articles\/ana-de-armas-se-reencuentra-con-keanu-reeves-en-ballerina\/","name":"Ana de Armas se reencuentra con Keanu Reeves en 'Ballerina'","isPartOf":{"@id":"https:\/\/graziamagazine.com\/mx\/#website"},"datePublished":"2025-03-21T18:05:30+00:00","dateModified":"2025-03-24T11:42:12+00:00","description":"\u200bAna de Armas y Keanu Reeves se han reencontrado a\u00f1os despu\u00e9s, de nuevo en la pantalla grande, con Ballerina, el esperado spin-off de la franquicia John","breadcrumb":{"@id":"https:\/\/graziamagazine.com\/mx\/articles\/ana-de-armas-se-reencuentra-con-keanu-reeves-en-ballerina\/#breadcrumb"},"inLanguage":"es-MX","potentialAction":[{"@type":"ReadAction","target":["https:\/\/graziamagazine.com\/mx\/articles\/ana-de-armas-se-reencuentra-con-keanu-reeves-en-ballerina\/"]}]},{"@type":"BreadcrumbList","@id":"https:\/\/graziamagazine.com\/mx\/articles\/ana-de-armas-se-reencuentra-con-keanu-reeves-en-ballerina\/#breadcrumb","itemListElement":[{"@type":"ListItem","position":1,"name":"Home","item":"https:\/\/graziamagazine.com\/mx\/"},{"@type":"ListItem","position":2,"name":"Ana de Armas se reencuentra con Keanu Reeves en &#8216;Ballerina&#8217;"}]},{"@type":"WebSite","@id":"https:\/\/graziamagazine.com\/mx\/#website","url":"https:\/\/graziamagazine.com\/mx\/","name":"Grazia M\u00e9xico y Latinoam\u00e9rica","description":"Grazia es moda, belleza y noticias  de actualidad ","potentialAction":[{"@type":"SearchAction","target":{"@type":"EntryPoint","urlTemplate":"https:\/\/graziamagazine.com\/mx\/?s={search_term_string}"},"query-input":"required name=search_term_string"}],"inLanguage":"es-MX"}]}},"jetpack_sharing_enabled":true,"distributor_meta":false,"distributor_terms":false,"distributor_media":false,"distributor_original_site_name":"Grazia M\u00e9xico y Latinoam\u00e9rica","distributor_original_site_url":"https:\/\/graziamagazine.com\/mx","push-errors":false,"_links":{"self":[{"href":"https:\/\/graziamagazine.com\/mx\/wp-json\/wp\/v2\/articles\/148386"}],"collection":[{"href":"https:\/\/graziamagazine.com\/mx\/wp-json\/wp\/v2\/articles"}],"about":[{"href":"https:\/\/graziamagazine.com\/mx\/wp-json\/wp\/v2\/types\/articles"}],"author":[{"embeddable":true,"href":"https:\/\/graziamagazine.com\/mx\/wp-json\/wp\/v2\/users\/11628"}],"wp:featuredmedia":[{"embeddable":true,"href":"https:\/\/graziamagazine.com\/mx\/wp-json\/wp\/v2\/media\/148388"}],"wp:attachment":[{"href":"https:\/\/graziamagazine.com\/mx\/wp-json\/wp\/v2\/media?parent=148386"}],"wp:term":[{"taxonomy":"category","embeddable":true,"href":"https:\/\/graziamagazine.com\/mx\/wp-json\/wp\/v2\/categories?post=148386"}],"curies":[{"name":"wp","href":"https:\/\/api.w.org\/{rel}","templated":true}]}}