{"id":148061,"date":"2025-03-12T16:32:28","date_gmt":"2025-03-12T21:32:28","guid":{"rendered":"https:\/\/graziamagazine.com\/mx\/?post_type=articles&#038;p=148061"},"modified":"2025-03-12T21:15:49","modified_gmt":"2025-03-13T02:15:49","slug":"por-que-todo-el-mundo-habla-de-nicola-peltz-beckham-la-nuera-de-victoria-beckham","status":"publish","type":"articles","link":"https:\/\/graziamagazine.com\/mx\/articles\/por-que-todo-el-mundo-habla-de-nicola-peltz-beckham-la-nuera-de-victoria-beckham\/","title":{"rendered":"\u00bfPor qu\u00e9 todo el mundo habla de Nicola Peltz Beckham, la nuera de Victoria Beckham?"},"content":{"rendered":"<p><span style=\"font-weight: 400\">En la Paris Fashion Week, la ausencia de Nicola Peltz Beckham en el desfile de su suegra, Victoria Beckham, no pas\u00f3 desapercibida, sembrando rumores sobre problemas con la familia de su esposo. La realidad es que ni ella ni su esposo, Brooklyn Beckham, asistieron al evento debido a compromisos laborales de \u00e9l.<\/span><\/p>\n<p><span style=\"font-weight: 400\">Resulta que el hijo mayor de los Beckham est\u00e1 en pleno lanzamiento de su nueva salsa picante, Cloud23, en Estados Unidos, por lo que esta vez se empalmaron los compromisos laborales de Brooklyn y su madre.<\/span><\/p>\n<p><img loading=\"lazy\" decoding=\"async\" class=\"alignnone wp-image-148063 size-full\" src=\"https:\/\/graziamagazine.com\/mx\/wp-content\/uploads\/sites\/13\/2025\/03\/nicolap.jpg\" alt=\"\" width=\"636\" height=\"388\" srcset=\"https:\/\/graziamagazine.com\/mx\/wp-content\/uploads\/sites\/13\/2025\/03\/nicolap.jpg 636w, https:\/\/graziamagazine.com\/mx\/wp-content\/uploads\/sites\/13\/2025\/03\/nicolap-450x275.jpg 450w, https:\/\/graziamagazine.com\/mx\/wp-content\/uploads\/sites\/13\/2025\/03\/nicolap-400x244.jpg 400w, https:\/\/graziamagazine.com\/mx\/wp-content\/uploads\/sites\/13\/2025\/03\/nicolap-155x95.jpg 155w\" sizes=\"(max-width: 636px) 100vw, 636px\" \/><\/p>\n<p><span style=\"font-weight: 400\">Esta ausencia gener\u00f3 especulaciones, especialmente considerando que en ediciones anteriores de la este gran evento en Par\u00eds, Nicola hab\u00eda sido una presencia destacada. En 2022, asisti\u00f3 al desfile de Givenchy luciendo un conjunto negro de chamarra de corte ajustado con pantalones de cuero, complementado con un maquillaje natural y labios en tono nude.\u00a0<\/span><\/p>\n<p><span style=\"font-weight: 400\">La relaci\u00f3n entre Nicola y Victoria Beckham ha sido objeto de atenci\u00f3n medi\u00e1tica, pero ellas siempre han demostrado p\u00fablicamente lo bien que se llevan.\u00a0<\/span><\/p>\n<p><img loading=\"lazy\" decoding=\"async\" class=\"alignnone wp-image-148064 size-full\" src=\"https:\/\/graziamagazine.com\/mx\/wp-content\/uploads\/sites\/13\/2025\/03\/nicolavic.jpg\" alt=\"\" width=\"527\" height=\"329\" srcset=\"https:\/\/graziamagazine.com\/mx\/wp-content\/uploads\/sites\/13\/2025\/03\/nicolavic.jpg 527w, https:\/\/graziamagazine.com\/mx\/wp-content\/uploads\/sites\/13\/2025\/03\/nicolavic-450x281.jpg 450w, https:\/\/graziamagazine.com\/mx\/wp-content\/uploads\/sites\/13\/2025\/03\/nicolavic-400x250.jpg 400w, https:\/\/graziamagazine.com\/mx\/wp-content\/uploads\/sites\/13\/2025\/03\/nicolavic-155x97.jpg 155w\" sizes=\"(max-width: 527px) 100vw, 527px\" \/><\/p>\n<p><span style=\"font-weight: 400\">Este a\u00f1o, Victoria Beckham present\u00f3 una colecci\u00f3n que destac\u00f3 por sus siluetas modernas, consolid\u00e1ndose como una dise\u00f1adora de renombre en la industria.<\/span><\/p>\n<p>&nbsp;<\/p>\n","protected":false},"author":11628,"featured_media":148062,"template":"","format":"standard","categories":[2],"acf":[],"yoast_head":"<!-- This site is optimized with the Yoast SEO Premium plugin v18.5 (Yoast SEO v20.4) - https:\/\/yoast.com\/wordpress\/plugins\/seo\/ -->\n<title>Por qu\u00e9 todo el mundo habla de Nicola Peltz Beckham<\/title>\n<meta name=\"description\" content=\"En la Paris Fashion Week, la ausencia de Nicola Peltz Beckham en el desfile de su suegra, Victoria Beckham, no pas\u00f3 desapercibida, sembrando rumores sobre\" \/>\n<meta name=\"robots\" content=\"index, follow, max-snippet:-1, max-image-preview:large, max-video-preview:-1\" \/>\n<link rel=\"canonical\" href=\"https:\/\/graziamagazine.com\/mx\/articles\/por-que-todo-el-mundo-habla-de-nicola-peltz-beckham-la-nuera-de-victoria-beckham\/\" \/>\n<meta property=\"og:locale\" content=\"es_MX\" \/>\n<meta property=\"og:type\" content=\"article\" \/>\n<meta property=\"og:title\" content=\"\u00bfPor qu\u00e9 todo el mundo habla de Nicola Peltz Beckham, la nuera de Victoria Beckham?\" \/>\n<meta property=\"og:description\" content=\"En la Paris Fashion Week, la ausencia de Nicola Peltz Beckham en el desfile de su suegra, Victoria Beckham, no pas\u00f3 desapercibida, sembrando rumores sobre\" \/>\n<meta property=\"og:url\" content=\"https:\/\/graziamagazine.com\/mx\/articles\/por-que-todo-el-mundo-habla-de-nicola-peltz-beckham-la-nuera-de-victoria-beckham\/\" \/>\n<meta property=\"og:site_name\" content=\"Grazia M\u00e9xico y Latinoam\u00e9rica\" \/>\n<meta property=\"article:modified_time\" content=\"2025-03-13T02:15:49+00:00\" \/>\n<meta property=\"og:image\" content=\"https:\/\/graziamagazine.com\/mx\/wp-content\/uploads\/sites\/13\/2025\/03\/nicola.jpg\" \/>\n\t<meta property=\"og:image:width\" content=\"688\" \/>\n\t<meta property=\"og:image:height\" content=\"391\" \/>\n\t<meta property=\"og:image:type\" content=\"image\/jpeg\" \/>\n<meta name=\"twitter:card\" content=\"summary_large_image\" \/>\n<meta name=\"twitter:label1\" content=\"Est. reading time\" \/>\n\t<meta name=\"twitter:data1\" content=\"2 minutos\" \/>\n<script type=\"application\/ld+json\" class=\"yoast-schema-graph\">{\"@context\":\"https:\/\/schema.org\",\"@graph\":[{\"@type\":\"WebPage\",\"@id\":\"https:\/\/graziamagazine.com\/mx\/articles\/por-que-todo-el-mundo-habla-de-nicola-peltz-beckham-la-nuera-de-victoria-beckham\/\",\"url\":\"https:\/\/graziamagazine.com\/mx\/articles\/por-que-todo-el-mundo-habla-de-nicola-peltz-beckham-la-nuera-de-victoria-beckham\/\",\"name\":\"Por qu\u00e9 todo el mundo habla de Nicola Peltz Beckham\",\"isPartOf\":{\"@id\":\"https:\/\/graziamagazine.com\/mx\/#website\"},\"datePublished\":\"2025-03-12T21:32:28+00:00\",\"dateModified\":\"2025-03-13T02:15:49+00:00\",\"description\":\"En la Paris Fashion Week, la ausencia de Nicola Peltz Beckham en el desfile de su suegra, Victoria Beckham, no pas\u00f3 desapercibida, sembrando rumores sobre\",\"breadcrumb\":{\"@id\":\"https:\/\/graziamagazine.com\/mx\/articles\/por-que-todo-el-mundo-habla-de-nicola-peltz-beckham-la-nuera-de-victoria-beckham\/#breadcrumb\"},\"inLanguage\":\"es-MX\",\"potentialAction\":[{\"@type\":\"ReadAction\",\"target\":[\"https:\/\/graziamagazine.com\/mx\/articles\/por-que-todo-el-mundo-habla-de-nicola-peltz-beckham-la-nuera-de-victoria-beckham\/\"]}]},{\"@type\":\"BreadcrumbList\",\"@id\":\"https:\/\/graziamagazine.com\/mx\/articles\/por-que-todo-el-mundo-habla-de-nicola-peltz-beckham-la-nuera-de-victoria-beckham\/#breadcrumb\",\"itemListElement\":[{\"@type\":\"ListItem\",\"position\":1,\"name\":\"Home\",\"item\":\"https:\/\/graziamagazine.com\/mx\/\"},{\"@type\":\"ListItem\",\"position\":2,\"name\":\"\u00bfPor qu\u00e9 todo el mundo habla de Nicola Peltz Beckham, la nuera de Victoria Beckham?\"}]},{\"@type\":\"WebSite\",\"@id\":\"https:\/\/graziamagazine.com\/mx\/#website\",\"url\":\"https:\/\/graziamagazine.com\/mx\/\",\"name\":\"Grazia M\u00e9xico y Latinoam\u00e9rica\",\"description\":\"Grazia es moda, belleza y noticias  de actualidad \",\"potentialAction\":[{\"@type\":\"SearchAction\",\"target\":{\"@type\":\"EntryPoint\",\"urlTemplate\":\"https:\/\/graziamagazine.com\/mx\/?s={search_term_string}\"},\"query-input\":\"required name=search_term_string\"}],\"inLanguage\":\"es-MX\"}]}<\/script>\n<!-- \/ Yoast SEO Premium plugin. -->","yoast_head_json":{"title":"Por qu\u00e9 todo el mundo habla de Nicola Peltz Beckham","description":"En la Paris Fashion Week, la ausencia de Nicola Peltz Beckham en el desfile de su suegra, Victoria Beckham, no pas\u00f3 desapercibida, sembrando rumores sobre","robots":{"index":"index","follow":"follow","max-snippet":"max-snippet:-1","max-image-preview":"max-image-preview:large","max-video-preview":"max-video-preview:-1"},"canonical":"https:\/\/graziamagazine.com\/mx\/articles\/por-que-todo-el-mundo-habla-de-nicola-peltz-beckham-la-nuera-de-victoria-beckham\/","og_locale":"es_MX","og_type":"article","og_title":"\u00bfPor qu\u00e9 todo el mundo habla de Nicola Peltz Beckham, la nuera de Victoria Beckham?","og_description":"En la Paris Fashion Week, la ausencia de Nicola Peltz Beckham en el desfile de su suegra, Victoria Beckham, no pas\u00f3 desapercibida, sembrando rumores sobre","og_url":"https:\/\/graziamagazine.com\/mx\/articles\/por-que-todo-el-mundo-habla-de-nicola-peltz-beckham-la-nuera-de-victoria-beckham\/","og_site_name":"Grazia M\u00e9xico y Latinoam\u00e9rica","article_modified_time":"2025-03-13T02:15:49+00:00","og_image":[{"width":688,"height":391,"url":"https:\/\/graziamagazine.com\/mx\/wp-content\/uploads\/sites\/13\/2025\/03\/nicola.jpg","type":"image\/jpeg"}],"twitter_card":"summary_large_image","twitter_misc":{"Est. reading time":"2 minutos"},"schema":{"@context":"https:\/\/schema.org","@graph":[{"@type":"WebPage","@id":"https:\/\/graziamagazine.com\/mx\/articles\/por-que-todo-el-mundo-habla-de-nicola-peltz-beckham-la-nuera-de-victoria-beckham\/","url":"https:\/\/graziamagazine.com\/mx\/articles\/por-que-todo-el-mundo-habla-de-nicola-peltz-beckham-la-nuera-de-victoria-beckham\/","name":"Por qu\u00e9 todo el mundo habla de Nicola Peltz Beckham","isPartOf":{"@id":"https:\/\/graziamagazine.com\/mx\/#website"},"datePublished":"2025-03-12T21:32:28+00:00","dateModified":"2025-03-13T02:15:49+00:00","description":"En la Paris Fashion Week, la ausencia de Nicola Peltz Beckham en el desfile de su suegra, Victoria Beckham, no pas\u00f3 desapercibida, sembrando rumores sobre","breadcrumb":{"@id":"https:\/\/graziamagazine.com\/mx\/articles\/por-que-todo-el-mundo-habla-de-nicola-peltz-beckham-la-nuera-de-victoria-beckham\/#breadcrumb"},"inLanguage":"es-MX","potentialAction":[{"@type":"ReadAction","target":["https:\/\/graziamagazine.com\/mx\/articles\/por-que-todo-el-mundo-habla-de-nicola-peltz-beckham-la-nuera-de-victoria-beckham\/"]}]},{"@type":"BreadcrumbList","@id":"https:\/\/graziamagazine.com\/mx\/articles\/por-que-todo-el-mundo-habla-de-nicola-peltz-beckham-la-nuera-de-victoria-beckham\/#breadcrumb","itemListElement":[{"@type":"ListItem","position":1,"name":"Home","item":"https:\/\/graziamagazine.com\/mx\/"},{"@type":"ListItem","position":2,"name":"\u00bfPor qu\u00e9 todo el mundo habla de Nicola Peltz Beckham, la nuera de Victoria Beckham?"}]},{"@type":"WebSite","@id":"https:\/\/graziamagazine.com\/mx\/#website","url":"https:\/\/graziamagazine.com\/mx\/","name":"Grazia M\u00e9xico y Latinoam\u00e9rica","description":"Grazia es moda, belleza y noticias  de actualidad ","potentialAction":[{"@type":"SearchAction","target":{"@type":"EntryPoint","urlTemplate":"https:\/\/graziamagazine.com\/mx\/?s={search_term_string}"},"query-input":"required name=search_term_string"}],"inLanguage":"es-MX"}]}},"jetpack_sharing_enabled":true,"distributor_meta":false,"distributor_terms":false,"distributor_media":false,"distributor_original_site_name":"Grazia M\u00e9xico y Latinoam\u00e9rica","distributor_original_site_url":"https:\/\/graziamagazine.com\/mx","push-errors":false,"_links":{"self":[{"href":"https:\/\/graziamagazine.com\/mx\/wp-json\/wp\/v2\/articles\/148061"}],"collection":[{"href":"https:\/\/graziamagazine.com\/mx\/wp-json\/wp\/v2\/articles"}],"about":[{"href":"https:\/\/graziamagazine.com\/mx\/wp-json\/wp\/v2\/types\/articles"}],"author":[{"embeddable":true,"href":"https:\/\/graziamagazine.com\/mx\/wp-json\/wp\/v2\/users\/11628"}],"wp:featuredmedia":[{"embeddable":true,"href":"https:\/\/graziamagazine.com\/mx\/wp-json\/wp\/v2\/media\/148062"}],"wp:attachment":[{"href":"https:\/\/graziamagazine.com\/mx\/wp-json\/wp\/v2\/media?parent=148061"}],"wp:term":[{"taxonomy":"category","embeddable":true,"href":"https:\/\/graziamagazine.com\/mx\/wp-json\/wp\/v2\/categories?post=148061"}],"curies":[{"name":"wp","href":"https:\/\/api.w.org\/{rel}","templated":true}]}}