{"id":148007,"date":"2025-03-11T17:56:21","date_gmt":"2025-03-11T22:56:21","guid":{"rendered":"https:\/\/graziamagazine.com\/mx\/?post_type=articles&#038;p=148007"},"modified":"2025-04-14T17:42:49","modified_gmt":"2025-04-14T22:42:49","slug":"blue-box-cafe-by-tiffany-abre-sus-puertas-en-masaryk","status":"publish","type":"articles","link":"https:\/\/graziamagazine.com\/mx\/articles\/blue-box-cafe-by-tiffany-abre-sus-puertas-en-masaryk\/","title":{"rendered":"Blue Box Caf\u00e9 by Tiffany abre sus puertas en Masaryk"},"content":{"rendered":"<p><span style=\"font-weight: 400\">La Ciudad de M\u00e9xico est\u00e1 de manteles largos con una apertura doble sobre avenida Mazaryk: la \u00faltima boutique de Tiffany &amp; Co. llena de diamantes, y su ic\u00f3nico Blue Box Caf\u00e9. \u00a1Ahora s\u00ed es posible tomar el \u201cDesayuno en Tiffany\u201d!\u00a0\u00a0<\/span><\/p>\n<p><span style=\"font-weight: 400\">Ubicado en la Presidente Masaryk 460, se trata de la primera boutique y caf\u00e9 de la marca en Am\u00e9rica Latina, sum\u00e1ndose a las selectas ubicaciones de Nueva York, Londres, Dub\u00e1i y Taip\u00e9i.\u00a0<\/span><\/p>\n<p><img loading=\"lazy\" decoding=\"async\" class=\"alignnone size-medium wp-image-149495\" src=\"https:\/\/graziamagazine.com\/mx\/wp-content\/uploads\/sites\/13\/2025\/03\/BLUEBOX-CAFE-TIFFANY3290-450x300.jpg\" alt=\"\" width=\"450\" height=\"300\" srcset=\"https:\/\/graziamagazine.com\/mx\/wp-content\/uploads\/sites\/13\/2025\/03\/BLUEBOX-CAFE-TIFFANY3290-450x300.jpg 450w, https:\/\/graziamagazine.com\/mx\/wp-content\/uploads\/sites\/13\/2025\/03\/BLUEBOX-CAFE-TIFFANY3290-1024x683.jpg 1024w, https:\/\/graziamagazine.com\/mx\/wp-content\/uploads\/sites\/13\/2025\/03\/BLUEBOX-CAFE-TIFFANY3290-768x512.jpg 768w, https:\/\/graziamagazine.com\/mx\/wp-content\/uploads\/sites\/13\/2025\/03\/BLUEBOX-CAFE-TIFFANY3290-1536x1025.jpg 1536w, https:\/\/graziamagazine.com\/mx\/wp-content\/uploads\/sites\/13\/2025\/03\/BLUEBOX-CAFE-TIFFANY3290-400x267.jpg 400w, https:\/\/graziamagazine.com\/mx\/wp-content\/uploads\/sites\/13\/2025\/03\/BLUEBOX-CAFE-TIFFANY3290-155x103.jpg 155w\" sizes=\"(max-width: 450px) 100vw, 450px\" \/><\/p>\n<p><span style=\"font-weight: 400\">El Blue Box Caf\u00e9 ofrece a los comensales un entorno exclusivo que refleja el estilo de la marca. El men\u00fa, inspirado en la cocina mexicana y dise\u00f1ado por el reconocido chef Edo Kobayashi, incluye platos como aguachile de camar\u00f3n con maracuy\u00e1, crudo de at\u00fan, pesca del d\u00eda y un tradicional cheesecake.\u00a0<\/span><\/p>\n<p><img loading=\"lazy\" decoding=\"async\" class=\"alignnone size-medium wp-image-149498\" src=\"https:\/\/graziamagazine.com\/mx\/wp-content\/uploads\/sites\/13\/2025\/03\/2-5-450x293.jpg\" alt=\"\" width=\"450\" height=\"293\" srcset=\"https:\/\/graziamagazine.com\/mx\/wp-content\/uploads\/sites\/13\/2025\/03\/2-5-450x293.jpg 450w, https:\/\/graziamagazine.com\/mx\/wp-content\/uploads\/sites\/13\/2025\/03\/2-5-768x501.jpg 768w, https:\/\/graziamagazine.com\/mx\/wp-content\/uploads\/sites\/13\/2025\/03\/2-5-400x261.jpg 400w, https:\/\/graziamagazine.com\/mx\/wp-content\/uploads\/sites\/13\/2025\/03\/2-5-155x101.jpg 155w, https:\/\/graziamagazine.com\/mx\/wp-content\/uploads\/sites\/13\/2025\/03\/2-5.jpg 966w\" sizes=\"(max-width: 450px) 100vw, 450px\" \/><\/p>\n<p><span style=\"font-weight: 400\">El dise\u00f1o del caf\u00e9 ha sido concebido por el arquitecto Peter Marino, quien ha logrado capturar la esencia de Tiffany &amp; Co. en cada detalle del espacio, comenzando por su distintivo azul Tiffany.<\/span><\/p>\n<p><img loading=\"lazy\" decoding=\"async\" class=\"alignnone size-medium wp-image-149497\" src=\"https:\/\/graziamagazine.com\/mx\/wp-content\/uploads\/sites\/13\/2025\/03\/1-4-450x299.jpg\" alt=\"\" width=\"450\" height=\"299\" srcset=\"https:\/\/graziamagazine.com\/mx\/wp-content\/uploads\/sites\/13\/2025\/03\/1-4-450x299.jpg 450w, https:\/\/graziamagazine.com\/mx\/wp-content\/uploads\/sites\/13\/2025\/03\/1-4-768x511.jpg 768w, https:\/\/graziamagazine.com\/mx\/wp-content\/uploads\/sites\/13\/2025\/03\/1-4-400x266.jpg 400w, https:\/\/graziamagazine.com\/mx\/wp-content\/uploads\/sites\/13\/2025\/03\/1-4-155x103.jpg 155w, https:\/\/graziamagazine.com\/mx\/wp-content\/uploads\/sites\/13\/2025\/03\/1-4.jpg 968w\" sizes=\"(max-width: 450px) 100vw, 450px\" \/><\/p>\n<p><span style=\"font-weight: 400\">Para poder consumir alimentos en este lugar, se requiere de reservaci\u00f3n previa a trav\u00e9s de la plataforma exploretock.com, con un dep\u00f3sito de 500 pesos por persona, que se acredita al consumo en el lugar. Las mesas est\u00e1n disponibles para grupos de hasta seis personas, y el horario de atenci\u00f3n es de 10:00 a 19:00 horas.\u00a0<\/span><\/p>\n<p><img loading=\"lazy\" decoding=\"async\" class=\"alignnone size-medium wp-image-149494\" src=\"https:\/\/graziamagazine.com\/mx\/wp-content\/uploads\/sites\/13\/2025\/03\/BLUEBOX-CAFE-TIFFANY3515-300x450.jpg\" alt=\"\" width=\"300\" height=\"450\" srcset=\"https:\/\/graziamagazine.com\/mx\/wp-content\/uploads\/sites\/13\/2025\/03\/BLUEBOX-CAFE-TIFFANY3515-300x450.jpg 300w, https:\/\/graziamagazine.com\/mx\/wp-content\/uploads\/sites\/13\/2025\/03\/BLUEBOX-CAFE-TIFFANY3515-683x1024.jpg 683w, https:\/\/graziamagazine.com\/mx\/wp-content\/uploads\/sites\/13\/2025\/03\/BLUEBOX-CAFE-TIFFANY3515-768x1151.jpg 768w, https:\/\/graziamagazine.com\/mx\/wp-content\/uploads\/sites\/13\/2025\/03\/BLUEBOX-CAFE-TIFFANY3515-1025x1536.jpg 1025w, https:\/\/graziamagazine.com\/mx\/wp-content\/uploads\/sites\/13\/2025\/03\/BLUEBOX-CAFE-TIFFANY3515-1366x2048.jpg 1366w, https:\/\/graziamagazine.com\/mx\/wp-content\/uploads\/sites\/13\/2025\/03\/BLUEBOX-CAFE-TIFFANY3515-400x600.jpg 400w, https:\/\/graziamagazine.com\/mx\/wp-content\/uploads\/sites\/13\/2025\/03\/BLUEBOX-CAFE-TIFFANY3515-143x215.jpg 143w, https:\/\/graziamagazine.com\/mx\/wp-content\/uploads\/sites\/13\/2025\/03\/BLUEBOX-CAFE-TIFFANY3515-scaled.jpg 1708w\" sizes=\"(max-width: 300px) 100vw, 300px\" \/><\/p>\n","protected":false},"author":11628,"featured_media":148008,"template":"","format":"standard","categories":[4],"acf":[],"yoast_head":"<!-- This site is optimized with the Yoast SEO Premium plugin v18.5 (Yoast SEO v20.4) - https:\/\/yoast.com\/wordpress\/plugins\/seo\/ -->\n<title>Blue Box Caf\u00e9 by Tiffany abre sus puertas en Masaryk<\/title>\n<meta name=\"description\" content=\"La Ciudad de M\u00e9xico est\u00e1 de manteles largos con una apertura doble sobre avenida Mazaryk: la \u00faltima boutique de Tiffany &amp; Co. llena de diamantes, y su\" \/>\n<meta name=\"robots\" content=\"index, follow, max-snippet:-1, max-image-preview:large, max-video-preview:-1\" \/>\n<link rel=\"canonical\" href=\"https:\/\/graziamagazine.com\/mx\/articles\/blue-box-cafe-by-tiffany-abre-sus-puertas-en-masaryk\/\" \/>\n<meta property=\"og:locale\" content=\"es_MX\" \/>\n<meta property=\"og:type\" content=\"article\" \/>\n<meta property=\"og:title\" content=\"Blue Box Caf\u00e9 by Tiffany abre sus puertas en Masaryk\" \/>\n<meta property=\"og:description\" content=\"La Ciudad de M\u00e9xico est\u00e1 de manteles largos con una apertura doble sobre avenida Mazaryk: la \u00faltima boutique de Tiffany &amp; Co. llena de diamantes, y su\" \/>\n<meta property=\"og:url\" content=\"https:\/\/graziamagazine.com\/mx\/articles\/blue-box-cafe-by-tiffany-abre-sus-puertas-en-masaryk\/\" \/>\n<meta property=\"og:site_name\" content=\"Grazia M\u00e9xico y Latinoam\u00e9rica\" \/>\n<meta property=\"article:modified_time\" content=\"2025-04-14T22:42:49+00:00\" \/>\n<meta property=\"og:image\" content=\"https:\/\/graziamagazine.com\/mx\/wp-content\/uploads\/sites\/13\/2025\/03\/tif.jpg\" \/>\n\t<meta property=\"og:image:width\" content=\"730\" \/>\n\t<meta property=\"og:image:height\" content=\"302\" \/>\n\t<meta property=\"og:image:type\" content=\"image\/jpeg\" \/>\n<meta name=\"twitter:card\" content=\"summary_large_image\" \/>\n<meta name=\"twitter:label1\" content=\"Est. reading time\" \/>\n\t<meta name=\"twitter:data1\" content=\"2 minutos\" \/>\n<script type=\"application\/ld+json\" class=\"yoast-schema-graph\">{\"@context\":\"https:\/\/schema.org\",\"@graph\":[{\"@type\":\"WebPage\",\"@id\":\"https:\/\/graziamagazine.com\/mx\/articles\/blue-box-cafe-by-tiffany-abre-sus-puertas-en-masaryk\/\",\"url\":\"https:\/\/graziamagazine.com\/mx\/articles\/blue-box-cafe-by-tiffany-abre-sus-puertas-en-masaryk\/\",\"name\":\"Blue Box Caf\u00e9 by Tiffany abre sus puertas en Masaryk\",\"isPartOf\":{\"@id\":\"https:\/\/graziamagazine.com\/mx\/#website\"},\"datePublished\":\"2025-03-11T22:56:21+00:00\",\"dateModified\":\"2025-04-14T22:42:49+00:00\",\"description\":\"La Ciudad de M\u00e9xico est\u00e1 de manteles largos con una apertura doble sobre avenida Mazaryk: la \u00faltima boutique de Tiffany &amp; Co. llena de diamantes, y su\",\"breadcrumb\":{\"@id\":\"https:\/\/graziamagazine.com\/mx\/articles\/blue-box-cafe-by-tiffany-abre-sus-puertas-en-masaryk\/#breadcrumb\"},\"inLanguage\":\"es-MX\",\"potentialAction\":[{\"@type\":\"ReadAction\",\"target\":[\"https:\/\/graziamagazine.com\/mx\/articles\/blue-box-cafe-by-tiffany-abre-sus-puertas-en-masaryk\/\"]}]},{\"@type\":\"BreadcrumbList\",\"@id\":\"https:\/\/graziamagazine.com\/mx\/articles\/blue-box-cafe-by-tiffany-abre-sus-puertas-en-masaryk\/#breadcrumb\",\"itemListElement\":[{\"@type\":\"ListItem\",\"position\":1,\"name\":\"Home\",\"item\":\"https:\/\/graziamagazine.com\/mx\/\"},{\"@type\":\"ListItem\",\"position\":2,\"name\":\"Blue Box Caf\u00e9 by Tiffany abre sus puertas en Masaryk\"}]},{\"@type\":\"WebSite\",\"@id\":\"https:\/\/graziamagazine.com\/mx\/#website\",\"url\":\"https:\/\/graziamagazine.com\/mx\/\",\"name\":\"Grazia M\u00e9xico y Latinoam\u00e9rica\",\"description\":\"Grazia es moda, belleza y noticias  de actualidad \",\"potentialAction\":[{\"@type\":\"SearchAction\",\"target\":{\"@type\":\"EntryPoint\",\"urlTemplate\":\"https:\/\/graziamagazine.com\/mx\/?s={search_term_string}\"},\"query-input\":\"required name=search_term_string\"}],\"inLanguage\":\"es-MX\"}]}<\/script>\n<!-- \/ Yoast SEO Premium plugin. -->","yoast_head_json":{"title":"Blue Box Caf\u00e9 by Tiffany abre sus puertas en Masaryk","description":"La Ciudad de M\u00e9xico est\u00e1 de manteles largos con una apertura doble sobre avenida Mazaryk: la \u00faltima boutique de Tiffany &amp; Co. llena de diamantes, y su","robots":{"index":"index","follow":"follow","max-snippet":"max-snippet:-1","max-image-preview":"max-image-preview:large","max-video-preview":"max-video-preview:-1"},"canonical":"https:\/\/graziamagazine.com\/mx\/articles\/blue-box-cafe-by-tiffany-abre-sus-puertas-en-masaryk\/","og_locale":"es_MX","og_type":"article","og_title":"Blue Box Caf\u00e9 by Tiffany abre sus puertas en Masaryk","og_description":"La Ciudad de M\u00e9xico est\u00e1 de manteles largos con una apertura doble sobre avenida Mazaryk: la \u00faltima boutique de Tiffany &amp; Co. llena de diamantes, y su","og_url":"https:\/\/graziamagazine.com\/mx\/articles\/blue-box-cafe-by-tiffany-abre-sus-puertas-en-masaryk\/","og_site_name":"Grazia M\u00e9xico y Latinoam\u00e9rica","article_modified_time":"2025-04-14T22:42:49+00:00","og_image":[{"width":730,"height":302,"url":"https:\/\/graziamagazine.com\/mx\/wp-content\/uploads\/sites\/13\/2025\/03\/tif.jpg","type":"image\/jpeg"}],"twitter_card":"summary_large_image","twitter_misc":{"Est. reading time":"2 minutos"},"schema":{"@context":"https:\/\/schema.org","@graph":[{"@type":"WebPage","@id":"https:\/\/graziamagazine.com\/mx\/articles\/blue-box-cafe-by-tiffany-abre-sus-puertas-en-masaryk\/","url":"https:\/\/graziamagazine.com\/mx\/articles\/blue-box-cafe-by-tiffany-abre-sus-puertas-en-masaryk\/","name":"Blue Box Caf\u00e9 by Tiffany abre sus puertas en Masaryk","isPartOf":{"@id":"https:\/\/graziamagazine.com\/mx\/#website"},"datePublished":"2025-03-11T22:56:21+00:00","dateModified":"2025-04-14T22:42:49+00:00","description":"La Ciudad de M\u00e9xico est\u00e1 de manteles largos con una apertura doble sobre avenida Mazaryk: la \u00faltima boutique de Tiffany &amp; Co. llena de diamantes, y su","breadcrumb":{"@id":"https:\/\/graziamagazine.com\/mx\/articles\/blue-box-cafe-by-tiffany-abre-sus-puertas-en-masaryk\/#breadcrumb"},"inLanguage":"es-MX","potentialAction":[{"@type":"ReadAction","target":["https:\/\/graziamagazine.com\/mx\/articles\/blue-box-cafe-by-tiffany-abre-sus-puertas-en-masaryk\/"]}]},{"@type":"BreadcrumbList","@id":"https:\/\/graziamagazine.com\/mx\/articles\/blue-box-cafe-by-tiffany-abre-sus-puertas-en-masaryk\/#breadcrumb","itemListElement":[{"@type":"ListItem","position":1,"name":"Home","item":"https:\/\/graziamagazine.com\/mx\/"},{"@type":"ListItem","position":2,"name":"Blue Box Caf\u00e9 by Tiffany abre sus puertas en Masaryk"}]},{"@type":"WebSite","@id":"https:\/\/graziamagazine.com\/mx\/#website","url":"https:\/\/graziamagazine.com\/mx\/","name":"Grazia M\u00e9xico y Latinoam\u00e9rica","description":"Grazia es moda, belleza y noticias  de actualidad ","potentialAction":[{"@type":"SearchAction","target":{"@type":"EntryPoint","urlTemplate":"https:\/\/graziamagazine.com\/mx\/?s={search_term_string}"},"query-input":"required name=search_term_string"}],"inLanguage":"es-MX"}]}},"jetpack_sharing_enabled":true,"distributor_meta":false,"distributor_terms":false,"distributor_media":false,"distributor_original_site_name":"Grazia M\u00e9xico y Latinoam\u00e9rica","distributor_original_site_url":"https:\/\/graziamagazine.com\/mx","push-errors":false,"_links":{"self":[{"href":"https:\/\/graziamagazine.com\/mx\/wp-json\/wp\/v2\/articles\/148007"}],"collection":[{"href":"https:\/\/graziamagazine.com\/mx\/wp-json\/wp\/v2\/articles"}],"about":[{"href":"https:\/\/graziamagazine.com\/mx\/wp-json\/wp\/v2\/types\/articles"}],"author":[{"embeddable":true,"href":"https:\/\/graziamagazine.com\/mx\/wp-json\/wp\/v2\/users\/11628"}],"wp:featuredmedia":[{"embeddable":true,"href":"https:\/\/graziamagazine.com\/mx\/wp-json\/wp\/v2\/media\/148008"}],"wp:attachment":[{"href":"https:\/\/graziamagazine.com\/mx\/wp-json\/wp\/v2\/media?parent=148007"}],"wp:term":[{"taxonomy":"category","embeddable":true,"href":"https:\/\/graziamagazine.com\/mx\/wp-json\/wp\/v2\/categories?post=148007"}],"curies":[{"name":"wp","href":"https:\/\/api.w.org\/{rel}","templated":true}]}}