{"id":147958,"date":"2025-03-11T12:35:22","date_gmt":"2025-03-11T17:35:22","guid":{"rendered":"https:\/\/graziamagazine.com\/mx\/?post_type=articles&#038;p=147958"},"modified":"2025-03-11T12:40:06","modified_gmt":"2025-03-11T17:40:06","slug":"chanel-reinventa-la-elegancia-parisina","status":"publish","type":"articles","link":"https:\/\/graziamagazine.com\/mx\/articles\/chanel-reinventa-la-elegancia-parisina\/","title":{"rendered":"Chanel reinventa la elegancia parisina"},"content":{"rendered":"<p data-start=\"294\" data-end=\"599\">La colecci\u00f3n pr\u00eat-\u00e0-porter Oto\u00f1o-Invierno 2025\/26 de Chanel se present\u00f3 en el majestuoso Grand Palais de Par\u00eds, donde un escenario po\u00e9tico inspirado en el ic\u00f3nico list\u00f3n de la Maison dio vida a una propuesta que rinde homenaje a los c\u00f3digos tradicionales de la firma, pero con un giro on\u00edrico y moderno.<\/p>\n<p data-start=\"601\" data-end=\"853\">Los mo\u00f1os, las transparencias y los tejidos emblem\u00e1ticos marcaron la pauta en esta colecci\u00f3n, que apuesta por la sofisticaci\u00f3n atemporal con toques contempor\u00e1neos.<\/p>\n<p data-start=\"601\" data-end=\"853\">Aqu\u00ed, seleccionamos los diez looks m\u00e1s destacados que redefinen la elegancia parisina.<\/p>\n<h3 data-start=\"855\" data-end=\"890\">1. Transparencias y vol\u00famenes<\/h3>\n<figure id=\"attachment_147964\" aria-describedby=\"caption-attachment-147964\" style=\"width: 692px\" class=\"wp-caption alignnone\"><img loading=\"lazy\" decoding=\"async\" class=\"size-large wp-image-147964\" src=\"https:\/\/graziamagazine.com\/mx\/wp-content\/uploads\/sites\/13\/2025\/03\/WhatsApp-Image-2025-03-11-at-09.45.55-1-692x1024.jpeg\" alt=\"Chanel reinventa la elegancia parisina\" width=\"692\" height=\"1024\" srcset=\"https:\/\/graziamagazine.com\/mx\/wp-content\/uploads\/sites\/13\/2025\/03\/WhatsApp-Image-2025-03-11-at-09.45.55-1-692x1024.jpeg 692w, https:\/\/graziamagazine.com\/mx\/wp-content\/uploads\/sites\/13\/2025\/03\/WhatsApp-Image-2025-03-11-at-09.45.55-1-304x450.jpeg 304w, https:\/\/graziamagazine.com\/mx\/wp-content\/uploads\/sites\/13\/2025\/03\/WhatsApp-Image-2025-03-11-at-09.45.55-1-768x1136.jpeg 768w, https:\/\/graziamagazine.com\/mx\/wp-content\/uploads\/sites\/13\/2025\/03\/WhatsApp-Image-2025-03-11-at-09.45.55-1-1039x1536.jpeg 1039w, https:\/\/graziamagazine.com\/mx\/wp-content\/uploads\/sites\/13\/2025\/03\/WhatsApp-Image-2025-03-11-at-09.45.55-1-400x591.jpeg 400w, https:\/\/graziamagazine.com\/mx\/wp-content\/uploads\/sites\/13\/2025\/03\/WhatsApp-Image-2025-03-11-at-09.45.55-1-145x215.jpeg 145w, https:\/\/graziamagazine.com\/mx\/wp-content\/uploads\/sites\/13\/2025\/03\/WhatsApp-Image-2025-03-11-at-09.45.55-1.jpeg 1082w\" sizes=\"(max-width: 692px) 100vw, 692px\" \/><figcaption id=\"caption-attachment-147964\" class=\"wp-caption-text\">Chanel reinventa la elegancia parisina<\/figcaption><\/figure>\n<p data-start=\"891\" data-end=\"1100\">Las mangas abombadas de gasa en color negro se robaron las miradas, combinadas con un pantal\u00f3n capri de cintura baja. Los mo\u00f1os al centro, sello distintivo de la casa, aportaron un aire rom\u00e1ntico y femenino.<\/p>\n<h3 data-start=\"1102\" data-end=\"1131\">2. El brillo del charol<\/h3>\n<figure id=\"attachment_147968\" aria-describedby=\"caption-attachment-147968\" style=\"width: 692px\" class=\"wp-caption alignnone\"><img loading=\"lazy\" decoding=\"async\" class=\"size-large wp-image-147968\" src=\"https:\/\/graziamagazine.com\/mx\/wp-content\/uploads\/sites\/13\/2025\/03\/WhatsApp-Image-2025-03-11-at-09.46.06-692x1024.jpeg\" alt=\"Chanel reinventa la elegancia parisina\" width=\"692\" height=\"1024\" srcset=\"https:\/\/graziamagazine.com\/mx\/wp-content\/uploads\/sites\/13\/2025\/03\/WhatsApp-Image-2025-03-11-at-09.46.06-692x1024.jpeg 692w, https:\/\/graziamagazine.com\/mx\/wp-content\/uploads\/sites\/13\/2025\/03\/WhatsApp-Image-2025-03-11-at-09.46.06-304x450.jpeg 304w, https:\/\/graziamagazine.com\/mx\/wp-content\/uploads\/sites\/13\/2025\/03\/WhatsApp-Image-2025-03-11-at-09.46.06-768x1136.jpeg 768w, https:\/\/graziamagazine.com\/mx\/wp-content\/uploads\/sites\/13\/2025\/03\/WhatsApp-Image-2025-03-11-at-09.46.06-1039x1536.jpeg 1039w, https:\/\/graziamagazine.com\/mx\/wp-content\/uploads\/sites\/13\/2025\/03\/WhatsApp-Image-2025-03-11-at-09.46.06-400x591.jpeg 400w, https:\/\/graziamagazine.com\/mx\/wp-content\/uploads\/sites\/13\/2025\/03\/WhatsApp-Image-2025-03-11-at-09.46.06-145x215.jpeg 145w, https:\/\/graziamagazine.com\/mx\/wp-content\/uploads\/sites\/13\/2025\/03\/WhatsApp-Image-2025-03-11-at-09.46.06.jpeg 1082w\" sizes=\"(max-width: 692px) 100vw, 692px\" \/><figcaption id=\"caption-attachment-147968\" class=\"wp-caption-text\">Chanel reinventa la elegancia parisina<\/figcaption><\/figure>\n<p data-start=\"1132\" data-end=\"1326\">El negro fue protagonista en este look dominado por un abrigo de charol con volantes laterales. Las perlas y un sombrero plano completaron el estilismo con una est\u00e9tica poderosa y sofisticada.<\/p>\n<h3 data-start=\"1328\" data-end=\"1357\">3. Colores que impactan<\/h3>\n<figure id=\"attachment_147962\" aria-describedby=\"caption-attachment-147962\" style=\"width: 692px\" class=\"wp-caption alignnone\"><img loading=\"lazy\" decoding=\"async\" class=\"size-large wp-image-147962\" src=\"https:\/\/graziamagazine.com\/mx\/wp-content\/uploads\/sites\/13\/2025\/03\/WhatsApp-Image-2025-03-11-at-09.45.54-4-692x1024.jpeg\" alt=\"Chanel reinventa la elegancia parisina\" width=\"692\" height=\"1024\" srcset=\"https:\/\/graziamagazine.com\/mx\/wp-content\/uploads\/sites\/13\/2025\/03\/WhatsApp-Image-2025-03-11-at-09.45.54-4-692x1024.jpeg 692w, https:\/\/graziamagazine.com\/mx\/wp-content\/uploads\/sites\/13\/2025\/03\/WhatsApp-Image-2025-03-11-at-09.45.54-4-304x450.jpeg 304w, https:\/\/graziamagazine.com\/mx\/wp-content\/uploads\/sites\/13\/2025\/03\/WhatsApp-Image-2025-03-11-at-09.45.54-4-768x1136.jpeg 768w, https:\/\/graziamagazine.com\/mx\/wp-content\/uploads\/sites\/13\/2025\/03\/WhatsApp-Image-2025-03-11-at-09.45.54-4-1039x1536.jpeg 1039w, https:\/\/graziamagazine.com\/mx\/wp-content\/uploads\/sites\/13\/2025\/03\/WhatsApp-Image-2025-03-11-at-09.45.54-4-400x591.jpeg 400w, https:\/\/graziamagazine.com\/mx\/wp-content\/uploads\/sites\/13\/2025\/03\/WhatsApp-Image-2025-03-11-at-09.45.54-4-145x215.jpeg 145w, https:\/\/graziamagazine.com\/mx\/wp-content\/uploads\/sites\/13\/2025\/03\/WhatsApp-Image-2025-03-11-at-09.45.54-4.jpeg 1082w\" sizes=\"(max-width: 692px) 100vw, 692px\" \/><figcaption id=\"caption-attachment-147962\" class=\"wp-caption-text\">Chanel reinventa la elegancia parisina<\/figcaption><\/figure>\n<p data-start=\"1358\" data-end=\"1502\">El rojo y el rosa irrumpieron en la pasarela con un vestido corto de punto, realzado por un maxi collar de perlas que aport\u00f3 un toque teatral.<\/p>\n<h3 data-start=\"1504\" data-end=\"1541\">4. Mini vestidos, m\u00e1ximo estilo<\/h3>\n<figure id=\"attachment_147961\" aria-describedby=\"caption-attachment-147961\" style=\"width: 692px\" class=\"wp-caption alignnone\"><img loading=\"lazy\" decoding=\"async\" class=\"size-large wp-image-147961\" src=\"https:\/\/graziamagazine.com\/mx\/wp-content\/uploads\/sites\/13\/2025\/03\/WhatsApp-Image-2025-03-11-at-09.45.54-3-692x1024.jpeg\" alt=\"Chanel reinventa la elegancia parisina\" width=\"692\" height=\"1024\" srcset=\"https:\/\/graziamagazine.com\/mx\/wp-content\/uploads\/sites\/13\/2025\/03\/WhatsApp-Image-2025-03-11-at-09.45.54-3-692x1024.jpeg 692w, https:\/\/graziamagazine.com\/mx\/wp-content\/uploads\/sites\/13\/2025\/03\/WhatsApp-Image-2025-03-11-at-09.45.54-3-304x450.jpeg 304w, https:\/\/graziamagazine.com\/mx\/wp-content\/uploads\/sites\/13\/2025\/03\/WhatsApp-Image-2025-03-11-at-09.45.54-3-768x1136.jpeg 768w, https:\/\/graziamagazine.com\/mx\/wp-content\/uploads\/sites\/13\/2025\/03\/WhatsApp-Image-2025-03-11-at-09.45.54-3-1039x1536.jpeg 1039w, https:\/\/graziamagazine.com\/mx\/wp-content\/uploads\/sites\/13\/2025\/03\/WhatsApp-Image-2025-03-11-at-09.45.54-3-400x591.jpeg 400w, https:\/\/graziamagazine.com\/mx\/wp-content\/uploads\/sites\/13\/2025\/03\/WhatsApp-Image-2025-03-11-at-09.45.54-3-145x215.jpeg 145w, https:\/\/graziamagazine.com\/mx\/wp-content\/uploads\/sites\/13\/2025\/03\/WhatsApp-Image-2025-03-11-at-09.45.54-3.jpeg 1082w\" sizes=\"(max-width: 692px) 100vw, 692px\" \/><figcaption id=\"caption-attachment-147961\" class=\"wp-caption-text\">Chanel reinventa la elegancia parisina<\/figcaption><\/figure>\n<p data-start=\"1542\" data-end=\"1689\">Los mini vestidos regresan con fuerza, y Chanel los propone con mo\u00f1os al centro y chaquetas largas de textura luminosa que equilibran la silueta.<\/p>\n<h3 data-start=\"1691\" data-end=\"1719\">5. Degradados en denim<\/h3>\n<figure id=\"attachment_147963\" aria-describedby=\"caption-attachment-147963\" style=\"width: 692px\" class=\"wp-caption alignnone\"><img loading=\"lazy\" decoding=\"async\" class=\"size-large wp-image-147963\" src=\"https:\/\/graziamagazine.com\/mx\/wp-content\/uploads\/sites\/13\/2025\/03\/WhatsApp-Image-2025-03-11-at-09.45.54-692x1024.jpeg\" alt=\"Chanel reinventa la elegancia parisina\" width=\"692\" height=\"1024\" srcset=\"https:\/\/graziamagazine.com\/mx\/wp-content\/uploads\/sites\/13\/2025\/03\/WhatsApp-Image-2025-03-11-at-09.45.54-692x1024.jpeg 692w, https:\/\/graziamagazine.com\/mx\/wp-content\/uploads\/sites\/13\/2025\/03\/WhatsApp-Image-2025-03-11-at-09.45.54-304x450.jpeg 304w, https:\/\/graziamagazine.com\/mx\/wp-content\/uploads\/sites\/13\/2025\/03\/WhatsApp-Image-2025-03-11-at-09.45.54-768x1136.jpeg 768w, https:\/\/graziamagazine.com\/mx\/wp-content\/uploads\/sites\/13\/2025\/03\/WhatsApp-Image-2025-03-11-at-09.45.54-1039x1536.jpeg 1039w, https:\/\/graziamagazine.com\/mx\/wp-content\/uploads\/sites\/13\/2025\/03\/WhatsApp-Image-2025-03-11-at-09.45.54-400x591.jpeg 400w, https:\/\/graziamagazine.com\/mx\/wp-content\/uploads\/sites\/13\/2025\/03\/WhatsApp-Image-2025-03-11-at-09.45.54-145x215.jpeg 145w, https:\/\/graziamagazine.com\/mx\/wp-content\/uploads\/sites\/13\/2025\/03\/WhatsApp-Image-2025-03-11-at-09.45.54.jpeg 1082w\" sizes=\"(max-width: 692px) 100vw, 692px\" \/><figcaption id=\"caption-attachment-147963\" class=\"wp-caption-text\">Chanel reinventa la elegancia parisina<\/figcaption><\/figure>\n<p data-start=\"1720\" data-end=\"1928\">El denim se transforma en una obra de arte con degradados que van del azul cielo a un blanco algodonoso. Las camisas con cuello <em data-start=\"1848\" data-end=\"1857\">cutaway<\/em> aportan un toque masculino que contrasta con la ligereza del tejido.<\/p>\n<h3 data-start=\"1930\" data-end=\"1961\">6. Jumpsuits sofisticados<\/h3>\n<figure id=\"attachment_147960\" aria-describedby=\"caption-attachment-147960\" style=\"width: 692px\" class=\"wp-caption alignnone\"><img loading=\"lazy\" decoding=\"async\" class=\"size-large wp-image-147960\" src=\"https:\/\/graziamagazine.com\/mx\/wp-content\/uploads\/sites\/13\/2025\/03\/WhatsApp-Image-2025-03-11-at-09.45.54-2-692x1024.jpeg\" alt=\"Chanel reinventa la elegancia parisina\" width=\"692\" height=\"1024\" srcset=\"https:\/\/graziamagazine.com\/mx\/wp-content\/uploads\/sites\/13\/2025\/03\/WhatsApp-Image-2025-03-11-at-09.45.54-2-692x1024.jpeg 692w, https:\/\/graziamagazine.com\/mx\/wp-content\/uploads\/sites\/13\/2025\/03\/WhatsApp-Image-2025-03-11-at-09.45.54-2-304x450.jpeg 304w, https:\/\/graziamagazine.com\/mx\/wp-content\/uploads\/sites\/13\/2025\/03\/WhatsApp-Image-2025-03-11-at-09.45.54-2-768x1136.jpeg 768w, https:\/\/graziamagazine.com\/mx\/wp-content\/uploads\/sites\/13\/2025\/03\/WhatsApp-Image-2025-03-11-at-09.45.54-2-1039x1536.jpeg 1039w, https:\/\/graziamagazine.com\/mx\/wp-content\/uploads\/sites\/13\/2025\/03\/WhatsApp-Image-2025-03-11-at-09.45.54-2-400x591.jpeg 400w, https:\/\/graziamagazine.com\/mx\/wp-content\/uploads\/sites\/13\/2025\/03\/WhatsApp-Image-2025-03-11-at-09.45.54-2-145x215.jpeg 145w, https:\/\/graziamagazine.com\/mx\/wp-content\/uploads\/sites\/13\/2025\/03\/WhatsApp-Image-2025-03-11-at-09.45.54-2.jpeg 1082w\" sizes=\"(max-width: 692px) 100vw, 692px\" \/><figcaption id=\"caption-attachment-147960\" class=\"wp-caption-text\">Chanel reinventa la elegancia parisina<\/figcaption><\/figure>\n<p data-start=\"1962\" data-end=\"2085\">Los monos de brocado con cuellos de holanes y mangas voluminosas se convierten en una declaraci\u00f3n de elegancia dram\u00e1tica.<\/p>\n<h3 data-start=\"2087\" data-end=\"2127\">7. Puffer jackets con sello Chanel<\/h3>\n<figure id=\"attachment_147965\" aria-describedby=\"caption-attachment-147965\" style=\"width: 692px\" class=\"wp-caption alignnone\"><img loading=\"lazy\" decoding=\"async\" class=\"size-large wp-image-147965\" src=\"https:\/\/graziamagazine.com\/mx\/wp-content\/uploads\/sites\/13\/2025\/03\/WhatsApp-Image-2025-03-11-at-09.45.55-2-692x1024.jpeg\" alt=\"Chanel reinventa la elegancia parisina\" width=\"692\" height=\"1024\" srcset=\"https:\/\/graziamagazine.com\/mx\/wp-content\/uploads\/sites\/13\/2025\/03\/WhatsApp-Image-2025-03-11-at-09.45.55-2-692x1024.jpeg 692w, https:\/\/graziamagazine.com\/mx\/wp-content\/uploads\/sites\/13\/2025\/03\/WhatsApp-Image-2025-03-11-at-09.45.55-2-304x450.jpeg 304w, https:\/\/graziamagazine.com\/mx\/wp-content\/uploads\/sites\/13\/2025\/03\/WhatsApp-Image-2025-03-11-at-09.45.55-2-768x1136.jpeg 768w, https:\/\/graziamagazine.com\/mx\/wp-content\/uploads\/sites\/13\/2025\/03\/WhatsApp-Image-2025-03-11-at-09.45.55-2-1039x1536.jpeg 1039w, https:\/\/graziamagazine.com\/mx\/wp-content\/uploads\/sites\/13\/2025\/03\/WhatsApp-Image-2025-03-11-at-09.45.55-2-400x591.jpeg 400w, https:\/\/graziamagazine.com\/mx\/wp-content\/uploads\/sites\/13\/2025\/03\/WhatsApp-Image-2025-03-11-at-09.45.55-2-145x215.jpeg 145w, https:\/\/graziamagazine.com\/mx\/wp-content\/uploads\/sites\/13\/2025\/03\/WhatsApp-Image-2025-03-11-at-09.45.55-2.jpeg 1082w\" sizes=\"(max-width: 692px) 100vw, 692px\" \/><figcaption id=\"caption-attachment-147965\" class=\"wp-caption-text\">Chanel reinventa la elegancia parisina<\/figcaption><\/figure>\n<p data-start=\"2128\" data-end=\"2251\">La firma reinventa este b\u00e1sico invernal con mo\u00f1os decorativos, botas altas y cuellos estructurados que aportan presencia.<\/p>\n<h3 data-start=\"2253\" data-end=\"2302\">8. Verde menta para conquistar la temporada<\/h3>\n<figure id=\"attachment_147959\" aria-describedby=\"caption-attachment-147959\" style=\"width: 692px\" class=\"wp-caption alignnone\"><img loading=\"lazy\" decoding=\"async\" class=\"size-large wp-image-147959\" src=\"https:\/\/graziamagazine.com\/mx\/wp-content\/uploads\/sites\/13\/2025\/03\/WhatsApp-Image-2025-03-11-at-09.45.54-1-692x1024.jpeg\" alt=\"Chanel reinventa la elegancia parisina\" width=\"692\" height=\"1024\" srcset=\"https:\/\/graziamagazine.com\/mx\/wp-content\/uploads\/sites\/13\/2025\/03\/WhatsApp-Image-2025-03-11-at-09.45.54-1-692x1024.jpeg 692w, https:\/\/graziamagazine.com\/mx\/wp-content\/uploads\/sites\/13\/2025\/03\/WhatsApp-Image-2025-03-11-at-09.45.54-1-304x450.jpeg 304w, https:\/\/graziamagazine.com\/mx\/wp-content\/uploads\/sites\/13\/2025\/03\/WhatsApp-Image-2025-03-11-at-09.45.54-1-768x1136.jpeg 768w, https:\/\/graziamagazine.com\/mx\/wp-content\/uploads\/sites\/13\/2025\/03\/WhatsApp-Image-2025-03-11-at-09.45.54-1-1039x1536.jpeg 1039w, https:\/\/graziamagazine.com\/mx\/wp-content\/uploads\/sites\/13\/2025\/03\/WhatsApp-Image-2025-03-11-at-09.45.54-1-400x591.jpeg 400w, https:\/\/graziamagazine.com\/mx\/wp-content\/uploads\/sites\/13\/2025\/03\/WhatsApp-Image-2025-03-11-at-09.45.54-1-145x215.jpeg 145w, https:\/\/graziamagazine.com\/mx\/wp-content\/uploads\/sites\/13\/2025\/03\/WhatsApp-Image-2025-03-11-at-09.45.54-1.jpeg 1082w\" sizes=\"(max-width: 692px) 100vw, 692px\" \/><figcaption id=\"caption-attachment-147959\" class=\"wp-caption-text\">Chanel reinventa la elegancia parisina<\/figcaption><\/figure>\n<p data-start=\"2303\" data-end=\"2442\">Los tejidos de punto en este tono protagonizan un look c\u00e1lido y relajado, complementado con bufandas maxi y c\u00e1rdigans en pu\u00f1os y cuellos.<\/p>\n<h3 data-start=\"2444\" data-end=\"2482\">9. Vaporosidad en blanco y negro<\/h3>\n<figure id=\"attachment_147967\" aria-describedby=\"caption-attachment-147967\" style=\"width: 692px\" class=\"wp-caption alignnone\"><img loading=\"lazy\" decoding=\"async\" class=\"size-large wp-image-147967\" src=\"https:\/\/graziamagazine.com\/mx\/wp-content\/uploads\/sites\/13\/2025\/03\/WhatsApp-Image-2025-03-11-at-09.45.55-692x1024.jpeg\" alt=\"Chanel reinventa la elegancia parisina\" width=\"692\" height=\"1024\" srcset=\"https:\/\/graziamagazine.com\/mx\/wp-content\/uploads\/sites\/13\/2025\/03\/WhatsApp-Image-2025-03-11-at-09.45.55-692x1024.jpeg 692w, https:\/\/graziamagazine.com\/mx\/wp-content\/uploads\/sites\/13\/2025\/03\/WhatsApp-Image-2025-03-11-at-09.45.55-304x450.jpeg 304w, https:\/\/graziamagazine.com\/mx\/wp-content\/uploads\/sites\/13\/2025\/03\/WhatsApp-Image-2025-03-11-at-09.45.55-768x1136.jpeg 768w, https:\/\/graziamagazine.com\/mx\/wp-content\/uploads\/sites\/13\/2025\/03\/WhatsApp-Image-2025-03-11-at-09.45.55-1039x1536.jpeg 1039w, https:\/\/graziamagazine.com\/mx\/wp-content\/uploads\/sites\/13\/2025\/03\/WhatsApp-Image-2025-03-11-at-09.45.55-400x591.jpeg 400w, https:\/\/graziamagazine.com\/mx\/wp-content\/uploads\/sites\/13\/2025\/03\/WhatsApp-Image-2025-03-11-at-09.45.55-145x215.jpeg 145w, https:\/\/graziamagazine.com\/mx\/wp-content\/uploads\/sites\/13\/2025\/03\/WhatsApp-Image-2025-03-11-at-09.45.55.jpeg 1082w\" sizes=\"(max-width: 692px) 100vw, 692px\" \/><figcaption id=\"caption-attachment-147967\" class=\"wp-caption-text\">Chanel reinventa la elegancia parisina<\/figcaption><\/figure>\n<p data-start=\"2483\" data-end=\"2640\">Los vestidos largos con ca\u00eddas fluidas, en combinaci\u00f3n de blanco y negro, se ci\u00f1en delicadamente con un cintur\u00f3n de perlas, s\u00edmbolo indiscutible de Chanel.<\/p>\n<h3 data-start=\"2642\" data-end=\"2677\">10. Deconstrucci\u00f3n y sutileza<\/h3>\n<figure id=\"attachment_147966\" aria-describedby=\"caption-attachment-147966\" style=\"width: 692px\" class=\"wp-caption alignnone\"><img loading=\"lazy\" decoding=\"async\" class=\"size-large wp-image-147966\" src=\"https:\/\/graziamagazine.com\/mx\/wp-content\/uploads\/sites\/13\/2025\/03\/WhatsApp-Image-2025-03-11-at-09.45.55-3-692x1024.jpeg\" alt=\"Chanel reinventa la elegancia parisina\" width=\"692\" height=\"1024\" srcset=\"https:\/\/graziamagazine.com\/mx\/wp-content\/uploads\/sites\/13\/2025\/03\/WhatsApp-Image-2025-03-11-at-09.45.55-3-692x1024.jpeg 692w, https:\/\/graziamagazine.com\/mx\/wp-content\/uploads\/sites\/13\/2025\/03\/WhatsApp-Image-2025-03-11-at-09.45.55-3-304x450.jpeg 304w, https:\/\/graziamagazine.com\/mx\/wp-content\/uploads\/sites\/13\/2025\/03\/WhatsApp-Image-2025-03-11-at-09.45.55-3-768x1136.jpeg 768w, https:\/\/graziamagazine.com\/mx\/wp-content\/uploads\/sites\/13\/2025\/03\/WhatsApp-Image-2025-03-11-at-09.45.55-3-1039x1536.jpeg 1039w, https:\/\/graziamagazine.com\/mx\/wp-content\/uploads\/sites\/13\/2025\/03\/WhatsApp-Image-2025-03-11-at-09.45.55-3-400x591.jpeg 400w, https:\/\/graziamagazine.com\/mx\/wp-content\/uploads\/sites\/13\/2025\/03\/WhatsApp-Image-2025-03-11-at-09.45.55-3-145x215.jpeg 145w, https:\/\/graziamagazine.com\/mx\/wp-content\/uploads\/sites\/13\/2025\/03\/WhatsApp-Image-2025-03-11-at-09.45.55-3.jpeg 1082w\" sizes=\"(max-width: 692px) 100vw, 692px\" \/><figcaption id=\"caption-attachment-147966\" class=\"wp-caption-text\">Chanel reinventa la elegancia parisina<\/figcaption><\/figure>\n<p data-start=\"2678\" data-end=\"2842\">Los vestidos deconstruidos con gasas, jaretas en el ruedo y texturas ligeras fueron la representaci\u00f3n perfecta del <em data-start=\"2793\" data-end=\"2799\">chic<\/em> contempor\u00e1neo que define esta colecci\u00f3n.<\/p>\n<p data-start=\"2844\" data-end=\"3097\" data-is-last-node=\"\" data-is-only-node=\"\">Chanel vuelve a demostrar que la elegancia reside en los detalles, en la mezcla de texturas y en la capacidad de reinterpretar sus propios c\u00f3digos sin perder su esencia. Esta temporada, la sofisticaci\u00f3n se viste de poes\u00eda, con looks que invitan a so\u00f1ar.<\/p>\n<p data-start=\"2844\" data-end=\"3097\" data-is-last-node=\"\" data-is-only-node=\"\"><em><strong>*IMAGEN: Cortes\u00eda<\/strong><\/em><\/p>\n","protected":false},"author":28953,"featured_media":147969,"template":"","format":"standard","categories":[4],"acf":[],"yoast_head":"<!-- This site is optimized with the Yoast SEO Premium plugin v18.5 (Yoast SEO v20.4) - https:\/\/yoast.com\/wordpress\/plugins\/seo\/ -->\n<title>Chanel reinventa la elegancia parisina<\/title>\n<meta name=\"description\" content=\"Diez looks de la colecci\u00f3n Fall 2025 26 que definen la sofisticaci\u00f3n contempor\u00e1nea con texturas, transparencias y detalles emblem\u00e1ticos de la ic\u00f3nica casa de moda.\" \/>\n<meta name=\"robots\" content=\"index, follow, max-snippet:-1, max-image-preview:large, max-video-preview:-1\" \/>\n<link rel=\"canonical\" href=\"https:\/\/graziamagazine.com\/mx\/articles\/chanel-reinventa-la-elegancia-parisina\/\" \/>\n<meta property=\"og:locale\" content=\"es_MX\" \/>\n<meta property=\"og:type\" content=\"article\" \/>\n<meta property=\"og:title\" content=\"Chanel reinventa la elegancia parisina\" \/>\n<meta property=\"og:description\" content=\"Diez looks de la colecci\u00f3n Fall 2025 26 que definen la sofisticaci\u00f3n contempor\u00e1nea con texturas, transparencias y detalles emblem\u00e1ticos de la ic\u00f3nica casa de moda.\" \/>\n<meta property=\"og:url\" content=\"https:\/\/graziamagazine.com\/mx\/articles\/chanel-reinventa-la-elegancia-parisina\/\" \/>\n<meta property=\"og:site_name\" content=\"Grazia M\u00e9xico y Latinoam\u00e9rica\" \/>\n<meta property=\"article:modified_time\" content=\"2025-03-11T17:40:06+00:00\" \/>\n<meta property=\"og:image\" content=\"https:\/\/graziamagazine.com\/mx\/wp-content\/uploads\/sites\/13\/2025\/03\/Captura-de-Pantalla-2025-03-11-a-las-11.36.57.png\" \/>\n\t<meta property=\"og:image:width\" content=\"1160\" \/>\n\t<meta property=\"og:image:height\" content=\"742\" \/>\n\t<meta property=\"og:image:type\" content=\"image\/png\" \/>\n<meta name=\"twitter:card\" content=\"summary_large_image\" \/>\n<meta name=\"twitter:label1\" content=\"Est. reading time\" \/>\n\t<meta name=\"twitter:data1\" content=\"5 minutos\" \/>\n<script type=\"application\/ld+json\" class=\"yoast-schema-graph\">{\"@context\":\"https:\/\/schema.org\",\"@graph\":[{\"@type\":\"WebPage\",\"@id\":\"https:\/\/graziamagazine.com\/mx\/articles\/chanel-reinventa-la-elegancia-parisina\/\",\"url\":\"https:\/\/graziamagazine.com\/mx\/articles\/chanel-reinventa-la-elegancia-parisina\/\",\"name\":\"Chanel reinventa la elegancia parisina\",\"isPartOf\":{\"@id\":\"https:\/\/graziamagazine.com\/mx\/#website\"},\"datePublished\":\"2025-03-11T17:35:22+00:00\",\"dateModified\":\"2025-03-11T17:40:06+00:00\",\"description\":\"Diez looks de la colecci\u00f3n Fall 2025 26 que definen la sofisticaci\u00f3n contempor\u00e1nea con texturas, transparencias y detalles emblem\u00e1ticos de la ic\u00f3nica casa de moda.\",\"breadcrumb\":{\"@id\":\"https:\/\/graziamagazine.com\/mx\/articles\/chanel-reinventa-la-elegancia-parisina\/#breadcrumb\"},\"inLanguage\":\"es-MX\",\"potentialAction\":[{\"@type\":\"ReadAction\",\"target\":[\"https:\/\/graziamagazine.com\/mx\/articles\/chanel-reinventa-la-elegancia-parisina\/\"]}]},{\"@type\":\"BreadcrumbList\",\"@id\":\"https:\/\/graziamagazine.com\/mx\/articles\/chanel-reinventa-la-elegancia-parisina\/#breadcrumb\",\"itemListElement\":[{\"@type\":\"ListItem\",\"position\":1,\"name\":\"Home\",\"item\":\"https:\/\/graziamagazine.com\/mx\/\"},{\"@type\":\"ListItem\",\"position\":2,\"name\":\"Chanel reinventa la elegancia parisina\"}]},{\"@type\":\"WebSite\",\"@id\":\"https:\/\/graziamagazine.com\/mx\/#website\",\"url\":\"https:\/\/graziamagazine.com\/mx\/\",\"name\":\"Grazia M\u00e9xico y Latinoam\u00e9rica\",\"description\":\"Grazia es moda, belleza y noticias  de actualidad \",\"potentialAction\":[{\"@type\":\"SearchAction\",\"target\":{\"@type\":\"EntryPoint\",\"urlTemplate\":\"https:\/\/graziamagazine.com\/mx\/?s={search_term_string}\"},\"query-input\":\"required name=search_term_string\"}],\"inLanguage\":\"es-MX\"}]}<\/script>\n<!-- \/ Yoast SEO Premium plugin. -->","yoast_head_json":{"title":"Chanel reinventa la elegancia parisina","description":"Diez looks de la colecci\u00f3n Fall 2025 26 que definen la sofisticaci\u00f3n contempor\u00e1nea con texturas, transparencias y detalles emblem\u00e1ticos de la ic\u00f3nica casa de moda.","robots":{"index":"index","follow":"follow","max-snippet":"max-snippet:-1","max-image-preview":"max-image-preview:large","max-video-preview":"max-video-preview:-1"},"canonical":"https:\/\/graziamagazine.com\/mx\/articles\/chanel-reinventa-la-elegancia-parisina\/","og_locale":"es_MX","og_type":"article","og_title":"Chanel reinventa la elegancia parisina","og_description":"Diez looks de la colecci\u00f3n Fall 2025 26 que definen la sofisticaci\u00f3n contempor\u00e1nea con texturas, transparencias y detalles emblem\u00e1ticos de la ic\u00f3nica casa de moda.","og_url":"https:\/\/graziamagazine.com\/mx\/articles\/chanel-reinventa-la-elegancia-parisina\/","og_site_name":"Grazia M\u00e9xico y Latinoam\u00e9rica","article_modified_time":"2025-03-11T17:40:06+00:00","og_image":[{"width":1160,"height":742,"url":"https:\/\/graziamagazine.com\/mx\/wp-content\/uploads\/sites\/13\/2025\/03\/Captura-de-Pantalla-2025-03-11-a-las-11.36.57.png","type":"image\/png"}],"twitter_card":"summary_large_image","twitter_misc":{"Est. reading time":"5 minutos"},"schema":{"@context":"https:\/\/schema.org","@graph":[{"@type":"WebPage","@id":"https:\/\/graziamagazine.com\/mx\/articles\/chanel-reinventa-la-elegancia-parisina\/","url":"https:\/\/graziamagazine.com\/mx\/articles\/chanel-reinventa-la-elegancia-parisina\/","name":"Chanel reinventa la elegancia parisina","isPartOf":{"@id":"https:\/\/graziamagazine.com\/mx\/#website"},"datePublished":"2025-03-11T17:35:22+00:00","dateModified":"2025-03-11T17:40:06+00:00","description":"Diez looks de la colecci\u00f3n Fall 2025 26 que definen la sofisticaci\u00f3n contempor\u00e1nea con texturas, transparencias y detalles emblem\u00e1ticos de la ic\u00f3nica casa de moda.","breadcrumb":{"@id":"https:\/\/graziamagazine.com\/mx\/articles\/chanel-reinventa-la-elegancia-parisina\/#breadcrumb"},"inLanguage":"es-MX","potentialAction":[{"@type":"ReadAction","target":["https:\/\/graziamagazine.com\/mx\/articles\/chanel-reinventa-la-elegancia-parisina\/"]}]},{"@type":"BreadcrumbList","@id":"https:\/\/graziamagazine.com\/mx\/articles\/chanel-reinventa-la-elegancia-parisina\/#breadcrumb","itemListElement":[{"@type":"ListItem","position":1,"name":"Home","item":"https:\/\/graziamagazine.com\/mx\/"},{"@type":"ListItem","position":2,"name":"Chanel reinventa la elegancia parisina"}]},{"@type":"WebSite","@id":"https:\/\/graziamagazine.com\/mx\/#website","url":"https:\/\/graziamagazine.com\/mx\/","name":"Grazia M\u00e9xico y Latinoam\u00e9rica","description":"Grazia es moda, belleza y noticias  de actualidad ","potentialAction":[{"@type":"SearchAction","target":{"@type":"EntryPoint","urlTemplate":"https:\/\/graziamagazine.com\/mx\/?s={search_term_string}"},"query-input":"required name=search_term_string"}],"inLanguage":"es-MX"}]}},"jetpack_sharing_enabled":true,"distributor_meta":false,"distributor_terms":false,"distributor_media":false,"distributor_original_site_name":"Grazia M\u00e9xico y Latinoam\u00e9rica","distributor_original_site_url":"https:\/\/graziamagazine.com\/mx","push-errors":false,"_links":{"self":[{"href":"https:\/\/graziamagazine.com\/mx\/wp-json\/wp\/v2\/articles\/147958"}],"collection":[{"href":"https:\/\/graziamagazine.com\/mx\/wp-json\/wp\/v2\/articles"}],"about":[{"href":"https:\/\/graziamagazine.com\/mx\/wp-json\/wp\/v2\/types\/articles"}],"author":[{"embeddable":true,"href":"https:\/\/graziamagazine.com\/mx\/wp-json\/wp\/v2\/users\/28953"}],"wp:featuredmedia":[{"embeddable":true,"href":"https:\/\/graziamagazine.com\/mx\/wp-json\/wp\/v2\/media\/147969"}],"wp:attachment":[{"href":"https:\/\/graziamagazine.com\/mx\/wp-json\/wp\/v2\/media?parent=147958"}],"wp:term":[{"taxonomy":"category","embeddable":true,"href":"https:\/\/graziamagazine.com\/mx\/wp-json\/wp\/v2\/categories?post=147958"}],"curies":[{"name":"wp","href":"https:\/\/api.w.org\/{rel}","templated":true}]}}