{"id":147952,"date":"2025-03-11T12:14:29","date_gmt":"2025-03-11T17:14:29","guid":{"rendered":"https:\/\/graziamagazine.com\/mx\/?post_type=articles&#038;p=147952"},"modified":"2025-03-11T12:18:21","modified_gmt":"2025-03-11T17:18:21","slug":"cos-debuta-con-fragancias-exclusivas","status":"publish","type":"articles","link":"https:\/\/graziamagazine.com\/mx\/articles\/cos-debuta-con-fragancias-exclusivas\/","title":{"rendered":"COS debuta con fragancias exclusivas"},"content":{"rendered":"<p data-start=\"275\" data-end=\"636\">\u00bfQu\u00e9 pasar\u00eda si el minimalismo caracter\u00edstico de COS se transformara en aroma? La respuesta llega esta primavera con <em data-start=\"392\" data-end=\"407\">COS Perfumery<\/em>, la primera colecci\u00f3n de fragancias y velas de la reconocida firma londinense.<\/p>\n<p data-start=\"275\" data-end=\"636\">Fiel a su estilo sofisticado y contempor\u00e1neo, esta l\u00ednea se compone de esencias cuidadosamente equilibradas que invitan a un viaje sensorial \u00fanico.<\/p>\n<h3 data-start=\"638\" data-end=\"679\">Un homenaje a la elegancia olfativa<\/h3>\n<figure id=\"attachment_147956\" aria-describedby=\"caption-attachment-147956\" style=\"width: 880px\" class=\"wp-caption alignnone\"><img loading=\"lazy\" decoding=\"async\" class=\"size-full wp-image-147956\" src=\"https:\/\/graziamagazine.com\/mx\/wp-content\/uploads\/sites\/13\/2025\/03\/unnamed-4-1.png\" alt=\"COS debuta con fragancias exclusivas\" width=\"880\" height=\"582\" srcset=\"https:\/\/graziamagazine.com\/mx\/wp-content\/uploads\/sites\/13\/2025\/03\/unnamed-4-1.png 880w, https:\/\/graziamagazine.com\/mx\/wp-content\/uploads\/sites\/13\/2025\/03\/unnamed-4-1-450x298.png 450w, https:\/\/graziamagazine.com\/mx\/wp-content\/uploads\/sites\/13\/2025\/03\/unnamed-4-1-768x508.png 768w, https:\/\/graziamagazine.com\/mx\/wp-content\/uploads\/sites\/13\/2025\/03\/unnamed-4-1-400x265.png 400w, https:\/\/graziamagazine.com\/mx\/wp-content\/uploads\/sites\/13\/2025\/03\/unnamed-4-1-155x103.png 155w\" sizes=\"(max-width: 880px) 100vw, 880px\" \/><figcaption id=\"caption-attachment-147956\" class=\"wp-caption-text\">COS debuta con fragancias exclusivas<\/figcaption><\/figure>\n<p data-start=\"680\" data-end=\"935\">Elaborada en Grasse, cuna hist\u00f3rica de la alta perfumer\u00eda, la colecci\u00f3n fusiona t\u00e9cnicas tradicionales con un enfoque moderno. El resultado es una serie de aromas dise\u00f1ados para evocar emociones, resaltar la individualidad y crear conexiones personales.<\/p>\n<p data-start=\"937\" data-end=\"1037\">\u00bfEl secreto? Cuatro fragancias exclusivas que ofrecen opciones para cada estilo y estado de \u00e1nimo:<\/p>\n<p data-start=\"1039\" data-end=\"1183\"><strong data-start=\"1039\" data-end=\"1050\">AUBURN:<\/strong> Rica y sofisticada, combina vainilla oscura, notas amaderadas, cardamomo y caf\u00e9, perfecta para quienes buscan una esencia intensa.<\/p>\n<p data-start=\"1185\" data-end=\"1350\"><strong data-start=\"1185\" data-end=\"1195\">MYTHE:<\/strong> Enigm\u00e1tica y poderosa, mezcla jengibre fresco, cardamomo y un profundo toque de vetiver. Ideal para quienes disfrutan de aromas complejos y envolventes.<\/p>\n<p data-start=\"1352\" data-end=\"1486\"><strong data-start=\"1352\" data-end=\"1366\">FLEURISTE:<\/strong> Un juego entre lo floral y lo moderno. La rosa se fusiona con almizcle y c\u00edtricos, logrando una frescura sofisticada.<\/p>\n<p data-start=\"1488\" data-end=\"1611\"><strong data-start=\"1488\" data-end=\"1500\">SOLAIRE:<\/strong> C\u00e1lida y luminosa, destaca por sus notas de ol\u00edbano, mirra y benju\u00ed, acompa\u00f1adas de un suave toque ambarino.<\/p>\n<p data-start=\"1613\" data-end=\"1863\">Para mayor versatilidad, cada fragancia se presenta en formato de 100 ml, as\u00ed como en una pr\u00e1ctica edici\u00f3n de viaje de 15 ml. Adem\u00e1s, COS ofrece un set de descubrimiento que permite combinar aromas para crear una experiencia olfativa personalizada.<\/p>\n<h3 data-start=\"1865\" data-end=\"1902\">Aromas que transforman el hogar<\/h3>\n<figure id=\"attachment_147954\" aria-describedby=\"caption-attachment-147954\" style=\"width: 769px\" class=\"wp-caption alignnone\"><img loading=\"lazy\" decoding=\"async\" class=\"size-large wp-image-147954\" src=\"https:\/\/graziamagazine.com\/mx\/wp-content\/uploads\/sites\/13\/2025\/03\/COS-PERFUMERY_23-769x1024.jpg\" alt=\"COS debuta con fragancias exclusivas\" width=\"769\" height=\"1024\" srcset=\"https:\/\/graziamagazine.com\/mx\/wp-content\/uploads\/sites\/13\/2025\/03\/COS-PERFUMERY_23-769x1024.jpg 769w, https:\/\/graziamagazine.com\/mx\/wp-content\/uploads\/sites\/13\/2025\/03\/COS-PERFUMERY_23-338x450.jpg 338w, https:\/\/graziamagazine.com\/mx\/wp-content\/uploads\/sites\/13\/2025\/03\/COS-PERFUMERY_23-768x1023.jpg 768w, https:\/\/graziamagazine.com\/mx\/wp-content\/uploads\/sites\/13\/2025\/03\/COS-PERFUMERY_23-1153x1536.jpg 1153w, https:\/\/graziamagazine.com\/mx\/wp-content\/uploads\/sites\/13\/2025\/03\/COS-PERFUMERY_23-400x533.jpg 400w, https:\/\/graziamagazine.com\/mx\/wp-content\/uploads\/sites\/13\/2025\/03\/COS-PERFUMERY_23-155x207.jpg 155w, https:\/\/graziamagazine.com\/mx\/wp-content\/uploads\/sites\/13\/2025\/03\/COS-PERFUMERY_23.jpg 1258w\" sizes=\"(max-width: 769px) 100vw, 769px\" \/><figcaption id=\"caption-attachment-147954\" class=\"wp-caption-text\">COS debuta con fragancias exclusivas<\/figcaption><\/figure>\n<p data-start=\"1903\" data-end=\"2018\">La colecci\u00f3n tambi\u00e9n incluye cuatro velas dise\u00f1adas para ambientar cualquier espacio con calidez y sofisticaci\u00f3n:<\/p>\n<p data-start=\"2020\" data-end=\"2118\"><strong data-start=\"2020\" data-end=\"2042\">FIGUIER DU JARDIN:<\/strong> Fresca y terrosa, con notas de hojas de higuera, pimienta rosa y ol\u00edbano.<\/p>\n<p data-start=\"2120\" data-end=\"2209\"><strong data-start=\"2120\" data-end=\"2138\">VOYAGE \u00c9PICES:<\/strong> Intensa y especiada, destaca con bourbon de canela, geranio y clavo.<\/p>\n<p data-start=\"2211\" data-end=\"2299\"><strong data-start=\"2211\" data-end=\"2230\">CABANE DE BOIS:<\/strong> C\u00e1lida y reconfortante, con toques de canela, pachul\u00ed y cachemira.<\/p>\n<p data-start=\"2301\" data-end=\"2401\"><strong data-start=\"2301\" data-end=\"2319\">CUIR EN FLEUR:<\/strong> Rom\u00e1ntica y envolvente, con rosa, ciruela, vainilla y un sutil toque amaderado.<\/p>\n<h3 data-start=\"2403\" data-end=\"2427\">Dise\u00f1o que cautiva<\/h3>\n<figure id=\"attachment_147953\" aria-describedby=\"caption-attachment-147953\" style=\"width: 768px\" class=\"wp-caption alignnone\"><img loading=\"lazy\" decoding=\"async\" class=\"size-large wp-image-147953\" src=\"https:\/\/graziamagazine.com\/mx\/wp-content\/uploads\/sites\/13\/2025\/03\/COS-PERFUMERY_13-768x1024.jpg\" alt=\"COS debuta con fragancias exclusivas\" width=\"768\" height=\"1024\" srcset=\"https:\/\/graziamagazine.com\/mx\/wp-content\/uploads\/sites\/13\/2025\/03\/COS-PERFUMERY_13-768x1024.jpg 768w, https:\/\/graziamagazine.com\/mx\/wp-content\/uploads\/sites\/13\/2025\/03\/COS-PERFUMERY_13-338x450.jpg 338w, https:\/\/graziamagazine.com\/mx\/wp-content\/uploads\/sites\/13\/2025\/03\/COS-PERFUMERY_13-1152x1536.jpg 1152w, https:\/\/graziamagazine.com\/mx\/wp-content\/uploads\/sites\/13\/2025\/03\/COS-PERFUMERY_13-1536x2048.jpg 1536w, https:\/\/graziamagazine.com\/mx\/wp-content\/uploads\/sites\/13\/2025\/03\/COS-PERFUMERY_13-400x533.jpg 400w, https:\/\/graziamagazine.com\/mx\/wp-content\/uploads\/sites\/13\/2025\/03\/COS-PERFUMERY_13-155x207.jpg 155w, https:\/\/graziamagazine.com\/mx\/wp-content\/uploads\/sites\/13\/2025\/03\/COS-PERFUMERY_13-scaled.jpg 1920w\" sizes=\"(max-width: 768px) 100vw, 768px\" \/><figcaption id=\"caption-attachment-147953\" class=\"wp-caption-text\">COS debuta con fragancias exclusivas<\/figcaption><\/figure>\n<p data-start=\"2428\" data-end=\"2618\">Como era de esperarse, el dise\u00f1o minimalista es clave en esta colecci\u00f3n. Las botellas, de l\u00edneas limpias y formas escult\u00f3ricas, transmiten la sofisticaci\u00f3n tranquila que caracteriza a COS.<\/p>\n<p data-start=\"2620\" data-end=\"2814\">\u00bfLa mejor noticia? <em data-start=\"2639\" data-end=\"2654\">COS Perfumery<\/em> estar\u00e1 disponible en tiendas y en l\u00ednea a partir de abril, con precios que comienzan en 500 pesos mexicanos para las fragancias y 1,000 pesos para las velas.<\/p>\n<p data-start=\"2816\" data-end=\"3001\" data-is-last-node=\"\" data-is-only-node=\"\">Con esta colecci\u00f3n, COS no solo ampl\u00eda su universo creativo, sino que redefine el lujo contempor\u00e1neo a trav\u00e9s del poder evocador del aroma. \u00bfEst\u00e1s listo para descubrir tu esencia ideal?<\/p>\n<p data-start=\"2816\" data-end=\"3001\" data-is-last-node=\"\" data-is-only-node=\"\"><em><strong>*IMAGEN: Cortes\u00eda<\/strong><\/em><\/p>\n","protected":false},"author":28953,"featured_media":147957,"template":"","format":"standard","categories":[114,9864,4],"acf":[],"yoast_head":"<!-- This site is optimized with the Yoast SEO Premium plugin v18.5 (Yoast SEO v20.4) - https:\/\/yoast.com\/wordpress\/plugins\/seo\/ -->\n<title>COS debuta con fragancias exclusivas<\/title>\n<meta name=\"description\" content=\"Aromas sofisticados y velas elegantes que redefinen el lujo contempor\u00e1neo con dise\u00f1o minimalista y esencias inolvidables.\" \/>\n<meta name=\"robots\" content=\"index, follow, max-snippet:-1, max-image-preview:large, max-video-preview:-1\" \/>\n<link rel=\"canonical\" href=\"https:\/\/graziamagazine.com\/mx\/articles\/cos-debuta-con-fragancias-exclusivas\/\" \/>\n<meta property=\"og:locale\" content=\"es_MX\" \/>\n<meta property=\"og:type\" content=\"article\" \/>\n<meta property=\"og:title\" content=\"COS debuta con fragancias exclusivas\" \/>\n<meta property=\"og:description\" content=\"Aromas sofisticados y velas elegantes que redefinen el lujo contempor\u00e1neo con dise\u00f1o minimalista y esencias inolvidables.\" \/>\n<meta property=\"og:url\" content=\"https:\/\/graziamagazine.com\/mx\/articles\/cos-debuta-con-fragancias-exclusivas\/\" \/>\n<meta property=\"og:site_name\" content=\"Grazia M\u00e9xico y Latinoam\u00e9rica\" \/>\n<meta property=\"article:modified_time\" content=\"2025-03-11T17:18:21+00:00\" \/>\n<meta property=\"og:image\" content=\"https:\/\/graziamagazine.com\/mx\/wp-content\/uploads\/sites\/13\/2025\/03\/unnamed-3-2-1024x811.png\" \/>\n\t<meta property=\"og:image:width\" content=\"1024\" \/>\n\t<meta property=\"og:image:height\" content=\"811\" \/>\n\t<meta property=\"og:image:type\" content=\"image\/png\" \/>\n<meta name=\"twitter:card\" content=\"summary_large_image\" \/>\n<meta name=\"twitter:label1\" content=\"Est. reading time\" \/>\n\t<meta name=\"twitter:data1\" content=\"3 minutos\" \/>\n<script type=\"application\/ld+json\" class=\"yoast-schema-graph\">{\"@context\":\"https:\/\/schema.org\",\"@graph\":[{\"@type\":\"WebPage\",\"@id\":\"https:\/\/graziamagazine.com\/mx\/articles\/cos-debuta-con-fragancias-exclusivas\/\",\"url\":\"https:\/\/graziamagazine.com\/mx\/articles\/cos-debuta-con-fragancias-exclusivas\/\",\"name\":\"COS debuta con fragancias exclusivas\",\"isPartOf\":{\"@id\":\"https:\/\/graziamagazine.com\/mx\/#website\"},\"datePublished\":\"2025-03-11T17:14:29+00:00\",\"dateModified\":\"2025-03-11T17:18:21+00:00\",\"description\":\"Aromas sofisticados y velas elegantes que redefinen el lujo contempor\u00e1neo con dise\u00f1o minimalista y esencias inolvidables.\",\"breadcrumb\":{\"@id\":\"https:\/\/graziamagazine.com\/mx\/articles\/cos-debuta-con-fragancias-exclusivas\/#breadcrumb\"},\"inLanguage\":\"es-MX\",\"potentialAction\":[{\"@type\":\"ReadAction\",\"target\":[\"https:\/\/graziamagazine.com\/mx\/articles\/cos-debuta-con-fragancias-exclusivas\/\"]}]},{\"@type\":\"BreadcrumbList\",\"@id\":\"https:\/\/graziamagazine.com\/mx\/articles\/cos-debuta-con-fragancias-exclusivas\/#breadcrumb\",\"itemListElement\":[{\"@type\":\"ListItem\",\"position\":1,\"name\":\"Home\",\"item\":\"https:\/\/graziamagazine.com\/mx\/\"},{\"@type\":\"ListItem\",\"position\":2,\"name\":\"COS debuta con fragancias exclusivas\"}]},{\"@type\":\"WebSite\",\"@id\":\"https:\/\/graziamagazine.com\/mx\/#website\",\"url\":\"https:\/\/graziamagazine.com\/mx\/\",\"name\":\"Grazia M\u00e9xico y Latinoam\u00e9rica\",\"description\":\"Grazia es moda, belleza y noticias  de actualidad \",\"potentialAction\":[{\"@type\":\"SearchAction\",\"target\":{\"@type\":\"EntryPoint\",\"urlTemplate\":\"https:\/\/graziamagazine.com\/mx\/?s={search_term_string}\"},\"query-input\":\"required name=search_term_string\"}],\"inLanguage\":\"es-MX\"}]}<\/script>\n<!-- \/ Yoast SEO Premium plugin. -->","yoast_head_json":{"title":"COS debuta con fragancias exclusivas","description":"Aromas sofisticados y velas elegantes que redefinen el lujo contempor\u00e1neo con dise\u00f1o minimalista y esencias inolvidables.","robots":{"index":"index","follow":"follow","max-snippet":"max-snippet:-1","max-image-preview":"max-image-preview:large","max-video-preview":"max-video-preview:-1"},"canonical":"https:\/\/graziamagazine.com\/mx\/articles\/cos-debuta-con-fragancias-exclusivas\/","og_locale":"es_MX","og_type":"article","og_title":"COS debuta con fragancias exclusivas","og_description":"Aromas sofisticados y velas elegantes que redefinen el lujo contempor\u00e1neo con dise\u00f1o minimalista y esencias inolvidables.","og_url":"https:\/\/graziamagazine.com\/mx\/articles\/cos-debuta-con-fragancias-exclusivas\/","og_site_name":"Grazia M\u00e9xico y Latinoam\u00e9rica","article_modified_time":"2025-03-11T17:18:21+00:00","og_image":[{"width":1024,"height":811,"url":"https:\/\/graziamagazine.com\/mx\/wp-content\/uploads\/sites\/13\/2025\/03\/unnamed-3-2-1024x811.png","type":"image\/png"}],"twitter_card":"summary_large_image","twitter_misc":{"Est. reading time":"3 minutos"},"schema":{"@context":"https:\/\/schema.org","@graph":[{"@type":"WebPage","@id":"https:\/\/graziamagazine.com\/mx\/articles\/cos-debuta-con-fragancias-exclusivas\/","url":"https:\/\/graziamagazine.com\/mx\/articles\/cos-debuta-con-fragancias-exclusivas\/","name":"COS debuta con fragancias exclusivas","isPartOf":{"@id":"https:\/\/graziamagazine.com\/mx\/#website"},"datePublished":"2025-03-11T17:14:29+00:00","dateModified":"2025-03-11T17:18:21+00:00","description":"Aromas sofisticados y velas elegantes que redefinen el lujo contempor\u00e1neo con dise\u00f1o minimalista y esencias inolvidables.","breadcrumb":{"@id":"https:\/\/graziamagazine.com\/mx\/articles\/cos-debuta-con-fragancias-exclusivas\/#breadcrumb"},"inLanguage":"es-MX","potentialAction":[{"@type":"ReadAction","target":["https:\/\/graziamagazine.com\/mx\/articles\/cos-debuta-con-fragancias-exclusivas\/"]}]},{"@type":"BreadcrumbList","@id":"https:\/\/graziamagazine.com\/mx\/articles\/cos-debuta-con-fragancias-exclusivas\/#breadcrumb","itemListElement":[{"@type":"ListItem","position":1,"name":"Home","item":"https:\/\/graziamagazine.com\/mx\/"},{"@type":"ListItem","position":2,"name":"COS debuta con fragancias exclusivas"}]},{"@type":"WebSite","@id":"https:\/\/graziamagazine.com\/mx\/#website","url":"https:\/\/graziamagazine.com\/mx\/","name":"Grazia M\u00e9xico y Latinoam\u00e9rica","description":"Grazia es moda, belleza y noticias  de actualidad ","potentialAction":[{"@type":"SearchAction","target":{"@type":"EntryPoint","urlTemplate":"https:\/\/graziamagazine.com\/mx\/?s={search_term_string}"},"query-input":"required name=search_term_string"}],"inLanguage":"es-MX"}]}},"jetpack_sharing_enabled":true,"distributor_meta":false,"distributor_terms":false,"distributor_media":false,"distributor_original_site_name":"Grazia M\u00e9xico y Latinoam\u00e9rica","distributor_original_site_url":"https:\/\/graziamagazine.com\/mx","push-errors":false,"_links":{"self":[{"href":"https:\/\/graziamagazine.com\/mx\/wp-json\/wp\/v2\/articles\/147952"}],"collection":[{"href":"https:\/\/graziamagazine.com\/mx\/wp-json\/wp\/v2\/articles"}],"about":[{"href":"https:\/\/graziamagazine.com\/mx\/wp-json\/wp\/v2\/types\/articles"}],"author":[{"embeddable":true,"href":"https:\/\/graziamagazine.com\/mx\/wp-json\/wp\/v2\/users\/28953"}],"wp:featuredmedia":[{"embeddable":true,"href":"https:\/\/graziamagazine.com\/mx\/wp-json\/wp\/v2\/media\/147957"}],"wp:attachment":[{"href":"https:\/\/graziamagazine.com\/mx\/wp-json\/wp\/v2\/media?parent=147952"}],"wp:term":[{"taxonomy":"category","embeddable":true,"href":"https:\/\/graziamagazine.com\/mx\/wp-json\/wp\/v2\/categories?post=147952"}],"curies":[{"name":"wp","href":"https:\/\/api.w.org\/{rel}","templated":true}]}}