{"id":147947,"date":"2025-03-11T08:10:19","date_gmt":"2025-03-11T13:10:19","guid":{"rendered":"https:\/\/graziamagazine.com\/mx\/?post_type=articles&#038;p=147947"},"modified":"2025-03-11T08:10:19","modified_gmt":"2025-03-11T13:10:19","slug":"la-presentacion-de-loewe-fw25-en-paris","status":"publish","type":"articles","link":"https:\/\/graziamagazine.com\/mx\/articles\/la-presentacion-de-loewe-fw25-en-paris\/","title":{"rendered":"La presentaci\u00f3n de Loewe FW25 en Par\u00eds"},"content":{"rendered":"<p><span data-olk-copy-source=\"MessageBody\">Jonathan Anderson concibi\u00f3 las colecciones como un <b>\u00e1lbum de recortes<\/b>\u00a0formado por cosas viejas y nuevas que se re\u00fanen al azar para ser preservadas como recuerdos o para servir como inspiraci\u00f3n; los recuerdos llenan sus p\u00e1ginas. Al idear la colecci\u00f3n como un \u00e1lbum, Anderson\u00a0<b>juega con los c\u00f3digos y t\u00f3picos de LOEWE<\/b>, como el trampantojo y las escalas y vol\u00famenes distorsionados, todo filtrado\u00a0<b>a trav\u00e9s del arte y la artesan\u00eda<\/b>, lo que dio lugar a una colaboraci\u00f3n con la\u00a0<b>Fundaci\u00f3n Josef &amp; Anni Albers.<\/b><\/span><\/p>\n<div class=\"content-gallery\">\n<div class=\"gallery-placeholder\">\n<div class=\"spinner\"><\/div>\n<\/div>\n<p>&nbsp;<\/p>\n<div id=\"gallery-1\" class=\"gallery galleryid-183170 gallery-columns- gallery-size-\">\n<figure class=\"gallery-item\">\n<div class=\"gallery-icon landscape\"><img loading=\"lazy\" decoding=\"async\" class=\"lazy\" src=\"https:\/\/graziamagazine.com\/es\/wp-content\/uploads\/sites\/12\/2025\/03\/loewe-2.jpg\" alt=\"\" width=\"1440\" height=\"1800\" \/><\/div>\n<\/figure>\n<figure class=\"gallery-item\">\n<div class=\"gallery-icon landscape\"><img loading=\"lazy\" decoding=\"async\" class=\"lazy\" src=\"https:\/\/graziamagazine.com\/es\/wp-content\/uploads\/sites\/12\/2025\/03\/laurenbamford.jpg\" alt=\"\" width=\"1440\" height=\"1800\" \/><\/div>\n<\/figure>\n<figure class=\"gallery-item\">\n<div class=\"gallery-icon landscape\"><img loading=\"lazy\" decoding=\"async\" class=\"lazy\" src=\"https:\/\/graziamagazine.com\/es\/wp-content\/uploads\/sites\/12\/2025\/03\/adriendirand.jpg\" alt=\"\" width=\"1440\" height=\"1800\" \/><\/div>\n<\/figure>\n<\/div>\n<\/div>\n<p>El trabajo de los pioneros de mediados del siglo XX sirve como inspiraci\u00f3n central y punto de partida, donde los\u00a0<b>cuadrados encajados o bloques de color de la serie<\/b>\u00a0<b><i>Homage to the Square\u00a0<\/i>de Josef Albers<\/b>, metamorfosean las formas familiares de los bolsos Puzzle, Flamenco clutch y Amazona, entre otros.\u00a0<b>Los tejidos picto\u0301ricos de Anni Albers<\/b>, que elevaron el hilo como vehi\u0301culo de exploracio\u0301n arti\u0301stica, aportan una tactilidad gra\u0301fica a abrigos y bolsos emblema\u0301ticos.<\/p>\n<p><img loading=\"lazy\" decoding=\"async\" class=\"aligncenter size-full wp-image-183175\" src=\"https:\/\/graziamagazine.com\/es\/wp-content\/uploads\/sites\/12\/2025\/03\/loewe-1.jpg\" alt=\"\" width=\"1440\" height=\"1800\" \/><\/p>\n<p>En otro lugar, el\u00a0<b>dia\u0301logo entre la moda femenina y masculina es orga\u0301nico y fluido<\/b>, fusionando la produccio\u0301n en un todo. El ojo y la mente se ven constantemente desconcertados mientras arquitecturas suaves se dibujan alrededor del cuerpo y sobre e\u0301l. El cuero se corta, drapea y alarga, los vestidos de punto\u00a0<i>jersey\u00a0<\/i>se esculpen en formas redondas, mientras que los ba\u0301sicos familiares del armario\u2014camisas, sue\u0301teres y abrigos\u2014se fusionan en hi\u0301bridos atrevidos, convirtiendo lo conocido en algo inquietante.<\/p>\n<p><img loading=\"lazy\" decoding=\"async\" class=\"aligncenter size-full wp-image-183177\" src=\"https:\/\/graziamagazine.com\/es\/wp-content\/uploads\/sites\/12\/2025\/03\/adriendirand-1.jpg\" alt=\"\" width=\"1440\" height=\"1800\" \/><\/p>\n<blockquote><p>Jonathan Anderson concibi\u00f3 las colecciones de hombre y mujer para el Oto\u00f1o-Invierno 2025 como un \u00e1lbum de recortes.<\/p><\/blockquote>\n<p>Una exploraci\u00f3n de la escala, en grande y en peque\u00f1o: siluetas s\u00f3lidas hechas de elementos micro; un anillo diminuto que se convierte en un top; puntos de tricot agrandados. El corte se presenta de manera profusa, como una invitaci\u00f3n a mirar dentro de la prenda y experimentar la moda como algo permeable, m\u00e1s que est\u00e1tico. Un tejido de cuadros Pr\u00edncipe de Gales se lic\u00faa en flecos met\u00e1licos, vestidos en hilos de organza con cuentas adquieren la ilusi\u00f3n de ser transparentes, la dureza se torna suave. Los tratamientos de superficie a\u00f1aden granularidad; el abalorio denso migra de la ropa a los accesorios y a los zapatos Toy mules, mientras que el patr\u00f3n familiar de las Ballet Runner 2.0 se recrea en piel de oveja.<\/p>\n<p><img loading=\"lazy\" decoding=\"async\" class=\"aligncenter size-full wp-image-183179\" src=\"https:\/\/graziamagazine.com\/es\/wp-content\/uploads\/sites\/12\/2025\/03\/darren_gerrish-1.jpg\" alt=\"\" width=\"1440\" height=\"1800\" \/><\/p>\n<p>El\u00a0Ho\u0302tel de Maisons, un edificio del siglo XVIII, se transforma para la presentacio\u0301n del Oton\u0303o-Invierno 2025, con diecisiete salas tema\u0301ticas donde se despliega la coleccio\u0301n, junto a una ecle\u0301ctica seleccio\u0301n de obras de la coleccio\u0301n de arte de LOEWE e instalaciones con elementos familiares de desfiles, campan\u0303as y los talleres de LOEWE.<\/p>\n<p><em>*Im\u00e1genes: cortes\u00eda<\/em><\/p>\n<p>&nbsp;<\/p>\n<p>&nbsp;<\/p>\n","protected":false},"author":11653,"featured_media":147951,"template":"","format":"standard","categories":[4],"acf":[],"yoast_head":"<!-- This site is optimized with the Yoast SEO Premium plugin v18.5 (Yoast SEO v20.4) - https:\/\/yoast.com\/wordpress\/plugins\/seo\/ -->\n<title>La presentaci\u00f3n de Loewe FW25 en Par\u00eds | Grazia M\u00e9xico y Latinoam\u00e9rica<\/title>\n<meta name=\"description\" content=\"Jonathan Anderson concibi\u00f3 las colecciones como un \u00e1lbum de recortes\u00a0formado por cosas viejas y nuevas que se re\u00fanen al azar para ser preservadas como\" \/>\n<meta name=\"robots\" content=\"index, follow, max-snippet:-1, max-image-preview:large, max-video-preview:-1\" \/>\n<link rel=\"canonical\" href=\"https:\/\/graziamagazine.com\/mx\/articles\/la-presentacion-de-loewe-fw25-en-paris\/\" \/>\n<meta property=\"og:locale\" content=\"es_MX\" \/>\n<meta property=\"og:type\" content=\"article\" \/>\n<meta property=\"og:title\" content=\"La presentaci\u00f3n de Loewe FW25 en Par\u00eds\" \/>\n<meta property=\"og:description\" content=\"Jonathan Anderson concibi\u00f3 las colecciones como un \u00e1lbum de recortes\u00a0formado por cosas viejas y nuevas que se re\u00fanen al azar para ser preservadas como\" \/>\n<meta property=\"og:url\" content=\"https:\/\/graziamagazine.com\/mx\/articles\/la-presentacion-de-loewe-fw25-en-paris\/\" \/>\n<meta property=\"og:site_name\" content=\"Grazia M\u00e9xico y Latinoam\u00e9rica\" \/>\n<meta property=\"og:image\" content=\"https:\/\/graziamagazine.com\/mx\/wp-content\/uploads\/sites\/13\/2025\/03\/loewe-e1741692581526.jpg\" \/>\n\t<meta property=\"og:image:width\" content=\"1404\" \/>\n\t<meta property=\"og:image:height\" content=\"993\" \/>\n\t<meta property=\"og:image:type\" content=\"image\/jpeg\" \/>\n<meta name=\"twitter:card\" content=\"summary_large_image\" \/>\n<meta name=\"twitter:label1\" content=\"Est. reading time\" \/>\n\t<meta name=\"twitter:data1\" content=\"4 minutos\" \/>\n<script type=\"application\/ld+json\" class=\"yoast-schema-graph\">{\"@context\":\"https:\/\/schema.org\",\"@graph\":[{\"@type\":\"WebPage\",\"@id\":\"https:\/\/graziamagazine.com\/mx\/articles\/la-presentacion-de-loewe-fw25-en-paris\/\",\"url\":\"https:\/\/graziamagazine.com\/mx\/articles\/la-presentacion-de-loewe-fw25-en-paris\/\",\"name\":\"La presentaci\u00f3n de Loewe FW25 en Par\u00eds | Grazia M\u00e9xico y Latinoam\u00e9rica\",\"isPartOf\":{\"@id\":\"https:\/\/graziamagazine.com\/mx\/#website\"},\"datePublished\":\"2025-03-11T13:10:19+00:00\",\"dateModified\":\"2025-03-11T13:10:19+00:00\",\"description\":\"Jonathan Anderson concibi\u00f3 las colecciones como un \u00e1lbum de recortes\u00a0formado por cosas viejas y nuevas que se re\u00fanen al azar para ser preservadas como\",\"breadcrumb\":{\"@id\":\"https:\/\/graziamagazine.com\/mx\/articles\/la-presentacion-de-loewe-fw25-en-paris\/#breadcrumb\"},\"inLanguage\":\"es-MX\",\"potentialAction\":[{\"@type\":\"ReadAction\",\"target\":[\"https:\/\/graziamagazine.com\/mx\/articles\/la-presentacion-de-loewe-fw25-en-paris\/\"]}]},{\"@type\":\"BreadcrumbList\",\"@id\":\"https:\/\/graziamagazine.com\/mx\/articles\/la-presentacion-de-loewe-fw25-en-paris\/#breadcrumb\",\"itemListElement\":[{\"@type\":\"ListItem\",\"position\":1,\"name\":\"Home\",\"item\":\"https:\/\/graziamagazine.com\/mx\/\"},{\"@type\":\"ListItem\",\"position\":2,\"name\":\"La presentaci\u00f3n de Loewe FW25 en Par\u00eds\"}]},{\"@type\":\"WebSite\",\"@id\":\"https:\/\/graziamagazine.com\/mx\/#website\",\"url\":\"https:\/\/graziamagazine.com\/mx\/\",\"name\":\"Grazia M\u00e9xico y Latinoam\u00e9rica\",\"description\":\"Grazia es moda, belleza y noticias  de actualidad \",\"potentialAction\":[{\"@type\":\"SearchAction\",\"target\":{\"@type\":\"EntryPoint\",\"urlTemplate\":\"https:\/\/graziamagazine.com\/mx\/?s={search_term_string}\"},\"query-input\":\"required name=search_term_string\"}],\"inLanguage\":\"es-MX\"}]}<\/script>\n<!-- \/ Yoast SEO Premium plugin. -->","yoast_head_json":{"title":"La presentaci\u00f3n de Loewe FW25 en Par\u00eds | Grazia M\u00e9xico y Latinoam\u00e9rica","description":"Jonathan Anderson concibi\u00f3 las colecciones como un \u00e1lbum de recortes\u00a0formado por cosas viejas y nuevas que se re\u00fanen al azar para ser preservadas como","robots":{"index":"index","follow":"follow","max-snippet":"max-snippet:-1","max-image-preview":"max-image-preview:large","max-video-preview":"max-video-preview:-1"},"canonical":"https:\/\/graziamagazine.com\/mx\/articles\/la-presentacion-de-loewe-fw25-en-paris\/","og_locale":"es_MX","og_type":"article","og_title":"La presentaci\u00f3n de Loewe FW25 en Par\u00eds","og_description":"Jonathan Anderson concibi\u00f3 las colecciones como un \u00e1lbum de recortes\u00a0formado por cosas viejas y nuevas que se re\u00fanen al azar para ser preservadas como","og_url":"https:\/\/graziamagazine.com\/mx\/articles\/la-presentacion-de-loewe-fw25-en-paris\/","og_site_name":"Grazia M\u00e9xico y Latinoam\u00e9rica","og_image":[{"width":1404,"height":993,"url":"https:\/\/graziamagazine.com\/mx\/wp-content\/uploads\/sites\/13\/2025\/03\/loewe-e1741692581526.jpg","type":"image\/jpeg"}],"twitter_card":"summary_large_image","twitter_misc":{"Est. reading time":"4 minutos"},"schema":{"@context":"https:\/\/schema.org","@graph":[{"@type":"WebPage","@id":"https:\/\/graziamagazine.com\/mx\/articles\/la-presentacion-de-loewe-fw25-en-paris\/","url":"https:\/\/graziamagazine.com\/mx\/articles\/la-presentacion-de-loewe-fw25-en-paris\/","name":"La presentaci\u00f3n de Loewe FW25 en Par\u00eds | Grazia M\u00e9xico y Latinoam\u00e9rica","isPartOf":{"@id":"https:\/\/graziamagazine.com\/mx\/#website"},"datePublished":"2025-03-11T13:10:19+00:00","dateModified":"2025-03-11T13:10:19+00:00","description":"Jonathan Anderson concibi\u00f3 las colecciones como un \u00e1lbum de recortes\u00a0formado por cosas viejas y nuevas que se re\u00fanen al azar para ser preservadas como","breadcrumb":{"@id":"https:\/\/graziamagazine.com\/mx\/articles\/la-presentacion-de-loewe-fw25-en-paris\/#breadcrumb"},"inLanguage":"es-MX","potentialAction":[{"@type":"ReadAction","target":["https:\/\/graziamagazine.com\/mx\/articles\/la-presentacion-de-loewe-fw25-en-paris\/"]}]},{"@type":"BreadcrumbList","@id":"https:\/\/graziamagazine.com\/mx\/articles\/la-presentacion-de-loewe-fw25-en-paris\/#breadcrumb","itemListElement":[{"@type":"ListItem","position":1,"name":"Home","item":"https:\/\/graziamagazine.com\/mx\/"},{"@type":"ListItem","position":2,"name":"La presentaci\u00f3n de Loewe FW25 en Par\u00eds"}]},{"@type":"WebSite","@id":"https:\/\/graziamagazine.com\/mx\/#website","url":"https:\/\/graziamagazine.com\/mx\/","name":"Grazia M\u00e9xico y Latinoam\u00e9rica","description":"Grazia es moda, belleza y noticias  de actualidad ","potentialAction":[{"@type":"SearchAction","target":{"@type":"EntryPoint","urlTemplate":"https:\/\/graziamagazine.com\/mx\/?s={search_term_string}"},"query-input":"required name=search_term_string"}],"inLanguage":"es-MX"}]}},"jetpack_sharing_enabled":true,"distributor_meta":false,"distributor_terms":false,"distributor_media":false,"distributor_original_site_name":"Grazia M\u00e9xico y Latinoam\u00e9rica","distributor_original_site_url":"https:\/\/graziamagazine.com\/mx","push-errors":false,"_links":{"self":[{"href":"https:\/\/graziamagazine.com\/mx\/wp-json\/wp\/v2\/articles\/147947"}],"collection":[{"href":"https:\/\/graziamagazine.com\/mx\/wp-json\/wp\/v2\/articles"}],"about":[{"href":"https:\/\/graziamagazine.com\/mx\/wp-json\/wp\/v2\/types\/articles"}],"author":[{"embeddable":true,"href":"https:\/\/graziamagazine.com\/mx\/wp-json\/wp\/v2\/users\/11653"}],"wp:featuredmedia":[{"embeddable":true,"href":"https:\/\/graziamagazine.com\/mx\/wp-json\/wp\/v2\/media\/147951"}],"wp:attachment":[{"href":"https:\/\/graziamagazine.com\/mx\/wp-json\/wp\/v2\/media?parent=147947"}],"wp:term":[{"taxonomy":"category","embeddable":true,"href":"https:\/\/graziamagazine.com\/mx\/wp-json\/wp\/v2\/categories?post=147947"}],"curies":[{"name":"wp","href":"https:\/\/api.w.org\/{rel}","templated":true}]}}