{"id":147740,"date":"2025-03-05T18:06:18","date_gmt":"2025-03-05T23:06:18","guid":{"rendered":"https:\/\/graziamagazine.com\/mx\/?post_type=articles&#038;p=147740"},"modified":"2025-03-05T18:12:08","modified_gmt":"2025-03-05T23:12:08","slug":"cantante-chilena-cami-dando-hablar","status":"publish","type":"articles","link":"https:\/\/graziamagazine.com\/mx\/articles\/cantante-chilena-cami-dando-hablar\/","title":{"rendered":"La cantante chilena Cami que est\u00e1 dando de qu\u00e9 hablar (con su nuevo disco)"},"content":{"rendered":"<p><strong>Cami<\/strong>, la cantante chilena que gan\u00f3 un segundo lugar en una de las emisiones de <strong><em>The Voice Chile<\/em><\/strong>, est\u00e1 dando de que hablar con su nuevo disco, el cual ser\u00e1 liberado progresivamente <strong>lanzando una canci\u00f3n cada martes de marzo.<\/strong><\/p>\n<p><strong><em>Cierro los ojos<\/em><\/strong> fue presentada este martes y combina sonidos electr\u00f3nicos y forma parte de su pr\u00f3ximo <strong><em>EP ANNA Vol.2: El Ojo de Mi Frente<\/em><\/strong>.<\/p>\n<p>Adem\u00e1s, <strong>se estren\u00f3 tambi\u00e9n el video<\/strong> del sencillo que mezcla melancol\u00eda y elementos visuales que dan fuerza a la melod\u00eda.<\/p>\n<p>El disco fue grabado en M\u00e9xico y lo producen <strong>Francisco Victoria, Tom\u00e1s P\u00e9rez y Trooko.<\/strong><\/p>\n<figure id=\"attachment_147743\" aria-describedby=\"caption-attachment-147743\" style=\"width: 403px\" class=\"wp-caption alignnone\"><img loading=\"lazy\" decoding=\"async\" class=\"size-medium wp-image-147743\" src=\"https:\/\/graziamagazine.com\/mx\/wp-content\/uploads\/sites\/13\/2025\/03\/WhatsApp-Image-2025-03-05-at-5.05.36-PM-403x450.jpeg\" alt=\"\" width=\"403\" height=\"450\" srcset=\"https:\/\/graziamagazine.com\/mx\/wp-content\/uploads\/sites\/13\/2025\/03\/WhatsApp-Image-2025-03-05-at-5.05.36-PM-403x450.jpeg 403w, https:\/\/graziamagazine.com\/mx\/wp-content\/uploads\/sites\/13\/2025\/03\/WhatsApp-Image-2025-03-05-at-5.05.36-PM-917x1024.jpeg 917w, https:\/\/graziamagazine.com\/mx\/wp-content\/uploads\/sites\/13\/2025\/03\/WhatsApp-Image-2025-03-05-at-5.05.36-PM-768x857.jpeg 768w, https:\/\/graziamagazine.com\/mx\/wp-content\/uploads\/sites\/13\/2025\/03\/WhatsApp-Image-2025-03-05-at-5.05.36-PM-400x447.jpeg 400w, https:\/\/graziamagazine.com\/mx\/wp-content\/uploads\/sites\/13\/2025\/03\/WhatsApp-Image-2025-03-05-at-5.05.36-PM-155x173.jpeg 155w, https:\/\/graziamagazine.com\/mx\/wp-content\/uploads\/sites\/13\/2025\/03\/WhatsApp-Image-2025-03-05-at-5.05.36-PM.jpeg 1290w\" sizes=\"(max-width: 403px) 100vw, 403px\" \/><figcaption id=\"caption-attachment-147743\" class=\"wp-caption-text\">El nuevo disco de Cami ser\u00e1 lanzado semanalmente \/ Instagram @cami<\/figcaption><\/figure>\n<p>El martes pasado, la canante lanz\u00f3 el sencillo <strong><em>Quiero Toda mi vida de vuelta,<\/em><\/strong> el cual ha sido bien aceptado entre sus fan\u00e1ticos.<\/p>\n<p>El proyecto completo ser\u00e1 estrenado el pr\u00f3ximo 25 de marzo y en \u00e9l, la cantante ha puesto sus interior, pues Cami ha dicho en varias ocasiones, que se trata de su disco <strong>m\u00e1s introspectivo.<\/strong><\/p>\n<p>\u201cA eso aspiro yo, eso quiero para el resto de mi carrera: que <strong>mis conciertos y mi m\u00fasica sean un m\u00e9todo de catarsis<\/strong>. Se necesita m\u00fasica con la que se pueda vomitar\u201d, dijo la cantante sobre su m\u00fasica a EFE en 2019.<\/p>\n<p>\u201cEscribo de lo que me sale del coraz\u00f3n y con verdad. Escribo para sanarme\u201d, asegur\u00f3.<\/p>\n<figure id=\"attachment_147742\" aria-describedby=\"caption-attachment-147742\" style=\"width: 293px\" class=\"wp-caption alignnone\"><img loading=\"lazy\" decoding=\"async\" class=\"size-medium wp-image-147742\" src=\"https:\/\/graziamagazine.com\/mx\/wp-content\/uploads\/sites\/13\/2025\/03\/WhatsApp-Image-2025-03-05-at-5.05.37-PM-e1741216139417-293x450.jpeg\" alt=\"\" width=\"293\" height=\"450\" srcset=\"https:\/\/graziamagazine.com\/mx\/wp-content\/uploads\/sites\/13\/2025\/03\/WhatsApp-Image-2025-03-05-at-5.05.37-PM-e1741216139417-293x450.jpeg 293w, https:\/\/graziamagazine.com\/mx\/wp-content\/uploads\/sites\/13\/2025\/03\/WhatsApp-Image-2025-03-05-at-5.05.37-PM-e1741216139417-666x1024.jpeg 666w, https:\/\/graziamagazine.com\/mx\/wp-content\/uploads\/sites\/13\/2025\/03\/WhatsApp-Image-2025-03-05-at-5.05.37-PM-e1741216139417-768x1180.jpeg 768w, https:\/\/graziamagazine.com\/mx\/wp-content\/uploads\/sites\/13\/2025\/03\/WhatsApp-Image-2025-03-05-at-5.05.37-PM-e1741216139417-400x615.jpeg 400w, https:\/\/graziamagazine.com\/mx\/wp-content\/uploads\/sites\/13\/2025\/03\/WhatsApp-Image-2025-03-05-at-5.05.37-PM-e1741216139417-140x215.jpeg 140w, https:\/\/graziamagazine.com\/mx\/wp-content\/uploads\/sites\/13\/2025\/03\/WhatsApp-Image-2025-03-05-at-5.05.37-PM-e1741216139417.jpeg 822w\" sizes=\"(max-width: 293px) 100vw, 293px\" \/><figcaption id=\"caption-attachment-147742\" class=\"wp-caption-text\">La cantante Cami lanz\u00f3 su nuevo sencillo &#8216;Cierro los ojos&#8217; \/ Instagram @cami<\/figcaption><\/figure>\n<p><strong>Camila Gallardo<\/strong>, el nombre real de la cantante, salt\u00f3 a la fama despu\u00e9s quedar como finalista de la segunda temporada del concurso de canto en su versi\u00f3n chilena. Su coach fue <strong>Luis Fonsi.<\/strong><\/p>\n<p><strong>Comenz\u00f3 su carrera en el 2012<\/strong> compartiendo sus canciones y videos en YouTube, alcanz\u00f3 millones de reproducciones.<\/p>\n<p>El sencillo <strong><em>Un poco m\u00e1s de fr\u00edo<\/em><\/strong>, fue lanzado en 2017 tras fimar con <strong>Universal Music<\/strong> y super\u00f3 el mill\u00f3n de reproducciones en su primeras cuatro semanas de lanzamiento. Actualmente tiene <strong>25 millones de visualizaciones<\/strong> en YouTube.<\/p>\n","protected":false},"author":36289,"featured_media":147741,"template":"","format":"standard","categories":[],"acf":[],"yoast_head":"<!-- This site is optimized with the Yoast SEO Premium plugin v18.5 (Yoast SEO v20.4) - https:\/\/yoast.com\/wordpress\/plugins\/seo\/ -->\n<title>La cantante chilena Cami que est\u00e1 dando de qu\u00e9 hablar (con su nuevo disco) | Grazia M\u00e9xico y Latinoam\u00e9rica<\/title>\n<meta name=\"description\" content=\"Cami, la cantante chilena que gan\u00f3 un segundo lugar en una de las emisiones de The Voice Chile, est\u00e1 dando de que hablar con su nuevo disco, el cual ser\u00e1\" \/>\n<meta name=\"robots\" content=\"index, follow, max-snippet:-1, max-image-preview:large, max-video-preview:-1\" \/>\n<link rel=\"canonical\" href=\"https:\/\/graziamagazine.com\/mx\/articles\/cantante-chilena-cami-dando-hablar\/\" \/>\n<meta property=\"og:locale\" content=\"es_MX\" \/>\n<meta property=\"og:type\" content=\"article\" \/>\n<meta property=\"og:title\" content=\"La cantante chilena Cami que est\u00e1 dando de qu\u00e9 hablar (con su nuevo disco)\" \/>\n<meta property=\"og:description\" content=\"Cami, la cantante chilena que gan\u00f3 un segundo lugar en una de las emisiones de The Voice Chile, est\u00e1 dando de que hablar con su nuevo disco, el cual ser\u00e1\" \/>\n<meta property=\"og:url\" content=\"https:\/\/graziamagazine.com\/mx\/articles\/cantante-chilena-cami-dando-hablar\/\" \/>\n<meta property=\"og:site_name\" content=\"Grazia M\u00e9xico y Latinoam\u00e9rica\" \/>\n<meta property=\"article:modified_time\" content=\"2025-03-05T23:12:08+00:00\" \/>\n<meta property=\"og:image\" content=\"https:\/\/graziamagazine.com\/mx\/wp-content\/uploads\/sites\/13\/2025\/03\/WhatsApp-Image-2025-03-05-at-5.05.37-PM-1-e1741216205134.jpeg\" \/>\n\t<meta property=\"og:image:width\" content=\"1279\" \/>\n\t<meta property=\"og:image:height\" content=\"720\" \/>\n\t<meta property=\"og:image:type\" content=\"image\/jpeg\" \/>\n<meta name=\"twitter:card\" content=\"summary_large_image\" \/>\n<meta name=\"twitter:label1\" content=\"Est. reading time\" \/>\n\t<meta name=\"twitter:data1\" content=\"2 minutos\" \/>\n<script type=\"application\/ld+json\" class=\"yoast-schema-graph\">{\"@context\":\"https:\/\/schema.org\",\"@graph\":[{\"@type\":\"WebPage\",\"@id\":\"https:\/\/graziamagazine.com\/mx\/articles\/cantante-chilena-cami-dando-hablar\/\",\"url\":\"https:\/\/graziamagazine.com\/mx\/articles\/cantante-chilena-cami-dando-hablar\/\",\"name\":\"La cantante chilena Cami que est\u00e1 dando de qu\u00e9 hablar (con su nuevo disco) | Grazia M\u00e9xico y Latinoam\u00e9rica\",\"isPartOf\":{\"@id\":\"https:\/\/graziamagazine.com\/mx\/#website\"},\"datePublished\":\"2025-03-05T23:06:18+00:00\",\"dateModified\":\"2025-03-05T23:12:08+00:00\",\"description\":\"Cami, la cantante chilena que gan\u00f3 un segundo lugar en una de las emisiones de The Voice Chile, est\u00e1 dando de que hablar con su nuevo disco, el cual ser\u00e1\",\"breadcrumb\":{\"@id\":\"https:\/\/graziamagazine.com\/mx\/articles\/cantante-chilena-cami-dando-hablar\/#breadcrumb\"},\"inLanguage\":\"es-MX\",\"potentialAction\":[{\"@type\":\"ReadAction\",\"target\":[\"https:\/\/graziamagazine.com\/mx\/articles\/cantante-chilena-cami-dando-hablar\/\"]}]},{\"@type\":\"BreadcrumbList\",\"@id\":\"https:\/\/graziamagazine.com\/mx\/articles\/cantante-chilena-cami-dando-hablar\/#breadcrumb\",\"itemListElement\":[{\"@type\":\"ListItem\",\"position\":1,\"name\":\"Home\",\"item\":\"https:\/\/graziamagazine.com\/mx\/\"},{\"@type\":\"ListItem\",\"position\":2,\"name\":\"La cantante chilena Cami que est\u00e1 dando de qu\u00e9 hablar (con su nuevo disco)\"}]},{\"@type\":\"WebSite\",\"@id\":\"https:\/\/graziamagazine.com\/mx\/#website\",\"url\":\"https:\/\/graziamagazine.com\/mx\/\",\"name\":\"Grazia M\u00e9xico y Latinoam\u00e9rica\",\"description\":\"Grazia es moda, belleza y noticias  de actualidad \",\"potentialAction\":[{\"@type\":\"SearchAction\",\"target\":{\"@type\":\"EntryPoint\",\"urlTemplate\":\"https:\/\/graziamagazine.com\/mx\/?s={search_term_string}\"},\"query-input\":\"required name=search_term_string\"}],\"inLanguage\":\"es-MX\"}]}<\/script>\n<!-- \/ Yoast SEO Premium plugin. -->","yoast_head_json":{"title":"La cantante chilena Cami que est\u00e1 dando de qu\u00e9 hablar (con su nuevo disco) | Grazia M\u00e9xico y Latinoam\u00e9rica","description":"Cami, la cantante chilena que gan\u00f3 un segundo lugar en una de las emisiones de The Voice Chile, est\u00e1 dando de que hablar con su nuevo disco, el cual ser\u00e1","robots":{"index":"index","follow":"follow","max-snippet":"max-snippet:-1","max-image-preview":"max-image-preview:large","max-video-preview":"max-video-preview:-1"},"canonical":"https:\/\/graziamagazine.com\/mx\/articles\/cantante-chilena-cami-dando-hablar\/","og_locale":"es_MX","og_type":"article","og_title":"La cantante chilena Cami que est\u00e1 dando de qu\u00e9 hablar (con su nuevo disco)","og_description":"Cami, la cantante chilena que gan\u00f3 un segundo lugar en una de las emisiones de The Voice Chile, est\u00e1 dando de que hablar con su nuevo disco, el cual ser\u00e1","og_url":"https:\/\/graziamagazine.com\/mx\/articles\/cantante-chilena-cami-dando-hablar\/","og_site_name":"Grazia M\u00e9xico y Latinoam\u00e9rica","article_modified_time":"2025-03-05T23:12:08+00:00","og_image":[{"width":1279,"height":720,"url":"https:\/\/graziamagazine.com\/mx\/wp-content\/uploads\/sites\/13\/2025\/03\/WhatsApp-Image-2025-03-05-at-5.05.37-PM-1-e1741216205134.jpeg","type":"image\/jpeg"}],"twitter_card":"summary_large_image","twitter_misc":{"Est. reading time":"2 minutos"},"schema":{"@context":"https:\/\/schema.org","@graph":[{"@type":"WebPage","@id":"https:\/\/graziamagazine.com\/mx\/articles\/cantante-chilena-cami-dando-hablar\/","url":"https:\/\/graziamagazine.com\/mx\/articles\/cantante-chilena-cami-dando-hablar\/","name":"La cantante chilena Cami que est\u00e1 dando de qu\u00e9 hablar (con su nuevo disco) | Grazia M\u00e9xico y Latinoam\u00e9rica","isPartOf":{"@id":"https:\/\/graziamagazine.com\/mx\/#website"},"datePublished":"2025-03-05T23:06:18+00:00","dateModified":"2025-03-05T23:12:08+00:00","description":"Cami, la cantante chilena que gan\u00f3 un segundo lugar en una de las emisiones de The Voice Chile, est\u00e1 dando de que hablar con su nuevo disco, el cual ser\u00e1","breadcrumb":{"@id":"https:\/\/graziamagazine.com\/mx\/articles\/cantante-chilena-cami-dando-hablar\/#breadcrumb"},"inLanguage":"es-MX","potentialAction":[{"@type":"ReadAction","target":["https:\/\/graziamagazine.com\/mx\/articles\/cantante-chilena-cami-dando-hablar\/"]}]},{"@type":"BreadcrumbList","@id":"https:\/\/graziamagazine.com\/mx\/articles\/cantante-chilena-cami-dando-hablar\/#breadcrumb","itemListElement":[{"@type":"ListItem","position":1,"name":"Home","item":"https:\/\/graziamagazine.com\/mx\/"},{"@type":"ListItem","position":2,"name":"La cantante chilena Cami que est\u00e1 dando de qu\u00e9 hablar (con su nuevo disco)"}]},{"@type":"WebSite","@id":"https:\/\/graziamagazine.com\/mx\/#website","url":"https:\/\/graziamagazine.com\/mx\/","name":"Grazia M\u00e9xico y Latinoam\u00e9rica","description":"Grazia es moda, belleza y noticias  de actualidad ","potentialAction":[{"@type":"SearchAction","target":{"@type":"EntryPoint","urlTemplate":"https:\/\/graziamagazine.com\/mx\/?s={search_term_string}"},"query-input":"required name=search_term_string"}],"inLanguage":"es-MX"}]}},"jetpack_sharing_enabled":true,"distributor_meta":false,"distributor_terms":false,"distributor_media":false,"distributor_original_site_name":"Grazia M\u00e9xico y Latinoam\u00e9rica","distributor_original_site_url":"https:\/\/graziamagazine.com\/mx","push-errors":false,"_links":{"self":[{"href":"https:\/\/graziamagazine.com\/mx\/wp-json\/wp\/v2\/articles\/147740"}],"collection":[{"href":"https:\/\/graziamagazine.com\/mx\/wp-json\/wp\/v2\/articles"}],"about":[{"href":"https:\/\/graziamagazine.com\/mx\/wp-json\/wp\/v2\/types\/articles"}],"author":[{"embeddable":true,"href":"https:\/\/graziamagazine.com\/mx\/wp-json\/wp\/v2\/users\/36289"}],"wp:featuredmedia":[{"embeddable":true,"href":"https:\/\/graziamagazine.com\/mx\/wp-json\/wp\/v2\/media\/147741"}],"wp:attachment":[{"href":"https:\/\/graziamagazine.com\/mx\/wp-json\/wp\/v2\/media?parent=147740"}],"wp:term":[{"taxonomy":"category","embeddable":true,"href":"https:\/\/graziamagazine.com\/mx\/wp-json\/wp\/v2\/categories?post=147740"}],"curies":[{"name":"wp","href":"https:\/\/api.w.org\/{rel}","templated":true}]}}