{"id":147700,"date":"2025-03-05T14:00:49","date_gmt":"2025-03-05T19:00:49","guid":{"rendered":"https:\/\/graziamagazine.com\/mx\/?post_type=articles&#038;p=147700"},"modified":"2025-03-05T14:04:05","modified_gmt":"2025-03-05T19:04:05","slug":"estas-celebridades-vistieron-chanel-durante-le-grand-diner-du-louvre","status":"publish","type":"articles","link":"https:\/\/graziamagazine.com\/mx\/articles\/estas-celebridades-vistieron-chanel-durante-le-grand-diner-du-louvre\/","title":{"rendered":"Estas celebridades vistieron CHANEL durante \u2018Le Grand D\u00eener du Louvre\u2019"},"content":{"rendered":"<p><span style=\"font-weight: 400\">El 4 de marzo, e<strong>l Museo del Louvre<\/strong> en Par\u00eds se visti\u00f3 de gala para celebrar la primera edici\u00f3n de<em><strong> Le Grand D\u00eener du Louvre<\/strong><\/em>, un evento ben\u00e9fico que reuni\u00f3 a destacadas figuras de la industria del entretenimiento. Entre las asistentes, varias celebridades deslumbraron al lucir elegantes dise\u00f1os de <strong>CHANEL.<\/strong> Te contamos todo.<\/span><\/p>\n<p><strong>Carlota Casiraghi<\/strong><\/p>\n<p><span style=\"font-weight: 400\">La nieta de Grace Kelly, Carlota Casiraghi, opt\u00f3 por un conjunto de CHANEL que combinaba un vestido blanco de inspiraci\u00f3n nupcial, con falda recta con abertura central, acompa\u00f1ado de un maxiabrigo de tweed negro. Complet\u00f3 su look con un bolso Mini Square Classic Patent Single Flap y joyas de perlas y brillantes.<\/span><\/p>\n<p><img loading=\"lazy\" decoding=\"async\" class=\"alignnone size-medium wp-image-147703\" src=\"https:\/\/graziamagazine.com\/mx\/wp-content\/uploads\/sites\/13\/2025\/03\/chanel_charlotte-casiraghi-wore-chanel-at-the-22le-grand-diner-du-louvre22-040325-LD-300x450.jpg\" alt=\"\" width=\"300\" height=\"450\" srcset=\"https:\/\/graziamagazine.com\/mx\/wp-content\/uploads\/sites\/13\/2025\/03\/chanel_charlotte-casiraghi-wore-chanel-at-the-22le-grand-diner-du-louvre22-040325-LD-300x450.jpg 300w, https:\/\/graziamagazine.com\/mx\/wp-content\/uploads\/sites\/13\/2025\/03\/chanel_charlotte-casiraghi-wore-chanel-at-the-22le-grand-diner-du-louvre22-040325-LD-683x1024.jpg 683w, https:\/\/graziamagazine.com\/mx\/wp-content\/uploads\/sites\/13\/2025\/03\/chanel_charlotte-casiraghi-wore-chanel-at-the-22le-grand-diner-du-louvre22-040325-LD-768x1152.jpg 768w, https:\/\/graziamagazine.com\/mx\/wp-content\/uploads\/sites\/13\/2025\/03\/chanel_charlotte-casiraghi-wore-chanel-at-the-22le-grand-diner-du-louvre22-040325-LD-1024x1536.jpg 1024w, https:\/\/graziamagazine.com\/mx\/wp-content\/uploads\/sites\/13\/2025\/03\/chanel_charlotte-casiraghi-wore-chanel-at-the-22le-grand-diner-du-louvre22-040325-LD-1365x2048.jpg 1365w, https:\/\/graziamagazine.com\/mx\/wp-content\/uploads\/sites\/13\/2025\/03\/chanel_charlotte-casiraghi-wore-chanel-at-the-22le-grand-diner-du-louvre22-040325-LD-400x600.jpg 400w, https:\/\/graziamagazine.com\/mx\/wp-content\/uploads\/sites\/13\/2025\/03\/chanel_charlotte-casiraghi-wore-chanel-at-the-22le-grand-diner-du-louvre22-040325-LD-143x215.jpg 143w, https:\/\/graziamagazine.com\/mx\/wp-content\/uploads\/sites\/13\/2025\/03\/chanel_charlotte-casiraghi-wore-chanel-at-the-22le-grand-diner-du-louvre22-040325-LD.jpg 1500w\" sizes=\"(max-width: 300px) 100vw, 300px\" \/><\/p>\n<p><strong>Naomi Campbell<\/strong><\/p>\n<p><span style=\"font-weight: 400\">La supermodelo Naomi Campbell combin\u00f3 su vestido negro con un abrigo rosa fucsia de CHANEL, que termina con una larga cola, aportando contraste a su conjunto.<\/span><\/p>\n<p><img loading=\"lazy\" decoding=\"async\" class=\"alignnone size-medium wp-image-147707\" src=\"https:\/\/graziamagazine.com\/mx\/wp-content\/uploads\/sites\/13\/2025\/03\/chanel_naomi-campbell-wore-chanel-at-the-22le-grand-diner-du-louvre22-040325_2-LD-300x450.jpg\" alt=\"\" width=\"300\" height=\"450\" srcset=\"https:\/\/graziamagazine.com\/mx\/wp-content\/uploads\/sites\/13\/2025\/03\/chanel_naomi-campbell-wore-chanel-at-the-22le-grand-diner-du-louvre22-040325_2-LD-300x450.jpg 300w, https:\/\/graziamagazine.com\/mx\/wp-content\/uploads\/sites\/13\/2025\/03\/chanel_naomi-campbell-wore-chanel-at-the-22le-grand-diner-du-louvre22-040325_2-LD-683x1024.jpg 683w, https:\/\/graziamagazine.com\/mx\/wp-content\/uploads\/sites\/13\/2025\/03\/chanel_naomi-campbell-wore-chanel-at-the-22le-grand-diner-du-louvre22-040325_2-LD-768x1152.jpg 768w, https:\/\/graziamagazine.com\/mx\/wp-content\/uploads\/sites\/13\/2025\/03\/chanel_naomi-campbell-wore-chanel-at-the-22le-grand-diner-du-louvre22-040325_2-LD-1024x1536.jpg 1024w, https:\/\/graziamagazine.com\/mx\/wp-content\/uploads\/sites\/13\/2025\/03\/chanel_naomi-campbell-wore-chanel-at-the-22le-grand-diner-du-louvre22-040325_2-LD-1365x2048.jpg 1365w, https:\/\/graziamagazine.com\/mx\/wp-content\/uploads\/sites\/13\/2025\/03\/chanel_naomi-campbell-wore-chanel-at-the-22le-grand-diner-du-louvre22-040325_2-LD-400x600.jpg 400w, https:\/\/graziamagazine.com\/mx\/wp-content\/uploads\/sites\/13\/2025\/03\/chanel_naomi-campbell-wore-chanel-at-the-22le-grand-diner-du-louvre22-040325_2-LD-143x215.jpg 143w, https:\/\/graziamagazine.com\/mx\/wp-content\/uploads\/sites\/13\/2025\/03\/chanel_naomi-campbell-wore-chanel-at-the-22le-grand-diner-du-louvre22-040325_2-LD.jpg 1500w\" sizes=\"(max-width: 300px) 100vw, 300px\" \/><\/p>\n<p><strong>Keira Knightley<\/strong><\/p>\n<p><span style=\"font-weight: 400\">La actriz brit\u00e1nica Keira Knightley acapar\u00f3 todas las miradas con un vestido de la colecci\u00f3n de Alta Costura oto\u00f1o-invierno 2024-2025 de CHANEL. El dise\u00f1o, confeccionado en terciopelo negro sin tirantes y adornado con borlas, gotas y flores de luz bordadas por Lesage, ten\u00eda tambi\u00e9n un tut\u00fa acampanado en organza negra plisada y encaje.\u00a0<\/span><\/p>\n<p><img loading=\"lazy\" decoding=\"async\" class=\"alignnone size-medium wp-image-147704\" src=\"https:\/\/graziamagazine.com\/mx\/wp-content\/uploads\/sites\/13\/2025\/03\/chanel_keira-knightley-wore-chanel-at-the-22le-grand-diner-du-louvre22-040325-1-LD-300x450.jpg\" alt=\"\" width=\"300\" height=\"450\" srcset=\"https:\/\/graziamagazine.com\/mx\/wp-content\/uploads\/sites\/13\/2025\/03\/chanel_keira-knightley-wore-chanel-at-the-22le-grand-diner-du-louvre22-040325-1-LD-300x450.jpg 300w, https:\/\/graziamagazine.com\/mx\/wp-content\/uploads\/sites\/13\/2025\/03\/chanel_keira-knightley-wore-chanel-at-the-22le-grand-diner-du-louvre22-040325-1-LD-683x1024.jpg 683w, https:\/\/graziamagazine.com\/mx\/wp-content\/uploads\/sites\/13\/2025\/03\/chanel_keira-knightley-wore-chanel-at-the-22le-grand-diner-du-louvre22-040325-1-LD-768x1152.jpg 768w, https:\/\/graziamagazine.com\/mx\/wp-content\/uploads\/sites\/13\/2025\/03\/chanel_keira-knightley-wore-chanel-at-the-22le-grand-diner-du-louvre22-040325-1-LD-1024x1536.jpg 1024w, https:\/\/graziamagazine.com\/mx\/wp-content\/uploads\/sites\/13\/2025\/03\/chanel_keira-knightley-wore-chanel-at-the-22le-grand-diner-du-louvre22-040325-1-LD-1365x2048.jpg 1365w, https:\/\/graziamagazine.com\/mx\/wp-content\/uploads\/sites\/13\/2025\/03\/chanel_keira-knightley-wore-chanel-at-the-22le-grand-diner-du-louvre22-040325-1-LD-400x600.jpg 400w, https:\/\/graziamagazine.com\/mx\/wp-content\/uploads\/sites\/13\/2025\/03\/chanel_keira-knightley-wore-chanel-at-the-22le-grand-diner-du-louvre22-040325-1-LD-143x215.jpg 143w, https:\/\/graziamagazine.com\/mx\/wp-content\/uploads\/sites\/13\/2025\/03\/chanel_keira-knightley-wore-chanel-at-the-22le-grand-diner-du-louvre22-040325-1-LD.jpg 1500w\" sizes=\"(max-width: 300px) 100vw, 300px\" \/><\/p>\n<p><strong>Caroline de Maigret<\/strong><\/p>\n<p><span style=\"font-weight: 400\">Caroline de Maigret, exmodelo y productora musical, es reconocida por su estilo que personifica la elegancia parisina. Para este evento eligi\u00f3 un conjunto monocrom\u00e1tico en negro.<\/span><\/p>\n<p><img loading=\"lazy\" decoding=\"async\" class=\"alignnone size-medium wp-image-147702\" src=\"https:\/\/graziamagazine.com\/mx\/wp-content\/uploads\/sites\/13\/2025\/03\/chanel_caroline-de-maigret-wore-chanel-at-the-22le-grand-diner-du-louvre22-040325-LD-300x450.jpg\" alt=\"\" width=\"300\" height=\"450\" srcset=\"https:\/\/graziamagazine.com\/mx\/wp-content\/uploads\/sites\/13\/2025\/03\/chanel_caroline-de-maigret-wore-chanel-at-the-22le-grand-diner-du-louvre22-040325-LD-300x450.jpg 300w, https:\/\/graziamagazine.com\/mx\/wp-content\/uploads\/sites\/13\/2025\/03\/chanel_caroline-de-maigret-wore-chanel-at-the-22le-grand-diner-du-louvre22-040325-LD-683x1024.jpg 683w, https:\/\/graziamagazine.com\/mx\/wp-content\/uploads\/sites\/13\/2025\/03\/chanel_caroline-de-maigret-wore-chanel-at-the-22le-grand-diner-du-louvre22-040325-LD-768x1152.jpg 768w, https:\/\/graziamagazine.com\/mx\/wp-content\/uploads\/sites\/13\/2025\/03\/chanel_caroline-de-maigret-wore-chanel-at-the-22le-grand-diner-du-louvre22-040325-LD-1024x1536.jpg 1024w, https:\/\/graziamagazine.com\/mx\/wp-content\/uploads\/sites\/13\/2025\/03\/chanel_caroline-de-maigret-wore-chanel-at-the-22le-grand-diner-du-louvre22-040325-LD-1365x2048.jpg 1365w, https:\/\/graziamagazine.com\/mx\/wp-content\/uploads\/sites\/13\/2025\/03\/chanel_caroline-de-maigret-wore-chanel-at-the-22le-grand-diner-du-louvre22-040325-LD-400x600.jpg 400w, https:\/\/graziamagazine.com\/mx\/wp-content\/uploads\/sites\/13\/2025\/03\/chanel_caroline-de-maigret-wore-chanel-at-the-22le-grand-diner-du-louvre22-040325-LD-143x215.jpg 143w, https:\/\/graziamagazine.com\/mx\/wp-content\/uploads\/sites\/13\/2025\/03\/chanel_caroline-de-maigret-wore-chanel-at-the-22le-grand-diner-du-louvre22-040325-LD.jpg 1500w\" sizes=\"(max-width: 300px) 100vw, 300px\" \/><\/p>\n<p><strong>Rebecca Marder<\/strong><\/p>\n<p><span style=\"font-weight: 400\">La actriz francesa us\u00f3 un vestido de jacquard floral cubierto de tul rosa p\u00e1lido, con detalles multicolores y dram\u00e1ticas mangas de globo completamente bordadas con plumas de la colecci\u00f3n de Alta Costura Primavera 2025.\u00a0<\/span><\/p>\n<p><img loading=\"lazy\" decoding=\"async\" class=\"alignnone size-medium wp-image-147708\" src=\"https:\/\/graziamagazine.com\/mx\/wp-content\/uploads\/sites\/13\/2025\/03\/chanel_rebecca-marder-wore-chanel-at-the-22le-grand-diner-du-louvre22-040325-LD-300x450.jpg\" alt=\"\" width=\"300\" height=\"450\" srcset=\"https:\/\/graziamagazine.com\/mx\/wp-content\/uploads\/sites\/13\/2025\/03\/chanel_rebecca-marder-wore-chanel-at-the-22le-grand-diner-du-louvre22-040325-LD-300x450.jpg 300w, https:\/\/graziamagazine.com\/mx\/wp-content\/uploads\/sites\/13\/2025\/03\/chanel_rebecca-marder-wore-chanel-at-the-22le-grand-diner-du-louvre22-040325-LD-683x1024.jpg 683w, https:\/\/graziamagazine.com\/mx\/wp-content\/uploads\/sites\/13\/2025\/03\/chanel_rebecca-marder-wore-chanel-at-the-22le-grand-diner-du-louvre22-040325-LD-768x1151.jpg 768w, https:\/\/graziamagazine.com\/mx\/wp-content\/uploads\/sites\/13\/2025\/03\/chanel_rebecca-marder-wore-chanel-at-the-22le-grand-diner-du-louvre22-040325-LD-1024x1536.jpg 1024w, https:\/\/graziamagazine.com\/mx\/wp-content\/uploads\/sites\/13\/2025\/03\/chanel_rebecca-marder-wore-chanel-at-the-22le-grand-diner-du-louvre22-040325-LD-1366x2048.jpg 1366w, https:\/\/graziamagazine.com\/mx\/wp-content\/uploads\/sites\/13\/2025\/03\/chanel_rebecca-marder-wore-chanel-at-the-22le-grand-diner-du-louvre22-040325-LD-400x600.jpg 400w, https:\/\/graziamagazine.com\/mx\/wp-content\/uploads\/sites\/13\/2025\/03\/chanel_rebecca-marder-wore-chanel-at-the-22le-grand-diner-du-louvre22-040325-LD-143x215.jpg 143w, https:\/\/graziamagazine.com\/mx\/wp-content\/uploads\/sites\/13\/2025\/03\/chanel_rebecca-marder-wore-chanel-at-the-22le-grand-diner-du-louvre22-040325-LD.jpg 1500w\" sizes=\"(max-width: 300px) 100vw, 300px\" \/><\/p>\n","protected":false},"author":11628,"featured_media":147701,"template":"","format":"standard","categories":[4],"acf":[],"yoast_head":"<!-- This site is optimized with the Yoast SEO Premium plugin v18.5 (Yoast SEO v20.4) - https:\/\/yoast.com\/wordpress\/plugins\/seo\/ -->\n<title>Estas celebridades vistieron CHANEL durante Le Grand Diner du Louvre<\/title>\n<meta name=\"description\" content=\"El 4 de marzo, el Museo del Louvre en Par\u00eds se visti\u00f3 de gala para celebrar la primera edici\u00f3n de Le Grand D\u00eener du Louvre, un evento ben\u00e9fico que reuni\u00f3\" \/>\n<meta name=\"robots\" content=\"index, follow, max-snippet:-1, max-image-preview:large, max-video-preview:-1\" \/>\n<link rel=\"canonical\" href=\"https:\/\/graziamagazine.com\/mx\/articles\/estas-celebridades-vistieron-chanel-durante-le-grand-diner-du-louvre\/\" \/>\n<meta property=\"og:locale\" content=\"es_MX\" \/>\n<meta property=\"og:type\" content=\"article\" \/>\n<meta property=\"og:title\" content=\"Estas celebridades vistieron CHANEL durante \u2018Le Grand D\u00eener du Louvre\u2019\" \/>\n<meta property=\"og:description\" content=\"El 4 de marzo, el Museo del Louvre en Par\u00eds se visti\u00f3 de gala para celebrar la primera edici\u00f3n de Le Grand D\u00eener du Louvre, un evento ben\u00e9fico que reuni\u00f3\" \/>\n<meta property=\"og:url\" content=\"https:\/\/graziamagazine.com\/mx\/articles\/estas-celebridades-vistieron-chanel-durante-le-grand-diner-du-louvre\/\" \/>\n<meta property=\"og:site_name\" content=\"Grazia M\u00e9xico y Latinoam\u00e9rica\" \/>\n<meta property=\"article:modified_time\" content=\"2025-03-05T19:04:05+00:00\" \/>\n<meta property=\"og:image\" content=\"https:\/\/graziamagazine.com\/mx\/wp-content\/uploads\/sites\/13\/2025\/03\/keira.jpg\" \/>\n\t<meta property=\"og:image:width\" content=\"524\" \/>\n\t<meta property=\"og:image:height\" content=\"294\" \/>\n\t<meta property=\"og:image:type\" content=\"image\/jpeg\" \/>\n<meta name=\"twitter:card\" content=\"summary_large_image\" \/>\n<meta name=\"twitter:label1\" content=\"Est. reading time\" \/>\n\t<meta name=\"twitter:data1\" content=\"3 minutos\" \/>\n<script type=\"application\/ld+json\" class=\"yoast-schema-graph\">{\"@context\":\"https:\/\/schema.org\",\"@graph\":[{\"@type\":\"WebPage\",\"@id\":\"https:\/\/graziamagazine.com\/mx\/articles\/estas-celebridades-vistieron-chanel-durante-le-grand-diner-du-louvre\/\",\"url\":\"https:\/\/graziamagazine.com\/mx\/articles\/estas-celebridades-vistieron-chanel-durante-le-grand-diner-du-louvre\/\",\"name\":\"Estas celebridades vistieron CHANEL durante Le Grand Diner du Louvre\",\"isPartOf\":{\"@id\":\"https:\/\/graziamagazine.com\/mx\/#website\"},\"datePublished\":\"2025-03-05T19:00:49+00:00\",\"dateModified\":\"2025-03-05T19:04:05+00:00\",\"description\":\"El 4 de marzo, el Museo del Louvre en Par\u00eds se visti\u00f3 de gala para celebrar la primera edici\u00f3n de Le Grand D\u00eener du Louvre, un evento ben\u00e9fico que reuni\u00f3\",\"breadcrumb\":{\"@id\":\"https:\/\/graziamagazine.com\/mx\/articles\/estas-celebridades-vistieron-chanel-durante-le-grand-diner-du-louvre\/#breadcrumb\"},\"inLanguage\":\"es-MX\",\"potentialAction\":[{\"@type\":\"ReadAction\",\"target\":[\"https:\/\/graziamagazine.com\/mx\/articles\/estas-celebridades-vistieron-chanel-durante-le-grand-diner-du-louvre\/\"]}]},{\"@type\":\"BreadcrumbList\",\"@id\":\"https:\/\/graziamagazine.com\/mx\/articles\/estas-celebridades-vistieron-chanel-durante-le-grand-diner-du-louvre\/#breadcrumb\",\"itemListElement\":[{\"@type\":\"ListItem\",\"position\":1,\"name\":\"Home\",\"item\":\"https:\/\/graziamagazine.com\/mx\/\"},{\"@type\":\"ListItem\",\"position\":2,\"name\":\"Estas celebridades vistieron CHANEL durante \u2018Le Grand D\u00eener du Louvre\u2019\"}]},{\"@type\":\"WebSite\",\"@id\":\"https:\/\/graziamagazine.com\/mx\/#website\",\"url\":\"https:\/\/graziamagazine.com\/mx\/\",\"name\":\"Grazia M\u00e9xico y Latinoam\u00e9rica\",\"description\":\"Grazia es moda, belleza y noticias  de actualidad \",\"potentialAction\":[{\"@type\":\"SearchAction\",\"target\":{\"@type\":\"EntryPoint\",\"urlTemplate\":\"https:\/\/graziamagazine.com\/mx\/?s={search_term_string}\"},\"query-input\":\"required name=search_term_string\"}],\"inLanguage\":\"es-MX\"}]}<\/script>\n<!-- \/ Yoast SEO Premium plugin. -->","yoast_head_json":{"title":"Estas celebridades vistieron CHANEL durante Le Grand Diner du Louvre","description":"El 4 de marzo, el Museo del Louvre en Par\u00eds se visti\u00f3 de gala para celebrar la primera edici\u00f3n de Le Grand D\u00eener du Louvre, un evento ben\u00e9fico que reuni\u00f3","robots":{"index":"index","follow":"follow","max-snippet":"max-snippet:-1","max-image-preview":"max-image-preview:large","max-video-preview":"max-video-preview:-1"},"canonical":"https:\/\/graziamagazine.com\/mx\/articles\/estas-celebridades-vistieron-chanel-durante-le-grand-diner-du-louvre\/","og_locale":"es_MX","og_type":"article","og_title":"Estas celebridades vistieron CHANEL durante \u2018Le Grand D\u00eener du Louvre\u2019","og_description":"El 4 de marzo, el Museo del Louvre en Par\u00eds se visti\u00f3 de gala para celebrar la primera edici\u00f3n de Le Grand D\u00eener du Louvre, un evento ben\u00e9fico que reuni\u00f3","og_url":"https:\/\/graziamagazine.com\/mx\/articles\/estas-celebridades-vistieron-chanel-durante-le-grand-diner-du-louvre\/","og_site_name":"Grazia M\u00e9xico y Latinoam\u00e9rica","article_modified_time":"2025-03-05T19:04:05+00:00","og_image":[{"width":524,"height":294,"url":"https:\/\/graziamagazine.com\/mx\/wp-content\/uploads\/sites\/13\/2025\/03\/keira.jpg","type":"image\/jpeg"}],"twitter_card":"summary_large_image","twitter_misc":{"Est. reading time":"3 minutos"},"schema":{"@context":"https:\/\/schema.org","@graph":[{"@type":"WebPage","@id":"https:\/\/graziamagazine.com\/mx\/articles\/estas-celebridades-vistieron-chanel-durante-le-grand-diner-du-louvre\/","url":"https:\/\/graziamagazine.com\/mx\/articles\/estas-celebridades-vistieron-chanel-durante-le-grand-diner-du-louvre\/","name":"Estas celebridades vistieron CHANEL durante Le Grand Diner du Louvre","isPartOf":{"@id":"https:\/\/graziamagazine.com\/mx\/#website"},"datePublished":"2025-03-05T19:00:49+00:00","dateModified":"2025-03-05T19:04:05+00:00","description":"El 4 de marzo, el Museo del Louvre en Par\u00eds se visti\u00f3 de gala para celebrar la primera edici\u00f3n de Le Grand D\u00eener du Louvre, un evento ben\u00e9fico que reuni\u00f3","breadcrumb":{"@id":"https:\/\/graziamagazine.com\/mx\/articles\/estas-celebridades-vistieron-chanel-durante-le-grand-diner-du-louvre\/#breadcrumb"},"inLanguage":"es-MX","potentialAction":[{"@type":"ReadAction","target":["https:\/\/graziamagazine.com\/mx\/articles\/estas-celebridades-vistieron-chanel-durante-le-grand-diner-du-louvre\/"]}]},{"@type":"BreadcrumbList","@id":"https:\/\/graziamagazine.com\/mx\/articles\/estas-celebridades-vistieron-chanel-durante-le-grand-diner-du-louvre\/#breadcrumb","itemListElement":[{"@type":"ListItem","position":1,"name":"Home","item":"https:\/\/graziamagazine.com\/mx\/"},{"@type":"ListItem","position":2,"name":"Estas celebridades vistieron CHANEL durante \u2018Le Grand D\u00eener du Louvre\u2019"}]},{"@type":"WebSite","@id":"https:\/\/graziamagazine.com\/mx\/#website","url":"https:\/\/graziamagazine.com\/mx\/","name":"Grazia M\u00e9xico y Latinoam\u00e9rica","description":"Grazia es moda, belleza y noticias  de actualidad ","potentialAction":[{"@type":"SearchAction","target":{"@type":"EntryPoint","urlTemplate":"https:\/\/graziamagazine.com\/mx\/?s={search_term_string}"},"query-input":"required name=search_term_string"}],"inLanguage":"es-MX"}]}},"jetpack_sharing_enabled":true,"distributor_meta":false,"distributor_terms":false,"distributor_media":false,"distributor_original_site_name":"Grazia M\u00e9xico y Latinoam\u00e9rica","distributor_original_site_url":"https:\/\/graziamagazine.com\/mx","push-errors":false,"_links":{"self":[{"href":"https:\/\/graziamagazine.com\/mx\/wp-json\/wp\/v2\/articles\/147700"}],"collection":[{"href":"https:\/\/graziamagazine.com\/mx\/wp-json\/wp\/v2\/articles"}],"about":[{"href":"https:\/\/graziamagazine.com\/mx\/wp-json\/wp\/v2\/types\/articles"}],"author":[{"embeddable":true,"href":"https:\/\/graziamagazine.com\/mx\/wp-json\/wp\/v2\/users\/11628"}],"wp:featuredmedia":[{"embeddable":true,"href":"https:\/\/graziamagazine.com\/mx\/wp-json\/wp\/v2\/media\/147701"}],"wp:attachment":[{"href":"https:\/\/graziamagazine.com\/mx\/wp-json\/wp\/v2\/media?parent=147700"}],"wp:term":[{"taxonomy":"category","embeddable":true,"href":"https:\/\/graziamagazine.com\/mx\/wp-json\/wp\/v2\/categories?post=147700"}],"curies":[{"name":"wp","href":"https:\/\/api.w.org\/{rel}","templated":true}]}}