{"id":147680,"date":"2025-03-05T10:59:12","date_gmt":"2025-03-05T15:59:12","guid":{"rendered":"https:\/\/graziamagazine.com\/mx\/?post_type=articles&#038;p=147680"},"modified":"2025-03-05T11:07:48","modified_gmt":"2025-03-05T16:07:48","slug":"cartier-deslumbra-en-el-louvre","status":"publish","type":"articles","link":"https:\/\/graziamagazine.com\/mx\/articles\/cartier-deslumbra-en-el-louvre\/","title":{"rendered":"Cartier deslumbra en el Louvre"},"content":{"rendered":"<p data-start=\"170\" data-end=\"525\">El Museo del Louvre fue el escenario de una velada extraordinaria: el <strong data-start=\"240\" data-end=\"265\">Grand D\u00eener du Louvre<\/strong>, un evento en el que Cartier celebr\u00f3 su legado de excelencia en la alta joyer\u00eda y la relojer\u00eda.<\/p>\n<p data-start=\"170\" data-end=\"525\">La maison reuni\u00f3 a un exclusivo grupo de <strong data-start=\"403\" data-end=\"427\">embajadores y amigos<\/strong>, quienes deslumbraron con creaciones que representan la historia y el savoir-faire de la firma.<\/p>\n<h3 data-start=\"527\" data-end=\"570\"><strong data-start=\"531\" data-end=\"568\">Un encuentro con la sofisticaci\u00f3n<\/strong><\/h3>\n<figure id=\"attachment_147689\" aria-describedby=\"caption-attachment-147689\" style=\"width: 489px\" class=\"wp-caption alignnone\"><img loading=\"lazy\" decoding=\"async\" class=\"size-full wp-image-147689\" src=\"https:\/\/graziamagazine.com\/mx\/wp-content\/uploads\/sites\/13\/2025\/03\/image002.png\" alt=\"Cartier deslumbra en el Louvre\" width=\"489\" height=\"724\" srcset=\"https:\/\/graziamagazine.com\/mx\/wp-content\/uploads\/sites\/13\/2025\/03\/image002.png 489w, https:\/\/graziamagazine.com\/mx\/wp-content\/uploads\/sites\/13\/2025\/03\/image002-304x450.png 304w, https:\/\/graziamagazine.com\/mx\/wp-content\/uploads\/sites\/13\/2025\/03\/image002-400x592.png 400w, https:\/\/graziamagazine.com\/mx\/wp-content\/uploads\/sites\/13\/2025\/03\/image002-145x215.png 145w\" sizes=\"(max-width: 489px) 100vw, 489px\" \/><figcaption id=\"caption-attachment-147689\" class=\"wp-caption-text\">Cartier deslumbra en el Louvre<\/figcaption><\/figure>\n<p data-start=\"571\" data-end=\"959\">Entre los invitados destacados estuvieron <strong data-start=\"613\" data-end=\"705\">Jisoo, Anna Sawai, Golshifteh Farahani, Rapha\u00ebl Quenard, Virginie Efira y No\u00e9mie Merlant<\/strong>, embajadores de Cartier, junto a <strong data-start=\"739\" data-end=\"812\">Gemma Chan, Dev Patel, Arnaud Valois, Aliocha Schneider y Lou Doillon<\/strong>, amigos de la maison. Cada uno de ellos luci\u00f3 piezas de alta joyer\u00eda y relojer\u00eda que reflejan la creatividad y la maestr\u00eda artesanal de Cartier.<\/p>\n<p data-start=\"961\" data-end=\"1382\">Jisoo, embajadora de la marca, deslumbr\u00f3 con el <strong data-start=\"1009\" data-end=\"1036\">collar Panth\u00e8re Canop\u00e9e<\/strong>, con un zafiro de 26.53 quilates, mientras que Gemma Chan opt\u00f3 por el <strong data-start=\"1107\" data-end=\"1131\">collar Fauna y Flora<\/strong>, una obra maestra en forma de cocodrilo adornada con diamantes y esmeraldas.<\/p>\n<figure id=\"attachment_147688\" aria-describedby=\"caption-attachment-147688\" style=\"width: 484px\" class=\"wp-caption alignnone\"><img loading=\"lazy\" decoding=\"async\" class=\"size-full wp-image-147688\" src=\"https:\/\/graziamagazine.com\/mx\/wp-content\/uploads\/sites\/13\/2025\/03\/image004-2.png\" alt=\"Cartier deslumbra en el Louvre\" width=\"484\" height=\"721\" srcset=\"https:\/\/graziamagazine.com\/mx\/wp-content\/uploads\/sites\/13\/2025\/03\/image004-2.png 484w, https:\/\/graziamagazine.com\/mx\/wp-content\/uploads\/sites\/13\/2025\/03\/image004-2-302x450.png 302w, https:\/\/graziamagazine.com\/mx\/wp-content\/uploads\/sites\/13\/2025\/03\/image004-2-400x596.png 400w, https:\/\/graziamagazine.com\/mx\/wp-content\/uploads\/sites\/13\/2025\/03\/image004-2-144x215.png 144w\" sizes=\"(max-width: 484px) 100vw, 484px\" \/><figcaption id=\"caption-attachment-147688\" class=\"wp-caption-text\">Cartier deslumbra en el Louvre<\/figcaption><\/figure>\n<p data-start=\"961\" data-end=\"1382\">Anna Sawai, tambi\u00e9n embajadora, apost\u00f3 por la modernidad del <strong data-start=\"1270\" data-end=\"1302\">collar Reflection de Cartier<\/strong>, con un dise\u00f1o geom\u00e9trico que resalta la precisi\u00f3n y el detalle de la maison.<\/p>\n<p data-start=\"1384\" data-end=\"1596\">Golshifteh Farahani llev\u00f3 un conjunto de la ic\u00f3nica <strong data-start=\"1436\" data-end=\"1469\">colecci\u00f3n Panth\u00e8re de Cartier<\/strong>, con m\u00e1s de 1,100 diamantes, esmeraldas y \u00f3nix, reafirmando la fascinaci\u00f3n de la maison por este emblema de belleza y poder.<\/p>\n<h3 data-start=\"1598\" data-end=\"1657\"><strong data-start=\"1602\" data-end=\"1655\">La elegancia masculina y los relojes emblem\u00e1ticos<\/strong><\/h3>\n<figure id=\"attachment_147683\" aria-describedby=\"caption-attachment-147683\" style=\"width: 484px\" class=\"wp-caption alignnone\"><img loading=\"lazy\" decoding=\"async\" class=\"wp-image-147683\" src=\"https:\/\/graziamagazine.com\/mx\/wp-content\/uploads\/sites\/13\/2025\/03\/image016.png\" alt=\"Cartier deslumbra en el Louvre\" width=\"484\" height=\"650\" srcset=\"https:\/\/graziamagazine.com\/mx\/wp-content\/uploads\/sites\/13\/2025\/03\/image016.png 556w, https:\/\/graziamagazine.com\/mx\/wp-content\/uploads\/sites\/13\/2025\/03\/image016-335x450.png 335w, https:\/\/graziamagazine.com\/mx\/wp-content\/uploads\/sites\/13\/2025\/03\/image016-400x537.png 400w, https:\/\/graziamagazine.com\/mx\/wp-content\/uploads\/sites\/13\/2025\/03\/image016-155x208.png 155w\" sizes=\"(max-width: 484px) 100vw, 484px\" \/><figcaption id=\"caption-attachment-147683\" class=\"wp-caption-text\">Cartier deslumbra en el Louvre<\/figcaption><\/figure>\n<p data-start=\"1658\" data-end=\"1999\">Entre los asistentes masculinos, la sofisticaci\u00f3n tambi\u00e9n brill\u00f3. <strong data-start=\"1724\" data-end=\"1737\">Dev Patel<\/strong> apost\u00f3 por un estilo minimalista con un <strong data-start=\"1778\" data-end=\"1802\">broche Juste un Clou<\/strong> y el legendario <strong data-start=\"1819\" data-end=\"1843\">Tank Must de Cartier<\/strong>. <strong data-start=\"1845\" data-end=\"1862\">Arnaud Valois<\/strong> llev\u00f3 un <strong data-start=\"1872\" data-end=\"1888\">reloj Santos<\/strong>, una pieza que fusiona historia e innovaci\u00f3n, acompa\u00f1ado de gemelos y una sortija Trinity en oro y cer\u00e1mica.<\/p>\n<p data-start=\"2001\" data-end=\"2235\"><strong data-start=\"2001\" data-end=\"2020\">Rapha\u00ebl Quenard<\/strong>, embajador de Cartier, combin\u00f3 tradici\u00f3n y modernidad con un <strong data-start=\"2082\" data-end=\"2132\">Tank Louis Cartier en oro amarillo y diamantes<\/strong>, mientras que <strong data-start=\"2147\" data-end=\"2168\">Aliocha Schneider<\/strong> opt\u00f3 por el refinado <strong data-start=\"2190\" data-end=\"2232\">Tank Must en acero con correa de cuero<\/strong>.<\/p>\n<h3 data-start=\"2237\" data-end=\"2281\"><strong data-start=\"2241\" data-end=\"2279\">Un tributo al arte y la excelencia<\/strong><\/h3>\n<figure id=\"attachment_147686\" aria-describedby=\"caption-attachment-147686\" style=\"width: 484px\" class=\"wp-caption alignnone\"><img loading=\"lazy\" decoding=\"async\" class=\"wp-image-147686\" src=\"https:\/\/graziamagazine.com\/mx\/wp-content\/uploads\/sites\/13\/2025\/03\/image022.png\" alt=\"Cartier deslumbra en el Louvre\" width=\"484\" height=\"727\" srcset=\"https:\/\/graziamagazine.com\/mx\/wp-content\/uploads\/sites\/13\/2025\/03\/image022.png 547w, https:\/\/graziamagazine.com\/mx\/wp-content\/uploads\/sites\/13\/2025\/03\/image022-299x450.png 299w, https:\/\/graziamagazine.com\/mx\/wp-content\/uploads\/sites\/13\/2025\/03\/image022-400x601.png 400w, https:\/\/graziamagazine.com\/mx\/wp-content\/uploads\/sites\/13\/2025\/03\/image022-143x215.png 143w\" sizes=\"(max-width: 484px) 100vw, 484px\" \/><figcaption id=\"caption-attachment-147686\" class=\"wp-caption-text\">Cartier deslumbra en el Louvre<\/figcaption><\/figure>\n<p data-start=\"2282\" data-end=\"2557\" data-is-last-node=\"\" data-is-only-node=\"\">El <strong data-start=\"2285\" data-end=\"2310\">Grand D\u00eener du Louvre<\/strong> reafirm\u00f3 el estatus de Cartier como sin\u00f3nimo de lujo y exclusividad. Con una selecci\u00f3n de invitados impecable y una muestra deslumbrante de su legado, la maison consolid\u00f3 su posici\u00f3n como referencia indiscutible en la alta joyer\u00eda y la relojer\u00eda.<\/p>\n<p data-start=\"2282\" data-end=\"2557\" data-is-last-node=\"\" data-is-only-node=\"\"><em><strong>*IMAGEN: Cortes\u00eda<\/strong><\/em><\/p>\n","protected":false},"author":28953,"featured_media":147687,"template":"","format":"standard","categories":[2,4],"acf":[],"yoast_head":"<!-- This site is optimized with the Yoast SEO Premium plugin v18.5 (Yoast SEO v20.4) - https:\/\/yoast.com\/wordpress\/plugins\/seo\/ -->\n<title>Cartier deslumbra en el Louvre<\/title>\n<meta name=\"description\" content=\"Una noche de lujo con embajadores y amigos de la maison, donde las joyas m\u00e1s ic\u00f3nicas se fusionaron con la elegancia atemporal.\" \/>\n<meta name=\"robots\" content=\"index, follow, max-snippet:-1, max-image-preview:large, max-video-preview:-1\" \/>\n<link rel=\"canonical\" href=\"https:\/\/graziamagazine.com\/mx\/articles\/cartier-deslumbra-en-el-louvre\/\" \/>\n<meta property=\"og:locale\" content=\"es_MX\" \/>\n<meta property=\"og:type\" content=\"article\" \/>\n<meta property=\"og:title\" content=\"Cartier deslumbra en el Louvre\" \/>\n<meta property=\"og:description\" content=\"Una noche de lujo con embajadores y amigos de la maison, donde las joyas m\u00e1s ic\u00f3nicas se fusionaron con la elegancia atemporal.\" \/>\n<meta property=\"og:url\" content=\"https:\/\/graziamagazine.com\/mx\/articles\/cartier-deslumbra-en-el-louvre\/\" \/>\n<meta property=\"og:site_name\" content=\"Grazia M\u00e9xico y Latinoam\u00e9rica\" \/>\n<meta property=\"article:modified_time\" content=\"2025-03-05T16:07:48+00:00\" \/>\n<meta property=\"og:image\" content=\"https:\/\/graziamagazine.com\/mx\/wp-content\/uploads\/sites\/13\/2025\/03\/image006-2-e1741190706570.png\" \/>\n\t<meta property=\"og:image:width\" content=\"475\" \/>\n\t<meta property=\"og:image:height\" content=\"329\" \/>\n\t<meta property=\"og:image:type\" content=\"image\/png\" \/>\n<meta name=\"twitter:card\" content=\"summary_large_image\" \/>\n<meta name=\"twitter:label1\" content=\"Est. reading time\" \/>\n\t<meta name=\"twitter:data1\" content=\"3 minutos\" \/>\n<script type=\"application\/ld+json\" class=\"yoast-schema-graph\">{\"@context\":\"https:\/\/schema.org\",\"@graph\":[{\"@type\":\"WebPage\",\"@id\":\"https:\/\/graziamagazine.com\/mx\/articles\/cartier-deslumbra-en-el-louvre\/\",\"url\":\"https:\/\/graziamagazine.com\/mx\/articles\/cartier-deslumbra-en-el-louvre\/\",\"name\":\"Cartier deslumbra en el Louvre\",\"isPartOf\":{\"@id\":\"https:\/\/graziamagazine.com\/mx\/#website\"},\"datePublished\":\"2025-03-05T15:59:12+00:00\",\"dateModified\":\"2025-03-05T16:07:48+00:00\",\"description\":\"Una noche de lujo con embajadores y amigos de la maison, donde las joyas m\u00e1s ic\u00f3nicas se fusionaron con la elegancia atemporal.\",\"breadcrumb\":{\"@id\":\"https:\/\/graziamagazine.com\/mx\/articles\/cartier-deslumbra-en-el-louvre\/#breadcrumb\"},\"inLanguage\":\"es-MX\",\"potentialAction\":[{\"@type\":\"ReadAction\",\"target\":[\"https:\/\/graziamagazine.com\/mx\/articles\/cartier-deslumbra-en-el-louvre\/\"]}]},{\"@type\":\"BreadcrumbList\",\"@id\":\"https:\/\/graziamagazine.com\/mx\/articles\/cartier-deslumbra-en-el-louvre\/#breadcrumb\",\"itemListElement\":[{\"@type\":\"ListItem\",\"position\":1,\"name\":\"Home\",\"item\":\"https:\/\/graziamagazine.com\/mx\/\"},{\"@type\":\"ListItem\",\"position\":2,\"name\":\"Cartier deslumbra en el Louvre\"}]},{\"@type\":\"WebSite\",\"@id\":\"https:\/\/graziamagazine.com\/mx\/#website\",\"url\":\"https:\/\/graziamagazine.com\/mx\/\",\"name\":\"Grazia M\u00e9xico y Latinoam\u00e9rica\",\"description\":\"Grazia es moda, belleza y noticias  de actualidad \",\"potentialAction\":[{\"@type\":\"SearchAction\",\"target\":{\"@type\":\"EntryPoint\",\"urlTemplate\":\"https:\/\/graziamagazine.com\/mx\/?s={search_term_string}\"},\"query-input\":\"required name=search_term_string\"}],\"inLanguage\":\"es-MX\"}]}<\/script>\n<!-- \/ Yoast SEO Premium plugin. -->","yoast_head_json":{"title":"Cartier deslumbra en el Louvre","description":"Una noche de lujo con embajadores y amigos de la maison, donde las joyas m\u00e1s ic\u00f3nicas se fusionaron con la elegancia atemporal.","robots":{"index":"index","follow":"follow","max-snippet":"max-snippet:-1","max-image-preview":"max-image-preview:large","max-video-preview":"max-video-preview:-1"},"canonical":"https:\/\/graziamagazine.com\/mx\/articles\/cartier-deslumbra-en-el-louvre\/","og_locale":"es_MX","og_type":"article","og_title":"Cartier deslumbra en el Louvre","og_description":"Una noche de lujo con embajadores y amigos de la maison, donde las joyas m\u00e1s ic\u00f3nicas se fusionaron con la elegancia atemporal.","og_url":"https:\/\/graziamagazine.com\/mx\/articles\/cartier-deslumbra-en-el-louvre\/","og_site_name":"Grazia M\u00e9xico y Latinoam\u00e9rica","article_modified_time":"2025-03-05T16:07:48+00:00","og_image":[{"width":475,"height":329,"url":"https:\/\/graziamagazine.com\/mx\/wp-content\/uploads\/sites\/13\/2025\/03\/image006-2-e1741190706570.png","type":"image\/png"}],"twitter_card":"summary_large_image","twitter_misc":{"Est. reading time":"3 minutos"},"schema":{"@context":"https:\/\/schema.org","@graph":[{"@type":"WebPage","@id":"https:\/\/graziamagazine.com\/mx\/articles\/cartier-deslumbra-en-el-louvre\/","url":"https:\/\/graziamagazine.com\/mx\/articles\/cartier-deslumbra-en-el-louvre\/","name":"Cartier deslumbra en el Louvre","isPartOf":{"@id":"https:\/\/graziamagazine.com\/mx\/#website"},"datePublished":"2025-03-05T15:59:12+00:00","dateModified":"2025-03-05T16:07:48+00:00","description":"Una noche de lujo con embajadores y amigos de la maison, donde las joyas m\u00e1s ic\u00f3nicas se fusionaron con la elegancia atemporal.","breadcrumb":{"@id":"https:\/\/graziamagazine.com\/mx\/articles\/cartier-deslumbra-en-el-louvre\/#breadcrumb"},"inLanguage":"es-MX","potentialAction":[{"@type":"ReadAction","target":["https:\/\/graziamagazine.com\/mx\/articles\/cartier-deslumbra-en-el-louvre\/"]}]},{"@type":"BreadcrumbList","@id":"https:\/\/graziamagazine.com\/mx\/articles\/cartier-deslumbra-en-el-louvre\/#breadcrumb","itemListElement":[{"@type":"ListItem","position":1,"name":"Home","item":"https:\/\/graziamagazine.com\/mx\/"},{"@type":"ListItem","position":2,"name":"Cartier deslumbra en el Louvre"}]},{"@type":"WebSite","@id":"https:\/\/graziamagazine.com\/mx\/#website","url":"https:\/\/graziamagazine.com\/mx\/","name":"Grazia M\u00e9xico y Latinoam\u00e9rica","description":"Grazia es moda, belleza y noticias  de actualidad ","potentialAction":[{"@type":"SearchAction","target":{"@type":"EntryPoint","urlTemplate":"https:\/\/graziamagazine.com\/mx\/?s={search_term_string}"},"query-input":"required name=search_term_string"}],"inLanguage":"es-MX"}]}},"jetpack_sharing_enabled":true,"distributor_meta":false,"distributor_terms":false,"distributor_media":false,"distributor_original_site_name":"Grazia M\u00e9xico y Latinoam\u00e9rica","distributor_original_site_url":"https:\/\/graziamagazine.com\/mx","push-errors":false,"_links":{"self":[{"href":"https:\/\/graziamagazine.com\/mx\/wp-json\/wp\/v2\/articles\/147680"}],"collection":[{"href":"https:\/\/graziamagazine.com\/mx\/wp-json\/wp\/v2\/articles"}],"about":[{"href":"https:\/\/graziamagazine.com\/mx\/wp-json\/wp\/v2\/types\/articles"}],"author":[{"embeddable":true,"href":"https:\/\/graziamagazine.com\/mx\/wp-json\/wp\/v2\/users\/28953"}],"wp:featuredmedia":[{"embeddable":true,"href":"https:\/\/graziamagazine.com\/mx\/wp-json\/wp\/v2\/media\/147687"}],"wp:attachment":[{"href":"https:\/\/graziamagazine.com\/mx\/wp-json\/wp\/v2\/media?parent=147680"}],"wp:term":[{"taxonomy":"category","embeddable":true,"href":"https:\/\/graziamagazine.com\/mx\/wp-json\/wp\/v2\/categories?post=147680"}],"curies":[{"name":"wp","href":"https:\/\/api.w.org\/{rel}","templated":true}]}}