{"id":14767,"date":"2017-01-29T22:33:10","date_gmt":"2017-01-30T04:33:10","guid":{"rendered":"https:\/\/graziamagazine.com\/mx\/?p=14767"},"modified":"2017-01-29T22:38:54","modified_gmt":"2017-01-30T04:38:54","slug":"salma-hayek-chic-de-pies-a-cabeza","status":"publish","type":"articles","link":"https:\/\/graziamagazine.com\/mx\/articles\/salma-hayek-chic-de-pies-a-cabeza\/","title":{"rendered":"SALMA HAYEK: \u00a1CHIC DE PIES A CABEZA!"},"content":{"rendered":"<p><b>Nuestra editor-in-chief Toni Salamanca, te cuenta lo que la enamor\u00f3 del look de la mexicana para los SAG Awards.<\/b><\/p>\n<p><!--more--><\/p>\n<p>\u2013\u2013\u2013\u2013<\/p>\n<p>&nbsp;<\/p>\n<p style=\"text-align: right;\"><strong>Por Toni Salamanca<\/strong><\/p>\n<p>&nbsp;<\/p>\n<p>Amarillo y rosa pueden ser algo inusual, no si se trata de un Gucci, mucho menos si quien lo lleva es Salma Hayek. Este one shoulder largo con hol\u00e1n y una espectacular flor, se convierte en un imperdible que atrapa todas las miradas.<\/p>\n<p><span style=\"font-weight: 400;\">Largo, seda \u00a1que m\u00e1s podemos pedir! Amamos el cintur\u00f3n de terciopelo y el clutch en amarillo a juego. \u00bfLas joyas?Creaciones doradas\u00a0de Irene Neuwirth acompa\u00f1an este look a\u00a0tonos pastel.<\/span><\/p>\n<p><span style=\"font-weight: 400;\">Finalmente, el maquillaje fue s\u00faper natural y acorde con la suavidad del vestido. El pelo suelto ondulado tuvo la intenci\u00f3n de ir al lado contrario de la flor para no causar ning\u00fan conflicto. \u00a1Bravo!<\/span><\/p>\n<p>&nbsp;<\/p>\n<figure id=\"attachment_14771\" aria-describedby=\"caption-attachment-14771\" style=\"width: 610px\" class=\"wp-caption alignnone\"><img loading=\"lazy\" decoding=\"async\" class=\"wp-image-14771\" src=\"https:\/\/graziamagazine.com\/mx\/wp-content\/uploads\/sites\/13\/2017\/01\/shaycovaaa.jpg\" alt=\"Cr\u00e9dito: Getty Images.\" width=\"610\" height=\"874\" srcset=\"https:\/\/graziamagazine.com\/mx\/wp-content\/uploads\/sites\/13\/2017\/01\/shaycovaaa.jpg 886w, https:\/\/graziamagazine.com\/mx\/wp-content\/uploads\/sites\/13\/2017\/01\/shaycovaaa.jpg?resize=314,450 314w, https:\/\/graziamagazine.com\/mx\/wp-content\/uploads\/sites\/13\/2017\/01\/shaycovaaa.jpg?resize=768,1100 768w, https:\/\/graziamagazine.com\/mx\/wp-content\/uploads\/sites\/13\/2017\/01\/shaycovaaa.jpg?resize=715,1024 715w, https:\/\/graziamagazine.com\/mx\/wp-content\/uploads\/sites\/13\/2017\/01\/shaycovaaa.jpg?resize=150,215 150w\" sizes=\"(max-width: 610px) 100vw, 610px\" \/><figcaption id=\"caption-attachment-14771\" class=\"wp-caption-text\">Cr\u00e9dito: Getty Images.<\/figcaption><\/figure>\n<p>&nbsp;<\/p>\n<figure id=\"attachment_14774\" aria-describedby=\"caption-attachment-14774\" style=\"width: 610px\" class=\"wp-caption alignnone\"><img loading=\"lazy\" decoding=\"async\" class=\"wp-image-14774\" src=\"https:\/\/graziamagazine.com\/mx\/wp-content\/uploads\/sites\/13\/2017\/01\/GettyImages-633053526.jpg\" alt=\"Cr\u00e9dito: Getty Images.\" width=\"610\" height=\"915\" srcset=\"https:\/\/graziamagazine.com\/mx\/wp-content\/uploads\/sites\/13\/2017\/01\/GettyImages-633053526.jpg 886w, https:\/\/graziamagazine.com\/mx\/wp-content\/uploads\/sites\/13\/2017\/01\/GettyImages-633053526.jpg?resize=300,450 300w, https:\/\/graziamagazine.com\/mx\/wp-content\/uploads\/sites\/13\/2017\/01\/GettyImages-633053526.jpg?resize=768,1152 768w, https:\/\/graziamagazine.com\/mx\/wp-content\/uploads\/sites\/13\/2017\/01\/GettyImages-633053526.jpg?resize=683,1024 683w, https:\/\/graziamagazine.com\/mx\/wp-content\/uploads\/sites\/13\/2017\/01\/GettyImages-633053526.jpg?resize=143,215 143w\" sizes=\"(max-width: 610px) 100vw, 610px\" \/><figcaption id=\"caption-attachment-14774\" class=\"wp-caption-text\">Cr\u00e9dito: Getty Images.<\/figcaption><\/figure>\n","protected":false},"author":11636,"featured_media":14768,"template":"","format":"standard","categories":[2,4,10],"acf":[],"yoast_head":"<!-- This site is optimized with the Yoast SEO Premium plugin v18.5 (Yoast SEO v20.4) - https:\/\/yoast.com\/wordpress\/plugins\/seo\/ -->\n<title>SALMA HAYEK: \u00a1CHIC DE PIES A CABEZA! | Grazia M\u00e9xico y Latinoam\u00e9rica<\/title>\n<meta name=\"description\" content=\"Nuestra editor-in-chief Toni Salamanca, te cuenta lo que la enamor\u00f3 del look de la mexicana para los SAG Awards. \u2013\u2013\u2013\u2013 &nbsp; Por Toni Salamanca &nbsp;\" \/>\n<meta name=\"robots\" content=\"index, follow, max-snippet:-1, max-image-preview:large, max-video-preview:-1\" \/>\n<link rel=\"canonical\" href=\"https:\/\/graziamagazine.com\/mx\/articles\/salma-hayek-chic-de-pies-a-cabeza\/\" \/>\n<meta property=\"og:locale\" content=\"es_MX\" \/>\n<meta property=\"og:type\" content=\"article\" \/>\n<meta property=\"og:title\" content=\"SALMA HAYEK: \u00a1CHIC DE PIES A CABEZA!\" \/>\n<meta property=\"og:description\" content=\"Nuestra editor-in-chief Toni Salamanca, te cuenta lo que la enamor\u00f3 del look de la mexicana para los SAG Awards. \u2013\u2013\u2013\u2013 &nbsp; Por Toni Salamanca &nbsp;\" \/>\n<meta property=\"og:url\" content=\"https:\/\/graziamagazine.com\/mx\/articles\/salma-hayek-chic-de-pies-a-cabeza\/\" \/>\n<meta property=\"og:site_name\" content=\"Grazia M\u00e9xico y Latinoam\u00e9rica\" \/>\n<meta property=\"article:modified_time\" content=\"2017-01-30T04:38:54+00:00\" \/>\n<meta property=\"og:image\" content=\"https:\/\/graziamagazine.com\/mx\/wp-content\/uploads\/sites\/13\/2017\/01\/shaycov.jpg?fit=886%2C599\" \/>\n\t<meta property=\"og:image:width\" content=\"886\" \/>\n\t<meta property=\"og:image:height\" content=\"599\" \/>\n\t<meta property=\"og:image:type\" content=\"image\/jpeg\" \/>\n<meta name=\"twitter:card\" content=\"summary_large_image\" \/>\n<meta name=\"twitter:label1\" content=\"Est. reading time\" \/>\n\t<meta name=\"twitter:data1\" content=\"1 minuto\" \/>\n<script type=\"application\/ld+json\" class=\"yoast-schema-graph\">{\"@context\":\"https:\/\/schema.org\",\"@graph\":[{\"@type\":\"WebPage\",\"@id\":\"https:\/\/graziamagazine.com\/mx\/articles\/salma-hayek-chic-de-pies-a-cabeza\/\",\"url\":\"https:\/\/graziamagazine.com\/mx\/articles\/salma-hayek-chic-de-pies-a-cabeza\/\",\"name\":\"SALMA HAYEK: \u00a1CHIC DE PIES A CABEZA! | Grazia M\u00e9xico y Latinoam\u00e9rica\",\"isPartOf\":{\"@id\":\"https:\/\/graziamagazine.com\/mx\/#website\"},\"datePublished\":\"2017-01-30T04:33:10+00:00\",\"dateModified\":\"2017-01-30T04:38:54+00:00\",\"description\":\"Nuestra editor-in-chief Toni Salamanca, te cuenta lo que la enamor\u00f3 del look de la mexicana para los SAG Awards. \u2013\u2013\u2013\u2013 &nbsp; Por Toni Salamanca &nbsp;\",\"breadcrumb\":{\"@id\":\"https:\/\/graziamagazine.com\/mx\/articles\/salma-hayek-chic-de-pies-a-cabeza\/#breadcrumb\"},\"inLanguage\":\"es-MX\",\"potentialAction\":[{\"@type\":\"ReadAction\",\"target\":[\"https:\/\/graziamagazine.com\/mx\/articles\/salma-hayek-chic-de-pies-a-cabeza\/\"]}]},{\"@type\":\"BreadcrumbList\",\"@id\":\"https:\/\/graziamagazine.com\/mx\/articles\/salma-hayek-chic-de-pies-a-cabeza\/#breadcrumb\",\"itemListElement\":[{\"@type\":\"ListItem\",\"position\":1,\"name\":\"Home\",\"item\":\"https:\/\/graziamagazine.com\/mx\/\"},{\"@type\":\"ListItem\",\"position\":2,\"name\":\"SALMA HAYEK: \u00a1CHIC DE PIES A CABEZA!\"}]},{\"@type\":\"WebSite\",\"@id\":\"https:\/\/graziamagazine.com\/mx\/#website\",\"url\":\"https:\/\/graziamagazine.com\/mx\/\",\"name\":\"Grazia M\u00e9xico y Latinoam\u00e9rica\",\"description\":\"Grazia es moda, belleza y noticias  de actualidad \",\"potentialAction\":[{\"@type\":\"SearchAction\",\"target\":{\"@type\":\"EntryPoint\",\"urlTemplate\":\"https:\/\/graziamagazine.com\/mx\/?s={search_term_string}\"},\"query-input\":\"required name=search_term_string\"}],\"inLanguage\":\"es-MX\"}]}<\/script>\n<!-- \/ Yoast SEO Premium plugin. -->","yoast_head_json":{"title":"SALMA HAYEK: \u00a1CHIC DE PIES A CABEZA! | Grazia M\u00e9xico y Latinoam\u00e9rica","description":"Nuestra editor-in-chief Toni Salamanca, te cuenta lo que la enamor\u00f3 del look de la mexicana para los SAG Awards. \u2013\u2013\u2013\u2013 &nbsp; Por Toni Salamanca &nbsp;","robots":{"index":"index","follow":"follow","max-snippet":"max-snippet:-1","max-image-preview":"max-image-preview:large","max-video-preview":"max-video-preview:-1"},"canonical":"https:\/\/graziamagazine.com\/mx\/articles\/salma-hayek-chic-de-pies-a-cabeza\/","og_locale":"es_MX","og_type":"article","og_title":"SALMA HAYEK: \u00a1CHIC DE PIES A CABEZA!","og_description":"Nuestra editor-in-chief Toni Salamanca, te cuenta lo que la enamor\u00f3 del look de la mexicana para los SAG Awards. \u2013\u2013\u2013\u2013 &nbsp; Por Toni Salamanca &nbsp;","og_url":"https:\/\/graziamagazine.com\/mx\/articles\/salma-hayek-chic-de-pies-a-cabeza\/","og_site_name":"Grazia M\u00e9xico y Latinoam\u00e9rica","article_modified_time":"2017-01-30T04:38:54+00:00","og_image":[{"width":886,"height":599,"url":"https:\/\/graziamagazine.com\/mx\/wp-content\/uploads\/sites\/13\/2017\/01\/shaycov.jpg?fit=886%2C599","type":"image\/jpeg"}],"twitter_card":"summary_large_image","twitter_misc":{"Est. reading time":"1 minuto"},"schema":{"@context":"https:\/\/schema.org","@graph":[{"@type":"WebPage","@id":"https:\/\/graziamagazine.com\/mx\/articles\/salma-hayek-chic-de-pies-a-cabeza\/","url":"https:\/\/graziamagazine.com\/mx\/articles\/salma-hayek-chic-de-pies-a-cabeza\/","name":"SALMA HAYEK: \u00a1CHIC DE PIES A CABEZA! | Grazia M\u00e9xico y Latinoam\u00e9rica","isPartOf":{"@id":"https:\/\/graziamagazine.com\/mx\/#website"},"datePublished":"2017-01-30T04:33:10+00:00","dateModified":"2017-01-30T04:38:54+00:00","description":"Nuestra editor-in-chief Toni Salamanca, te cuenta lo que la enamor\u00f3 del look de la mexicana para los SAG Awards. \u2013\u2013\u2013\u2013 &nbsp; Por Toni Salamanca &nbsp;","breadcrumb":{"@id":"https:\/\/graziamagazine.com\/mx\/articles\/salma-hayek-chic-de-pies-a-cabeza\/#breadcrumb"},"inLanguage":"es-MX","potentialAction":[{"@type":"ReadAction","target":["https:\/\/graziamagazine.com\/mx\/articles\/salma-hayek-chic-de-pies-a-cabeza\/"]}]},{"@type":"BreadcrumbList","@id":"https:\/\/graziamagazine.com\/mx\/articles\/salma-hayek-chic-de-pies-a-cabeza\/#breadcrumb","itemListElement":[{"@type":"ListItem","position":1,"name":"Home","item":"https:\/\/graziamagazine.com\/mx\/"},{"@type":"ListItem","position":2,"name":"SALMA HAYEK: \u00a1CHIC DE PIES A CABEZA!"}]},{"@type":"WebSite","@id":"https:\/\/graziamagazine.com\/mx\/#website","url":"https:\/\/graziamagazine.com\/mx\/","name":"Grazia M\u00e9xico y Latinoam\u00e9rica","description":"Grazia es moda, belleza y noticias  de actualidad ","potentialAction":[{"@type":"SearchAction","target":{"@type":"EntryPoint","urlTemplate":"https:\/\/graziamagazine.com\/mx\/?s={search_term_string}"},"query-input":"required name=search_term_string"}],"inLanguage":"es-MX"}]}},"jetpack_sharing_enabled":true,"distributor_meta":false,"distributor_terms":false,"distributor_media":false,"distributor_original_site_name":"Grazia M\u00e9xico y Latinoam\u00e9rica","distributor_original_site_url":"https:\/\/graziamagazine.com\/mx","push-errors":false,"_links":{"self":[{"href":"https:\/\/graziamagazine.com\/mx\/wp-json\/wp\/v2\/articles\/14767"}],"collection":[{"href":"https:\/\/graziamagazine.com\/mx\/wp-json\/wp\/v2\/articles"}],"about":[{"href":"https:\/\/graziamagazine.com\/mx\/wp-json\/wp\/v2\/types\/articles"}],"author":[{"embeddable":true,"href":"https:\/\/graziamagazine.com\/mx\/wp-json\/wp\/v2\/users\/11636"}],"wp:featuredmedia":[{"embeddable":true,"href":"https:\/\/graziamagazine.com\/mx\/wp-json\/wp\/v2\/media\/14768"}],"wp:attachment":[{"href":"https:\/\/graziamagazine.com\/mx\/wp-json\/wp\/v2\/media?parent=14767"}],"wp:term":[{"taxonomy":"category","embeddable":true,"href":"https:\/\/graziamagazine.com\/mx\/wp-json\/wp\/v2\/categories?post=14767"}],"curies":[{"name":"wp","href":"https:\/\/api.w.org\/{rel}","templated":true}]}}