{"id":147662,"date":"2025-03-05T03:23:22","date_gmt":"2025-03-05T08:23:22","guid":{"rendered":"https:\/\/graziamagazine.com\/mx\/articles\/el-homenaje-de-dior-a-virginia-woolf-en-paris-fashion-week\/"},"modified":"2025-03-05T03:23:53","modified_gmt":"2025-03-05T08:23:53","slug":"el-homenaje-de-dior-a-virginia-woolf-en-paris-fashion-week","status":"publish","type":"articles","link":"https:\/\/graziamagazine.com\/mx\/articles\/el-homenaje-de-dior-a-virginia-woolf-en-paris-fashion-week\/","title":{"rendered":"El homenaje de Dior a Virginia Woolf en Paris Fashion Week"},"content":{"rendered":"<p>La <strong>Semana de la Moda de Par\u00eds<\/strong> ha comenzado con uno de los desfiles m\u00e1s esperados de la temporada: la colecci\u00f3n <strong>pr\u00eat-\u00e0-porter Oto\u00f1o-Invierno 2025 de Dior<\/strong>, presentada por <strong>Maria Grazia Chiuri<\/strong>. En esta ocasi\u00f3n, la directora creativa de la maison nos transporta a un universo en el que el pasado y el presente convergen a trav\u00e9s del lenguaje del <strong>Rococ\u00f3<\/strong>, reinterpretado con una mirada actual. <strong>Encajes, cors\u00e9s y volantes et\u00e9reos<\/strong> se entrelazan con referencias literarias y una puesta en escena que evoca un mundo en constante evoluci\u00f3n.<\/p>\n<p><img decoding=\"async\" src=\"https:\/\/e00-telva.uecdn.es\/assets\/multimedia\/imagenes\/2025\/03\/04\/17411019326669.jpg\" alt=\"Los vestidos vistos en el desfile de Dior.\" \/><\/p>\n<h3><strong>Un viaje entre la literatura y la moda<\/strong><\/h3>\n<p>Para esta colecci\u00f3n, <strong>Chiuri se inspir\u00f3 en la ic\u00f3nica obra <em>Orlando<\/em> (1928) de Virginia Woolf<\/strong>, explorando la fluidez de la identidad a trav\u00e9s de prendas que desaf\u00edan los l\u00edmites del g\u00e9nero. En este di\u00e1logo entre lo cl\u00e1sico y lo moderno, la <strong>camisa blanca<\/strong>, s\u00edmbolo de elegancia atemporal, se reinterpreta con ecos de <strong>Gianfranco Ferr\u00e9<\/strong>, rindiendo homenaje a su legado arquitect\u00f3nico dentro de Dior.<\/p>\n<p><img decoding=\"async\" src=\"https:\/\/e00-telva.uecdn.es\/assets\/multimedia\/imagenes\/2025\/03\/04\/17411017027188.jpg\" alt=\"Uno de los looks de Dior para el pr\u00f3ximo oto\u00f1o.\" \/><\/p>\n<p>Las <strong>siluetas estructuradas conviven con tejidos ligeros y et\u00e9reos<\/strong>, donde las <strong>transparencias y el terciopelo negro<\/strong> crean un contraste magn\u00e9tico. Cada look refleja una fusi\u00f3n entre el pasado y el presente, dejando claro que la feminidad es un concepto en constante evoluci\u00f3n.<\/p>\n<p><img decoding=\"async\" src=\"https:\/\/e00-telva.uecdn.es\/assets\/multimedia\/imagenes\/2025\/03\/04\/17411017751687.jpg\" alt=\"Desfile de Dior, oto\u00f1o invierno 2025-2026\" \/><\/p>\n<h3><strong>Cl\u00e1sicos con un toque urbano<\/strong><\/h3>\n<p>El desfile estuvo marcado por piezas que evocan el esplendor del siglo XVIII, pero con una reinterpretaci\u00f3n vanguardista. <strong>Blusas de cuellos altos y mangas amplias, cors\u00e9s troquelados y faldas con volumen estructurado<\/strong> se combinaron con elementos urbanos como <strong>botas altas de ca\u00f1a ajustada<\/strong> y <strong>chaquetas de cuero<\/strong>, otorgando un giro moderno y sofisticado a la propuesta.<\/p>\n<p><img decoding=\"async\" src=\"https:\/\/www.hola.com\/horizon\/portrait\/0459084ef53f-dior-f25-081.jpg\" alt=\"Dior Oto\u00f1o-Invierno 2025\" \/><\/p>\n<p>Las <strong>transparencias<\/strong> fueron una de las grandes protagonistas, con <strong>velos sutiles sobre prendas de encaje<\/strong>, mientras que camisetas estampadas con el ic\u00f3nico <strong>J\u2019adore Dior<\/strong> aportaron un gui\u00f1o <strong>streetwear<\/strong> a la colecci\u00f3n. La combinaci\u00f3n de materiales, texturas y estilos dio como resultado una est\u00e9tica en la que la historia y la contemporaneidad se entrelazan con maestr\u00eda.<\/p>\n<p><img decoding=\"async\" src=\"https:\/\/www.hola.com\/horizon\/original_aspect_ratio\/2cefd1fdd8ed-dior-f25-007.jpg\" alt=\"Dior Oto\u00f1o\/Invierno 2025-2026 \" \/><\/p>\n<h3><strong>Los colores clave: Elegancia atemporal con matices modernos<\/strong><\/h3>\n<p>La paleta crom\u00e1tica se bas\u00f3 en tonos neutros y sofisticados como el <strong>negro, el blanco y el nude<\/strong>, con pinceladas de <strong>azul, plata y dorado<\/strong> que a\u00f1adieron un aire et\u00e9reo y lujoso a la colecci\u00f3n.<\/p>\n<p><img decoding=\"async\" src=\"https:\/\/www.hola.com\/horizon\/portrait\/6d14d94e6df0-dior-f25-082.jpg\" alt=\"Dior oto\u00f1o-invierno 2025\" \/><\/p>\n<p>Los tonos oscuros dominaron abrigos y chaquetas, reforzando la imagen de <strong>una mujer fuerte y empoderada<\/strong>, mientras que los detalles met\u00e1licos aportaron un toque de opulencia sutil. <strong>Encajes blancos combinados con transparencias en negro<\/strong> generaron una est\u00e9tica teatral y enigm\u00e1tica que captur\u00f3 la esencia de la colecci\u00f3n.<\/p>\n<p><img decoding=\"async\" class=\"aligncenter\" src=\"https:\/\/www.hola.com\/horizon\/original_aspect_ratio\/bd03440fb448-dior-f25-015.jpg\" alt=\" Dior Oto\u00f1o\/Invierno 2025-2026 \" \/><\/p>\n<h3><strong>Las tendencias que marcar\u00e1n el Oto\u00f1o-Invierno 2025 seg\u00fan Dior<\/strong><\/h3>\n<p>Dior apost\u00f3 por piezas clave que marcar\u00e1n la temporada, fusionando el <strong>romanticismo del Rococ\u00f3 con la est\u00e9tica victoriana<\/strong>. Los <strong>cors\u00e9s estructurados<\/strong> y las <strong>faldas fluidas<\/strong> convivieron con <strong>pantalones de cuero<\/strong>, logrando una combinaci\u00f3n de tradici\u00f3n y modernidad.<\/p>\n<p>Las <strong>blusas con bordados y volantes<\/strong> aportaron un aire refinado y buc\u00f3lico, mientras que los <strong>abrigos oversized con detalles de lujo<\/strong> reflejaron la importancia de la sastrer\u00eda en esta colecci\u00f3n.<\/p>\n<p><img decoding=\"async\" class=\"aligncenter\" src=\"https:\/\/www.hola.com\/horizon\/original_aspect_ratio\/1a69feb57a28-dior-f25-009.jpg\" alt=\"Dior Oto\u00f1o\/Invierno 2025-2026 \" \/><\/p>\n<p>Las <strong>botas altas negras<\/strong>, un imprescindible de la temporada, aportaron dramatismo y sofisticaci\u00f3n a cada look. Por otro lado, las <strong>transparencias en velos y tejidos ligeros<\/strong> evocaron una feminidad sensual pero sutil, en una oda a la belleza et\u00e9rea.<\/p>\n<p><img decoding=\"async\" src=\"https:\/\/e00-telva.uecdn.es\/assets\/multimedia\/imagenes\/2025\/03\/04\/17411018981849.jpg\" alt=\"Uno de los vestidos de noche de Dior.\" \/><\/p>\n<p>Cada pieza de la colecci\u00f3n parec\u00eda sacada de una pintura de \u00e9poca, pero reinterpretada con una est\u00e9tica contempor\u00e1nea que la hace completamente actual. Esta capacidad de combinar historia y vanguardia es una de las grandes fortalezas de <strong>Maria Grazia Chiuri<\/strong>, y una vez m\u00e1s, ha demostrado por qu\u00e9 su visi\u00f3n sigue marcando el rumbo de la moda.<\/p>\n<p>Una colecci\u00f3n que reinterpreta la feminidad con un enfoque actual, empoderado donde la elegancia cl\u00e1sica se mezcla con la vanguardia contempor\u00e1nea.<\/p>\n<p><em>*Im\u00e1genes: cortes\u00eda<\/em><\/p>\n","protected":false},"author":11653,"featured_media":147663,"template":"","format":"standard","categories":[4],"acf":[],"yoast_head":"<!-- This site is optimized with the Yoast SEO Premium plugin v18.5 (Yoast SEO v20.4) - https:\/\/yoast.com\/wordpress\/plugins\/seo\/ -->\n<title>El homenaje de Dior a Virginia Woolf en Paris Fashion Week<\/title>\n<meta name=\"description\" content=\"Inspirada en &#039;Orlando&#039;, de Virginia Woolf, la colecci\u00f3n que fluye m\u00e1s all\u00e1 del g\u00e9nero en un di\u00e1logo entre lo cl\u00e1sico y lo moderno.\" \/>\n<meta name=\"robots\" content=\"index, follow, max-snippet:-1, max-image-preview:large, max-video-preview:-1\" \/>\n<link rel=\"canonical\" href=\"https:\/\/graziamagazine.com\/mx\/articles\/el-homenaje-de-dior-a-virginia-woolf-en-paris-fashion-week\/\" \/>\n<meta property=\"og:locale\" content=\"es_MX\" \/>\n<meta property=\"og:type\" content=\"article\" \/>\n<meta property=\"og:title\" content=\"El homenaje de Dior a Virginia Woolf en Paris Fashion Week\" \/>\n<meta property=\"og:description\" content=\"Inspirada en &#039;Orlando&#039;, de Virginia Woolf, la colecci\u00f3n que fluye m\u00e1s all\u00e1 del g\u00e9nero en un di\u00e1logo entre lo cl\u00e1sico y lo moderno.\" \/>\n<meta property=\"og:url\" content=\"https:\/\/graziamagazine.com\/mx\/articles\/el-homenaje-de-dior-a-virginia-woolf-en-paris-fashion-week\/\" \/>\n<meta property=\"og:site_name\" content=\"Grazia M\u00e9xico y Latinoam\u00e9rica\" \/>\n<meta property=\"article:modified_time\" content=\"2025-03-05T08:23:53+00:00\" \/>\n<meta property=\"og:image\" content=\"https:\/\/graziamagazine.com\/mx\/wp-content\/uploads\/sites\/13\/2025\/03\/17411016096790-copia.jpg\" \/>\n\t<meta property=\"og:image:width\" content=\"1280\" \/>\n\t<meta property=\"og:image:height\" content=\"853\" \/>\n\t<meta property=\"og:image:type\" content=\"image\/jpeg\" \/>\n<meta name=\"twitter:card\" content=\"summary_large_image\" \/>\n<meta name=\"twitter:label1\" content=\"Est. reading time\" \/>\n\t<meta name=\"twitter:data1\" content=\"5 minutos\" \/>\n<script type=\"application\/ld+json\" class=\"yoast-schema-graph\">{\"@context\":\"https:\/\/schema.org\",\"@graph\":[{\"@type\":\"WebPage\",\"@id\":\"https:\/\/graziamagazine.com\/mx\/articles\/el-homenaje-de-dior-a-virginia-woolf-en-paris-fashion-week\/\",\"url\":\"https:\/\/graziamagazine.com\/mx\/articles\/el-homenaje-de-dior-a-virginia-woolf-en-paris-fashion-week\/\",\"name\":\"El homenaje de Dior a Virginia Woolf en Paris Fashion Week\",\"isPartOf\":{\"@id\":\"https:\/\/graziamagazine.com\/mx\/#website\"},\"datePublished\":\"2025-03-05T08:23:22+00:00\",\"dateModified\":\"2025-03-05T08:23:53+00:00\",\"description\":\"Inspirada en 'Orlando', de Virginia Woolf, la colecci\u00f3n que fluye m\u00e1s all\u00e1 del g\u00e9nero en un di\u00e1logo entre lo cl\u00e1sico y lo moderno.\",\"breadcrumb\":{\"@id\":\"https:\/\/graziamagazine.com\/mx\/articles\/el-homenaje-de-dior-a-virginia-woolf-en-paris-fashion-week\/#breadcrumb\"},\"inLanguage\":\"es-MX\",\"potentialAction\":[{\"@type\":\"ReadAction\",\"target\":[\"https:\/\/graziamagazine.com\/mx\/articles\/el-homenaje-de-dior-a-virginia-woolf-en-paris-fashion-week\/\"]}]},{\"@type\":\"BreadcrumbList\",\"@id\":\"https:\/\/graziamagazine.com\/mx\/articles\/el-homenaje-de-dior-a-virginia-woolf-en-paris-fashion-week\/#breadcrumb\",\"itemListElement\":[{\"@type\":\"ListItem\",\"position\":1,\"name\":\"Home\",\"item\":\"https:\/\/graziamagazine.com\/mx\/\"},{\"@type\":\"ListItem\",\"position\":2,\"name\":\"El homenaje de Dior a Virginia Woolf en Paris Fashion Week\"}]},{\"@type\":\"WebSite\",\"@id\":\"https:\/\/graziamagazine.com\/mx\/#website\",\"url\":\"https:\/\/graziamagazine.com\/mx\/\",\"name\":\"Grazia M\u00e9xico y Latinoam\u00e9rica\",\"description\":\"Grazia es moda, belleza y noticias  de actualidad \",\"potentialAction\":[{\"@type\":\"SearchAction\",\"target\":{\"@type\":\"EntryPoint\",\"urlTemplate\":\"https:\/\/graziamagazine.com\/mx\/?s={search_term_string}\"},\"query-input\":\"required name=search_term_string\"}],\"inLanguage\":\"es-MX\"}]}<\/script>\n<!-- \/ Yoast SEO Premium plugin. -->","yoast_head_json":{"title":"El homenaje de Dior a Virginia Woolf en Paris Fashion Week","description":"Inspirada en 'Orlando', de Virginia Woolf, la colecci\u00f3n que fluye m\u00e1s all\u00e1 del g\u00e9nero en un di\u00e1logo entre lo cl\u00e1sico y lo moderno.","robots":{"index":"index","follow":"follow","max-snippet":"max-snippet:-1","max-image-preview":"max-image-preview:large","max-video-preview":"max-video-preview:-1"},"canonical":"https:\/\/graziamagazine.com\/mx\/articles\/el-homenaje-de-dior-a-virginia-woolf-en-paris-fashion-week\/","og_locale":"es_MX","og_type":"article","og_title":"El homenaje de Dior a Virginia Woolf en Paris Fashion Week","og_description":"Inspirada en 'Orlando', de Virginia Woolf, la colecci\u00f3n que fluye m\u00e1s all\u00e1 del g\u00e9nero en un di\u00e1logo entre lo cl\u00e1sico y lo moderno.","og_url":"https:\/\/graziamagazine.com\/mx\/articles\/el-homenaje-de-dior-a-virginia-woolf-en-paris-fashion-week\/","og_site_name":"Grazia M\u00e9xico y Latinoam\u00e9rica","article_modified_time":"2025-03-05T08:23:53+00:00","og_image":[{"width":1280,"height":853,"url":"https:\/\/graziamagazine.com\/mx\/wp-content\/uploads\/sites\/13\/2025\/03\/17411016096790-copia.jpg","type":"image\/jpeg"}],"twitter_card":"summary_large_image","twitter_misc":{"Est. reading time":"5 minutos"},"schema":{"@context":"https:\/\/schema.org","@graph":[{"@type":"WebPage","@id":"https:\/\/graziamagazine.com\/mx\/articles\/el-homenaje-de-dior-a-virginia-woolf-en-paris-fashion-week\/","url":"https:\/\/graziamagazine.com\/mx\/articles\/el-homenaje-de-dior-a-virginia-woolf-en-paris-fashion-week\/","name":"El homenaje de Dior a Virginia Woolf en Paris Fashion Week","isPartOf":{"@id":"https:\/\/graziamagazine.com\/mx\/#website"},"datePublished":"2025-03-05T08:23:22+00:00","dateModified":"2025-03-05T08:23:53+00:00","description":"Inspirada en 'Orlando', de Virginia Woolf, la colecci\u00f3n que fluye m\u00e1s all\u00e1 del g\u00e9nero en un di\u00e1logo entre lo cl\u00e1sico y lo moderno.","breadcrumb":{"@id":"https:\/\/graziamagazine.com\/mx\/articles\/el-homenaje-de-dior-a-virginia-woolf-en-paris-fashion-week\/#breadcrumb"},"inLanguage":"es-MX","potentialAction":[{"@type":"ReadAction","target":["https:\/\/graziamagazine.com\/mx\/articles\/el-homenaje-de-dior-a-virginia-woolf-en-paris-fashion-week\/"]}]},{"@type":"BreadcrumbList","@id":"https:\/\/graziamagazine.com\/mx\/articles\/el-homenaje-de-dior-a-virginia-woolf-en-paris-fashion-week\/#breadcrumb","itemListElement":[{"@type":"ListItem","position":1,"name":"Home","item":"https:\/\/graziamagazine.com\/mx\/"},{"@type":"ListItem","position":2,"name":"El homenaje de Dior a Virginia Woolf en Paris Fashion Week"}]},{"@type":"WebSite","@id":"https:\/\/graziamagazine.com\/mx\/#website","url":"https:\/\/graziamagazine.com\/mx\/","name":"Grazia M\u00e9xico y Latinoam\u00e9rica","description":"Grazia es moda, belleza y noticias  de actualidad ","potentialAction":[{"@type":"SearchAction","target":{"@type":"EntryPoint","urlTemplate":"https:\/\/graziamagazine.com\/mx\/?s={search_term_string}"},"query-input":"required name=search_term_string"}],"inLanguage":"es-MX"}]}},"jetpack_sharing_enabled":true,"distributor_meta":false,"distributor_terms":false,"distributor_media":false,"distributor_original_site_name":"Grazia M\u00e9xico y Latinoam\u00e9rica","distributor_original_site_url":"https:\/\/graziamagazine.com\/mx","push-errors":false,"_links":{"self":[{"href":"https:\/\/graziamagazine.com\/mx\/wp-json\/wp\/v2\/articles\/147662"}],"collection":[{"href":"https:\/\/graziamagazine.com\/mx\/wp-json\/wp\/v2\/articles"}],"about":[{"href":"https:\/\/graziamagazine.com\/mx\/wp-json\/wp\/v2\/types\/articles"}],"author":[{"embeddable":true,"href":"https:\/\/graziamagazine.com\/mx\/wp-json\/wp\/v2\/users\/11653"}],"wp:featuredmedia":[{"embeddable":true,"href":"https:\/\/graziamagazine.com\/mx\/wp-json\/wp\/v2\/media\/147663"}],"wp:attachment":[{"href":"https:\/\/graziamagazine.com\/mx\/wp-json\/wp\/v2\/media?parent=147662"}],"wp:term":[{"taxonomy":"category","embeddable":true,"href":"https:\/\/graziamagazine.com\/mx\/wp-json\/wp\/v2\/categories?post=147662"}],"curies":[{"name":"wp","href":"https:\/\/api.w.org\/{rel}","templated":true}]}}