{"id":147646,"date":"2025-03-04T14:08:08","date_gmt":"2025-03-04T19:08:08","guid":{"rendered":"https:\/\/graziamagazine.com\/mx\/?post_type=articles&#038;p=147646"},"modified":"2025-03-04T14:11:59","modified_gmt":"2025-03-04T19:11:59","slug":"asi-festejo-meghan-markle-el-estreno-de-su-nueva-serie-en-netflix","status":"publish","type":"articles","link":"https:\/\/graziamagazine.com\/mx\/articles\/asi-festejo-meghan-markle-el-estreno-de-su-nueva-serie-en-netflix\/","title":{"rendered":"As\u00ed festej\u00f3 Meghan Markle el estreno de su nueva serie en Netflix"},"content":{"rendered":"<p><span style=\"font-weight: 400\"><strong>Meghan Markle<\/strong> volvi\u00f3 a sorprendernos, esta vez con el estreno de su nueva serie en <strong>Netflix, <em>With Love, Meghan<\/em><\/strong><em>.<\/em> La duquesa de Sussex contin\u00faa con sus producciones en el mundo del entretenimiento, demostrando su cercan\u00eda y gratitud hacia sus seguidores.<\/span><\/p>\n<p><span style=\"font-weight: 400\">La noche del lunes 3 de marzo, Meghan sorprendi\u00f3 a un grupo de fans en la Ludlow House, un club de Soho House en el Lower East Side de Nueva York. Estos seguidores la han acompa\u00f1ado desde sus d\u00edas como autora del blog de estilo de vida <strong>&#8220;The Tig&#8221;.<\/strong>\u00a0<\/span><\/p>\n        <blockquote class=\"instagram-media \" style=\"background: #ffffff;border: 0;margin: 1px;width: 100%;padding: 0;\"  data-instgrm-permalink=\"https:\/\/www.instagram.com\/p\/DGD0IQdJzpl\/\" data-instgrm-version=\"14\"><\/blockquote>\n<p><span style=\"font-weight: 400\">Sin previo aviso, la duquesa ingres\u00f3 a la sala donde se proyectaba su serie en la que se encontraban sus admiradores, dejando a todos incr\u00e9dulos.\u00a0<\/span><\/p>\n<p><span style=\"font-weight: 400\">La serie, compuesta por ocho episodios de aproximadamente 33 minutos cada uno, nos invita a explorar las pasiones de Meghan por la cocina, la jardiner\u00eda y la hospitalidad. A lo largo de la serie, comparte consejos pr\u00e1cticos y accesibles, alineados con la filosof\u00eda de &#8220;recetas f\u00e1ciles y saludables&#8221; y &#8220;h\u00e1bitos saludables&#8221; y \u201ctips de nutrici\u00f3n\u201d.<\/span><\/p>\n        <blockquote class=\"instagram-media \" style=\"background: #ffffff;border: 0;margin: 1px;width: 100%;padding: 0;\"  data-instgrm-permalink=\"https:\/\/www.instagram.com\/p\/DGjj0kFpd7h\/\" data-instgrm-version=\"14\"><\/blockquote>\n<p><span style=\"font-weight: 400\">Adem\u00e1s, cuenta con la participaci\u00f3n de amigos y celebridades de moda, lo que enriquece cada episodio con conversaciones sinceras y momentos memorables.\u00a0<\/span><\/p>\n<p><span style=\"font-weight: 400\">Asimismo, durante la proyecci\u00f3n en Nueva York, algunas fans mostraron a Meghan sus tatuajes temporales con la frase &#8220;<strong>As ever<\/strong>&#8220;, nombre de su nueva marca de estilo de vida.<\/span><\/p>\n<p><span style=\"font-weight: 400\">La familia de Meghan tambi\u00e9n estuvo presente en esp\u00edritu durante el evento. La duquesa comparti\u00f3 una imagen de un ramo de flores y una tarjeta escrita a mano por el <strong>pr\u00edncipe Harry y sus hijos, Archie y Lilibet.<\/strong> El mensaje dec\u00eda: &#8220;\u00a1Felicidades mam\u00e1! \u00a1Amamos tu programa y te amamos a ti!&#8221;, firmado por &#8220;Lili, Archie y pap\u00e1&#8221;.\u00a0<\/span><\/p>\n<p><span style=\"font-weight: 400\">Este gesto familiar refleja el estilo de vida para mujeres que Meghan promueve: equilibrar la vida profesional con el amor y el apoyo de la familia. En otras palabras, <em>With Love, Meghan<\/em> es una extensi\u00f3n de su visi\u00f3n sobre la vida, la nutrici\u00f3n y el bienestar.\u00a0<\/span><\/p>\n","protected":false},"author":11628,"featured_media":147647,"template":"","format":"standard","categories":[2,12832,12655],"acf":[],"yoast_head":"<!-- This site is optimized with the Yoast SEO Premium plugin v18.5 (Yoast SEO v20.4) - https:\/\/yoast.com\/wordpress\/plugins\/seo\/ -->\n<title>As\u00ed festej\u00f3 Meghan Markle el estreno de su nueva serie en Netflix<\/title>\n<meta name=\"description\" content=\"Meghan Markle sorprendi\u00f3 a sus fans en Nueva York durante el estreno de su serie &quot;With Love, Meghan&quot; en Netflix, compartiendo consejos de estilo de vida y momentos \u00edntimos.\" \/>\n<meta name=\"robots\" content=\"index, follow, max-snippet:-1, max-image-preview:large, max-video-preview:-1\" \/>\n<link rel=\"canonical\" href=\"https:\/\/graziamagazine.com\/mx\/articles\/asi-festejo-meghan-markle-el-estreno-de-su-nueva-serie-en-netflix\/\" \/>\n<meta property=\"og:locale\" content=\"es_MX\" \/>\n<meta property=\"og:type\" content=\"article\" \/>\n<meta property=\"og:title\" content=\"As\u00ed festej\u00f3 Meghan Markle el estreno de su nueva serie en Netflix\" \/>\n<meta property=\"og:description\" content=\"Meghan Markle sorprendi\u00f3 a sus fans en Nueva York durante el estreno de su serie &quot;With Love, Meghan&quot; en Netflix, compartiendo consejos de estilo de vida y momentos \u00edntimos.\" \/>\n<meta property=\"og:url\" content=\"https:\/\/graziamagazine.com\/mx\/articles\/asi-festejo-meghan-markle-el-estreno-de-su-nueva-serie-en-netflix\/\" \/>\n<meta property=\"og:site_name\" content=\"Grazia M\u00e9xico y Latinoam\u00e9rica\" \/>\n<meta property=\"article:modified_time\" content=\"2025-03-04T19:11:59+00:00\" \/>\n<meta property=\"og:image\" content=\"https:\/\/graziamagazine.com\/mx\/wp-content\/uploads\/sites\/13\/2025\/03\/meghan-markle.jpg\" \/>\n\t<meta property=\"og:image:width\" content=\"905\" \/>\n\t<meta property=\"og:image:height\" content=\"440\" \/>\n\t<meta property=\"og:image:type\" content=\"image\/jpeg\" \/>\n<meta name=\"twitter:card\" content=\"summary_large_image\" \/>\n<meta name=\"twitter:label1\" content=\"Est. reading time\" \/>\n\t<meta name=\"twitter:data1\" content=\"2 minutos\" \/>\n<script type=\"application\/ld+json\" class=\"yoast-schema-graph\">{\"@context\":\"https:\/\/schema.org\",\"@graph\":[{\"@type\":\"WebPage\",\"@id\":\"https:\/\/graziamagazine.com\/mx\/articles\/asi-festejo-meghan-markle-el-estreno-de-su-nueva-serie-en-netflix\/\",\"url\":\"https:\/\/graziamagazine.com\/mx\/articles\/asi-festejo-meghan-markle-el-estreno-de-su-nueva-serie-en-netflix\/\",\"name\":\"As\u00ed festej\u00f3 Meghan Markle el estreno de su nueva serie en Netflix\",\"isPartOf\":{\"@id\":\"https:\/\/graziamagazine.com\/mx\/#website\"},\"datePublished\":\"2025-03-04T19:08:08+00:00\",\"dateModified\":\"2025-03-04T19:11:59+00:00\",\"description\":\"Meghan Markle sorprendi\u00f3 a sus fans en Nueva York durante el estreno de su serie \\\"With Love, Meghan\\\" en Netflix, compartiendo consejos de estilo de vida y momentos \u00edntimos.\",\"breadcrumb\":{\"@id\":\"https:\/\/graziamagazine.com\/mx\/articles\/asi-festejo-meghan-markle-el-estreno-de-su-nueva-serie-en-netflix\/#breadcrumb\"},\"inLanguage\":\"es-MX\",\"potentialAction\":[{\"@type\":\"ReadAction\",\"target\":[\"https:\/\/graziamagazine.com\/mx\/articles\/asi-festejo-meghan-markle-el-estreno-de-su-nueva-serie-en-netflix\/\"]}]},{\"@type\":\"BreadcrumbList\",\"@id\":\"https:\/\/graziamagazine.com\/mx\/articles\/asi-festejo-meghan-markle-el-estreno-de-su-nueva-serie-en-netflix\/#breadcrumb\",\"itemListElement\":[{\"@type\":\"ListItem\",\"position\":1,\"name\":\"Home\",\"item\":\"https:\/\/graziamagazine.com\/mx\/\"},{\"@type\":\"ListItem\",\"position\":2,\"name\":\"As\u00ed festej\u00f3 Meghan Markle el estreno de su nueva serie en Netflix\"}]},{\"@type\":\"WebSite\",\"@id\":\"https:\/\/graziamagazine.com\/mx\/#website\",\"url\":\"https:\/\/graziamagazine.com\/mx\/\",\"name\":\"Grazia M\u00e9xico y Latinoam\u00e9rica\",\"description\":\"Grazia es moda, belleza y noticias  de actualidad \",\"potentialAction\":[{\"@type\":\"SearchAction\",\"target\":{\"@type\":\"EntryPoint\",\"urlTemplate\":\"https:\/\/graziamagazine.com\/mx\/?s={search_term_string}\"},\"query-input\":\"required name=search_term_string\"}],\"inLanguage\":\"es-MX\"}]}<\/script>\n<!-- \/ Yoast SEO Premium plugin. -->","yoast_head_json":{"title":"As\u00ed festej\u00f3 Meghan Markle el estreno de su nueva serie en Netflix","description":"Meghan Markle sorprendi\u00f3 a sus fans en Nueva York durante el estreno de su serie \"With Love, Meghan\" en Netflix, compartiendo consejos de estilo de vida y momentos \u00edntimos.","robots":{"index":"index","follow":"follow","max-snippet":"max-snippet:-1","max-image-preview":"max-image-preview:large","max-video-preview":"max-video-preview:-1"},"canonical":"https:\/\/graziamagazine.com\/mx\/articles\/asi-festejo-meghan-markle-el-estreno-de-su-nueva-serie-en-netflix\/","og_locale":"es_MX","og_type":"article","og_title":"As\u00ed festej\u00f3 Meghan Markle el estreno de su nueva serie en Netflix","og_description":"Meghan Markle sorprendi\u00f3 a sus fans en Nueva York durante el estreno de su serie \"With Love, Meghan\" en Netflix, compartiendo consejos de estilo de vida y momentos \u00edntimos.","og_url":"https:\/\/graziamagazine.com\/mx\/articles\/asi-festejo-meghan-markle-el-estreno-de-su-nueva-serie-en-netflix\/","og_site_name":"Grazia M\u00e9xico y Latinoam\u00e9rica","article_modified_time":"2025-03-04T19:11:59+00:00","og_image":[{"width":905,"height":440,"url":"https:\/\/graziamagazine.com\/mx\/wp-content\/uploads\/sites\/13\/2025\/03\/meghan-markle.jpg","type":"image\/jpeg"}],"twitter_card":"summary_large_image","twitter_misc":{"Est. reading time":"2 minutos"},"schema":{"@context":"https:\/\/schema.org","@graph":[{"@type":"WebPage","@id":"https:\/\/graziamagazine.com\/mx\/articles\/asi-festejo-meghan-markle-el-estreno-de-su-nueva-serie-en-netflix\/","url":"https:\/\/graziamagazine.com\/mx\/articles\/asi-festejo-meghan-markle-el-estreno-de-su-nueva-serie-en-netflix\/","name":"As\u00ed festej\u00f3 Meghan Markle el estreno de su nueva serie en Netflix","isPartOf":{"@id":"https:\/\/graziamagazine.com\/mx\/#website"},"datePublished":"2025-03-04T19:08:08+00:00","dateModified":"2025-03-04T19:11:59+00:00","description":"Meghan Markle sorprendi\u00f3 a sus fans en Nueva York durante el estreno de su serie \"With Love, Meghan\" en Netflix, compartiendo consejos de estilo de vida y momentos \u00edntimos.","breadcrumb":{"@id":"https:\/\/graziamagazine.com\/mx\/articles\/asi-festejo-meghan-markle-el-estreno-de-su-nueva-serie-en-netflix\/#breadcrumb"},"inLanguage":"es-MX","potentialAction":[{"@type":"ReadAction","target":["https:\/\/graziamagazine.com\/mx\/articles\/asi-festejo-meghan-markle-el-estreno-de-su-nueva-serie-en-netflix\/"]}]},{"@type":"BreadcrumbList","@id":"https:\/\/graziamagazine.com\/mx\/articles\/asi-festejo-meghan-markle-el-estreno-de-su-nueva-serie-en-netflix\/#breadcrumb","itemListElement":[{"@type":"ListItem","position":1,"name":"Home","item":"https:\/\/graziamagazine.com\/mx\/"},{"@type":"ListItem","position":2,"name":"As\u00ed festej\u00f3 Meghan Markle el estreno de su nueva serie en Netflix"}]},{"@type":"WebSite","@id":"https:\/\/graziamagazine.com\/mx\/#website","url":"https:\/\/graziamagazine.com\/mx\/","name":"Grazia M\u00e9xico y Latinoam\u00e9rica","description":"Grazia es moda, belleza y noticias  de actualidad ","potentialAction":[{"@type":"SearchAction","target":{"@type":"EntryPoint","urlTemplate":"https:\/\/graziamagazine.com\/mx\/?s={search_term_string}"},"query-input":"required name=search_term_string"}],"inLanguage":"es-MX"}]}},"jetpack_sharing_enabled":true,"distributor_meta":false,"distributor_terms":false,"distributor_media":false,"distributor_original_site_name":"Grazia M\u00e9xico y Latinoam\u00e9rica","distributor_original_site_url":"https:\/\/graziamagazine.com\/mx","push-errors":false,"_links":{"self":[{"href":"https:\/\/graziamagazine.com\/mx\/wp-json\/wp\/v2\/articles\/147646"}],"collection":[{"href":"https:\/\/graziamagazine.com\/mx\/wp-json\/wp\/v2\/articles"}],"about":[{"href":"https:\/\/graziamagazine.com\/mx\/wp-json\/wp\/v2\/types\/articles"}],"author":[{"embeddable":true,"href":"https:\/\/graziamagazine.com\/mx\/wp-json\/wp\/v2\/users\/11628"}],"wp:featuredmedia":[{"embeddable":true,"href":"https:\/\/graziamagazine.com\/mx\/wp-json\/wp\/v2\/media\/147647"}],"wp:attachment":[{"href":"https:\/\/graziamagazine.com\/mx\/wp-json\/wp\/v2\/media?parent=147646"}],"wp:term":[{"taxonomy":"category","embeddable":true,"href":"https:\/\/graziamagazine.com\/mx\/wp-json\/wp\/v2\/categories?post=147646"}],"curies":[{"name":"wp","href":"https:\/\/api.w.org\/{rel}","templated":true}]}}