{"id":147595,"date":"2025-03-03T19:03:31","date_gmt":"2025-03-04T00:03:31","guid":{"rendered":"https:\/\/graziamagazine.com\/mx\/?post_type=articles&#038;p=147595"},"modified":"2025-03-03T23:06:03","modified_gmt":"2025-03-04T04:06:03","slug":"relacion-entre-yves-saint-laurent-emilia-perez","status":"publish","type":"articles","link":"https:\/\/graziamagazine.com\/mx\/articles\/relacion-entre-yves-saint-laurent-emilia-perez\/","title":{"rendered":"Esta es la relaci\u00f3n entre Yves Saint Laurent y Emilia P\u00e9rez"},"content":{"rendered":"<p><strong>Yves Saint Laurent<\/strong> y la pel\u00edcula m\u00e1s nominada de la 97 edici\u00f3n de los Premios Oscar, Emilia P\u00e9rez, tienen algo en com\u00fan y es que su director creativo <strong>Anthony Vaccarello<\/strong>, es el coproductor como dise\u00f1ador del proyecto.<\/p>\n<p>&#8220;Este reconocimiento subraya la creciente <strong>influencia de la moda<\/strong> en el mundo del cine y la producci\u00f3n&#8221;, seg\u00fan un comunicado oficial de la marca.<\/p>\n<p>Emilia P\u00e9rez es una pel\u00edcula musical dirigida por Jacques Audiard, que fue protagonizada por <strong>Karla Sof\u00eda Gasc\u00f3n, Zoe Saldana, Selena G\u00f3mez <\/strong>y<strong> Edgar Ram\u00edrez.<\/strong><\/p>\n<figure id=\"attachment_147599\" aria-describedby=\"caption-attachment-147599\" style=\"width: 1290px\" class=\"wp-caption alignnone\"><img loading=\"lazy\" decoding=\"async\" class=\"wp-image-147599 size-full\" src=\"https:\/\/graziamagazine.com\/mx\/wp-content\/uploads\/sites\/13\/2025\/03\/WhatsApp-Image-2025-03-03-at-6.05.54-PM.jpeg\" alt=\"\" width=\"1290\" height=\"909\" srcset=\"https:\/\/graziamagazine.com\/mx\/wp-content\/uploads\/sites\/13\/2025\/03\/WhatsApp-Image-2025-03-03-at-6.05.54-PM.jpeg 1290w, https:\/\/graziamagazine.com\/mx\/wp-content\/uploads\/sites\/13\/2025\/03\/WhatsApp-Image-2025-03-03-at-6.05.54-PM-450x317.jpeg 450w, https:\/\/graziamagazine.com\/mx\/wp-content\/uploads\/sites\/13\/2025\/03\/WhatsApp-Image-2025-03-03-at-6.05.54-PM-1024x722.jpeg 1024w, https:\/\/graziamagazine.com\/mx\/wp-content\/uploads\/sites\/13\/2025\/03\/WhatsApp-Image-2025-03-03-at-6.05.54-PM-768x541.jpeg 768w, https:\/\/graziamagazine.com\/mx\/wp-content\/uploads\/sites\/13\/2025\/03\/WhatsApp-Image-2025-03-03-at-6.05.54-PM-400x282.jpeg 400w, https:\/\/graziamagazine.com\/mx\/wp-content\/uploads\/sites\/13\/2025\/03\/WhatsApp-Image-2025-03-03-at-6.05.54-PM-155x109.jpeg 155w\" sizes=\"(max-width: 1290px) 100vw, 1290px\" \/><figcaption id=\"caption-attachment-147599\" class=\"wp-caption-text\">Escenas de Emilia P\u00e9rez \/ Instagram @Netflix<\/figcaption><\/figure>\n<p>Yves Saint Laurent particip\u00f3 en el proyecto por medio <strong>de Saint Laurent Productions<\/strong>, la primera productora cinematogr\u00e1fica lanzada por una casa de moda, adem\u00e1s de <strong>Why Not Productions, Page 114, Path\u00e9 <\/strong>y<strong> France 2 Cinema<\/strong>.<\/p>\n<p>\u201cEn 10 o 30 a\u00f1os se podr\u00e1 seguir viendo una pel\u00edcula si es buena. En cierto modo, <strong>hacer una pel\u00edcula puede tener m\u00e1s impacto que una colecci\u00f3n de temporada<\/strong>. Para m\u00ed es una extensi\u00f3n natural a otro campo de la creatividad que quiz\u00e1 sea m\u00e1s general y popular\u201d, declar\u00f3 Anthony cuando se dio a conocer la noticia en <em>Variety<\/em>.<\/p>\n<p>Adem\u00e1s, Anthony prepar\u00f3 un libro alusivo a la pel\u00edcula que se puede comprar en su sitio web.<\/p>\n<p>\u201cComo parte del papel de Saint Laurent Productions en la realizaci\u00f3n de Emilia P\u00e9rez de Jacques Audiard, Anthony Vaccarello quiso explorar m\u00e1s a fondo el universo de la pel\u00edcula creando un objeto \u00fanico: <strong>un libro de arte en forma de caja de archivo que contiene im\u00e1genes exclusivas del detr\u00e1s de escena<\/strong>, fotos de la pel\u00edcula y el gui\u00f3n original de Audiard\u201d, asegur\u00f3.<\/p>\n<div class=\"content-gallery\"><div class=\"gallery-placeholder\"><div class=\"spinner\"><\/div><\/div><span class=\"gallery-pagination\"><\/span><div id=\"gallery-1\" class=\"gallery galleryid-147595 gallery-columns- gallery-size-\"><figure class=\"gallery-item\"><div class=\"gallery-icon landscape\"><img loading=\"lazy\" decoding=\"async\" width=\"1200\" height=\"1500\" src=\"https:\/\/graziamagazine.com\/mx\/wp-content\/uploads\/sites\/13\/2025\/03\/WhatsApp-Image-2025-03-03-at-6.06.35-PM.jpeg\" class=\"lazy\" alt=\"Anthony Vaccarello prepar\u00f3 un libro alusivo a la pel\u00edcula que se puede comprar en su sitio web de la marca\" srcset=\"https:\/\/graziamagazine.com\/mx\/wp-content\/uploads\/sites\/13\/2025\/03\/WhatsApp-Image-2025-03-03-at-6.06.35-PM.jpeg 1200w, https:\/\/graziamagazine.com\/mx\/wp-content\/uploads\/sites\/13\/2025\/03\/WhatsApp-Image-2025-03-03-at-6.06.35-PM-360x450.jpeg 360w, https:\/\/graziamagazine.com\/mx\/wp-content\/uploads\/sites\/13\/2025\/03\/WhatsApp-Image-2025-03-03-at-6.06.35-PM-819x1024.jpeg 819w, https:\/\/graziamagazine.com\/mx\/wp-content\/uploads\/sites\/13\/2025\/03\/WhatsApp-Image-2025-03-03-at-6.06.35-PM-768x960.jpeg 768w, https:\/\/graziamagazine.com\/mx\/wp-content\/uploads\/sites\/13\/2025\/03\/WhatsApp-Image-2025-03-03-at-6.06.35-PM-400x500.jpeg 400w, https:\/\/graziamagazine.com\/mx\/wp-content\/uploads\/sites\/13\/2025\/03\/WhatsApp-Image-2025-03-03-at-6.06.35-PM-155x194.jpeg 155w\" sizes=\"(max-width: 1200px) 100vw, 1200px\" \/><\/div><\/figure><figure class=\"gallery-item\"><div class=\"gallery-icon landscape\"><img loading=\"lazy\" decoding=\"async\" width=\"1200\" height=\"1500\" src=\"https:\/\/graziamagazine.com\/mx\/wp-content\/uploads\/sites\/13\/2025\/03\/WhatsApp-Image-2025-03-03-at-6.06.40-PM.jpeg\" class=\"lazy\" alt=\"Anthony Vaccarello prepar\u00f3 un libro alusivo a la pel\u00edcula que se puede comprar en su sitio web de la marca \/ ysl.com\" srcset=\"https:\/\/graziamagazine.com\/mx\/wp-content\/uploads\/sites\/13\/2025\/03\/WhatsApp-Image-2025-03-03-at-6.06.40-PM.jpeg 1200w, https:\/\/graziamagazine.com\/mx\/wp-content\/uploads\/sites\/13\/2025\/03\/WhatsApp-Image-2025-03-03-at-6.06.40-PM-360x450.jpeg 360w, https:\/\/graziamagazine.com\/mx\/wp-content\/uploads\/sites\/13\/2025\/03\/WhatsApp-Image-2025-03-03-at-6.06.40-PM-819x1024.jpeg 819w, https:\/\/graziamagazine.com\/mx\/wp-content\/uploads\/sites\/13\/2025\/03\/WhatsApp-Image-2025-03-03-at-6.06.40-PM-768x960.jpeg 768w, https:\/\/graziamagazine.com\/mx\/wp-content\/uploads\/sites\/13\/2025\/03\/WhatsApp-Image-2025-03-03-at-6.06.40-PM-400x500.jpeg 400w, https:\/\/graziamagazine.com\/mx\/wp-content\/uploads\/sites\/13\/2025\/03\/WhatsApp-Image-2025-03-03-at-6.06.40-PM-155x194.jpeg 155w\" sizes=\"(max-width: 1200px) 100vw, 1200px\" \/><\/div><\/figure><\/div><\/div>\n<p>El libro, de 34 cm por 24 cm con 200 p\u00e1ginas est\u00e1 en ingl\u00e9s y se puede comprar por alrededor de <strong>2,610 pesos.<\/strong><\/p>\n<p>La productora adem\u00e1s trabaja en <strong><em>The Shrouds<\/em><\/strong> de <strong>David Cronenberg<\/strong> y en la pr\u00f3xima pel\u00edcula sin t\u00edtulo del director ganador del <strong>Oscar Paolo Sorrentino.<\/strong><\/p>\n","protected":false},"author":36289,"featured_media":147598,"template":"","format":"standard","categories":[114],"acf":[],"yoast_head":"<!-- This site is optimized with the Yoast SEO Premium plugin v18.5 (Yoast SEO v20.4) - https:\/\/yoast.com\/wordpress\/plugins\/seo\/ -->\n<title>Esta es la relaci\u00f3n entre Yves Saint Laurent y Emilia P\u00e9rez | Grazia M\u00e9xico y Latinoam\u00e9rica<\/title>\n<meta name=\"description\" content=\"Yves Saint Laurent y la pel\u00edcula m\u00e1s nominada de la 97 edici\u00f3n de los Premios Oscar, Emilia P\u00e9rez, tienen algo en com\u00fan y es que su director creativo\" \/>\n<meta name=\"robots\" content=\"index, follow, max-snippet:-1, max-image-preview:large, max-video-preview:-1\" \/>\n<link rel=\"canonical\" href=\"https:\/\/graziamagazine.com\/mx\/articles\/relacion-entre-yves-saint-laurent-emilia-perez\/\" \/>\n<meta property=\"og:locale\" content=\"es_MX\" \/>\n<meta property=\"og:type\" content=\"article\" \/>\n<meta property=\"og:title\" content=\"Esta es la relaci\u00f3n entre Yves Saint Laurent y Emilia P\u00e9rez\" \/>\n<meta property=\"og:description\" content=\"Yves Saint Laurent y la pel\u00edcula m\u00e1s nominada de la 97 edici\u00f3n de los Premios Oscar, Emilia P\u00e9rez, tienen algo en com\u00fan y es que su director creativo\" \/>\n<meta property=\"og:url\" content=\"https:\/\/graziamagazine.com\/mx\/articles\/relacion-entre-yves-saint-laurent-emilia-perez\/\" \/>\n<meta property=\"og:site_name\" content=\"Grazia M\u00e9xico y Latinoam\u00e9rica\" \/>\n<meta property=\"article:modified_time\" content=\"2025-03-04T04:06:03+00:00\" \/>\n<meta property=\"og:image\" content=\"https:\/\/graziamagazine.com\/mx\/wp-content\/uploads\/sites\/13\/2025\/03\/WhatsApp-Image-2025-03-03-at-6.05.55-PM-e1741047060821.jpeg\" \/>\n\t<meta property=\"og:image:width\" content=\"1279\" \/>\n\t<meta property=\"og:image:height\" content=\"720\" \/>\n\t<meta property=\"og:image:type\" content=\"image\/jpeg\" \/>\n<meta name=\"twitter:card\" content=\"summary_large_image\" \/>\n<meta name=\"twitter:label1\" content=\"Est. reading time\" \/>\n\t<meta name=\"twitter:data1\" content=\"2 minutos\" \/>\n<script type=\"application\/ld+json\" class=\"yoast-schema-graph\">{\"@context\":\"https:\/\/schema.org\",\"@graph\":[{\"@type\":\"WebPage\",\"@id\":\"https:\/\/graziamagazine.com\/mx\/articles\/relacion-entre-yves-saint-laurent-emilia-perez\/\",\"url\":\"https:\/\/graziamagazine.com\/mx\/articles\/relacion-entre-yves-saint-laurent-emilia-perez\/\",\"name\":\"Esta es la relaci\u00f3n entre Yves Saint Laurent y Emilia P\u00e9rez | Grazia M\u00e9xico y Latinoam\u00e9rica\",\"isPartOf\":{\"@id\":\"https:\/\/graziamagazine.com\/mx\/#website\"},\"datePublished\":\"2025-03-04T00:03:31+00:00\",\"dateModified\":\"2025-03-04T04:06:03+00:00\",\"description\":\"Yves Saint Laurent y la pel\u00edcula m\u00e1s nominada de la 97 edici\u00f3n de los Premios Oscar, Emilia P\u00e9rez, tienen algo en com\u00fan y es que su director creativo\",\"breadcrumb\":{\"@id\":\"https:\/\/graziamagazine.com\/mx\/articles\/relacion-entre-yves-saint-laurent-emilia-perez\/#breadcrumb\"},\"inLanguage\":\"es-MX\",\"potentialAction\":[{\"@type\":\"ReadAction\",\"target\":[\"https:\/\/graziamagazine.com\/mx\/articles\/relacion-entre-yves-saint-laurent-emilia-perez\/\"]}]},{\"@type\":\"BreadcrumbList\",\"@id\":\"https:\/\/graziamagazine.com\/mx\/articles\/relacion-entre-yves-saint-laurent-emilia-perez\/#breadcrumb\",\"itemListElement\":[{\"@type\":\"ListItem\",\"position\":1,\"name\":\"Home\",\"item\":\"https:\/\/graziamagazine.com\/mx\/\"},{\"@type\":\"ListItem\",\"position\":2,\"name\":\"Esta es la relaci\u00f3n entre Yves Saint Laurent y Emilia P\u00e9rez\"}]},{\"@type\":\"WebSite\",\"@id\":\"https:\/\/graziamagazine.com\/mx\/#website\",\"url\":\"https:\/\/graziamagazine.com\/mx\/\",\"name\":\"Grazia M\u00e9xico y Latinoam\u00e9rica\",\"description\":\"Grazia es moda, belleza y noticias  de actualidad \",\"potentialAction\":[{\"@type\":\"SearchAction\",\"target\":{\"@type\":\"EntryPoint\",\"urlTemplate\":\"https:\/\/graziamagazine.com\/mx\/?s={search_term_string}\"},\"query-input\":\"required name=search_term_string\"}],\"inLanguage\":\"es-MX\"}]}<\/script>\n<!-- \/ Yoast SEO Premium plugin. -->","yoast_head_json":{"title":"Esta es la relaci\u00f3n entre Yves Saint Laurent y Emilia P\u00e9rez | Grazia M\u00e9xico y Latinoam\u00e9rica","description":"Yves Saint Laurent y la pel\u00edcula m\u00e1s nominada de la 97 edici\u00f3n de los Premios Oscar, Emilia P\u00e9rez, tienen algo en com\u00fan y es que su director creativo","robots":{"index":"index","follow":"follow","max-snippet":"max-snippet:-1","max-image-preview":"max-image-preview:large","max-video-preview":"max-video-preview:-1"},"canonical":"https:\/\/graziamagazine.com\/mx\/articles\/relacion-entre-yves-saint-laurent-emilia-perez\/","og_locale":"es_MX","og_type":"article","og_title":"Esta es la relaci\u00f3n entre Yves Saint Laurent y Emilia P\u00e9rez","og_description":"Yves Saint Laurent y la pel\u00edcula m\u00e1s nominada de la 97 edici\u00f3n de los Premios Oscar, Emilia P\u00e9rez, tienen algo en com\u00fan y es que su director creativo","og_url":"https:\/\/graziamagazine.com\/mx\/articles\/relacion-entre-yves-saint-laurent-emilia-perez\/","og_site_name":"Grazia M\u00e9xico y Latinoam\u00e9rica","article_modified_time":"2025-03-04T04:06:03+00:00","og_image":[{"width":1279,"height":720,"url":"https:\/\/graziamagazine.com\/mx\/wp-content\/uploads\/sites\/13\/2025\/03\/WhatsApp-Image-2025-03-03-at-6.05.55-PM-e1741047060821.jpeg","type":"image\/jpeg"}],"twitter_card":"summary_large_image","twitter_misc":{"Est. reading time":"2 minutos"},"schema":{"@context":"https:\/\/schema.org","@graph":[{"@type":"WebPage","@id":"https:\/\/graziamagazine.com\/mx\/articles\/relacion-entre-yves-saint-laurent-emilia-perez\/","url":"https:\/\/graziamagazine.com\/mx\/articles\/relacion-entre-yves-saint-laurent-emilia-perez\/","name":"Esta es la relaci\u00f3n entre Yves Saint Laurent y Emilia P\u00e9rez | Grazia M\u00e9xico y Latinoam\u00e9rica","isPartOf":{"@id":"https:\/\/graziamagazine.com\/mx\/#website"},"datePublished":"2025-03-04T00:03:31+00:00","dateModified":"2025-03-04T04:06:03+00:00","description":"Yves Saint Laurent y la pel\u00edcula m\u00e1s nominada de la 97 edici\u00f3n de los Premios Oscar, Emilia P\u00e9rez, tienen algo en com\u00fan y es que su director creativo","breadcrumb":{"@id":"https:\/\/graziamagazine.com\/mx\/articles\/relacion-entre-yves-saint-laurent-emilia-perez\/#breadcrumb"},"inLanguage":"es-MX","potentialAction":[{"@type":"ReadAction","target":["https:\/\/graziamagazine.com\/mx\/articles\/relacion-entre-yves-saint-laurent-emilia-perez\/"]}]},{"@type":"BreadcrumbList","@id":"https:\/\/graziamagazine.com\/mx\/articles\/relacion-entre-yves-saint-laurent-emilia-perez\/#breadcrumb","itemListElement":[{"@type":"ListItem","position":1,"name":"Home","item":"https:\/\/graziamagazine.com\/mx\/"},{"@type":"ListItem","position":2,"name":"Esta es la relaci\u00f3n entre Yves Saint Laurent y Emilia P\u00e9rez"}]},{"@type":"WebSite","@id":"https:\/\/graziamagazine.com\/mx\/#website","url":"https:\/\/graziamagazine.com\/mx\/","name":"Grazia M\u00e9xico y Latinoam\u00e9rica","description":"Grazia es moda, belleza y noticias  de actualidad ","potentialAction":[{"@type":"SearchAction","target":{"@type":"EntryPoint","urlTemplate":"https:\/\/graziamagazine.com\/mx\/?s={search_term_string}"},"query-input":"required name=search_term_string"}],"inLanguage":"es-MX"}]}},"jetpack_sharing_enabled":true,"distributor_meta":false,"distributor_terms":false,"distributor_media":false,"distributor_original_site_name":"Grazia M\u00e9xico y Latinoam\u00e9rica","distributor_original_site_url":"https:\/\/graziamagazine.com\/mx","push-errors":false,"_links":{"self":[{"href":"https:\/\/graziamagazine.com\/mx\/wp-json\/wp\/v2\/articles\/147595"}],"collection":[{"href":"https:\/\/graziamagazine.com\/mx\/wp-json\/wp\/v2\/articles"}],"about":[{"href":"https:\/\/graziamagazine.com\/mx\/wp-json\/wp\/v2\/types\/articles"}],"author":[{"embeddable":true,"href":"https:\/\/graziamagazine.com\/mx\/wp-json\/wp\/v2\/users\/36289"}],"wp:featuredmedia":[{"embeddable":true,"href":"https:\/\/graziamagazine.com\/mx\/wp-json\/wp\/v2\/media\/147598"}],"wp:attachment":[{"href":"https:\/\/graziamagazine.com\/mx\/wp-json\/wp\/v2\/media?parent=147595"}],"wp:term":[{"taxonomy":"category","embeddable":true,"href":"https:\/\/graziamagazine.com\/mx\/wp-json\/wp\/v2\/categories?post=147595"}],"curies":[{"name":"wp","href":"https:\/\/api.w.org\/{rel}","templated":true}]}}