{"id":147403,"date":"2025-02-27T20:16:12","date_gmt":"2025-02-28T01:16:12","guid":{"rendered":"https:\/\/graziamagazine.com\/mx\/?post_type=articles&#038;p=147403"},"modified":"2025-03-03T05:52:04","modified_gmt":"2025-03-03T10:52:04","slug":"al-ritmo-de-las-perlas","status":"publish","type":"articles","link":"https:\/\/graziamagazine.com\/mx\/articles\/al-ritmo-de-las-perlas\/","title":{"rendered":"AL RITMO DE LAS PERLAS"},"content":{"rendered":"<div class=\"page\" title=\"Page 15\">\n<div class=\"section\">\n<div class=\"layoutArea\">\n<div class=\"column\">\n<p>DESAFIAR LO ORDINARIO, ESTAS PIEZAS DIALOGAN ENTRE LA TENSIO\u0301N, la proporcio\u0301n y el equilibrio, solo para quienes se saben u\u0301nicos y diferentes. Tiffany Titan by Pharrell Williams se inspira en el tridente de Poseido\u0301n, rey de la Atla\u0301ntida, dios de los ocea\u0301nos. Williams recuerda Atlantis, la comunidad en Virginia Beach donde crecio\u0301 e incorpora elementos cargados de significado personal y cultural. Este juego de referencias es el tercer lanzamiento de Pharrell con la joyera neoyorquina, el primero fue en mayo 2024 y se trataba de combinar oro amarillo y titanio negro. El segundo lo formaban perlas de agua dulce y ahora utiliza perlas de Tahiti\u0301 con diamantes. Las perlas de esta coleccio\u0301n son al alto brillo y se acompan\u0303an por diamantes y ondelas de pu\u0301as en oro rosa de 18 quilates. Estas perlas se cultivan durante ma\u0301s de 18 meses en lagunas tropicales de agua salada en la Polinesia Francesa, su tono<\/p>\n<figure id=\"attachment_147404\" aria-describedby=\"caption-attachment-147404\" style=\"width: 360px\" class=\"wp-caption aligncenter\"><img loading=\"lazy\" decoding=\"async\" class=\"size-medium wp-image-147404\" src=\"https:\/\/graziamagazine.com\/mx\/wp-content\/uploads\/sites\/13\/2025\/02\/GraziaWebLogoEds-10NotsMar25_10-1-360x450.jpg\" alt=\"\" width=\"360\" height=\"450\" data-gz_credit=\"Fotograf\u00edas:cortes\u00edaTiffany&amp;amp;Co\" srcset=\"https:\/\/graziamagazine.com\/mx\/wp-content\/uploads\/sites\/13\/2025\/02\/GraziaWebLogoEds-10NotsMar25_10-1-360x450.jpg 360w, https:\/\/graziamagazine.com\/mx\/wp-content\/uploads\/sites\/13\/2025\/02\/GraziaWebLogoEds-10NotsMar25_10-1-819x1024.jpg 819w, https:\/\/graziamagazine.com\/mx\/wp-content\/uploads\/sites\/13\/2025\/02\/GraziaWebLogoEds-10NotsMar25_10-1-768x960.jpg 768w, https:\/\/graziamagazine.com\/mx\/wp-content\/uploads\/sites\/13\/2025\/02\/GraziaWebLogoEds-10NotsMar25_10-1-400x500.jpg 400w, https:\/\/graziamagazine.com\/mx\/wp-content\/uploads\/sites\/13\/2025\/02\/GraziaWebLogoEds-10NotsMar25_10-1-155x194.jpg 155w, https:\/\/graziamagazine.com\/mx\/wp-content\/uploads\/sites\/13\/2025\/02\/GraziaWebLogoEds-10NotsMar25_10-1.jpg 1080w\" sizes=\"(max-width: 360px) 100vw, 360px\" \/><figcaption id=\"caption-attachment-147404\" class=\"wp-caption-text\"><br \/>Pharrell Williams, ha demostrado en los \u00faltimos a\u00f1os que su talento no solamente era musical, el dise\u00f1o tambi\u00e9n es parte importante de su universo creativo. Tiffany Titan by Pharrell Williams es una colecci\u00f3n novedosa, elegante, disruptiva que pretende vencer el paso del tiempo.<\/figcaption><\/figure>\n<p>es gris y se matiza por verdes y pu\u0301rpuras. Tiffany &amp; Co. las selecciona manualmente para garantizar la armoni\u0301a visual y el disen\u0303o de la joya. El contraste entre el gris, el oro rosa y los diamantes impacta a quien lo ve y dibuja una sonrisa en quien las porta. Collares, brazalete, anillo y aretes son parte de esta coleccio\u0301n que adema\u0301s garantiza el compromiso con el medio ambiente al estar hecha con materiales sostenibles. Pharrell Williams marcha a su propio ritmo que forma parte de su sello personal, se ve en todo lo que crea, y la joyeri\u0301a no ha sido la excepcio\u0301n.<\/p>\n<p><img loading=\"lazy\" decoding=\"async\" class=\"size-medium wp-image-147406 aligncenter\" src=\"https:\/\/graziamagazine.com\/mx\/wp-content\/uploads\/sites\/13\/2025\/02\/GraziaWebLogoEds-10NotsMar25_08-360x450.jpg\" alt=\"\" width=\"360\" height=\"450\" data-gz_credit=\"Fotograf\u00edas:cortes\u00edaTiffany&amp;amp;Co\" srcset=\"https:\/\/graziamagazine.com\/mx\/wp-content\/uploads\/sites\/13\/2025\/02\/GraziaWebLogoEds-10NotsMar25_08-360x450.jpg 360w, https:\/\/graziamagazine.com\/mx\/wp-content\/uploads\/sites\/13\/2025\/02\/GraziaWebLogoEds-10NotsMar25_08-819x1024.jpg 819w, https:\/\/graziamagazine.com\/mx\/wp-content\/uploads\/sites\/13\/2025\/02\/GraziaWebLogoEds-10NotsMar25_08-768x960.jpg 768w, https:\/\/graziamagazine.com\/mx\/wp-content\/uploads\/sites\/13\/2025\/02\/GraziaWebLogoEds-10NotsMar25_08-400x500.jpg 400w, https:\/\/graziamagazine.com\/mx\/wp-content\/uploads\/sites\/13\/2025\/02\/GraziaWebLogoEds-10NotsMar25_08-155x194.jpg 155w, https:\/\/graziamagazine.com\/mx\/wp-content\/uploads\/sites\/13\/2025\/02\/GraziaWebLogoEds-10NotsMar25_08.jpg 1080w\" sizes=\"(max-width: 360px) 100vw, 360px\" \/> <img loading=\"lazy\" decoding=\"async\" class=\"size-medium wp-image-147405 aligncenter\" src=\"https:\/\/graziamagazine.com\/mx\/wp-content\/uploads\/sites\/13\/2025\/02\/GraziaWebLogoEds-10NotsMar25_07-1-360x450.jpg\" alt=\"\" width=\"360\" height=\"450\" data-gz_credit=\"Fotograf\u00edas:cortes\u00edaTiffany&amp;amp;Co\" srcset=\"https:\/\/graziamagazine.com\/mx\/wp-content\/uploads\/sites\/13\/2025\/02\/GraziaWebLogoEds-10NotsMar25_07-1-360x450.jpg 360w, https:\/\/graziamagazine.com\/mx\/wp-content\/uploads\/sites\/13\/2025\/02\/GraziaWebLogoEds-10NotsMar25_07-1-819x1024.jpg 819w, https:\/\/graziamagazine.com\/mx\/wp-content\/uploads\/sites\/13\/2025\/02\/GraziaWebLogoEds-10NotsMar25_07-1-768x960.jpg 768w, https:\/\/graziamagazine.com\/mx\/wp-content\/uploads\/sites\/13\/2025\/02\/GraziaWebLogoEds-10NotsMar25_07-1-400x500.jpg 400w, https:\/\/graziamagazine.com\/mx\/wp-content\/uploads\/sites\/13\/2025\/02\/GraziaWebLogoEds-10NotsMar25_07-1-155x194.jpg 155w, https:\/\/graziamagazine.com\/mx\/wp-content\/uploads\/sites\/13\/2025\/02\/GraziaWebLogoEds-10NotsMar25_07-1.jpg 1080w\" sizes=\"(max-width: 360px) 100vw, 360px\" \/><\/p>\n<\/div>\n<\/div>\n<\/div>\n<\/div>\n","protected":false},"author":11636,"featured_media":147407,"template":"","format":"standard","categories":[4,10],"acf":[],"yoast_head":"<!-- This site is optimized with the Yoast SEO Premium plugin v18.5 (Yoast SEO v20.4) - https:\/\/yoast.com\/wordpress\/plugins\/seo\/ -->\n<title>AL RITMO DE LAS PERLAS | Grazia M\u00e9xico y Latinoam\u00e9rica<\/title>\n<meta name=\"description\" content=\"DESAFIAR LO ORDINARIO, ESTAS PIEZAS DIALOGAN ENTRE LA TENSIO\u0301N, la proporcio\u0301n y el equilibrio, solo para quienes se saben u\u0301nicos y diferentes. Tiffany\" \/>\n<meta name=\"robots\" content=\"index, follow, max-snippet:-1, max-image-preview:large, max-video-preview:-1\" \/>\n<link rel=\"canonical\" href=\"https:\/\/graziamagazine.com\/mx\/articles\/al-ritmo-de-las-perlas\/\" \/>\n<meta property=\"og:locale\" content=\"es_MX\" \/>\n<meta property=\"og:type\" content=\"article\" \/>\n<meta property=\"og:title\" content=\"AL RITMO DE LAS PERLAS\" \/>\n<meta property=\"og:description\" content=\"DESAFIAR LO ORDINARIO, ESTAS PIEZAS DIALOGAN ENTRE LA TENSIO\u0301N, la proporcio\u0301n y el equilibrio, solo para quienes se saben u\u0301nicos y diferentes. Tiffany\" \/>\n<meta property=\"og:url\" content=\"https:\/\/graziamagazine.com\/mx\/articles\/al-ritmo-de-las-perlas\/\" \/>\n<meta property=\"og:site_name\" content=\"Grazia M\u00e9xico y Latinoam\u00e9rica\" \/>\n<meta property=\"article:modified_time\" content=\"2025-03-03T10:52:04+00:00\" \/>\n<meta property=\"og:image\" content=\"https:\/\/graziamagazine.com\/mx\/wp-content\/uploads\/sites\/13\/2025\/02\/GraziaWebLogoEds-10NotsMar25_09.jpg\" \/>\n\t<meta property=\"og:image:width\" content=\"1080\" \/>\n\t<meta property=\"og:image:height\" content=\"1350\" \/>\n\t<meta property=\"og:image:type\" content=\"image\/jpeg\" \/>\n<meta name=\"twitter:card\" content=\"summary_large_image\" \/>\n<meta name=\"twitter:label1\" content=\"Est. reading time\" \/>\n\t<meta name=\"twitter:data1\" content=\"2 minutos\" \/>\n<script type=\"application\/ld+json\" class=\"yoast-schema-graph\">{\"@context\":\"https:\/\/schema.org\",\"@graph\":[{\"@type\":\"WebPage\",\"@id\":\"https:\/\/graziamagazine.com\/mx\/articles\/al-ritmo-de-las-perlas\/\",\"url\":\"https:\/\/graziamagazine.com\/mx\/articles\/al-ritmo-de-las-perlas\/\",\"name\":\"AL RITMO DE LAS PERLAS | Grazia M\u00e9xico y Latinoam\u00e9rica\",\"isPartOf\":{\"@id\":\"https:\/\/graziamagazine.com\/mx\/#website\"},\"datePublished\":\"2025-02-28T01:16:12+00:00\",\"dateModified\":\"2025-03-03T10:52:04+00:00\",\"description\":\"DESAFIAR LO ORDINARIO, ESTAS PIEZAS DIALOGAN ENTRE LA TENSIO\u0301N, la proporcio\u0301n y el equilibrio, solo para quienes se saben u\u0301nicos y diferentes. Tiffany\",\"breadcrumb\":{\"@id\":\"https:\/\/graziamagazine.com\/mx\/articles\/al-ritmo-de-las-perlas\/#breadcrumb\"},\"inLanguage\":\"es-MX\",\"potentialAction\":[{\"@type\":\"ReadAction\",\"target\":[\"https:\/\/graziamagazine.com\/mx\/articles\/al-ritmo-de-las-perlas\/\"]}]},{\"@type\":\"BreadcrumbList\",\"@id\":\"https:\/\/graziamagazine.com\/mx\/articles\/al-ritmo-de-las-perlas\/#breadcrumb\",\"itemListElement\":[{\"@type\":\"ListItem\",\"position\":1,\"name\":\"Home\",\"item\":\"https:\/\/graziamagazine.com\/mx\/\"},{\"@type\":\"ListItem\",\"position\":2,\"name\":\"AL RITMO DE LAS PERLAS\"}]},{\"@type\":\"WebSite\",\"@id\":\"https:\/\/graziamagazine.com\/mx\/#website\",\"url\":\"https:\/\/graziamagazine.com\/mx\/\",\"name\":\"Grazia M\u00e9xico y Latinoam\u00e9rica\",\"description\":\"Grazia es moda, belleza y noticias  de actualidad \",\"potentialAction\":[{\"@type\":\"SearchAction\",\"target\":{\"@type\":\"EntryPoint\",\"urlTemplate\":\"https:\/\/graziamagazine.com\/mx\/?s={search_term_string}\"},\"query-input\":\"required name=search_term_string\"}],\"inLanguage\":\"es-MX\"}]}<\/script>\n<!-- \/ Yoast SEO Premium plugin. -->","yoast_head_json":{"title":"AL RITMO DE LAS PERLAS | Grazia M\u00e9xico y Latinoam\u00e9rica","description":"DESAFIAR LO ORDINARIO, ESTAS PIEZAS DIALOGAN ENTRE LA TENSIO\u0301N, la proporcio\u0301n y el equilibrio, solo para quienes se saben u\u0301nicos y diferentes. Tiffany","robots":{"index":"index","follow":"follow","max-snippet":"max-snippet:-1","max-image-preview":"max-image-preview:large","max-video-preview":"max-video-preview:-1"},"canonical":"https:\/\/graziamagazine.com\/mx\/articles\/al-ritmo-de-las-perlas\/","og_locale":"es_MX","og_type":"article","og_title":"AL RITMO DE LAS PERLAS","og_description":"DESAFIAR LO ORDINARIO, ESTAS PIEZAS DIALOGAN ENTRE LA TENSIO\u0301N, la proporcio\u0301n y el equilibrio, solo para quienes se saben u\u0301nicos y diferentes. Tiffany","og_url":"https:\/\/graziamagazine.com\/mx\/articles\/al-ritmo-de-las-perlas\/","og_site_name":"Grazia M\u00e9xico y Latinoam\u00e9rica","article_modified_time":"2025-03-03T10:52:04+00:00","og_image":[{"width":1080,"height":1350,"url":"https:\/\/graziamagazine.com\/mx\/wp-content\/uploads\/sites\/13\/2025\/02\/GraziaWebLogoEds-10NotsMar25_09.jpg","type":"image\/jpeg"}],"twitter_card":"summary_large_image","twitter_misc":{"Est. reading time":"2 minutos"},"schema":{"@context":"https:\/\/schema.org","@graph":[{"@type":"WebPage","@id":"https:\/\/graziamagazine.com\/mx\/articles\/al-ritmo-de-las-perlas\/","url":"https:\/\/graziamagazine.com\/mx\/articles\/al-ritmo-de-las-perlas\/","name":"AL RITMO DE LAS PERLAS | Grazia M\u00e9xico y Latinoam\u00e9rica","isPartOf":{"@id":"https:\/\/graziamagazine.com\/mx\/#website"},"datePublished":"2025-02-28T01:16:12+00:00","dateModified":"2025-03-03T10:52:04+00:00","description":"DESAFIAR LO ORDINARIO, ESTAS PIEZAS DIALOGAN ENTRE LA TENSIO\u0301N, la proporcio\u0301n y el equilibrio, solo para quienes se saben u\u0301nicos y diferentes. Tiffany","breadcrumb":{"@id":"https:\/\/graziamagazine.com\/mx\/articles\/al-ritmo-de-las-perlas\/#breadcrumb"},"inLanguage":"es-MX","potentialAction":[{"@type":"ReadAction","target":["https:\/\/graziamagazine.com\/mx\/articles\/al-ritmo-de-las-perlas\/"]}]},{"@type":"BreadcrumbList","@id":"https:\/\/graziamagazine.com\/mx\/articles\/al-ritmo-de-las-perlas\/#breadcrumb","itemListElement":[{"@type":"ListItem","position":1,"name":"Home","item":"https:\/\/graziamagazine.com\/mx\/"},{"@type":"ListItem","position":2,"name":"AL RITMO DE LAS PERLAS"}]},{"@type":"WebSite","@id":"https:\/\/graziamagazine.com\/mx\/#website","url":"https:\/\/graziamagazine.com\/mx\/","name":"Grazia M\u00e9xico y Latinoam\u00e9rica","description":"Grazia es moda, belleza y noticias  de actualidad ","potentialAction":[{"@type":"SearchAction","target":{"@type":"EntryPoint","urlTemplate":"https:\/\/graziamagazine.com\/mx\/?s={search_term_string}"},"query-input":"required name=search_term_string"}],"inLanguage":"es-MX"}]}},"jetpack_sharing_enabled":true,"distributor_meta":false,"distributor_terms":false,"distributor_media":false,"distributor_original_site_name":"Grazia M\u00e9xico y Latinoam\u00e9rica","distributor_original_site_url":"https:\/\/graziamagazine.com\/mx","push-errors":false,"_links":{"self":[{"href":"https:\/\/graziamagazine.com\/mx\/wp-json\/wp\/v2\/articles\/147403"}],"collection":[{"href":"https:\/\/graziamagazine.com\/mx\/wp-json\/wp\/v2\/articles"}],"about":[{"href":"https:\/\/graziamagazine.com\/mx\/wp-json\/wp\/v2\/types\/articles"}],"author":[{"embeddable":true,"href":"https:\/\/graziamagazine.com\/mx\/wp-json\/wp\/v2\/users\/11636"}],"wp:featuredmedia":[{"embeddable":true,"href":"https:\/\/graziamagazine.com\/mx\/wp-json\/wp\/v2\/media\/147407"}],"wp:attachment":[{"href":"https:\/\/graziamagazine.com\/mx\/wp-json\/wp\/v2\/media?parent=147403"}],"wp:term":[{"taxonomy":"category","embeddable":true,"href":"https:\/\/graziamagazine.com\/mx\/wp-json\/wp\/v2\/categories?post=147403"}],"curies":[{"name":"wp","href":"https:\/\/api.w.org\/{rel}","templated":true}]}}