{"id":147198,"date":"2025-02-24T21:42:56","date_gmt":"2025-02-25T02:42:56","guid":{"rendered":"https:\/\/graziamagazine.com\/mx\/?post_type=articles&#038;p=147198"},"modified":"2025-02-25T12:38:18","modified_gmt":"2025-02-25T17:38:18","slug":"los-mejores-looks-de-london-fashion-week","status":"publish","type":"articles","link":"https:\/\/graziamagazine.com\/mx\/articles\/los-mejores-looks-de-london-fashion-week\/","title":{"rendered":"Los mejores looks de London Fashion Week"},"content":{"rendered":"<p data-start=\"0\" data-end=\"363\">La Semana de la Moda de Londres para la temporada oto\u00f1o-invierno 2025-2026 no solo deslumbr\u00f3 en las pasarelas, sino que tambi\u00e9n convirti\u00f3 las calles de la capital brit\u00e1nica en un aut\u00e9ntico escaparate de estilo y creatividad.<\/p>\n<p data-start=\"0\" data-end=\"363\">El street style se erigi\u00f3 como protagonista, reflejando las tendencias m\u00e1s vanguardistas y ofreciendo una visi\u00f3n fresca de la moda urbana.<\/p>\n<h3 data-start=\"365\" data-end=\"397\"><strong data-start=\"365\" data-end=\"397\">El regreso del traje cl\u00e1sico<\/strong><\/h3>\n<figure id=\"attachment_147205\" aria-describedby=\"caption-attachment-147205\" style=\"width: 669px\" class=\"wp-caption alignnone\"><img loading=\"lazy\" decoding=\"async\" class=\"size-large wp-image-147205\" src=\"https:\/\/graziamagazine.com\/mx\/wp-content\/uploads\/sites\/13\/2025\/02\/Captura-de-Pantalla-2025-02-25-a-las-11.29.32-669x1024.png\" alt=\"Los mejores looks de London Fashion Week \" width=\"669\" height=\"1024\" srcset=\"https:\/\/graziamagazine.com\/mx\/wp-content\/uploads\/sites\/13\/2025\/02\/Captura-de-Pantalla-2025-02-25-a-las-11.29.32-669x1024.png 669w, https:\/\/graziamagazine.com\/mx\/wp-content\/uploads\/sites\/13\/2025\/02\/Captura-de-Pantalla-2025-02-25-a-las-11.29.32-294x450.png 294w, https:\/\/graziamagazine.com\/mx\/wp-content\/uploads\/sites\/13\/2025\/02\/Captura-de-Pantalla-2025-02-25-a-las-11.29.32-768x1176.png 768w, https:\/\/graziamagazine.com\/mx\/wp-content\/uploads\/sites\/13\/2025\/02\/Captura-de-Pantalla-2025-02-25-a-las-11.29.32-1003x1536.png 1003w, https:\/\/graziamagazine.com\/mx\/wp-content\/uploads\/sites\/13\/2025\/02\/Captura-de-Pantalla-2025-02-25-a-las-11.29.32-400x613.png 400w, https:\/\/graziamagazine.com\/mx\/wp-content\/uploads\/sites\/13\/2025\/02\/Captura-de-Pantalla-2025-02-25-a-las-11.29.32-140x215.png 140w, https:\/\/graziamagazine.com\/mx\/wp-content\/uploads\/sites\/13\/2025\/02\/Captura-de-Pantalla-2025-02-25-a-las-11.29.32.png 1016w\" sizes=\"(max-width: 669px) 100vw, 669px\" \/><figcaption id=\"caption-attachment-147205\" class=\"wp-caption-text\">Los mejores looks de London Fashion Week<\/figcaption><\/figure>\n<p data-start=\"399\" data-end=\"780\">Una de las tendencias m\u00e1s destacadas fue la reaparici\u00f3n del traje y la corbata, evocando la elegancia masculina de \u00e9pocas pasadas. Tanto hombres como mujeres adoptaron este estilo, adapt\u00e1ndolo con toques contempor\u00e1neos.<\/p>\n<p data-start=\"399\" data-end=\"780\">Los trajes de corte impecable, combinados con corbatas estrechas y camisas de tonos neutros, dominaron las calles, demostrando que lo cl\u00e1sico nunca pasa de moda.<\/p>\n<h3 data-start=\"782\" data-end=\"810\"><strong data-start=\"782\" data-end=\"810\">Colores tierra y neutros<\/strong><\/h3>\n<figure id=\"attachment_147204\" aria-describedby=\"caption-attachment-147204\" style=\"width: 930px\" class=\"wp-caption alignnone\"><img loading=\"lazy\" decoding=\"async\" class=\"size-large wp-image-147204\" src=\"https:\/\/graziamagazine.com\/mx\/wp-content\/uploads\/sites\/13\/2025\/02\/Captura-de-Pantalla-2025-02-25-a-las-11.29.27-930x1024.png\" alt=\"Los mejores looks de London Fashion Week \" width=\"930\" height=\"1024\" srcset=\"https:\/\/graziamagazine.com\/mx\/wp-content\/uploads\/sites\/13\/2025\/02\/Captura-de-Pantalla-2025-02-25-a-las-11.29.27-930x1024.png 930w, https:\/\/graziamagazine.com\/mx\/wp-content\/uploads\/sites\/13\/2025\/02\/Captura-de-Pantalla-2025-02-25-a-las-11.29.27-409x450.png 409w, https:\/\/graziamagazine.com\/mx\/wp-content\/uploads\/sites\/13\/2025\/02\/Captura-de-Pantalla-2025-02-25-a-las-11.29.27-768x845.png 768w, https:\/\/graziamagazine.com\/mx\/wp-content\/uploads\/sites\/13\/2025\/02\/Captura-de-Pantalla-2025-02-25-a-las-11.29.27-400x440.png 400w, https:\/\/graziamagazine.com\/mx\/wp-content\/uploads\/sites\/13\/2025\/02\/Captura-de-Pantalla-2025-02-25-a-las-11.29.27-155x171.png 155w, https:\/\/graziamagazine.com\/mx\/wp-content\/uploads\/sites\/13\/2025\/02\/Captura-de-Pantalla-2025-02-25-a-las-11.29.27.png 1388w\" sizes=\"(max-width: 930px) 100vw, 930px\" \/><figcaption id=\"caption-attachment-147204\" class=\"wp-caption-text\">Los mejores looks de London Fashion Week<\/figcaption><\/figure>\n<p data-start=\"812\" data-end=\"1112\">La paleta crom\u00e1tica se inclin\u00f3 hacia tonos tierra, beige y grises, aportando sobriedad y sofisticaci\u00f3n a los conjuntos. Estos colores, presentes en abrigos largos, chaquetas estructuradas y pantalones de corte recto, se combinaron con accesorios minimalistas, creando looks armoniosos y equilibrados.<\/p>\n<h3 data-start=\"1114\" data-end=\"1140\"><strong data-start=\"1114\" data-end=\"1140\">Superposici\u00f3n de capas<\/strong><\/h3>\n<figure id=\"attachment_147210\" aria-describedby=\"caption-attachment-147210\" style=\"width: 1024px\" class=\"wp-caption alignnone\"><img loading=\"lazy\" decoding=\"async\" class=\"size-large wp-image-147210\" src=\"https:\/\/graziamagazine.com\/mx\/wp-content\/uploads\/sites\/13\/2025\/02\/Captura-de-Pantalla-2025-02-25-a-las-11.37.09-1024x816.png\" alt=\"Los mejores looks de London Fashion Week\" width=\"1024\" height=\"816\" srcset=\"https:\/\/graziamagazine.com\/mx\/wp-content\/uploads\/sites\/13\/2025\/02\/Captura-de-Pantalla-2025-02-25-a-las-11.37.09-1024x816.png 1024w, https:\/\/graziamagazine.com\/mx\/wp-content\/uploads\/sites\/13\/2025\/02\/Captura-de-Pantalla-2025-02-25-a-las-11.37.09-450x359.png 450w, https:\/\/graziamagazine.com\/mx\/wp-content\/uploads\/sites\/13\/2025\/02\/Captura-de-Pantalla-2025-02-25-a-las-11.37.09-768x612.png 768w, https:\/\/graziamagazine.com\/mx\/wp-content\/uploads\/sites\/13\/2025\/02\/Captura-de-Pantalla-2025-02-25-a-las-11.37.09-400x319.png 400w, https:\/\/graziamagazine.com\/mx\/wp-content\/uploads\/sites\/13\/2025\/02\/Captura-de-Pantalla-2025-02-25-a-las-11.37.09-155x124.png 155w, https:\/\/graziamagazine.com\/mx\/wp-content\/uploads\/sites\/13\/2025\/02\/Captura-de-Pantalla-2025-02-25-a-las-11.37.09.png 1370w\" sizes=\"(max-width: 1024px) 100vw, 1024px\" \/><figcaption id=\"caption-attachment-147210\" class=\"wp-caption-text\">Los mejores looks de London Fashion Week<\/figcaption><\/figure>\n<p data-start=\"1142\" data-end=\"1512\">El arte del &#8216;layering&#8217; se hizo evidente en las calles londinenses. Los fashionistas jugaron con diferentes texturas y longitudes, superponiendo prendas como su\u00e9teres de punto grueso sobre camisas ligeras, complementados con abrigos oversize.<\/p>\n<p data-start=\"1142\" data-end=\"1512\">Esta t\u00e9cnica no solo a\u00f1adi\u00f3 profundidad y dimensi\u00f3n a los atuendos, sino que tambi\u00e9n ofreci\u00f3 funcionalidad ante el clima oto\u00f1al.<\/p>\n<h3 data-start=\"1514\" data-end=\"1539\"><strong data-start=\"1514\" data-end=\"1539\">Estampados llamativos<\/strong><\/h3>\n<figure id=\"attachment_147209\" aria-describedby=\"caption-attachment-147209\" style=\"width: 1024px\" class=\"wp-caption alignnone\"><img loading=\"lazy\" decoding=\"async\" class=\"size-large wp-image-147209\" src=\"https:\/\/graziamagazine.com\/mx\/wp-content\/uploads\/sites\/13\/2025\/02\/Captura-de-Pantalla-2025-02-25-a-las-11.34.57-1024x747.png\" alt=\"Los mejores looks de London Fashion Week\" width=\"1024\" height=\"747\" srcset=\"https:\/\/graziamagazine.com\/mx\/wp-content\/uploads\/sites\/13\/2025\/02\/Captura-de-Pantalla-2025-02-25-a-las-11.34.57-1024x747.png 1024w, https:\/\/graziamagazine.com\/mx\/wp-content\/uploads\/sites\/13\/2025\/02\/Captura-de-Pantalla-2025-02-25-a-las-11.34.57-450x328.png 450w, https:\/\/graziamagazine.com\/mx\/wp-content\/uploads\/sites\/13\/2025\/02\/Captura-de-Pantalla-2025-02-25-a-las-11.34.57-768x561.png 768w, https:\/\/graziamagazine.com\/mx\/wp-content\/uploads\/sites\/13\/2025\/02\/Captura-de-Pantalla-2025-02-25-a-las-11.34.57-400x292.png 400w, https:\/\/graziamagazine.com\/mx\/wp-content\/uploads\/sites\/13\/2025\/02\/Captura-de-Pantalla-2025-02-25-a-las-11.34.57-155x113.png 155w, https:\/\/graziamagazine.com\/mx\/wp-content\/uploads\/sites\/13\/2025\/02\/Captura-de-Pantalla-2025-02-25-a-las-11.34.57.png 1518w\" sizes=\"(max-width: 1024px) 100vw, 1024px\" \/><figcaption id=\"caption-attachment-147209\" class=\"wp-caption-text\">Los mejores looks de London Fashion Week<\/figcaption><\/figure>\n<p data-start=\"1541\" data-end=\"1903\">Aunque los tonos neutros predominaron, no faltaron quienes optaron por estampados audaces para destacar. El estampado de leopardo, por ejemplo, se observ\u00f3 en abrigos y accesorios, aportando un toque salvaje y atrevido a los conjuntos.<\/p>\n<p data-start=\"1541\" data-end=\"1903\">Adem\u00e1s, los cuadros y las rayas se integraron en faldas y pantalones, ofreciendo un contraste interesante con las piezas lisas.<\/p>\n<h3 data-start=\"1905\" data-end=\"1933\"><strong data-start=\"1905\" data-end=\"1933\">Accesorios protagonistas<\/strong><\/h3>\n<figure id=\"attachment_147206\" aria-describedby=\"caption-attachment-147206\" style=\"width: 673px\" class=\"wp-caption alignnone\"><img loading=\"lazy\" decoding=\"async\" class=\"size-large wp-image-147206\" src=\"https:\/\/graziamagazine.com\/mx\/wp-content\/uploads\/sites\/13\/2025\/02\/Captura-de-Pantalla-2025-02-25-a-las-11.29.38-673x1024.png\" alt=\"Los mejores looks de London Fashion Week \" width=\"673\" height=\"1024\" srcset=\"https:\/\/graziamagazine.com\/mx\/wp-content\/uploads\/sites\/13\/2025\/02\/Captura-de-Pantalla-2025-02-25-a-las-11.29.38-673x1024.png 673w, https:\/\/graziamagazine.com\/mx\/wp-content\/uploads\/sites\/13\/2025\/02\/Captura-de-Pantalla-2025-02-25-a-las-11.29.38-296x450.png 296w, https:\/\/graziamagazine.com\/mx\/wp-content\/uploads\/sites\/13\/2025\/02\/Captura-de-Pantalla-2025-02-25-a-las-11.29.38-768x1169.png 768w, https:\/\/graziamagazine.com\/mx\/wp-content\/uploads\/sites\/13\/2025\/02\/Captura-de-Pantalla-2025-02-25-a-las-11.29.38-1009x1536.png 1009w, https:\/\/graziamagazine.com\/mx\/wp-content\/uploads\/sites\/13\/2025\/02\/Captura-de-Pantalla-2025-02-25-a-las-11.29.38-400x609.png 400w, https:\/\/graziamagazine.com\/mx\/wp-content\/uploads\/sites\/13\/2025\/02\/Captura-de-Pantalla-2025-02-25-a-las-11.29.38-141x215.png 141w, https:\/\/graziamagazine.com\/mx\/wp-content\/uploads\/sites\/13\/2025\/02\/Captura-de-Pantalla-2025-02-25-a-las-11.29.38.png 1022w\" sizes=\"(max-width: 673px) 100vw, 673px\" \/><figcaption id=\"caption-attachment-147206\" class=\"wp-caption-text\">Los mejores looks de London Fashion Week<\/figcaption><\/figure>\n<p data-start=\"1935\" data-end=\"2294\">Los complementos jugaron un papel crucial en el street style de esta edici\u00f3n. Bolsos estructurados en tonos contrastantes, sombreros de ala ancha y bufandas voluminosas a\u00f1adieron car\u00e1cter y personalidad a los looks.<\/p>\n<p data-start=\"1935\" data-end=\"2294\">El calzado tambi\u00e9n destac\u00f3, con botas de suela gruesa y zapatos de estilo masculino que complementaron perfectamente los conjuntos presentados.<\/p>\n<p data-start=\"1935\" data-end=\"2294\"><em><strong>*IMAGEN: Google Images<\/strong><\/em><\/p>\n","protected":false},"author":28953,"featured_media":147208,"template":"","format":"standard","categories":[4],"acf":[],"yoast_head":"<!-- This site is optimized with the Yoast SEO Premium plugin v18.5 (Yoast SEO v20.4) - https:\/\/yoast.com\/wordpress\/plugins\/seo\/ -->\n<title>Los mejores looks de London Fashion Week<\/title>\n<meta name=\"description\" content=\"La Semana de la Moda de Londres oto\u00f1o-invierno 2025-2026 redefine la moda urbana con tendencias cl\u00e1sicas y contempor\u00e1neas.\" \/>\n<meta name=\"robots\" content=\"index, follow, max-snippet:-1, max-image-preview:large, max-video-preview:-1\" \/>\n<link rel=\"canonical\" href=\"https:\/\/graziamagazine.com\/mx\/articles\/los-mejores-looks-de-london-fashion-week\/\" \/>\n<meta property=\"og:locale\" content=\"es_MX\" \/>\n<meta property=\"og:type\" content=\"article\" \/>\n<meta property=\"og:title\" content=\"Los mejores looks de London Fashion Week\" \/>\n<meta property=\"og:description\" content=\"La Semana de la Moda de Londres oto\u00f1o-invierno 2025-2026 redefine la moda urbana con tendencias cl\u00e1sicas y contempor\u00e1neas.\" \/>\n<meta property=\"og:url\" content=\"https:\/\/graziamagazine.com\/mx\/articles\/los-mejores-looks-de-london-fashion-week\/\" \/>\n<meta property=\"og:site_name\" content=\"Grazia M\u00e9xico y Latinoam\u00e9rica\" \/>\n<meta property=\"article:modified_time\" content=\"2025-02-25T17:38:18+00:00\" \/>\n<meta property=\"og:image\" content=\"https:\/\/graziamagazine.com\/mx\/wp-content\/uploads\/sites\/13\/2025\/02\/Captura-de-Pantalla-2025-02-25-a-las-11.29.53-1024x760.png\" \/>\n\t<meta property=\"og:image:width\" content=\"1024\" \/>\n\t<meta property=\"og:image:height\" content=\"760\" \/>\n\t<meta property=\"og:image:type\" content=\"image\/png\" \/>\n<meta name=\"twitter:card\" content=\"summary_large_image\" \/>\n<meta name=\"twitter:label1\" content=\"Est. reading time\" \/>\n\t<meta name=\"twitter:data1\" content=\"3 minutos\" \/>\n<script type=\"application\/ld+json\" class=\"yoast-schema-graph\">{\"@context\":\"https:\/\/schema.org\",\"@graph\":[{\"@type\":\"WebPage\",\"@id\":\"https:\/\/graziamagazine.com\/mx\/articles\/los-mejores-looks-de-london-fashion-week\/\",\"url\":\"https:\/\/graziamagazine.com\/mx\/articles\/los-mejores-looks-de-london-fashion-week\/\",\"name\":\"Los mejores looks de London Fashion Week\",\"isPartOf\":{\"@id\":\"https:\/\/graziamagazine.com\/mx\/#website\"},\"datePublished\":\"2025-02-25T02:42:56+00:00\",\"dateModified\":\"2025-02-25T17:38:18+00:00\",\"description\":\"La Semana de la Moda de Londres oto\u00f1o-invierno 2025-2026 redefine la moda urbana con tendencias cl\u00e1sicas y contempor\u00e1neas.\",\"breadcrumb\":{\"@id\":\"https:\/\/graziamagazine.com\/mx\/articles\/los-mejores-looks-de-london-fashion-week\/#breadcrumb\"},\"inLanguage\":\"es-MX\",\"potentialAction\":[{\"@type\":\"ReadAction\",\"target\":[\"https:\/\/graziamagazine.com\/mx\/articles\/los-mejores-looks-de-london-fashion-week\/\"]}]},{\"@type\":\"BreadcrumbList\",\"@id\":\"https:\/\/graziamagazine.com\/mx\/articles\/los-mejores-looks-de-london-fashion-week\/#breadcrumb\",\"itemListElement\":[{\"@type\":\"ListItem\",\"position\":1,\"name\":\"Home\",\"item\":\"https:\/\/graziamagazine.com\/mx\/\"},{\"@type\":\"ListItem\",\"position\":2,\"name\":\"Los mejores looks de London Fashion Week\"}]},{\"@type\":\"WebSite\",\"@id\":\"https:\/\/graziamagazine.com\/mx\/#website\",\"url\":\"https:\/\/graziamagazine.com\/mx\/\",\"name\":\"Grazia M\u00e9xico y Latinoam\u00e9rica\",\"description\":\"Grazia es moda, belleza y noticias  de actualidad \",\"potentialAction\":[{\"@type\":\"SearchAction\",\"target\":{\"@type\":\"EntryPoint\",\"urlTemplate\":\"https:\/\/graziamagazine.com\/mx\/?s={search_term_string}\"},\"query-input\":\"required name=search_term_string\"}],\"inLanguage\":\"es-MX\"}]}<\/script>\n<!-- \/ Yoast SEO Premium plugin. -->","yoast_head_json":{"title":"Los mejores looks de London Fashion Week","description":"La Semana de la Moda de Londres oto\u00f1o-invierno 2025-2026 redefine la moda urbana con tendencias cl\u00e1sicas y contempor\u00e1neas.","robots":{"index":"index","follow":"follow","max-snippet":"max-snippet:-1","max-image-preview":"max-image-preview:large","max-video-preview":"max-video-preview:-1"},"canonical":"https:\/\/graziamagazine.com\/mx\/articles\/los-mejores-looks-de-london-fashion-week\/","og_locale":"es_MX","og_type":"article","og_title":"Los mejores looks de London Fashion Week","og_description":"La Semana de la Moda de Londres oto\u00f1o-invierno 2025-2026 redefine la moda urbana con tendencias cl\u00e1sicas y contempor\u00e1neas.","og_url":"https:\/\/graziamagazine.com\/mx\/articles\/los-mejores-looks-de-london-fashion-week\/","og_site_name":"Grazia M\u00e9xico y Latinoam\u00e9rica","article_modified_time":"2025-02-25T17:38:18+00:00","og_image":[{"width":1024,"height":760,"url":"https:\/\/graziamagazine.com\/mx\/wp-content\/uploads\/sites\/13\/2025\/02\/Captura-de-Pantalla-2025-02-25-a-las-11.29.53-1024x760.png","type":"image\/png"}],"twitter_card":"summary_large_image","twitter_misc":{"Est. reading time":"3 minutos"},"schema":{"@context":"https:\/\/schema.org","@graph":[{"@type":"WebPage","@id":"https:\/\/graziamagazine.com\/mx\/articles\/los-mejores-looks-de-london-fashion-week\/","url":"https:\/\/graziamagazine.com\/mx\/articles\/los-mejores-looks-de-london-fashion-week\/","name":"Los mejores looks de London Fashion Week","isPartOf":{"@id":"https:\/\/graziamagazine.com\/mx\/#website"},"datePublished":"2025-02-25T02:42:56+00:00","dateModified":"2025-02-25T17:38:18+00:00","description":"La Semana de la Moda de Londres oto\u00f1o-invierno 2025-2026 redefine la moda urbana con tendencias cl\u00e1sicas y contempor\u00e1neas.","breadcrumb":{"@id":"https:\/\/graziamagazine.com\/mx\/articles\/los-mejores-looks-de-london-fashion-week\/#breadcrumb"},"inLanguage":"es-MX","potentialAction":[{"@type":"ReadAction","target":["https:\/\/graziamagazine.com\/mx\/articles\/los-mejores-looks-de-london-fashion-week\/"]}]},{"@type":"BreadcrumbList","@id":"https:\/\/graziamagazine.com\/mx\/articles\/los-mejores-looks-de-london-fashion-week\/#breadcrumb","itemListElement":[{"@type":"ListItem","position":1,"name":"Home","item":"https:\/\/graziamagazine.com\/mx\/"},{"@type":"ListItem","position":2,"name":"Los mejores looks de London Fashion Week"}]},{"@type":"WebSite","@id":"https:\/\/graziamagazine.com\/mx\/#website","url":"https:\/\/graziamagazine.com\/mx\/","name":"Grazia M\u00e9xico y Latinoam\u00e9rica","description":"Grazia es moda, belleza y noticias  de actualidad ","potentialAction":[{"@type":"SearchAction","target":{"@type":"EntryPoint","urlTemplate":"https:\/\/graziamagazine.com\/mx\/?s={search_term_string}"},"query-input":"required name=search_term_string"}],"inLanguage":"es-MX"}]}},"jetpack_sharing_enabled":true,"distributor_meta":false,"distributor_terms":false,"distributor_media":false,"distributor_original_site_name":"Grazia M\u00e9xico y Latinoam\u00e9rica","distributor_original_site_url":"https:\/\/graziamagazine.com\/mx","push-errors":false,"_links":{"self":[{"href":"https:\/\/graziamagazine.com\/mx\/wp-json\/wp\/v2\/articles\/147198"}],"collection":[{"href":"https:\/\/graziamagazine.com\/mx\/wp-json\/wp\/v2\/articles"}],"about":[{"href":"https:\/\/graziamagazine.com\/mx\/wp-json\/wp\/v2\/types\/articles"}],"author":[{"embeddable":true,"href":"https:\/\/graziamagazine.com\/mx\/wp-json\/wp\/v2\/users\/28953"}],"wp:featuredmedia":[{"embeddable":true,"href":"https:\/\/graziamagazine.com\/mx\/wp-json\/wp\/v2\/media\/147208"}],"wp:attachment":[{"href":"https:\/\/graziamagazine.com\/mx\/wp-json\/wp\/v2\/media?parent=147198"}],"wp:term":[{"taxonomy":"category","embeddable":true,"href":"https:\/\/graziamagazine.com\/mx\/wp-json\/wp\/v2\/categories?post=147198"}],"curies":[{"name":"wp","href":"https:\/\/api.w.org\/{rel}","templated":true}]}}