{"id":147151,"date":"2025-02-21T13:16:59","date_gmt":"2025-02-21T18:16:59","guid":{"rendered":"https:\/\/graziamagazine.com\/mx\/?post_type=articles&#038;p=147151"},"modified":"2025-02-21T13:24:36","modified_gmt":"2025-02-21T18:24:36","slug":"jacquemus-se-reinventa-en-el-universo-beauty","status":"publish","type":"articles","link":"https:\/\/graziamagazine.com\/mx\/articles\/jacquemus-se-reinventa-en-el-universo-beauty\/","title":{"rendered":"Jacquemus se Reinventa en el Universo Beauty"},"content":{"rendered":"<p data-start=\"152\" data-end=\"649\">La moda ha encontrado una nueva dimensi\u00f3n en el universo de la belleza. <strong data-start=\"224\" data-end=\"237\">Jacquemus<\/strong>, la marca de Simon Porte Jacquemus, famosa por su visi\u00f3n art\u00edstica y su enfoque \u00fanico sobre la elegancia, se adentra con fuerza en el sector beauty a trav\u00e9s de una alianza estrat\u00e9gica con <strong data-start=\"426\" data-end=\"444\">L\u2019Or\u00e9al Groupe<\/strong>.<\/p>\n<p data-start=\"152\" data-end=\"649\">Con este acuerdo, Jacquemus no solo ampl\u00eda su propuesta est\u00e9tica, sino que tambi\u00e9n refuerza su presencia como una marca independiente de lujo, lista para conquistar el mercado de fragancias y maquillaje.<\/p>\n<p data-start=\"651\" data-end=\"1130\">Simon Porte Jacquemus, conocido por transformar la moda en poes\u00eda visual, ha dejado claro que la belleza siempre estuvo presente en su visi\u00f3n para la marca.<\/p>\n<figure id=\"attachment_147159\" aria-describedby=\"caption-attachment-147159\" style=\"width: 726px\" class=\"wp-caption alignnone\"><img loading=\"lazy\" decoding=\"async\" class=\"size-large wp-image-147159\" src=\"https:\/\/graziamagazine.com\/mx\/wp-content\/uploads\/sites\/13\/2025\/02\/Captura-de-Pantalla-2025-02-21-a-las-12.23.16-726x1024.png\" alt=\"Jacquemus se Reinventa en el Universo Beauty\" width=\"726\" height=\"1024\" srcset=\"https:\/\/graziamagazine.com\/mx\/wp-content\/uploads\/sites\/13\/2025\/02\/Captura-de-Pantalla-2025-02-21-a-las-12.23.16-726x1024.png 726w, https:\/\/graziamagazine.com\/mx\/wp-content\/uploads\/sites\/13\/2025\/02\/Captura-de-Pantalla-2025-02-21-a-las-12.23.16-319x450.png 319w, https:\/\/graziamagazine.com\/mx\/wp-content\/uploads\/sites\/13\/2025\/02\/Captura-de-Pantalla-2025-02-21-a-las-12.23.16-768x1083.png 768w, https:\/\/graziamagazine.com\/mx\/wp-content\/uploads\/sites\/13\/2025\/02\/Captura-de-Pantalla-2025-02-21-a-las-12.23.16-400x564.png 400w, https:\/\/graziamagazine.com\/mx\/wp-content\/uploads\/sites\/13\/2025\/02\/Captura-de-Pantalla-2025-02-21-a-las-12.23.16-152x215.png 152w, https:\/\/graziamagazine.com\/mx\/wp-content\/uploads\/sites\/13\/2025\/02\/Captura-de-Pantalla-2025-02-21-a-las-12.23.16.png 1068w\" sizes=\"(max-width: 726px) 100vw, 726px\" \/><figcaption id=\"caption-attachment-147159\" class=\"wp-caption-text\">Jacquemus se Reinventa en el Universo Beauty<\/figcaption><\/figure>\n<blockquote>\n<p data-start=\"651\" data-end=\"1130\">\u201cHace quince a\u00f1os, comenc\u00e9 a so\u00f1ar y crear Jacquemus, con el perfume y la belleza siempre presentes en mi visi\u00f3n para la marca. Hoy, celebro con orgullo este nuevo hito que hemos construido juntos, a lo largo de todos estos a\u00f1os\u201d, coment\u00f3 Jacquemus. Este hito, seg\u00fan \u00e9l, es solo el principio de un viaje a\u00fan por descubrir.<\/p>\n<\/blockquote>\n<p data-start=\"1132\" data-end=\"1668\">La propuesta de Jacquemus para el sector de la belleza no es m\u00e1s que una extensi\u00f3n de su lenguaje art\u00edstico, que ha sido capaz de traducir la moda en una experiencia sensorial \u00fanica. Desde su famosa colecci\u00f3n <strong data-start=\"1341\" data-end=\"1358\">\u201cLe Chouchou\u201d<\/strong> hasta la sobriedad de <strong data-start=\"1381\" data-end=\"1394\">\u201cLa Casa\u201d<\/strong>, la marca ha ofrecido siempre una mirada fresca y distintiva, que ahora se traducir\u00e1 en productos de maquillaje y fragancias con la misma sofisticaci\u00f3n.<\/p>\n<p data-start=\"1132\" data-end=\"1668\">Con esta incursi\u00f3n, Jacquemus ofrece una nueva perspectiva, fusionando la creatividad visual con la innovaci\u00f3n olfativa.<\/p>\n<figure id=\"attachment_147158\" aria-describedby=\"caption-attachment-147158\" style=\"width: 808px\" class=\"wp-caption alignnone\"><img loading=\"lazy\" decoding=\"async\" class=\"size-large wp-image-147158\" src=\"https:\/\/graziamagazine.com\/mx\/wp-content\/uploads\/sites\/13\/2025\/02\/Captura-de-Pantalla-2025-02-21-a-las-12.23.08-808x1024.png\" alt=\"Jacquemus se Reinventa en el Universo Beauty\" width=\"808\" height=\"1024\" srcset=\"https:\/\/graziamagazine.com\/mx\/wp-content\/uploads\/sites\/13\/2025\/02\/Captura-de-Pantalla-2025-02-21-a-las-12.23.08-808x1024.png 808w, https:\/\/graziamagazine.com\/mx\/wp-content\/uploads\/sites\/13\/2025\/02\/Captura-de-Pantalla-2025-02-21-a-las-12.23.08-355x450.png 355w, https:\/\/graziamagazine.com\/mx\/wp-content\/uploads\/sites\/13\/2025\/02\/Captura-de-Pantalla-2025-02-21-a-las-12.23.08-768x973.png 768w, https:\/\/graziamagazine.com\/mx\/wp-content\/uploads\/sites\/13\/2025\/02\/Captura-de-Pantalla-2025-02-21-a-las-12.23.08-400x507.png 400w, https:\/\/graziamagazine.com\/mx\/wp-content\/uploads\/sites\/13\/2025\/02\/Captura-de-Pantalla-2025-02-21-a-las-12.23.08-155x196.png 155w, https:\/\/graziamagazine.com\/mx\/wp-content\/uploads\/sites\/13\/2025\/02\/Captura-de-Pantalla-2025-02-21-a-las-12.23.08.png 1050w\" sizes=\"(max-width: 808px) 100vw, 808px\" \/><figcaption id=\"caption-attachment-147158\" class=\"wp-caption-text\">Jacquemus se Reinventa en el Universo Beauty<\/figcaption><\/figure>\n<p data-start=\"1670\" data-end=\"2204\">Por su parte, Cyril Chapuy, presidente de <strong data-start=\"1712\" data-end=\"1728\">L\u2019Or\u00e9al Luxe<\/strong>, expres\u00f3 su entusiasmo por la llegada de Jacquemus al portafolio de marcas de lujo de L\u2019Or\u00e9al. \u201cEstamos encantados de dar la bienvenida a Jacquemus y liberar todo su potencial excepcional en el \u00e1mbito del lujo.<\/p>\n<p data-start=\"1670\" data-end=\"2204\">Con su posicionamiento \u00fanico, alimentado por una creatividad deslumbrante y una genuina capacidad para inspirar alegr\u00eda colectiva, Jacquemus encajar\u00e1 perfectamente en la exclusiva cartera de marcas de L\u2019Or\u00e9al Luxe, reforzando nuestra posici\u00f3n de liderazgo global\u201d.<\/p>\n<p data-start=\"2206\" data-end=\"2564\" data-is-last-node=\"\" data-is-only-node=\"\">Este movimiento no solo marca el inicio de un nuevo cap\u00edtulo para Jacquemus, sino que tambi\u00e9n refuerza la presencia de la marca en el mundo del lujo, extendiendo su aura creativa y provocadora a un mercado que celebra la belleza tanto como la moda. \u00a1El futuro se ve brillante para esta colaboraci\u00f3n que promete revolucionar el concepto de lujo y creatividad!<\/p>\n<p data-start=\"2206\" data-end=\"2564\" data-is-last-node=\"\" data-is-only-node=\"\"><em><strong>*IMAGEN: Instagram<\/strong><\/em><\/p>\n","protected":false},"author":28953,"featured_media":147154,"template":"","format":"standard","categories":[3],"acf":[],"yoast_head":"<!-- This site is optimized with the Yoast SEO Premium plugin v18.5 (Yoast SEO v20.4) - https:\/\/yoast.com\/wordpress\/plugins\/seo\/ -->\n<title>Jacquemus se Reinventa en el Universo Beauty<\/title>\n<meta name=\"description\" content=\"La colaboraci\u00f3n con L\u2019Or\u00e9al Groupe marca el inicio de una nueva era para la ic\u00f3nica marca de moda.\" \/>\n<meta name=\"robots\" content=\"index, follow, max-snippet:-1, max-image-preview:large, max-video-preview:-1\" \/>\n<link rel=\"canonical\" href=\"https:\/\/graziamagazine.com\/mx\/articles\/jacquemus-se-reinventa-en-el-universo-beauty\/\" \/>\n<meta property=\"og:locale\" content=\"es_MX\" \/>\n<meta property=\"og:type\" content=\"article\" \/>\n<meta property=\"og:title\" content=\"Jacquemus se Reinventa en el Universo Beauty\" \/>\n<meta property=\"og:description\" content=\"La colaboraci\u00f3n con L\u2019Or\u00e9al Groupe marca el inicio de una nueva era para la ic\u00f3nica marca de moda.\" \/>\n<meta property=\"og:url\" content=\"https:\/\/graziamagazine.com\/mx\/articles\/jacquemus-se-reinventa-en-el-universo-beauty\/\" \/>\n<meta property=\"og:site_name\" content=\"Grazia M\u00e9xico y Latinoam\u00e9rica\" \/>\n<meta property=\"article:modified_time\" content=\"2025-02-21T18:24:36+00:00\" \/>\n<meta property=\"og:image\" content=\"https:\/\/graziamagazine.com\/mx\/wp-content\/uploads\/sites\/13\/2025\/02\/Captura-de-Pantalla-2025-02-21-a-las-12.20.06-664x1024.png\" \/>\n\t<meta property=\"og:image:width\" content=\"664\" \/>\n\t<meta property=\"og:image:height\" content=\"1024\" \/>\n\t<meta property=\"og:image:type\" content=\"image\/png\" \/>\n<meta name=\"twitter:card\" content=\"summary_large_image\" \/>\n<meta name=\"twitter:label1\" content=\"Est. reading time\" \/>\n\t<meta name=\"twitter:data1\" content=\"3 minutos\" \/>\n<script type=\"application\/ld+json\" class=\"yoast-schema-graph\">{\"@context\":\"https:\/\/schema.org\",\"@graph\":[{\"@type\":\"WebPage\",\"@id\":\"https:\/\/graziamagazine.com\/mx\/articles\/jacquemus-se-reinventa-en-el-universo-beauty\/\",\"url\":\"https:\/\/graziamagazine.com\/mx\/articles\/jacquemus-se-reinventa-en-el-universo-beauty\/\",\"name\":\"Jacquemus se Reinventa en el Universo Beauty\",\"isPartOf\":{\"@id\":\"https:\/\/graziamagazine.com\/mx\/#website\"},\"datePublished\":\"2025-02-21T18:16:59+00:00\",\"dateModified\":\"2025-02-21T18:24:36+00:00\",\"description\":\"La colaboraci\u00f3n con L\u2019Or\u00e9al Groupe marca el inicio de una nueva era para la ic\u00f3nica marca de moda.\",\"breadcrumb\":{\"@id\":\"https:\/\/graziamagazine.com\/mx\/articles\/jacquemus-se-reinventa-en-el-universo-beauty\/#breadcrumb\"},\"inLanguage\":\"es-MX\",\"potentialAction\":[{\"@type\":\"ReadAction\",\"target\":[\"https:\/\/graziamagazine.com\/mx\/articles\/jacquemus-se-reinventa-en-el-universo-beauty\/\"]}]},{\"@type\":\"BreadcrumbList\",\"@id\":\"https:\/\/graziamagazine.com\/mx\/articles\/jacquemus-se-reinventa-en-el-universo-beauty\/#breadcrumb\",\"itemListElement\":[{\"@type\":\"ListItem\",\"position\":1,\"name\":\"Home\",\"item\":\"https:\/\/graziamagazine.com\/mx\/\"},{\"@type\":\"ListItem\",\"position\":2,\"name\":\"Jacquemus se Reinventa en el Universo Beauty\"}]},{\"@type\":\"WebSite\",\"@id\":\"https:\/\/graziamagazine.com\/mx\/#website\",\"url\":\"https:\/\/graziamagazine.com\/mx\/\",\"name\":\"Grazia M\u00e9xico y Latinoam\u00e9rica\",\"description\":\"Grazia es moda, belleza y noticias  de actualidad \",\"potentialAction\":[{\"@type\":\"SearchAction\",\"target\":{\"@type\":\"EntryPoint\",\"urlTemplate\":\"https:\/\/graziamagazine.com\/mx\/?s={search_term_string}\"},\"query-input\":\"required name=search_term_string\"}],\"inLanguage\":\"es-MX\"}]}<\/script>\n<!-- \/ Yoast SEO Premium plugin. -->","yoast_head_json":{"title":"Jacquemus se Reinventa en el Universo Beauty","description":"La colaboraci\u00f3n con L\u2019Or\u00e9al Groupe marca el inicio de una nueva era para la ic\u00f3nica marca de moda.","robots":{"index":"index","follow":"follow","max-snippet":"max-snippet:-1","max-image-preview":"max-image-preview:large","max-video-preview":"max-video-preview:-1"},"canonical":"https:\/\/graziamagazine.com\/mx\/articles\/jacquemus-se-reinventa-en-el-universo-beauty\/","og_locale":"es_MX","og_type":"article","og_title":"Jacquemus se Reinventa en el Universo Beauty","og_description":"La colaboraci\u00f3n con L\u2019Or\u00e9al Groupe marca el inicio de una nueva era para la ic\u00f3nica marca de moda.","og_url":"https:\/\/graziamagazine.com\/mx\/articles\/jacquemus-se-reinventa-en-el-universo-beauty\/","og_site_name":"Grazia M\u00e9xico y Latinoam\u00e9rica","article_modified_time":"2025-02-21T18:24:36+00:00","og_image":[{"width":664,"height":1024,"url":"https:\/\/graziamagazine.com\/mx\/wp-content\/uploads\/sites\/13\/2025\/02\/Captura-de-Pantalla-2025-02-21-a-las-12.20.06-664x1024.png","type":"image\/png"}],"twitter_card":"summary_large_image","twitter_misc":{"Est. reading time":"3 minutos"},"schema":{"@context":"https:\/\/schema.org","@graph":[{"@type":"WebPage","@id":"https:\/\/graziamagazine.com\/mx\/articles\/jacquemus-se-reinventa-en-el-universo-beauty\/","url":"https:\/\/graziamagazine.com\/mx\/articles\/jacquemus-se-reinventa-en-el-universo-beauty\/","name":"Jacquemus se Reinventa en el Universo Beauty","isPartOf":{"@id":"https:\/\/graziamagazine.com\/mx\/#website"},"datePublished":"2025-02-21T18:16:59+00:00","dateModified":"2025-02-21T18:24:36+00:00","description":"La colaboraci\u00f3n con L\u2019Or\u00e9al Groupe marca el inicio de una nueva era para la ic\u00f3nica marca de moda.","breadcrumb":{"@id":"https:\/\/graziamagazine.com\/mx\/articles\/jacquemus-se-reinventa-en-el-universo-beauty\/#breadcrumb"},"inLanguage":"es-MX","potentialAction":[{"@type":"ReadAction","target":["https:\/\/graziamagazine.com\/mx\/articles\/jacquemus-se-reinventa-en-el-universo-beauty\/"]}]},{"@type":"BreadcrumbList","@id":"https:\/\/graziamagazine.com\/mx\/articles\/jacquemus-se-reinventa-en-el-universo-beauty\/#breadcrumb","itemListElement":[{"@type":"ListItem","position":1,"name":"Home","item":"https:\/\/graziamagazine.com\/mx\/"},{"@type":"ListItem","position":2,"name":"Jacquemus se Reinventa en el Universo Beauty"}]},{"@type":"WebSite","@id":"https:\/\/graziamagazine.com\/mx\/#website","url":"https:\/\/graziamagazine.com\/mx\/","name":"Grazia M\u00e9xico y Latinoam\u00e9rica","description":"Grazia es moda, belleza y noticias  de actualidad ","potentialAction":[{"@type":"SearchAction","target":{"@type":"EntryPoint","urlTemplate":"https:\/\/graziamagazine.com\/mx\/?s={search_term_string}"},"query-input":"required name=search_term_string"}],"inLanguage":"es-MX"}]}},"jetpack_sharing_enabled":true,"distributor_meta":false,"distributor_terms":false,"distributor_media":false,"distributor_original_site_name":"Grazia M\u00e9xico y Latinoam\u00e9rica","distributor_original_site_url":"https:\/\/graziamagazine.com\/mx","push-errors":false,"_links":{"self":[{"href":"https:\/\/graziamagazine.com\/mx\/wp-json\/wp\/v2\/articles\/147151"}],"collection":[{"href":"https:\/\/graziamagazine.com\/mx\/wp-json\/wp\/v2\/articles"}],"about":[{"href":"https:\/\/graziamagazine.com\/mx\/wp-json\/wp\/v2\/types\/articles"}],"author":[{"embeddable":true,"href":"https:\/\/graziamagazine.com\/mx\/wp-json\/wp\/v2\/users\/28953"}],"wp:featuredmedia":[{"embeddable":true,"href":"https:\/\/graziamagazine.com\/mx\/wp-json\/wp\/v2\/media\/147154"}],"wp:attachment":[{"href":"https:\/\/graziamagazine.com\/mx\/wp-json\/wp\/v2\/media?parent=147151"}],"wp:term":[{"taxonomy":"category","embeddable":true,"href":"https:\/\/graziamagazine.com\/mx\/wp-json\/wp\/v2\/categories?post=147151"}],"curies":[{"name":"wp","href":"https:\/\/api.w.org\/{rel}","templated":true}]}}