{"id":147086,"date":"2025-02-20T14:51:38","date_gmt":"2025-02-20T19:51:38","guid":{"rendered":"https:\/\/graziamagazine.com\/mx\/?post_type=articles&#038;p=147086"},"modified":"2025-02-21T03:21:07","modified_gmt":"2025-02-21T08:21:07","slug":"regina-blandon-protagoniza-prima-facie-un-monologo-teatral-que-desafia-a-la-justicia","status":"publish","type":"articles","link":"https:\/\/graziamagazine.com\/mx\/articles\/regina-blandon-protagoniza-prima-facie-un-monologo-teatral-que-desafia-a-la-justicia\/","title":{"rendered":"Regina Bland\u00f3n protagoniza \u2018Prima Facie\u2019, un mon\u00f3logo teatral que desaf\u00eda a la justicia"},"content":{"rendered":"<p><span style=\"font-weight: 400\"><strong>Regina Bland\u00f3n<\/strong> regresa al teatro con un reto monumental:<\/span><strong><i> Prima Facie<\/i><\/strong><span style=\"font-weight: 400\">, una obra de la dramaturga<strong> Suzie Miller<\/strong> que ha conmovido al mundo y que ahora llega a M\u00e9xico bajo la direcci\u00f3n de<strong> Camilla Brett.\u00a0<\/strong><\/span><\/p>\n<p><span style=\"font-weight: 400\">La puesta en escena, que debutar\u00e1 en el<strong> Teatro Mil\u00e1n el 28 de febrero<\/strong>, representa un desaf\u00edo profesional para la actriz que tiene de manera muy personal el objetivo de generar impacto social al abordar la falta de perspectiva de g\u00e9nero en la justicia.<\/span><\/p>\n<p><span style=\"font-weight: 400\">En entrevista exclusiva para <\/span><b><i>Grazia M\u00e9xico y Latinoam\u00e9rica<\/i><\/b><span style=\"font-weight: 400\">, Bland\u00f3n nos cuenta sobre la importancia de la obra, su proceso de preparaci\u00f3n y el peso emocional que conlleva interpretar a <strong>Tessa<\/strong>, una abogada que debe enfrentar el sistema judicial desde una nueva y dolorosa perspectiva.<\/span><\/p>\n<h3><strong>Un sue\u00f1o hecho realidad<\/strong><\/h3>\n<p><span style=\"font-weight: 400\">Para Regina, ser parte de <\/span><i><span style=\"font-weight: 400\">Prima Facie<\/span><\/i><span style=\"font-weight: 400\"> es un privilegio y una gran responsabilidad.\u201cEs un gran honor y estoy agradecid\u00edsima. Yo le\u00ed esta obra hace varios a\u00f1os; no tuve la oportunidad de verla en vivo pero tambi\u00e9n he visto la proyecci\u00f3n (&#8230;) Me pareci\u00f3 un texto desde el principio necesario y llegador, pegador y yo llevaba un a\u00f1o por lo menos preguntando qui\u00e9n tiene los derechos y nadie sab\u00edamos. (&#8230;) Y, de pronto de pronto, Camila Brett &#8211; directora y productora &#8211; se acerc\u00f3 y me dijo \u2018quiero platicar contigo de una obra\u2019 y le dije \u2018bueno, hay una que muero de ganas de hacer, se llama <\/span><i><span style=\"font-weight: 400\">Prima Facie<\/span><\/i><span style=\"font-weight: 400\">\u2019 y me dijo \u2018es esa y quiero que seas t\u00fa, yo tengo los derechos\u2019. Entonces, pues nada, es un gran gran honor la verdad, estoy muy feliz, muy emocionada, muy nerviosa, pero sobre todo que es una historia que se tiene que contar\u201d.<\/span><\/p>\n<p><img loading=\"lazy\" decoding=\"async\" class=\"alignnone size-medium wp-image-147089\" src=\"https:\/\/graziamagazine.com\/mx\/wp-content\/uploads\/sites\/13\/2025\/02\/rb1-428x450.jpg\" alt=\"\" width=\"428\" height=\"450\" srcset=\"https:\/\/graziamagazine.com\/mx\/wp-content\/uploads\/sites\/13\/2025\/02\/rb1-428x450.jpg 428w, https:\/\/graziamagazine.com\/mx\/wp-content\/uploads\/sites\/13\/2025\/02\/rb1-768x808.jpg 768w, https:\/\/graziamagazine.com\/mx\/wp-content\/uploads\/sites\/13\/2025\/02\/rb1-400x421.jpg 400w, https:\/\/graziamagazine.com\/mx\/wp-content\/uploads\/sites\/13\/2025\/02\/rb1-155x163.jpg 155w, https:\/\/graziamagazine.com\/mx\/wp-content\/uploads\/sites\/13\/2025\/02\/rb1.jpg 773w\" sizes=\"(max-width: 428px) 100vw, 428px\" \/><\/p>\n<h3><strong>Una historia que estremece<\/strong><\/h3>\n<p><span style=\"font-weight: 400\">La obra sigue la vida de Tessa, una abogada brillante que ha dedicado su carrera a defender el sistema judicial brit\u00e1nico. Siempre ha cre\u00eddo en la imparcialidad de la ley, pero su visi\u00f3n cambia radicalmente cuando ella misma se convierte en v\u00edctima de un delito. \u201cSiempre le ha tocado ser parte de la defensa del victimario en casos de agresi\u00f3n sexual y, de repente, se le sacude el mundo cuando le pasa a ella. Entonces, ahora ella espera que el sistema legal en el que ha pasado su vida entera, la defienda\u201d.<\/span><\/p>\n<p><span style=\"font-weight: 400\">\u201cCreo que es pertinente en la sociedad en la que vimos, en el pa\u00eds en el que vivimos, donde 11 mujeres mueren al d\u00eda, son v\u00edctimas de feminicidio, creo que es importante hablar de esos temas y seguirlos hablando y gritando y debatiendo y poni\u00e9ndolo sobre la mesa, ya sea por medio de una obra de teatro, o por el medio que sea\u201d, agrega.<\/span><\/p>\n<p><span style=\"font-weight: 400\">\u201cLa realidad en este pa\u00eds y en todo el mundo, es que tu agresor siempre es alguien cercano y es lamentable que 1 de cada 3 mujeres va a ser agredida s\u00ed o s\u00ed. Es brutal y son n\u00fameros que no podemos no ver. Entonces, una vez que los vemos, hay que hacer algo con eso y definitivamente es una historia que me mueve much\u00edsimo porque todas tenemos una historia cercana, ya sea personal o de alguien a qui\u00e9n le pas\u00f3 y las v\u00edctimas la mayor\u00eda del tiempo ni siquiera denuncian o lo dicen por miedo, por verg\u00fcenza, porque es un tab\u00fa\u201d, dice.<\/span><\/p>\n<p><span style=\"font-weight: 400\">\u201cLa verg\u00fcenza debe cambiar de lado porque la v\u00edctima no es la culpable. Es el perpetrador el que deber\u00eda sentir verg\u00fcenza, entonces pues eso es definitivamente un tema que me mueve mucho. Ha sido un proceso duro, obviamente, que nos involucra a todos los que estamos en la producci\u00f3n. En los ensayos ha habido mucho llanto, muchas historias, muchos abrazos y mucho tender puentes y tender la mano y decir \u2018no est\u00e1 sola, solo\u2019 (&#8230;) Esta obra tiene un textazo y es el sue\u00f1o de cualquier actriz, pero pues el mensaje va m\u00e1s m\u00e1s all\u00e1 y es un gran honor estar teniendo la capacidad, la oportunidad de decir este texto\u201d, asegura Regina.<\/span><\/p>\n<h3><strong>El desaf\u00edo de un mon\u00f3logo<\/strong><\/h3>\n<p><span style=\"font-weight: 400\">Interpretar a Tessa es un reto como pocos.<\/span><i><span style=\"font-weight: 400\"> Prima Facie<\/span><\/i><span style=\"font-weight: 400\"> es un mon\u00f3logo intenso de una hora y cuarenta minutos, en el que Bland\u00f3n est\u00e1 sola en el escenario. \u201cNunca hab\u00eda hecho un mon\u00f3logo. S\u00ed hab\u00eda hecho obras de dos personajes y de pronto como con escenas muy extensas o di\u00e1logos muy extensos, pero estar t\u00fa sola en el escenario es muy confrontativo. Piensas \u2018c\u00f3mo le voy a hacer si son 64 p\u00e1ginas\u2019 que ya por fin me s\u00e9 de memoria y pues las tengo que decir todo el d\u00eda, todo el tiempo, ando por la casa aqu\u00ed como loca as\u00ed diciendo tanto, de repente en la regadera (&#8230;) son muchas horas de estudio, diferentes t\u00e9cnicas. Y tambi\u00e9n es saber cu\u00e1ndo parar porque la cabeza tambi\u00e9n explota y sobre todo con un tema que te llega tanto an\u00edmicamente como f\u00edsicamente (&#8230;) el teatro es un trabajo colaborativo porque somos muchas personas detr\u00e1s de esto. Obviamente es entretenimiento pero en este caso tambi\u00e9n queremos enviar un mensaje en el que creemos y que creemos que es importante que sea escuchado\u201d.<\/span><\/p>\n<h3><strong>Ensayos llenos de emociones<\/strong><\/h3>\n<p><span style=\"font-weight: 400\">Durante los ensayos, el equipo ha vivido momentos de gran carga emocional. &#8220;Hay escenas que nos han hecho llorar y compartir historias personales. Todos los involucrados sentimos el peso de la obra. En especial, hay un momento clave en el que Tessa, como abogada, defiende a presuntos agresores, y luego, cuando es v\u00edctima, se enfrenta al mismo sistema que antes proteg\u00eda. Es brutal ver c\u00f3mo la ley juzga a la v\u00edctima en lugar de enfocarse en el perpetrador.&#8221;<\/span><\/p>\n<p><span style=\"font-weight: 400\">\u201cEs lo que siempre decimos de la culpa, que no era m\u00eda, ni d\u00f3nde estaba, ni c\u00f3mo vest\u00eda. Yo deber\u00eda poder salir encuerada a la calle y nadie tendr\u00eda por qu\u00e9 agredirme, acosarme, violarme (&#8230;) y te das cuenta de c\u00f3mo la ley o c\u00f3mo la sociedad juzga siempre a la v\u00edctima y no se cuestiona por qu\u00e9 la ley est\u00e1 sobre este eje\u201d, a\u00f1ade.<\/span><\/p>\n<p><img loading=\"lazy\" decoding=\"async\" class=\"alignnone size-medium wp-image-147090\" src=\"https:\/\/graziamagazine.com\/mx\/wp-content\/uploads\/sites\/13\/2025\/02\/rb2-425x450.jpg\" alt=\"\" width=\"425\" height=\"450\" srcset=\"https:\/\/graziamagazine.com\/mx\/wp-content\/uploads\/sites\/13\/2025\/02\/rb2-425x450.jpg 425w, https:\/\/graziamagazine.com\/mx\/wp-content\/uploads\/sites\/13\/2025\/02\/rb2-768x813.jpg 768w, https:\/\/graziamagazine.com\/mx\/wp-content\/uploads\/sites\/13\/2025\/02\/rb2-400x424.jpg 400w, https:\/\/graziamagazine.com\/mx\/wp-content\/uploads\/sites\/13\/2025\/02\/rb2-155x164.jpg 155w, https:\/\/graziamagazine.com\/mx\/wp-content\/uploads\/sites\/13\/2025\/02\/rb2.jpg 778w\" sizes=\"(max-width: 425px) 100vw, 425px\" \/><\/p>\n<h3><strong>Bajo la direcci\u00f3n de Camilla Brett<\/strong><\/h3>\n<p><span style=\"font-weight: 400\">La directora brit\u00e1nica Camilla Brett ha sido clave en este proceso.\u201cCamila es una mujer brillante y trabajadora que lleva muchos a\u00f1os en este pa\u00eds y que ha producido muchas obras de teatro, y su formaci\u00f3n est\u00e1 en direcci\u00f3n de actores. Ha sido un trabajo colaborativo muy diferente porque ninguna de las dos hab\u00edamos hecho un mon\u00f3logo nunca, y entonces es de bueno aqu\u00ed te veo ma\u00f1ana y no tienes que ponerte acuerdo con todo un elenco\u201d.<\/span><\/p>\n<p><span style=\"font-weight: 400\">\u201cHemos tenido pl\u00e1ticas muy profundas, muy conmovedoras. y muy cercanas al coraz\u00f3n. Esto es lo que pasa cuando est\u00e1s ensayando teatro, que sea la historia que sea pones tus experiencias personales sobre la mesa y as\u00ed ha sido, un trabajo muy rico, muy sanador y muy doloroso en muchos momentos (&#8230;) ha sido nuevo para las dos pero definitivamente lo volver\u00eda a hacer\u201d, comparte.<\/span><\/p>\n<h3><strong>Su esperado regreso al teatro\u00a0<\/strong><\/h3>\n<p><span style=\"font-weight: 400\">Para Regina Bland\u00f3n, volver al teatro es especial, sobre todo con un proyecto tan significativo. \u201cHe tenido mucha fortuna de tener equipos de trabajo brutales. Lo que m\u00e1s agradezco es ir a trabajar y decir qu\u00e9 he chido estar con esta banda tan talentosa, porque M\u00e9xico est\u00e1 lleno de gente talentosa. Mi coraz\u00f3n siempre ha estado en el teatro, la verdad, desde chiquita. Mi padre es actor y mi hermano y yo vivimos en un teatro desde que tengo memoria, entonces me gusta mucho pero esta cosa de la adrenalina de hablar en el escenario por una hora cuarenta minutos, de hablar con el p\u00fablico y de respirar todos al mismo tiempo, es muy brutal\u201d.<\/span><\/p>\n<h3><strong>\u00bfQu\u00e9 sigue para Regina?<\/strong><\/h3>\n<p><span style=\"font-weight: 400\">Tras <\/span><i><span style=\"font-weight: 400\">Prima Facie<\/span><\/i><span style=\"font-weight: 400\">, la actriz espera seguir explorando historias con impacto social. \u201cEn cualquier plataforma o rubro, ya sea teatro, cine o televisi\u00f3n, y ya sea comedia o drama, tenemos la oportunidad &#8211; en unas m\u00e1s que otras, obviamente &#8211; de involucrarnos en el c\u00f3mo hacemos las cosas (&#8230;) en una comedia, por ejemplo, a veces no te das cuenta de ciertos mensajes que est\u00e1s mandando o de c\u00f3mo est\u00e1s perpetuando estereotipos, entonces yo procuro ser coherente con lo que pienso y con lo que hago. No que todos los personajes tengan que ser pol\u00edticamente correctos, cero por ciento, a m\u00ed me encanta el humor negro, pero siento que el humor puede ser, debe ser m\u00e1s inteligente. Entonces ya sea en teatro, en cine, en tele procuro hacer eso, y si llega algo como <\/span><i><span style=\"font-weight: 400\">Prima Facie <\/span><\/i><span style=\"font-weight: 400\">a mis manos, estar\u00e9 agradecid\u00edsima y muy emocionada de poder poner esta conversaci\u00f3n en todos lados. Entonces s\u00ed, espero que sigan llegando cosas que me emocionen y en las que pueda yo poner o que me dejen poner lo que yo pienso\u201d.<\/span><\/p>\n<p><span style=\"font-weight: 400\">Con funciones de viernes a domingo en el Teatro Mil\u00e1n, <\/span><i><span style=\"font-weight: 400\">Prima Facie<\/span><\/i><span style=\"font-weight: 400\"> ser\u00e1 una experiencia conmovedora que desaf\u00eda la percepci\u00f3n del p\u00fablico sobre la justicia y la violencia de g\u00e9nero. <strong>Los boletos ya est\u00e1n a la venta a trav\u00e9s de Ticketmaster y en taquillas del recinto teatral.<\/strong><\/span><\/p>\n","protected":false},"author":11628,"featured_media":147088,"template":"","format":"standard","categories":[12483,14834,2],"acf":[],"yoast_head":"<!-- This site is optimized with the Yoast SEO Premium plugin v18.5 (Yoast SEO v20.4) - https:\/\/yoast.com\/wordpress\/plugins\/seo\/ -->\n<title>Regina Bland\u00f3n protagoniza \u2018Prima Facie\u2019<\/title>\n<meta name=\"description\" content=\"La actriz se pone los zapatos de una abogada en la emotiva obra teatral de \u00e9xito mundial.\" \/>\n<meta name=\"robots\" content=\"index, follow, max-snippet:-1, max-image-preview:large, max-video-preview:-1\" \/>\n<link rel=\"canonical\" href=\"https:\/\/graziamagazine.com\/mx\/articles\/regina-blandon-protagoniza-prima-facie-un-monologo-teatral-que-desafia-a-la-justicia\/\" \/>\n<meta property=\"og:locale\" content=\"es_MX\" \/>\n<meta property=\"og:type\" content=\"article\" \/>\n<meta property=\"og:title\" content=\"Regina Bland\u00f3n protagoniza \u2018Prima Facie\u2019, un mon\u00f3logo teatral que desaf\u00eda a la justicia\" \/>\n<meta property=\"og:description\" content=\"La actriz se pone los zapatos de una abogada en la emotiva obra teatral de \u00e9xito mundial.\" \/>\n<meta property=\"og:url\" content=\"https:\/\/graziamagazine.com\/mx\/articles\/regina-blandon-protagoniza-prima-facie-un-monologo-teatral-que-desafia-a-la-justicia\/\" \/>\n<meta property=\"og:site_name\" content=\"Grazia M\u00e9xico y Latinoam\u00e9rica\" \/>\n<meta property=\"article:modified_time\" content=\"2025-02-21T08:21:07+00:00\" \/>\n<meta property=\"og:image\" content=\"https:\/\/graziamagazine.com\/mx\/wp-content\/uploads\/sites\/13\/2025\/02\/rb.jpg\" \/>\n\t<meta property=\"og:image:width\" content=\"784\" \/>\n\t<meta property=\"og:image:height\" content=\"463\" \/>\n\t<meta property=\"og:image:type\" content=\"image\/jpeg\" \/>\n<meta name=\"twitter:card\" content=\"summary_large_image\" \/>\n<meta name=\"twitter:label1\" content=\"Est. reading time\" \/>\n\t<meta name=\"twitter:data1\" content=\"8 minutos\" \/>\n<script type=\"application\/ld+json\" class=\"yoast-schema-graph\">{\"@context\":\"https:\/\/schema.org\",\"@graph\":[{\"@type\":\"WebPage\",\"@id\":\"https:\/\/graziamagazine.com\/mx\/articles\/regina-blandon-protagoniza-prima-facie-un-monologo-teatral-que-desafia-a-la-justicia\/\",\"url\":\"https:\/\/graziamagazine.com\/mx\/articles\/regina-blandon-protagoniza-prima-facie-un-monologo-teatral-que-desafia-a-la-justicia\/\",\"name\":\"Regina Bland\u00f3n protagoniza \u2018Prima Facie\u2019\",\"isPartOf\":{\"@id\":\"https:\/\/graziamagazine.com\/mx\/#website\"},\"datePublished\":\"2025-02-20T19:51:38+00:00\",\"dateModified\":\"2025-02-21T08:21:07+00:00\",\"description\":\"La actriz se pone los zapatos de una abogada en la emotiva obra teatral de \u00e9xito mundial.\",\"breadcrumb\":{\"@id\":\"https:\/\/graziamagazine.com\/mx\/articles\/regina-blandon-protagoniza-prima-facie-un-monologo-teatral-que-desafia-a-la-justicia\/#breadcrumb\"},\"inLanguage\":\"es-MX\",\"potentialAction\":[{\"@type\":\"ReadAction\",\"target\":[\"https:\/\/graziamagazine.com\/mx\/articles\/regina-blandon-protagoniza-prima-facie-un-monologo-teatral-que-desafia-a-la-justicia\/\"]}]},{\"@type\":\"BreadcrumbList\",\"@id\":\"https:\/\/graziamagazine.com\/mx\/articles\/regina-blandon-protagoniza-prima-facie-un-monologo-teatral-que-desafia-a-la-justicia\/#breadcrumb\",\"itemListElement\":[{\"@type\":\"ListItem\",\"position\":1,\"name\":\"Home\",\"item\":\"https:\/\/graziamagazine.com\/mx\/\"},{\"@type\":\"ListItem\",\"position\":2,\"name\":\"Regina Bland\u00f3n protagoniza \u2018Prima Facie\u2019, un mon\u00f3logo teatral que desaf\u00eda a la justicia\"}]},{\"@type\":\"WebSite\",\"@id\":\"https:\/\/graziamagazine.com\/mx\/#website\",\"url\":\"https:\/\/graziamagazine.com\/mx\/\",\"name\":\"Grazia M\u00e9xico y Latinoam\u00e9rica\",\"description\":\"Grazia es moda, belleza y noticias  de actualidad \",\"potentialAction\":[{\"@type\":\"SearchAction\",\"target\":{\"@type\":\"EntryPoint\",\"urlTemplate\":\"https:\/\/graziamagazine.com\/mx\/?s={search_term_string}\"},\"query-input\":\"required name=search_term_string\"}],\"inLanguage\":\"es-MX\"}]}<\/script>\n<!-- \/ Yoast SEO Premium plugin. -->","yoast_head_json":{"title":"Regina Bland\u00f3n protagoniza \u2018Prima Facie\u2019","description":"La actriz se pone los zapatos de una abogada en la emotiva obra teatral de \u00e9xito mundial.","robots":{"index":"index","follow":"follow","max-snippet":"max-snippet:-1","max-image-preview":"max-image-preview:large","max-video-preview":"max-video-preview:-1"},"canonical":"https:\/\/graziamagazine.com\/mx\/articles\/regina-blandon-protagoniza-prima-facie-un-monologo-teatral-que-desafia-a-la-justicia\/","og_locale":"es_MX","og_type":"article","og_title":"Regina Bland\u00f3n protagoniza \u2018Prima Facie\u2019, un mon\u00f3logo teatral que desaf\u00eda a la justicia","og_description":"La actriz se pone los zapatos de una abogada en la emotiva obra teatral de \u00e9xito mundial.","og_url":"https:\/\/graziamagazine.com\/mx\/articles\/regina-blandon-protagoniza-prima-facie-un-monologo-teatral-que-desafia-a-la-justicia\/","og_site_name":"Grazia M\u00e9xico y Latinoam\u00e9rica","article_modified_time":"2025-02-21T08:21:07+00:00","og_image":[{"width":784,"height":463,"url":"https:\/\/graziamagazine.com\/mx\/wp-content\/uploads\/sites\/13\/2025\/02\/rb.jpg","type":"image\/jpeg"}],"twitter_card":"summary_large_image","twitter_misc":{"Est. reading time":"8 minutos"},"schema":{"@context":"https:\/\/schema.org","@graph":[{"@type":"WebPage","@id":"https:\/\/graziamagazine.com\/mx\/articles\/regina-blandon-protagoniza-prima-facie-un-monologo-teatral-que-desafia-a-la-justicia\/","url":"https:\/\/graziamagazine.com\/mx\/articles\/regina-blandon-protagoniza-prima-facie-un-monologo-teatral-que-desafia-a-la-justicia\/","name":"Regina Bland\u00f3n protagoniza \u2018Prima Facie\u2019","isPartOf":{"@id":"https:\/\/graziamagazine.com\/mx\/#website"},"datePublished":"2025-02-20T19:51:38+00:00","dateModified":"2025-02-21T08:21:07+00:00","description":"La actriz se pone los zapatos de una abogada en la emotiva obra teatral de \u00e9xito mundial.","breadcrumb":{"@id":"https:\/\/graziamagazine.com\/mx\/articles\/regina-blandon-protagoniza-prima-facie-un-monologo-teatral-que-desafia-a-la-justicia\/#breadcrumb"},"inLanguage":"es-MX","potentialAction":[{"@type":"ReadAction","target":["https:\/\/graziamagazine.com\/mx\/articles\/regina-blandon-protagoniza-prima-facie-un-monologo-teatral-que-desafia-a-la-justicia\/"]}]},{"@type":"BreadcrumbList","@id":"https:\/\/graziamagazine.com\/mx\/articles\/regina-blandon-protagoniza-prima-facie-un-monologo-teatral-que-desafia-a-la-justicia\/#breadcrumb","itemListElement":[{"@type":"ListItem","position":1,"name":"Home","item":"https:\/\/graziamagazine.com\/mx\/"},{"@type":"ListItem","position":2,"name":"Regina Bland\u00f3n protagoniza \u2018Prima Facie\u2019, un mon\u00f3logo teatral que desaf\u00eda a la justicia"}]},{"@type":"WebSite","@id":"https:\/\/graziamagazine.com\/mx\/#website","url":"https:\/\/graziamagazine.com\/mx\/","name":"Grazia M\u00e9xico y Latinoam\u00e9rica","description":"Grazia es moda, belleza y noticias  de actualidad ","potentialAction":[{"@type":"SearchAction","target":{"@type":"EntryPoint","urlTemplate":"https:\/\/graziamagazine.com\/mx\/?s={search_term_string}"},"query-input":"required name=search_term_string"}],"inLanguage":"es-MX"}]}},"jetpack_sharing_enabled":true,"distributor_meta":false,"distributor_terms":false,"distributor_media":false,"distributor_original_site_name":"Grazia M\u00e9xico y Latinoam\u00e9rica","distributor_original_site_url":"https:\/\/graziamagazine.com\/mx","push-errors":false,"_links":{"self":[{"href":"https:\/\/graziamagazine.com\/mx\/wp-json\/wp\/v2\/articles\/147086"}],"collection":[{"href":"https:\/\/graziamagazine.com\/mx\/wp-json\/wp\/v2\/articles"}],"about":[{"href":"https:\/\/graziamagazine.com\/mx\/wp-json\/wp\/v2\/types\/articles"}],"author":[{"embeddable":true,"href":"https:\/\/graziamagazine.com\/mx\/wp-json\/wp\/v2\/users\/11628"}],"wp:featuredmedia":[{"embeddable":true,"href":"https:\/\/graziamagazine.com\/mx\/wp-json\/wp\/v2\/media\/147088"}],"wp:attachment":[{"href":"https:\/\/graziamagazine.com\/mx\/wp-json\/wp\/v2\/media?parent=147086"}],"wp:term":[{"taxonomy":"category","embeddable":true,"href":"https:\/\/graziamagazine.com\/mx\/wp-json\/wp\/v2\/categories?post=147086"}],"curies":[{"name":"wp","href":"https:\/\/api.w.org\/{rel}","templated":true}]}}