{"id":146950,"date":"2025-02-17T20:36:29","date_gmt":"2025-02-18T01:36:29","guid":{"rendered":"https:\/\/graziamagazine.com\/mx\/?post_type=articles&#038;p=146950"},"modified":"2025-02-18T04:27:13","modified_gmt":"2025-02-18T09:27:13","slug":"deva-cassel-hija-monica-bellucci-vincent-cassel-triunfa-moda","status":"publish","type":"articles","link":"https:\/\/graziamagazine.com\/mx\/articles\/deva-cassel-hija-monica-bellucci-vincent-cassel-triunfa-moda\/","title":{"rendered":"Deva Cassel: la hija de Monica Bellucci y Vincent Cassel que triunfa en la moda"},"content":{"rendered":"<p><strong>Deva Cassel<\/strong>, la hija de la modelo y actriz italiana <strong>Monica Bellucci<\/strong> y el actor franc\u00e9s <strong>Vincent Cassel<\/strong>, est\u00e1 triunfando en el mundo de la moda y recientemente estrenar\u00e1 su primer papel en una serie de Netflix.<\/p>\n<p>El mundo de la moda es familiar para Deva gracias a los pasos de su famosa madre. La joven ya ha trabajado con casas de moda como <strong>Dior, Dolce &amp; Gabbana y Cartier<\/strong>.<\/p>\n<p>Adem\u00e1s, ha trabajado en campa\u00f1as de marcas como Jacquemus, Coperni o <strong>Alberta Ferretti <\/strong>y Zara.<\/p>\n<p>A los 17 a\u00f1os fue <strong>embajadora de Cartier<\/strong>, lo que la convirti\u00f3 en la modelo m\u00e1s joven en la historia de la marca, en lograrlo.<\/p>\n<figure id=\"attachment_146953\" aria-describedby=\"caption-attachment-146953\" style=\"width: 1200px\" class=\"wp-caption alignnone\"><img loading=\"lazy\" decoding=\"async\" class=\"wp-image-146953 size-full\" src=\"https:\/\/graziamagazine.com\/mx\/wp-content\/uploads\/sites\/13\/2025\/02\/WhatsApp-Image-2025-02-17-at-7.38.03-PM.jpeg\" alt=\"\" width=\"1200\" height=\"1600\" srcset=\"https:\/\/graziamagazine.com\/mx\/wp-content\/uploads\/sites\/13\/2025\/02\/WhatsApp-Image-2025-02-17-at-7.38.03-PM.jpeg 1200w, https:\/\/graziamagazine.com\/mx\/wp-content\/uploads\/sites\/13\/2025\/02\/WhatsApp-Image-2025-02-17-at-7.38.03-PM-338x450.jpeg 338w, https:\/\/graziamagazine.com\/mx\/wp-content\/uploads\/sites\/13\/2025\/02\/WhatsApp-Image-2025-02-17-at-7.38.03-PM-768x1024.jpeg 768w, https:\/\/graziamagazine.com\/mx\/wp-content\/uploads\/sites\/13\/2025\/02\/WhatsApp-Image-2025-02-17-at-7.38.03-PM-1152x1536.jpeg 1152w, https:\/\/graziamagazine.com\/mx\/wp-content\/uploads\/sites\/13\/2025\/02\/WhatsApp-Image-2025-02-17-at-7.38.03-PM-400x533.jpeg 400w, https:\/\/graziamagazine.com\/mx\/wp-content\/uploads\/sites\/13\/2025\/02\/WhatsApp-Image-2025-02-17-at-7.38.03-PM-155x207.jpeg 155w\" sizes=\"(max-width: 1200px) 100vw, 1200px\" \/><figcaption id=\"caption-attachment-146953\" class=\"wp-caption-text\">Getty Images<\/figcaption><\/figure>\n<p>La tambi\u00e9n actriz estrenar\u00e1 la serie <strong><em>El Gatopardo<\/em><\/strong> para <strong>Netflix <\/strong>el pr\u00f3ximo<strong> 5 de marzo <\/strong>donde dar\u00e1 vida a Angelica Sedara, la hija de un adinerado burgu\u00e9s que enamora a Tancredi, sobrino del pr\u00edncipe de Salina. La historia es una adaptaci\u00f3n de la novela cl\u00e1sica de Giuseppe Tomasi di Lampedusa.<\/p>\n<p>Sin embargo, no es su primera producci\u00f3n, Eva ha participado en varios proyectos de actuaci\u00f3n como su debut en cine en 2023 con la pel\u00edcula <strong><em>La Bella Estate<\/em><\/strong>, de Laura Luchetti, basada en la novela hom\u00f3nima de Cesare Pavese.<\/p>\n<figure id=\"attachment_146952\" aria-describedby=\"caption-attachment-146952\" style=\"width: 1065px\" class=\"wp-caption alignnone\"><img loading=\"lazy\" decoding=\"async\" class=\"wp-image-146952 size-full\" src=\"https:\/\/graziamagazine.com\/mx\/wp-content\/uploads\/sites\/13\/2025\/02\/WhatsApp-Image-2025-02-17-at-7.38.07-PM.jpeg\" alt=\"\" width=\"1065\" height=\"1600\" srcset=\"https:\/\/graziamagazine.com\/mx\/wp-content\/uploads\/sites\/13\/2025\/02\/WhatsApp-Image-2025-02-17-at-7.38.07-PM.jpeg 1065w, https:\/\/graziamagazine.com\/mx\/wp-content\/uploads\/sites\/13\/2025\/02\/WhatsApp-Image-2025-02-17-at-7.38.07-PM-300x450.jpeg 300w, https:\/\/graziamagazine.com\/mx\/wp-content\/uploads\/sites\/13\/2025\/02\/WhatsApp-Image-2025-02-17-at-7.38.07-PM-682x1024.jpeg 682w, https:\/\/graziamagazine.com\/mx\/wp-content\/uploads\/sites\/13\/2025\/02\/WhatsApp-Image-2025-02-17-at-7.38.07-PM-768x1154.jpeg 768w, https:\/\/graziamagazine.com\/mx\/wp-content\/uploads\/sites\/13\/2025\/02\/WhatsApp-Image-2025-02-17-at-7.38.07-PM-1022x1536.jpeg 1022w, https:\/\/graziamagazine.com\/mx\/wp-content\/uploads\/sites\/13\/2025\/02\/WhatsApp-Image-2025-02-17-at-7.38.07-PM-400x601.jpeg 400w, https:\/\/graziamagazine.com\/mx\/wp-content\/uploads\/sites\/13\/2025\/02\/WhatsApp-Image-2025-02-17-at-7.38.07-PM-143x215.jpeg 143w\" sizes=\"(max-width: 1065px) 100vw, 1065px\" \/><figcaption id=\"caption-attachment-146952\" class=\"wp-caption-text\">Getty Images<\/figcaption><\/figure>\n<p>M\u00f3nica y Vicent estuvieron casados de 1999 a 2013 y tuvieron dos hijas, Deva, de 20 a\u00f1os y L\u00e9onie, de 14.<\/p>\n<p>Deva vivi\u00f3 en Brasil hasta el divorcio de sus padres y actualmente vive en Par\u00eds. Recientemente hizo p\u00fablica su relaci\u00f3n con el actor italiano <strong>Saul Nanni<\/strong> en un desfile de Dior de la Semana de la Moda de Par\u00eds.<\/p>\n<p>Otros detalles de la modelo, es que habla cuatro idiomas, mide 1.78, y ha aparecido en varias de las revistas de moda m\u00e1s importantes de la insdustria como <strong>Vogue Italia<\/strong> y<strong> Harper\u2019s Bazaar Taiwan. <\/strong><\/p>\n","protected":false},"author":36289,"featured_media":146951,"template":"","format":"standard","categories":[12483],"acf":[],"yoast_head":"<!-- This site is optimized with the Yoast SEO Premium plugin v18.5 (Yoast SEO v20.4) - https:\/\/yoast.com\/wordpress\/plugins\/seo\/ -->\n<title>Deva Cassel: la hija de Monica Bellucci y Vincent Cassel que triunfa en la moda | Grazia M\u00e9xico y Latinoam\u00e9rica<\/title>\n<meta name=\"description\" content=\"Deva Cassel, la hija de la modelo y actriz italiana Monica Bellucci y el actor franc\u00e9s Vincent Cassel, est\u00e1 triunfando en el mundo de la moda y\" \/>\n<meta name=\"robots\" content=\"index, follow, max-snippet:-1, max-image-preview:large, max-video-preview:-1\" \/>\n<link rel=\"canonical\" href=\"https:\/\/graziamagazine.com\/mx\/articles\/deva-cassel-hija-monica-bellucci-vincent-cassel-triunfa-moda\/\" \/>\n<meta property=\"og:locale\" content=\"es_MX\" \/>\n<meta property=\"og:type\" content=\"article\" \/>\n<meta property=\"og:title\" content=\"Deva Cassel: la hija de Monica Bellucci y Vincent Cassel que triunfa en la moda\" \/>\n<meta property=\"og:description\" content=\"Deva Cassel, la hija de la modelo y actriz italiana Monica Bellucci y el actor franc\u00e9s Vincent Cassel, est\u00e1 triunfando en el mundo de la moda y\" \/>\n<meta property=\"og:url\" content=\"https:\/\/graziamagazine.com\/mx\/articles\/deva-cassel-hija-monica-bellucci-vincent-cassel-triunfa-moda\/\" \/>\n<meta property=\"og:site_name\" content=\"Grazia M\u00e9xico y Latinoam\u00e9rica\" \/>\n<meta property=\"article:modified_time\" content=\"2025-02-18T09:27:13+00:00\" \/>\n<meta property=\"og:image\" content=\"https:\/\/graziamagazine.com\/mx\/wp-content\/uploads\/sites\/13\/2025\/02\/WhatsApp-Image-2025-02-17-at-7.38.40-PM-e1739842827711.jpeg\" \/>\n\t<meta property=\"og:image:width\" content=\"1279\" \/>\n\t<meta property=\"og:image:height\" content=\"719\" \/>\n\t<meta property=\"og:image:type\" content=\"image\/jpeg\" \/>\n<meta name=\"twitter:card\" content=\"summary_large_image\" \/>\n<meta name=\"twitter:label1\" content=\"Est. reading time\" \/>\n\t<meta name=\"twitter:data1\" content=\"2 minutos\" \/>\n<script type=\"application\/ld+json\" class=\"yoast-schema-graph\">{\"@context\":\"https:\/\/schema.org\",\"@graph\":[{\"@type\":\"WebPage\",\"@id\":\"https:\/\/graziamagazine.com\/mx\/articles\/deva-cassel-hija-monica-bellucci-vincent-cassel-triunfa-moda\/\",\"url\":\"https:\/\/graziamagazine.com\/mx\/articles\/deva-cassel-hija-monica-bellucci-vincent-cassel-triunfa-moda\/\",\"name\":\"Deva Cassel: la hija de Monica Bellucci y Vincent Cassel que triunfa en la moda | Grazia M\u00e9xico y Latinoam\u00e9rica\",\"isPartOf\":{\"@id\":\"https:\/\/graziamagazine.com\/mx\/#website\"},\"datePublished\":\"2025-02-18T01:36:29+00:00\",\"dateModified\":\"2025-02-18T09:27:13+00:00\",\"description\":\"Deva Cassel, la hija de la modelo y actriz italiana Monica Bellucci y el actor franc\u00e9s Vincent Cassel, est\u00e1 triunfando en el mundo de la moda y\",\"breadcrumb\":{\"@id\":\"https:\/\/graziamagazine.com\/mx\/articles\/deva-cassel-hija-monica-bellucci-vincent-cassel-triunfa-moda\/#breadcrumb\"},\"inLanguage\":\"es-MX\",\"potentialAction\":[{\"@type\":\"ReadAction\",\"target\":[\"https:\/\/graziamagazine.com\/mx\/articles\/deva-cassel-hija-monica-bellucci-vincent-cassel-triunfa-moda\/\"]}]},{\"@type\":\"BreadcrumbList\",\"@id\":\"https:\/\/graziamagazine.com\/mx\/articles\/deva-cassel-hija-monica-bellucci-vincent-cassel-triunfa-moda\/#breadcrumb\",\"itemListElement\":[{\"@type\":\"ListItem\",\"position\":1,\"name\":\"Home\",\"item\":\"https:\/\/graziamagazine.com\/mx\/\"},{\"@type\":\"ListItem\",\"position\":2,\"name\":\"Deva Cassel: la hija de Monica Bellucci y Vincent Cassel que triunfa en la moda\"}]},{\"@type\":\"WebSite\",\"@id\":\"https:\/\/graziamagazine.com\/mx\/#website\",\"url\":\"https:\/\/graziamagazine.com\/mx\/\",\"name\":\"Grazia M\u00e9xico y Latinoam\u00e9rica\",\"description\":\"Grazia es moda, belleza y noticias  de actualidad \",\"potentialAction\":[{\"@type\":\"SearchAction\",\"target\":{\"@type\":\"EntryPoint\",\"urlTemplate\":\"https:\/\/graziamagazine.com\/mx\/?s={search_term_string}\"},\"query-input\":\"required name=search_term_string\"}],\"inLanguage\":\"es-MX\"}]}<\/script>\n<!-- \/ Yoast SEO Premium plugin. -->","yoast_head_json":{"title":"Deva Cassel: la hija de Monica Bellucci y Vincent Cassel que triunfa en la moda | Grazia M\u00e9xico y Latinoam\u00e9rica","description":"Deva Cassel, la hija de la modelo y actriz italiana Monica Bellucci y el actor franc\u00e9s Vincent Cassel, est\u00e1 triunfando en el mundo de la moda y","robots":{"index":"index","follow":"follow","max-snippet":"max-snippet:-1","max-image-preview":"max-image-preview:large","max-video-preview":"max-video-preview:-1"},"canonical":"https:\/\/graziamagazine.com\/mx\/articles\/deva-cassel-hija-monica-bellucci-vincent-cassel-triunfa-moda\/","og_locale":"es_MX","og_type":"article","og_title":"Deva Cassel: la hija de Monica Bellucci y Vincent Cassel que triunfa en la moda","og_description":"Deva Cassel, la hija de la modelo y actriz italiana Monica Bellucci y el actor franc\u00e9s Vincent Cassel, est\u00e1 triunfando en el mundo de la moda y","og_url":"https:\/\/graziamagazine.com\/mx\/articles\/deva-cassel-hija-monica-bellucci-vincent-cassel-triunfa-moda\/","og_site_name":"Grazia M\u00e9xico y Latinoam\u00e9rica","article_modified_time":"2025-02-18T09:27:13+00:00","og_image":[{"width":1279,"height":719,"url":"https:\/\/graziamagazine.com\/mx\/wp-content\/uploads\/sites\/13\/2025\/02\/WhatsApp-Image-2025-02-17-at-7.38.40-PM-e1739842827711.jpeg","type":"image\/jpeg"}],"twitter_card":"summary_large_image","twitter_misc":{"Est. reading time":"2 minutos"},"schema":{"@context":"https:\/\/schema.org","@graph":[{"@type":"WebPage","@id":"https:\/\/graziamagazine.com\/mx\/articles\/deva-cassel-hija-monica-bellucci-vincent-cassel-triunfa-moda\/","url":"https:\/\/graziamagazine.com\/mx\/articles\/deva-cassel-hija-monica-bellucci-vincent-cassel-triunfa-moda\/","name":"Deva Cassel: la hija de Monica Bellucci y Vincent Cassel que triunfa en la moda | Grazia M\u00e9xico y Latinoam\u00e9rica","isPartOf":{"@id":"https:\/\/graziamagazine.com\/mx\/#website"},"datePublished":"2025-02-18T01:36:29+00:00","dateModified":"2025-02-18T09:27:13+00:00","description":"Deva Cassel, la hija de la modelo y actriz italiana Monica Bellucci y el actor franc\u00e9s Vincent Cassel, est\u00e1 triunfando en el mundo de la moda y","breadcrumb":{"@id":"https:\/\/graziamagazine.com\/mx\/articles\/deva-cassel-hija-monica-bellucci-vincent-cassel-triunfa-moda\/#breadcrumb"},"inLanguage":"es-MX","potentialAction":[{"@type":"ReadAction","target":["https:\/\/graziamagazine.com\/mx\/articles\/deva-cassel-hija-monica-bellucci-vincent-cassel-triunfa-moda\/"]}]},{"@type":"BreadcrumbList","@id":"https:\/\/graziamagazine.com\/mx\/articles\/deva-cassel-hija-monica-bellucci-vincent-cassel-triunfa-moda\/#breadcrumb","itemListElement":[{"@type":"ListItem","position":1,"name":"Home","item":"https:\/\/graziamagazine.com\/mx\/"},{"@type":"ListItem","position":2,"name":"Deva Cassel: la hija de Monica Bellucci y Vincent Cassel que triunfa en la moda"}]},{"@type":"WebSite","@id":"https:\/\/graziamagazine.com\/mx\/#website","url":"https:\/\/graziamagazine.com\/mx\/","name":"Grazia M\u00e9xico y Latinoam\u00e9rica","description":"Grazia es moda, belleza y noticias  de actualidad ","potentialAction":[{"@type":"SearchAction","target":{"@type":"EntryPoint","urlTemplate":"https:\/\/graziamagazine.com\/mx\/?s={search_term_string}"},"query-input":"required name=search_term_string"}],"inLanguage":"es-MX"}]}},"jetpack_sharing_enabled":true,"distributor_meta":false,"distributor_terms":false,"distributor_media":false,"distributor_original_site_name":"Grazia M\u00e9xico y Latinoam\u00e9rica","distributor_original_site_url":"https:\/\/graziamagazine.com\/mx","push-errors":false,"_links":{"self":[{"href":"https:\/\/graziamagazine.com\/mx\/wp-json\/wp\/v2\/articles\/146950"}],"collection":[{"href":"https:\/\/graziamagazine.com\/mx\/wp-json\/wp\/v2\/articles"}],"about":[{"href":"https:\/\/graziamagazine.com\/mx\/wp-json\/wp\/v2\/types\/articles"}],"author":[{"embeddable":true,"href":"https:\/\/graziamagazine.com\/mx\/wp-json\/wp\/v2\/users\/36289"}],"wp:featuredmedia":[{"embeddable":true,"href":"https:\/\/graziamagazine.com\/mx\/wp-json\/wp\/v2\/media\/146951"}],"wp:attachment":[{"href":"https:\/\/graziamagazine.com\/mx\/wp-json\/wp\/v2\/media?parent=146950"}],"wp:term":[{"taxonomy":"category","embeddable":true,"href":"https:\/\/graziamagazine.com\/mx\/wp-json\/wp\/v2\/categories?post=146950"}],"curies":[{"name":"wp","href":"https:\/\/api.w.org\/{rel}","templated":true}]}}