{"id":146710,"date":"2025-02-11T12:52:38","date_gmt":"2025-02-11T17:52:38","guid":{"rendered":"https:\/\/graziamagazine.com\/mx\/?post_type=articles&#038;p=146710"},"modified":"2025-02-11T12:59:21","modified_gmt":"2025-02-11T17:59:21","slug":"bob-sesentero-un-toque-chic-elevado-al-maximo","status":"publish","type":"articles","link":"https:\/\/graziamagazine.com\/mx\/articles\/bob-sesentero-un-toque-chic-elevado-al-maximo\/","title":{"rendered":"Bob sesentero: Un toque chic elevado al m\u00e1ximo"},"content":{"rendered":"<p>El corte bob ha sido un \u00edcono de estilo a lo largo de las d\u00e9cadas, pero es la versi\u00f3n elevada de los a\u00f1os 60 la que est\u00e1 capturando la atenci\u00f3n en 2025.<\/p>\n<p>Este peinado combina la elegancia cl\u00e1sica con un toque moderno, ofreciendo una apariencia sofisticada y vers\u00e1til que se adapta a diversas ocasiones.<\/p>\n<h3><strong>Caracter\u00edsticas del bob elevado<\/strong><\/h3>\n<figure id=\"attachment_146711\" aria-describedby=\"caption-attachment-146711\" style=\"width: 577px\" class=\"wp-caption alignnone\"><img loading=\"lazy\" decoding=\"async\" class=\"wp-image-146711\" src=\"https:\/\/graziamagazine.com\/mx\/wp-content\/uploads\/sites\/13\/2025\/02\/GettyImages-2154696812-769x1024.jpg\" alt=\"Bob sesentero: Un toque chic elevado al m\u00e1ximo\" width=\"577\" height=\"768\" srcset=\"https:\/\/graziamagazine.com\/mx\/wp-content\/uploads\/sites\/13\/2025\/02\/GettyImages-2154696812-769x1024.jpg 769w, https:\/\/graziamagazine.com\/mx\/wp-content\/uploads\/sites\/13\/2025\/02\/GettyImages-2154696812-338x450.jpg 338w, https:\/\/graziamagazine.com\/mx\/wp-content\/uploads\/sites\/13\/2025\/02\/GettyImages-2154696812-768x1023.jpg 768w, https:\/\/graziamagazine.com\/mx\/wp-content\/uploads\/sites\/13\/2025\/02\/GettyImages-2154696812-1153x1536.jpg 1153w, https:\/\/graziamagazine.com\/mx\/wp-content\/uploads\/sites\/13\/2025\/02\/GettyImages-2154696812-1538x2048.jpg 1538w, https:\/\/graziamagazine.com\/mx\/wp-content\/uploads\/sites\/13\/2025\/02\/GettyImages-2154696812-400x533.jpg 400w, https:\/\/graziamagazine.com\/mx\/wp-content\/uploads\/sites\/13\/2025\/02\/GettyImages-2154696812-155x206.jpg 155w, https:\/\/graziamagazine.com\/mx\/wp-content\/uploads\/sites\/13\/2025\/02\/GettyImages-2154696812.jpg 1600w\" sizes=\"(max-width: 577px) 100vw, 577px\" \/><figcaption id=\"caption-attachment-146711\" class=\"wp-caption-text\">Bob sesentero: Un toque chic elevado al m\u00e1ximo<\/figcaption><\/figure>\n<p>Este estilo se distingue por su volumen en la parte superior y las puntas ligeramente curvadas hacia afuera, creando una silueta distintiva.<\/p>\n<p>La longitud suele llegar hasta la mand\u00edbula, enmarcando el rostro de manera favorecedora. El volumen en la coronilla aporta altura y un aire de sofisticaci\u00f3n, mientras que las puntas hacia afuera a\u00f1aden un toque juguet\u00f3n y retro.<\/p>\n<h3><strong>C\u00f3mo lograr el look: paso a paso<\/strong><\/h3>\n<figure id=\"attachment_146713\" aria-describedby=\"caption-attachment-146713\" style=\"width: 577px\" class=\"wp-caption alignnone\"><img loading=\"lazy\" decoding=\"async\" class=\"wp-image-146713\" src=\"https:\/\/graziamagazine.com\/mx\/wp-content\/uploads\/sites\/13\/2025\/02\/Captura-de-Pantalla-2025-02-11-a-las-11.57.32-802x1024.png\" alt=\"Bob sesentero: Un toque chic elevado al m\u00e1ximo\" width=\"577\" height=\"737\" srcset=\"https:\/\/graziamagazine.com\/mx\/wp-content\/uploads\/sites\/13\/2025\/02\/Captura-de-Pantalla-2025-02-11-a-las-11.57.32-802x1024.png 802w, https:\/\/graziamagazine.com\/mx\/wp-content\/uploads\/sites\/13\/2025\/02\/Captura-de-Pantalla-2025-02-11-a-las-11.57.32-352x450.png 352w, https:\/\/graziamagazine.com\/mx\/wp-content\/uploads\/sites\/13\/2025\/02\/Captura-de-Pantalla-2025-02-11-a-las-11.57.32-768x981.png 768w, https:\/\/graziamagazine.com\/mx\/wp-content\/uploads\/sites\/13\/2025\/02\/Captura-de-Pantalla-2025-02-11-a-las-11.57.32-400x511.png 400w, https:\/\/graziamagazine.com\/mx\/wp-content\/uploads\/sites\/13\/2025\/02\/Captura-de-Pantalla-2025-02-11-a-las-11.57.32-155x198.png 155w, https:\/\/graziamagazine.com\/mx\/wp-content\/uploads\/sites\/13\/2025\/02\/Captura-de-Pantalla-2025-02-11-a-las-11.57.32.png 1016w\" sizes=\"(max-width: 577px) 100vw, 577px\" \/><figcaption id=\"caption-attachment-146713\" class=\"wp-caption-text\">Bob sesentero: Un toque chic elevado al m\u00e1ximo<\/figcaption><\/figure>\n<p><strong>Preparaci\u00f3n del cabello:<\/strong> Comienza lavando el cabello con productos que aporten volumen. Aplica una mousse voluminizadora sobre el cabello h\u00famedo para darle cuerpo.<\/p>\n<p><strong>Secado:<\/strong> Con la ayuda de un cepillo redondo, seca el cabello levantando las ra\u00edces para maximizar el volumen en la coronilla. Al llegar a las puntas, g\u00edralas suavemente hacia afuera para lograr la caracter\u00edstica curva del bob elevado.<\/p>\n<p><strong>Cardado:<\/strong> Una vez seco, toma secciones de la coronilla y carda suavemente desde las puntas hacia las ra\u00edces para a\u00f1adir m\u00e1s volumen. Esto es esencial para recrear el efecto elevado t\u00edpico de los a\u00f1os 60.<\/p>\n<p><strong>Fijaci\u00f3n:<\/strong> Alisa la capa superior del cabello para un acabado pulido y aplica laca de fijaci\u00f3n fuerte para mantener el peinado en su lugar durante todo el d\u00eda.<\/p>\n<h3><strong>Adaptaciones modernas del bob elevado<\/strong><\/h3>\n<figure id=\"attachment_146712\" aria-describedby=\"caption-attachment-146712\" style=\"width: 577px\" class=\"wp-caption alignnone\"><img loading=\"lazy\" decoding=\"async\" class=\"size-full wp-image-146712\" src=\"https:\/\/graziamagazine.com\/mx\/wp-content\/uploads\/sites\/13\/2025\/02\/puntas-hacia-afuera-1651092979.jpg\" alt=\"Bob sesentero: Un toque chic elevado al m\u00e1ximo\" width=\"577\" height=\"679\" srcset=\"https:\/\/graziamagazine.com\/mx\/wp-content\/uploads\/sites\/13\/2025\/02\/puntas-hacia-afuera-1651092979.jpg 577w, https:\/\/graziamagazine.com\/mx\/wp-content\/uploads\/sites\/13\/2025\/02\/puntas-hacia-afuera-1651092979-382x450.jpg 382w, https:\/\/graziamagazine.com\/mx\/wp-content\/uploads\/sites\/13\/2025\/02\/puntas-hacia-afuera-1651092979-400x471.jpg 400w, https:\/\/graziamagazine.com\/mx\/wp-content\/uploads\/sites\/13\/2025\/02\/puntas-hacia-afuera-1651092979-155x182.jpg 155w\" sizes=\"(max-width: 577px) 100vw, 577px\" \/><figcaption id=\"caption-attachment-146712\" class=\"wp-caption-text\">Bob sesentero: Un toque chic elevado al m\u00e1ximo<\/figcaption><\/figure>\n<p>Aunque el bob elevado tiene sus ra\u00edces en los a\u00f1os 60, se puede modernizar para adaptarse a las tendencias actuales. Incorporar mechas sutiles o balayage colores atrevidos, puede a\u00f1adir dimensi\u00f3n y frescura al peinado. Adem\u00e1s, jugar con la textura, optando por un acabado m\u00e1s despeinado o pulido, permite personalizar el look seg\u00fan la ocasi\u00f3n y el estilo personal.<\/p>\n<p>El bob elevado de los a\u00f1os 60 regresa con fuerza, ofreciendo una mezcla perfecta de nostalgia y modernidad. Es una opci\u00f3n ideal para quienes buscan un cambio de imagen que combine lo cl\u00e1sico con lo contempor\u00e1neo, aportando elegancia y estilo a cualquier look.<\/p>\n<p><em><strong>*IMAGEN: Google Images<\/strong><\/em><\/p>\n","protected":false},"author":28953,"featured_media":146714,"template":"","format":"standard","categories":[3,15260],"acf":[],"yoast_head":"<!-- This site is optimized with the Yoast SEO Premium plugin v18.5 (Yoast SEO v20.4) - https:\/\/yoast.com\/wordpress\/plugins\/seo\/ -->\n<title>Bob sesentero: Un toque chic elevado al m\u00e1ximo<\/title>\n<meta name=\"description\" content=\"Descubre c\u00f3mo reinventar el cl\u00e1sico corte bob con un toque elevado inspirado en los a\u00f1os 60 para un look sofisticado y moderno.\" \/>\n<meta name=\"robots\" content=\"index, follow, max-snippet:-1, max-image-preview:large, max-video-preview:-1\" \/>\n<link rel=\"canonical\" href=\"https:\/\/graziamagazine.com\/mx\/articles\/bob-sesentero-un-toque-chic-elevado-al-maximo\/\" \/>\n<meta property=\"og:locale\" content=\"es_MX\" \/>\n<meta property=\"og:type\" content=\"article\" \/>\n<meta property=\"og:title\" content=\"Bob sesentero: Un toque chic elevado al m\u00e1ximo\" \/>\n<meta property=\"og:description\" content=\"Descubre c\u00f3mo reinventar el cl\u00e1sico corte bob con un toque elevado inspirado en los a\u00f1os 60 para un look sofisticado y moderno.\" \/>\n<meta property=\"og:url\" content=\"https:\/\/graziamagazine.com\/mx\/articles\/bob-sesentero-un-toque-chic-elevado-al-maximo\/\" \/>\n<meta property=\"og:site_name\" content=\"Grazia M\u00e9xico y Latinoam\u00e9rica\" \/>\n<meta property=\"article:modified_time\" content=\"2025-02-11T17:59:21+00:00\" \/>\n<meta property=\"og:image\" content=\"https:\/\/graziamagazine.com\/mx\/wp-content\/uploads\/sites\/13\/2025\/02\/Captura-de-Pantalla-2025-02-11-a-las-11.57.53.png\" \/>\n\t<meta property=\"og:image:width\" content=\"1414\" \/>\n\t<meta property=\"og:image:height\" content=\"960\" \/>\n\t<meta property=\"og:image:type\" content=\"image\/png\" \/>\n<meta name=\"twitter:card\" content=\"summary_large_image\" \/>\n<meta name=\"twitter:label1\" content=\"Est. reading time\" \/>\n\t<meta name=\"twitter:data1\" content=\"3 minutos\" \/>\n<script type=\"application\/ld+json\" class=\"yoast-schema-graph\">{\"@context\":\"https:\/\/schema.org\",\"@graph\":[{\"@type\":\"WebPage\",\"@id\":\"https:\/\/graziamagazine.com\/mx\/articles\/bob-sesentero-un-toque-chic-elevado-al-maximo\/\",\"url\":\"https:\/\/graziamagazine.com\/mx\/articles\/bob-sesentero-un-toque-chic-elevado-al-maximo\/\",\"name\":\"Bob sesentero: Un toque chic elevado al m\u00e1ximo\",\"isPartOf\":{\"@id\":\"https:\/\/graziamagazine.com\/mx\/#website\"},\"datePublished\":\"2025-02-11T17:52:38+00:00\",\"dateModified\":\"2025-02-11T17:59:21+00:00\",\"description\":\"Descubre c\u00f3mo reinventar el cl\u00e1sico corte bob con un toque elevado inspirado en los a\u00f1os 60 para un look sofisticado y moderno.\",\"breadcrumb\":{\"@id\":\"https:\/\/graziamagazine.com\/mx\/articles\/bob-sesentero-un-toque-chic-elevado-al-maximo\/#breadcrumb\"},\"inLanguage\":\"es-MX\",\"potentialAction\":[{\"@type\":\"ReadAction\",\"target\":[\"https:\/\/graziamagazine.com\/mx\/articles\/bob-sesentero-un-toque-chic-elevado-al-maximo\/\"]}]},{\"@type\":\"BreadcrumbList\",\"@id\":\"https:\/\/graziamagazine.com\/mx\/articles\/bob-sesentero-un-toque-chic-elevado-al-maximo\/#breadcrumb\",\"itemListElement\":[{\"@type\":\"ListItem\",\"position\":1,\"name\":\"Home\",\"item\":\"https:\/\/graziamagazine.com\/mx\/\"},{\"@type\":\"ListItem\",\"position\":2,\"name\":\"Bob sesentero: Un toque chic elevado al m\u00e1ximo\"}]},{\"@type\":\"WebSite\",\"@id\":\"https:\/\/graziamagazine.com\/mx\/#website\",\"url\":\"https:\/\/graziamagazine.com\/mx\/\",\"name\":\"Grazia M\u00e9xico y Latinoam\u00e9rica\",\"description\":\"Grazia es moda, belleza y noticias  de actualidad \",\"potentialAction\":[{\"@type\":\"SearchAction\",\"target\":{\"@type\":\"EntryPoint\",\"urlTemplate\":\"https:\/\/graziamagazine.com\/mx\/?s={search_term_string}\"},\"query-input\":\"required name=search_term_string\"}],\"inLanguage\":\"es-MX\"}]}<\/script>\n<!-- \/ Yoast SEO Premium plugin. -->","yoast_head_json":{"title":"Bob sesentero: Un toque chic elevado al m\u00e1ximo","description":"Descubre c\u00f3mo reinventar el cl\u00e1sico corte bob con un toque elevado inspirado en los a\u00f1os 60 para un look sofisticado y moderno.","robots":{"index":"index","follow":"follow","max-snippet":"max-snippet:-1","max-image-preview":"max-image-preview:large","max-video-preview":"max-video-preview:-1"},"canonical":"https:\/\/graziamagazine.com\/mx\/articles\/bob-sesentero-un-toque-chic-elevado-al-maximo\/","og_locale":"es_MX","og_type":"article","og_title":"Bob sesentero: Un toque chic elevado al m\u00e1ximo","og_description":"Descubre c\u00f3mo reinventar el cl\u00e1sico corte bob con un toque elevado inspirado en los a\u00f1os 60 para un look sofisticado y moderno.","og_url":"https:\/\/graziamagazine.com\/mx\/articles\/bob-sesentero-un-toque-chic-elevado-al-maximo\/","og_site_name":"Grazia M\u00e9xico y Latinoam\u00e9rica","article_modified_time":"2025-02-11T17:59:21+00:00","og_image":[{"width":1414,"height":960,"url":"https:\/\/graziamagazine.com\/mx\/wp-content\/uploads\/sites\/13\/2025\/02\/Captura-de-Pantalla-2025-02-11-a-las-11.57.53.png","type":"image\/png"}],"twitter_card":"summary_large_image","twitter_misc":{"Est. reading time":"3 minutos"},"schema":{"@context":"https:\/\/schema.org","@graph":[{"@type":"WebPage","@id":"https:\/\/graziamagazine.com\/mx\/articles\/bob-sesentero-un-toque-chic-elevado-al-maximo\/","url":"https:\/\/graziamagazine.com\/mx\/articles\/bob-sesentero-un-toque-chic-elevado-al-maximo\/","name":"Bob sesentero: Un toque chic elevado al m\u00e1ximo","isPartOf":{"@id":"https:\/\/graziamagazine.com\/mx\/#website"},"datePublished":"2025-02-11T17:52:38+00:00","dateModified":"2025-02-11T17:59:21+00:00","description":"Descubre c\u00f3mo reinventar el cl\u00e1sico corte bob con un toque elevado inspirado en los a\u00f1os 60 para un look sofisticado y moderno.","breadcrumb":{"@id":"https:\/\/graziamagazine.com\/mx\/articles\/bob-sesentero-un-toque-chic-elevado-al-maximo\/#breadcrumb"},"inLanguage":"es-MX","potentialAction":[{"@type":"ReadAction","target":["https:\/\/graziamagazine.com\/mx\/articles\/bob-sesentero-un-toque-chic-elevado-al-maximo\/"]}]},{"@type":"BreadcrumbList","@id":"https:\/\/graziamagazine.com\/mx\/articles\/bob-sesentero-un-toque-chic-elevado-al-maximo\/#breadcrumb","itemListElement":[{"@type":"ListItem","position":1,"name":"Home","item":"https:\/\/graziamagazine.com\/mx\/"},{"@type":"ListItem","position":2,"name":"Bob sesentero: Un toque chic elevado al m\u00e1ximo"}]},{"@type":"WebSite","@id":"https:\/\/graziamagazine.com\/mx\/#website","url":"https:\/\/graziamagazine.com\/mx\/","name":"Grazia M\u00e9xico y Latinoam\u00e9rica","description":"Grazia es moda, belleza y noticias  de actualidad ","potentialAction":[{"@type":"SearchAction","target":{"@type":"EntryPoint","urlTemplate":"https:\/\/graziamagazine.com\/mx\/?s={search_term_string}"},"query-input":"required name=search_term_string"}],"inLanguage":"es-MX"}]}},"jetpack_sharing_enabled":true,"distributor_meta":false,"distributor_terms":false,"distributor_media":false,"distributor_original_site_name":"Grazia M\u00e9xico y Latinoam\u00e9rica","distributor_original_site_url":"https:\/\/graziamagazine.com\/mx","push-errors":false,"_links":{"self":[{"href":"https:\/\/graziamagazine.com\/mx\/wp-json\/wp\/v2\/articles\/146710"}],"collection":[{"href":"https:\/\/graziamagazine.com\/mx\/wp-json\/wp\/v2\/articles"}],"about":[{"href":"https:\/\/graziamagazine.com\/mx\/wp-json\/wp\/v2\/types\/articles"}],"author":[{"embeddable":true,"href":"https:\/\/graziamagazine.com\/mx\/wp-json\/wp\/v2\/users\/28953"}],"wp:featuredmedia":[{"embeddable":true,"href":"https:\/\/graziamagazine.com\/mx\/wp-json\/wp\/v2\/media\/146714"}],"wp:attachment":[{"href":"https:\/\/graziamagazine.com\/mx\/wp-json\/wp\/v2\/media?parent=146710"}],"wp:term":[{"taxonomy":"category","embeddable":true,"href":"https:\/\/graziamagazine.com\/mx\/wp-json\/wp\/v2\/categories?post=146710"}],"curies":[{"name":"wp","href":"https:\/\/api.w.org\/{rel}","templated":true}]}}