{"id":146693,"date":"2025-02-11T12:30:40","date_gmt":"2025-02-11T17:30:40","guid":{"rendered":"https:\/\/graziamagazine.com\/mx\/?post_type=articles&#038;p=146693"},"modified":"2025-02-11T12:48:23","modified_gmt":"2025-02-11T17:48:23","slug":"pantalones-acampanados-el-regreso-triunfal","status":"publish","type":"articles","link":"https:\/\/graziamagazine.com\/mx\/articles\/pantalones-acampanados-el-regreso-triunfal\/","title":{"rendered":"Pantalones Acampanados: El Regreso Triunfal"},"content":{"rendered":"<p>Los pantalones acampanados, emblem\u00e1ticos de las d\u00e9cadas de 1960 y 1970, est\u00e1n de vuelta con fuerza en la moda actual. Durante la Semana de la Moda de Nueva York, Carolina Herrera present\u00f3 su colecci\u00f3n oto\u00f1o-invierno 2025, donde esta silueta fue protagonista, demostrando su versatilidad y elegancia atemporal.<\/p>\n<h3><strong>El Resurgimiento de una Silueta Ic\u00f3nica\u00a0<\/strong><\/h3>\n<figure id=\"attachment_146706\" aria-describedby=\"caption-attachment-146706\" style=\"width: 709px\" class=\"wp-caption alignnone\"><img loading=\"lazy\" decoding=\"async\" class=\"size-large wp-image-146706\" src=\"https:\/\/graziamagazine.com\/mx\/wp-content\/uploads\/sites\/13\/2025\/02\/jeans-acampanados-blusa-lazo-sandalias-plateadas-709x1024.jpg\" alt=\"Pantalones Acampanados: El Regreso Triunfal\" width=\"709\" height=\"1024\" srcset=\"https:\/\/graziamagazine.com\/mx\/wp-content\/uploads\/sites\/13\/2025\/02\/jeans-acampanados-blusa-lazo-sandalias-plateadas-709x1024.jpg 709w, https:\/\/graziamagazine.com\/mx\/wp-content\/uploads\/sites\/13\/2025\/02\/jeans-acampanados-blusa-lazo-sandalias-plateadas-312x450.jpg 312w, https:\/\/graziamagazine.com\/mx\/wp-content\/uploads\/sites\/13\/2025\/02\/jeans-acampanados-blusa-lazo-sandalias-plateadas-768x1109.jpg 768w, https:\/\/graziamagazine.com\/mx\/wp-content\/uploads\/sites\/13\/2025\/02\/jeans-acampanados-blusa-lazo-sandalias-plateadas-1063x1536.jpg 1063w, https:\/\/graziamagazine.com\/mx\/wp-content\/uploads\/sites\/13\/2025\/02\/jeans-acampanados-blusa-lazo-sandalias-plateadas-1418x2048.jpg 1418w, https:\/\/graziamagazine.com\/mx\/wp-content\/uploads\/sites\/13\/2025\/02\/jeans-acampanados-blusa-lazo-sandalias-plateadas-400x578.jpg 400w, https:\/\/graziamagazine.com\/mx\/wp-content\/uploads\/sites\/13\/2025\/02\/jeans-acampanados-blusa-lazo-sandalias-plateadas-149x215.jpg 149w, https:\/\/graziamagazine.com\/mx\/wp-content\/uploads\/sites\/13\/2025\/02\/jeans-acampanados-blusa-lazo-sandalias-plateadas.jpg 1600w\" sizes=\"(max-width: 709px) 100vw, 709px\" \/><figcaption id=\"caption-attachment-146706\" class=\"wp-caption-text\">Pantalones Acampanados: El Regreso Triunfal<\/figcaption><\/figure>\n<p>Wes Gordon, director creativo de Carolina Herrera, se inspir\u00f3 en la pel\u00edcula &#8220;Being There&#8221; para crear una colecci\u00f3n que fusiona romanticismo y modernidad. Los pantalones acampanados destacaron en la pasarela, adaptados a las tendencias actuales sin perder su esencia retro.<\/p>\n<h3><strong>Propuestas de Carolina Herrera para Oto\u00f1o-Invierno 2025<\/strong><\/h3>\n<figure id=\"attachment_146703\" aria-describedby=\"caption-attachment-146703\" style=\"width: 675px\" class=\"wp-caption alignnone\"><img loading=\"lazy\" decoding=\"async\" class=\"size-large wp-image-146703\" src=\"https:\/\/graziamagazine.com\/mx\/wp-content\/uploads\/sites\/13\/2025\/02\/Captura-de-Pantalla-2025-02-11-a-las-11.35.56-675x1024.png\" alt=\"Pantalones Acampanados: El Regreso Triunfal\" width=\"675\" height=\"1024\" srcset=\"https:\/\/graziamagazine.com\/mx\/wp-content\/uploads\/sites\/13\/2025\/02\/Captura-de-Pantalla-2025-02-11-a-las-11.35.56-675x1024.png 675w, https:\/\/graziamagazine.com\/mx\/wp-content\/uploads\/sites\/13\/2025\/02\/Captura-de-Pantalla-2025-02-11-a-las-11.35.56-297x450.png 297w, https:\/\/graziamagazine.com\/mx\/wp-content\/uploads\/sites\/13\/2025\/02\/Captura-de-Pantalla-2025-02-11-a-las-11.35.56-768x1165.png 768w, https:\/\/graziamagazine.com\/mx\/wp-content\/uploads\/sites\/13\/2025\/02\/Captura-de-Pantalla-2025-02-11-a-las-11.35.56-400x607.png 400w, https:\/\/graziamagazine.com\/mx\/wp-content\/uploads\/sites\/13\/2025\/02\/Captura-de-Pantalla-2025-02-11-a-las-11.35.56-142x215.png 142w, https:\/\/graziamagazine.com\/mx\/wp-content\/uploads\/sites\/13\/2025\/02\/Captura-de-Pantalla-2025-02-11-a-las-11.35.56.png 808w\" sizes=\"(max-width: 675px) 100vw, 675px\" \/><figcaption id=\"caption-attachment-146703\" class=\"wp-caption-text\">Pantalones Acampanados: El Regreso Triunfal<\/figcaption><\/figure>\n<p><strong>Pantalones Acampanados en Rojo Intenso<\/strong><\/p>\n<p>Un conjunto monocrom\u00e1tico en rojo quemado que incluye pantalones acampanados de talle alto, combinados con una blusa de cuello alto y zapatos de sat\u00e9n a juego. El look se completa con un cintur\u00f3n drapeado adornado con una flor XXL, aportando un toque rom\u00e1ntico y sofisticado.<\/p>\n<p><strong>Encaje Azul y Contrastes Vibrantes<\/strong><\/p>\n<p>Otra propuesta presenta pantalones acampanados de encaje azul, acompa\u00f1ados de una blusa larga del mismo material. Este conjunto se complementa con zapatos de punta en tono verde esmeralda, creando un contraste audaz y elegante.<\/p>\n<p><strong>Estilo Baggy en Azul \u00cdndigo<\/strong><\/p>\n<p>Para quienes buscan comodidad sin sacrificar estilo, la colecci\u00f3n ofrece pantalones acampanados de corte baggy en azul \u00edndigo. Combinados con un blazer entallado a juego y zapatos de punta triangular, este look evoca una elegancia desenfadada ideal para diversas ocasiones.<\/p>\n<h3><strong>C\u00f3mo Incorporar los Pantalones Acampanados en tu Armario<\/strong><\/h3>\n<figure id=\"attachment_146704\" aria-describedby=\"caption-attachment-146704\" style=\"width: 675px\" class=\"wp-caption alignnone\"><img loading=\"lazy\" decoding=\"async\" class=\"size-large wp-image-146704\" src=\"https:\/\/graziamagazine.com\/mx\/wp-content\/uploads\/sites\/13\/2025\/02\/Captura-de-Pantalla-2025-02-11-a-las-11.36.54-675x1024.png\" alt=\"Pantalones Acampanados: El Regreso Triunfal\" width=\"675\" height=\"1024\" srcset=\"https:\/\/graziamagazine.com\/mx\/wp-content\/uploads\/sites\/13\/2025\/02\/Captura-de-Pantalla-2025-02-11-a-las-11.36.54-675x1024.png 675w, https:\/\/graziamagazine.com\/mx\/wp-content\/uploads\/sites\/13\/2025\/02\/Captura-de-Pantalla-2025-02-11-a-las-11.36.54-297x450.png 297w, https:\/\/graziamagazine.com\/mx\/wp-content\/uploads\/sites\/13\/2025\/02\/Captura-de-Pantalla-2025-02-11-a-las-11.36.54-768x1165.png 768w, https:\/\/graziamagazine.com\/mx\/wp-content\/uploads\/sites\/13\/2025\/02\/Captura-de-Pantalla-2025-02-11-a-las-11.36.54-400x607.png 400w, https:\/\/graziamagazine.com\/mx\/wp-content\/uploads\/sites\/13\/2025\/02\/Captura-de-Pantalla-2025-02-11-a-las-11.36.54-142x215.png 142w, https:\/\/graziamagazine.com\/mx\/wp-content\/uploads\/sites\/13\/2025\/02\/Captura-de-Pantalla-2025-02-11-a-las-11.36.54.png 808w\" sizes=\"(max-width: 675px) 100vw, 675px\" \/><figcaption id=\"caption-attachment-146704\" class=\"wp-caption-text\">Pantalones Acampanados: El Regreso Triunfal<\/figcaption><\/figure>\n<p><strong>Monocrom\u00eda Sofisticada<\/strong>: Opta por conjuntos de un solo color para alargar la silueta y lograr un look elegante.<\/p>\n<p><strong>Texturas y Contrastes<\/strong>: Juega con diferentes tejidos y colores para a\u00f1adir profundidad y dinamismo a tu atuendo.<\/p>\n<p><strong>Accesorios Estrat\u00e9gicos<\/strong>: Complementa con cinturones llamativos o joyer\u00eda minimalista para realzar el conjunto sin restarle protagonismo a los pantalones.<\/p>\n<p>Los pantalones acampanados regresan con fuerza, adapt\u00e1ndose a las tendencias contempor\u00e1neas y ofreciendo m\u00faltiples opciones para quienes buscan renovar su estilo.<\/p>\n<p><em><strong>*IMAGEN: Google Images<\/strong><\/em><\/p>\n","protected":false},"author":28953,"featured_media":146708,"template":"","format":"standard","categories":[4],"acf":[],"yoast_head":"<!-- This site is optimized with the Yoast SEO Premium plugin v18.5 (Yoast SEO v20.4) - https:\/\/yoast.com\/wordpress\/plugins\/seo\/ -->\n<title>Pantalones Acampanados: El Regreso Triunfal<\/title>\n<meta name=\"description\" content=\"La tendencia retro que domina las pasarelas y promete conquistar el oto\u00f1o-invierno 2025.\" \/>\n<meta name=\"robots\" content=\"index, follow, max-snippet:-1, max-image-preview:large, max-video-preview:-1\" \/>\n<link rel=\"canonical\" href=\"https:\/\/graziamagazine.com\/mx\/articles\/pantalones-acampanados-el-regreso-triunfal\/\" \/>\n<meta property=\"og:locale\" content=\"es_MX\" \/>\n<meta property=\"og:type\" content=\"article\" \/>\n<meta property=\"og:title\" content=\"Pantalones Acampanados: El Regreso Triunfal\" \/>\n<meta property=\"og:description\" content=\"La tendencia retro que domina las pasarelas y promete conquistar el oto\u00f1o-invierno 2025.\" \/>\n<meta property=\"og:url\" content=\"https:\/\/graziamagazine.com\/mx\/articles\/pantalones-acampanados-el-regreso-triunfal\/\" \/>\n<meta property=\"og:site_name\" content=\"Grazia M\u00e9xico y Latinoam\u00e9rica\" \/>\n<meta property=\"article:modified_time\" content=\"2025-02-11T17:48:23+00:00\" \/>\n<meta property=\"og:image\" content=\"https:\/\/graziamagazine.com\/mx\/wp-content\/uploads\/sites\/13\/2025\/02\/Captura-de-Pantalla-2025-02-11-a-las-11.45.26.png\" \/>\n\t<meta property=\"og:image:width\" content=\"1188\" \/>\n\t<meta property=\"og:image:height\" content=\"930\" \/>\n\t<meta property=\"og:image:type\" content=\"image\/png\" \/>\n<meta name=\"twitter:card\" content=\"summary_large_image\" \/>\n<meta name=\"twitter:label1\" content=\"Est. reading time\" \/>\n\t<meta name=\"twitter:data1\" content=\"3 minutos\" \/>\n<script type=\"application\/ld+json\" class=\"yoast-schema-graph\">{\"@context\":\"https:\/\/schema.org\",\"@graph\":[{\"@type\":\"WebPage\",\"@id\":\"https:\/\/graziamagazine.com\/mx\/articles\/pantalones-acampanados-el-regreso-triunfal\/\",\"url\":\"https:\/\/graziamagazine.com\/mx\/articles\/pantalones-acampanados-el-regreso-triunfal\/\",\"name\":\"Pantalones Acampanados: El Regreso Triunfal\",\"isPartOf\":{\"@id\":\"https:\/\/graziamagazine.com\/mx\/#website\"},\"datePublished\":\"2025-02-11T17:30:40+00:00\",\"dateModified\":\"2025-02-11T17:48:23+00:00\",\"description\":\"La tendencia retro que domina las pasarelas y promete conquistar el oto\u00f1o-invierno 2025.\",\"breadcrumb\":{\"@id\":\"https:\/\/graziamagazine.com\/mx\/articles\/pantalones-acampanados-el-regreso-triunfal\/#breadcrumb\"},\"inLanguage\":\"es-MX\",\"potentialAction\":[{\"@type\":\"ReadAction\",\"target\":[\"https:\/\/graziamagazine.com\/mx\/articles\/pantalones-acampanados-el-regreso-triunfal\/\"]}]},{\"@type\":\"BreadcrumbList\",\"@id\":\"https:\/\/graziamagazine.com\/mx\/articles\/pantalones-acampanados-el-regreso-triunfal\/#breadcrumb\",\"itemListElement\":[{\"@type\":\"ListItem\",\"position\":1,\"name\":\"Home\",\"item\":\"https:\/\/graziamagazine.com\/mx\/\"},{\"@type\":\"ListItem\",\"position\":2,\"name\":\"Pantalones Acampanados: El Regreso Triunfal\"}]},{\"@type\":\"WebSite\",\"@id\":\"https:\/\/graziamagazine.com\/mx\/#website\",\"url\":\"https:\/\/graziamagazine.com\/mx\/\",\"name\":\"Grazia M\u00e9xico y Latinoam\u00e9rica\",\"description\":\"Grazia es moda, belleza y noticias  de actualidad \",\"potentialAction\":[{\"@type\":\"SearchAction\",\"target\":{\"@type\":\"EntryPoint\",\"urlTemplate\":\"https:\/\/graziamagazine.com\/mx\/?s={search_term_string}\"},\"query-input\":\"required name=search_term_string\"}],\"inLanguage\":\"es-MX\"}]}<\/script>\n<!-- \/ Yoast SEO Premium plugin. -->","yoast_head_json":{"title":"Pantalones Acampanados: El Regreso Triunfal","description":"La tendencia retro que domina las pasarelas y promete conquistar el oto\u00f1o-invierno 2025.","robots":{"index":"index","follow":"follow","max-snippet":"max-snippet:-1","max-image-preview":"max-image-preview:large","max-video-preview":"max-video-preview:-1"},"canonical":"https:\/\/graziamagazine.com\/mx\/articles\/pantalones-acampanados-el-regreso-triunfal\/","og_locale":"es_MX","og_type":"article","og_title":"Pantalones Acampanados: El Regreso Triunfal","og_description":"La tendencia retro que domina las pasarelas y promete conquistar el oto\u00f1o-invierno 2025.","og_url":"https:\/\/graziamagazine.com\/mx\/articles\/pantalones-acampanados-el-regreso-triunfal\/","og_site_name":"Grazia M\u00e9xico y Latinoam\u00e9rica","article_modified_time":"2025-02-11T17:48:23+00:00","og_image":[{"width":1188,"height":930,"url":"https:\/\/graziamagazine.com\/mx\/wp-content\/uploads\/sites\/13\/2025\/02\/Captura-de-Pantalla-2025-02-11-a-las-11.45.26.png","type":"image\/png"}],"twitter_card":"summary_large_image","twitter_misc":{"Est. reading time":"3 minutos"},"schema":{"@context":"https:\/\/schema.org","@graph":[{"@type":"WebPage","@id":"https:\/\/graziamagazine.com\/mx\/articles\/pantalones-acampanados-el-regreso-triunfal\/","url":"https:\/\/graziamagazine.com\/mx\/articles\/pantalones-acampanados-el-regreso-triunfal\/","name":"Pantalones Acampanados: El Regreso Triunfal","isPartOf":{"@id":"https:\/\/graziamagazine.com\/mx\/#website"},"datePublished":"2025-02-11T17:30:40+00:00","dateModified":"2025-02-11T17:48:23+00:00","description":"La tendencia retro que domina las pasarelas y promete conquistar el oto\u00f1o-invierno 2025.","breadcrumb":{"@id":"https:\/\/graziamagazine.com\/mx\/articles\/pantalones-acampanados-el-regreso-triunfal\/#breadcrumb"},"inLanguage":"es-MX","potentialAction":[{"@type":"ReadAction","target":["https:\/\/graziamagazine.com\/mx\/articles\/pantalones-acampanados-el-regreso-triunfal\/"]}]},{"@type":"BreadcrumbList","@id":"https:\/\/graziamagazine.com\/mx\/articles\/pantalones-acampanados-el-regreso-triunfal\/#breadcrumb","itemListElement":[{"@type":"ListItem","position":1,"name":"Home","item":"https:\/\/graziamagazine.com\/mx\/"},{"@type":"ListItem","position":2,"name":"Pantalones Acampanados: El Regreso Triunfal"}]},{"@type":"WebSite","@id":"https:\/\/graziamagazine.com\/mx\/#website","url":"https:\/\/graziamagazine.com\/mx\/","name":"Grazia M\u00e9xico y Latinoam\u00e9rica","description":"Grazia es moda, belleza y noticias  de actualidad ","potentialAction":[{"@type":"SearchAction","target":{"@type":"EntryPoint","urlTemplate":"https:\/\/graziamagazine.com\/mx\/?s={search_term_string}"},"query-input":"required name=search_term_string"}],"inLanguage":"es-MX"}]}},"jetpack_sharing_enabled":true,"distributor_meta":false,"distributor_terms":false,"distributor_media":false,"distributor_original_site_name":"Grazia M\u00e9xico y Latinoam\u00e9rica","distributor_original_site_url":"https:\/\/graziamagazine.com\/mx","push-errors":false,"_links":{"self":[{"href":"https:\/\/graziamagazine.com\/mx\/wp-json\/wp\/v2\/articles\/146693"}],"collection":[{"href":"https:\/\/graziamagazine.com\/mx\/wp-json\/wp\/v2\/articles"}],"about":[{"href":"https:\/\/graziamagazine.com\/mx\/wp-json\/wp\/v2\/types\/articles"}],"author":[{"embeddable":true,"href":"https:\/\/graziamagazine.com\/mx\/wp-json\/wp\/v2\/users\/28953"}],"wp:featuredmedia":[{"embeddable":true,"href":"https:\/\/graziamagazine.com\/mx\/wp-json\/wp\/v2\/media\/146708"}],"wp:attachment":[{"href":"https:\/\/graziamagazine.com\/mx\/wp-json\/wp\/v2\/media?parent=146693"}],"wp:term":[{"taxonomy":"category","embeddable":true,"href":"https:\/\/graziamagazine.com\/mx\/wp-json\/wp\/v2\/categories?post=146693"}],"curies":[{"name":"wp","href":"https:\/\/api.w.org\/{rel}","templated":true}]}}