{"id":146679,"date":"2025-02-10T21:00:34","date_gmt":"2025-02-11T02:00:34","guid":{"rendered":"https:\/\/graziamagazine.com\/mx\/?post_type=articles&#038;p=146679"},"modified":"2025-02-11T04:12:11","modified_gmt":"2025-02-11T09:12:11","slug":"todo-sobre-desfile-carolina-herrera-nueva-york","status":"publish","type":"articles","link":"https:\/\/graziamagazine.com\/mx\/articles\/todo-sobre-desfile-carolina-herrera-nueva-york\/","title":{"rendered":"Todo sobre el desfile de Carolina Herrera en Nueva York"},"content":{"rendered":"<p class=\"p1\">Todos amamos las flores, y <b>Carolina Herrera<\/b>, con su director creativo, <b>Wes Gordon<\/b>, transformaron las oficinas centrales de la marca, ubicadas en Solow Building en Central Park de Nueva York, en un jard\u00edn lleno de flores, las cuales inspiraron la colecci\u00f3n de Oto\u00f1o\/Invierno 2025.<\/p>\n<p class=\"p1\">El desfile se llev\u00f3 a cabo este lunes y Carolina Herrera, fundadora de la marca hom\u00f3nima asisti\u00f3 junto a sus hijas <b>Carolina Adriana y Patricia.<\/b><\/p>\n<p class=\"p1\">La colecci\u00f3n fue inspirada en el libro <b><i>Being There<\/i>\u00a0de Jerzy Kosi\u0144ski<\/b> y la pel\u00edcula que surgi\u00f3 de la historia, <b><i>Bienvenido, Mr. Chance<\/i>\u00a0<\/b>en 1979 y fue creada por Wes.<span class=\"Apple-converted-space\">\u00a0<\/span><\/p>\n<figure id=\"attachment_146682\" aria-describedby=\"caption-attachment-146682\" style=\"width: 1290px\" class=\"wp-caption alignnone\"><img loading=\"lazy\" decoding=\"async\" class=\"wp-image-146682 size-full\" src=\"https:\/\/graziamagazine.com\/mx\/wp-content\/uploads\/sites\/13\/2025\/02\/WhatsApp-Image-2025-02-10-at-7.57.23-PM-4.jpeg\" alt=\"\" width=\"1290\" height=\"1577\" srcset=\"https:\/\/graziamagazine.com\/mx\/wp-content\/uploads\/sites\/13\/2025\/02\/WhatsApp-Image-2025-02-10-at-7.57.23-PM-4.jpeg 1290w, https:\/\/graziamagazine.com\/mx\/wp-content\/uploads\/sites\/13\/2025\/02\/WhatsApp-Image-2025-02-10-at-7.57.23-PM-4-368x450.jpeg 368w, https:\/\/graziamagazine.com\/mx\/wp-content\/uploads\/sites\/13\/2025\/02\/WhatsApp-Image-2025-02-10-at-7.57.23-PM-4-838x1024.jpeg 838w, https:\/\/graziamagazine.com\/mx\/wp-content\/uploads\/sites\/13\/2025\/02\/WhatsApp-Image-2025-02-10-at-7.57.23-PM-4-768x939.jpeg 768w, https:\/\/graziamagazine.com\/mx\/wp-content\/uploads\/sites\/13\/2025\/02\/WhatsApp-Image-2025-02-10-at-7.57.23-PM-4-1256x1536.jpeg 1256w, https:\/\/graziamagazine.com\/mx\/wp-content\/uploads\/sites\/13\/2025\/02\/WhatsApp-Image-2025-02-10-at-7.57.23-PM-4-400x489.jpeg 400w, https:\/\/graziamagazine.com\/mx\/wp-content\/uploads\/sites\/13\/2025\/02\/WhatsApp-Image-2025-02-10-at-7.57.23-PM-4-155x189.jpeg 155w\" sizes=\"(max-width: 1290px) 100vw, 1290px\" \/><figcaption id=\"caption-attachment-146682\" class=\"wp-caption-text\">Carolina Herrera<\/figcaption><\/figure>\n<p class=\"p1\">Broches de flores ba\u00f1ados en oro, enormes fajas con rosas de seda y bolsos de noche en forma de rosas fueron los protagonistas del desfile.<span class=\"Apple-converted-space\">\u00a0<\/span><\/p>\n<p class=\"p1\">Con una paleta de colores muy cariada, las prendas se pintaron de <b>rojos, azules y verdes intensos<\/b>, hasta los <b>grises y negros<\/b> m\u00e1s conservadores.<\/p>\n<figure id=\"attachment_146681\" aria-describedby=\"caption-attachment-146681\" style=\"width: 1290px\" class=\"wp-caption alignnone\"><img loading=\"lazy\" decoding=\"async\" class=\"wp-image-146681 size-full\" src=\"https:\/\/graziamagazine.com\/mx\/wp-content\/uploads\/sites\/13\/2025\/02\/WhatsApp-Image-2025-02-10-at-7.57.23-PM-5.jpeg\" alt=\"\" width=\"1290\" height=\"1486\" srcset=\"https:\/\/graziamagazine.com\/mx\/wp-content\/uploads\/sites\/13\/2025\/02\/WhatsApp-Image-2025-02-10-at-7.57.23-PM-5.jpeg 1290w, https:\/\/graziamagazine.com\/mx\/wp-content\/uploads\/sites\/13\/2025\/02\/WhatsApp-Image-2025-02-10-at-7.57.23-PM-5-391x450.jpeg 391w, https:\/\/graziamagazine.com\/mx\/wp-content\/uploads\/sites\/13\/2025\/02\/WhatsApp-Image-2025-02-10-at-7.57.23-PM-5-889x1024.jpeg 889w, https:\/\/graziamagazine.com\/mx\/wp-content\/uploads\/sites\/13\/2025\/02\/WhatsApp-Image-2025-02-10-at-7.57.23-PM-5-768x885.jpeg 768w, https:\/\/graziamagazine.com\/mx\/wp-content\/uploads\/sites\/13\/2025\/02\/WhatsApp-Image-2025-02-10-at-7.57.23-PM-5-400x461.jpeg 400w, https:\/\/graziamagazine.com\/mx\/wp-content\/uploads\/sites\/13\/2025\/02\/WhatsApp-Image-2025-02-10-at-7.57.23-PM-5-155x179.jpeg 155w\" sizes=\"(max-width: 1290px) 100vw, 1290px\" \/><figcaption id=\"caption-attachment-146681\" class=\"wp-caption-text\">Carolina Herrera<\/figcaption><\/figure>\n<p class=\"p1\">Sobre las siluetas, <b>los pantalones acampanados<\/b> pero con un entallado ajustado, son la apuesta de la marca para la elegancia y sofisticaci\u00f3n. Una tendencia que recuerda a los a\u00f1os 60 y 70 donde ese tipo de pantalones fueron un <i>boom <\/i>en la moda de la \u00e9poca.<span class=\"Apple-converted-space\">\u00a0<\/span><\/p>\n<p class=\"p1\">El desfile lo abri\u00f3 la supermodelo del momento <b>Lulu Tenney\u00a0<\/b>con un atuendo con pantalones negros de acampanado ligero que no ocultaba los zapatos de charol y una blusa de cuello de cisne, todo del mismo color, excepto por una faja con una flor enorme satinada en color azul.<\/p>\n<div class=\"content-gallery\"><div class=\"gallery-placeholder\"><div class=\"spinner\"><\/div><\/div><span class=\"gallery-pagination\"><\/span><div id=\"gallery-1\" class=\"gallery galleryid-146679 gallery-columns- gallery-size-\"><figure class=\"gallery-item\"><div class=\"gallery-icon landscape\"><img loading=\"lazy\" decoding=\"async\" width=\"1066\" height=\"1600\" src=\"https:\/\/graziamagazine.com\/mx\/wp-content\/uploads\/sites\/13\/2025\/02\/WhatsApp-Image-2025-02-10-at-8.01.38-PM.jpeg\" class=\"lazy\" alt=\"\" srcset=\"https:\/\/graziamagazine.com\/mx\/wp-content\/uploads\/sites\/13\/2025\/02\/WhatsApp-Image-2025-02-10-at-8.01.38-PM.jpeg 1066w, https:\/\/graziamagazine.com\/mx\/wp-content\/uploads\/sites\/13\/2025\/02\/WhatsApp-Image-2025-02-10-at-8.01.38-PM-300x450.jpeg 300w, https:\/\/graziamagazine.com\/mx\/wp-content\/uploads\/sites\/13\/2025\/02\/WhatsApp-Image-2025-02-10-at-8.01.38-PM-682x1024.jpeg 682w, https:\/\/graziamagazine.com\/mx\/wp-content\/uploads\/sites\/13\/2025\/02\/WhatsApp-Image-2025-02-10-at-8.01.38-PM-768x1153.jpeg 768w, https:\/\/graziamagazine.com\/mx\/wp-content\/uploads\/sites\/13\/2025\/02\/WhatsApp-Image-2025-02-10-at-8.01.38-PM-1023x1536.jpeg 1023w, https:\/\/graziamagazine.com\/mx\/wp-content\/uploads\/sites\/13\/2025\/02\/WhatsApp-Image-2025-02-10-at-8.01.38-PM-400x600.jpeg 400w, https:\/\/graziamagazine.com\/mx\/wp-content\/uploads\/sites\/13\/2025\/02\/WhatsApp-Image-2025-02-10-at-8.01.38-PM-143x215.jpeg 143w\" sizes=\"(max-width: 1066px) 100vw, 1066px\" \/><\/div><figcaption class=\"wp-caption-text gallery-caption\" id=\"gallery-1-146686\">Carolina Herrera<\/figcaption><\/figure><figure class=\"gallery-item\"><div class=\"gallery-icon landscape\"><img loading=\"lazy\" decoding=\"async\" width=\"1066\" height=\"1600\" src=\"https:\/\/graziamagazine.com\/mx\/wp-content\/uploads\/sites\/13\/2025\/02\/WhatsApp-Image-2025-02-10-at-8.01.43-PM.jpeg\" class=\"lazy\" alt=\"\" srcset=\"https:\/\/graziamagazine.com\/mx\/wp-content\/uploads\/sites\/13\/2025\/02\/WhatsApp-Image-2025-02-10-at-8.01.43-PM.jpeg 1066w, https:\/\/graziamagazine.com\/mx\/wp-content\/uploads\/sites\/13\/2025\/02\/WhatsApp-Image-2025-02-10-at-8.01.43-PM-300x450.jpeg 300w, https:\/\/graziamagazine.com\/mx\/wp-content\/uploads\/sites\/13\/2025\/02\/WhatsApp-Image-2025-02-10-at-8.01.43-PM-682x1024.jpeg 682w, https:\/\/graziamagazine.com\/mx\/wp-content\/uploads\/sites\/13\/2025\/02\/WhatsApp-Image-2025-02-10-at-8.01.43-PM-768x1153.jpeg 768w, https:\/\/graziamagazine.com\/mx\/wp-content\/uploads\/sites\/13\/2025\/02\/WhatsApp-Image-2025-02-10-at-8.01.43-PM-1023x1536.jpeg 1023w, https:\/\/graziamagazine.com\/mx\/wp-content\/uploads\/sites\/13\/2025\/02\/WhatsApp-Image-2025-02-10-at-8.01.43-PM-400x600.jpeg 400w, https:\/\/graziamagazine.com\/mx\/wp-content\/uploads\/sites\/13\/2025\/02\/WhatsApp-Image-2025-02-10-at-8.01.43-PM-143x215.jpeg 143w\" sizes=\"(max-width: 1066px) 100vw, 1066px\" \/><\/div><figcaption class=\"wp-caption-text gallery-caption\" id=\"gallery-1-146685\">Carolina Herrera<\/figcaption><\/figure><figure class=\"gallery-item\"><div class=\"gallery-icon landscape\"><img loading=\"lazy\" decoding=\"async\" width=\"1066\" height=\"1600\" src=\"https:\/\/graziamagazine.com\/mx\/wp-content\/uploads\/sites\/13\/2025\/02\/WhatsApp-Image-2025-02-10-at-8.01.50-PM.jpeg\" class=\"lazy\" alt=\"\" srcset=\"https:\/\/graziamagazine.com\/mx\/wp-content\/uploads\/sites\/13\/2025\/02\/WhatsApp-Image-2025-02-10-at-8.01.50-PM.jpeg 1066w, https:\/\/graziamagazine.com\/mx\/wp-content\/uploads\/sites\/13\/2025\/02\/WhatsApp-Image-2025-02-10-at-8.01.50-PM-300x450.jpeg 300w, https:\/\/graziamagazine.com\/mx\/wp-content\/uploads\/sites\/13\/2025\/02\/WhatsApp-Image-2025-02-10-at-8.01.50-PM-682x1024.jpeg 682w, https:\/\/graziamagazine.com\/mx\/wp-content\/uploads\/sites\/13\/2025\/02\/WhatsApp-Image-2025-02-10-at-8.01.50-PM-768x1153.jpeg 768w, https:\/\/graziamagazine.com\/mx\/wp-content\/uploads\/sites\/13\/2025\/02\/WhatsApp-Image-2025-02-10-at-8.01.50-PM-1023x1536.jpeg 1023w, https:\/\/graziamagazine.com\/mx\/wp-content\/uploads\/sites\/13\/2025\/02\/WhatsApp-Image-2025-02-10-at-8.01.50-PM-400x600.jpeg 400w, https:\/\/graziamagazine.com\/mx\/wp-content\/uploads\/sites\/13\/2025\/02\/WhatsApp-Image-2025-02-10-at-8.01.50-PM-143x215.jpeg 143w\" sizes=\"(max-width: 1066px) 100vw, 1066px\" \/><\/div><figcaption class=\"wp-caption-text gallery-caption\" id=\"gallery-1-146684\">Carolina Herrera<\/figcaption><\/figure><\/div><\/div>\n<p class=\"p1\">Wes present\u00f3 otro atuendo muy similar pero esta vez en un <b>rojo quemado<\/b> o el singular rojo de Carolina Herrera. Esta vez, con un bolso chico que una rosa a tono de tama\u00f1o extragrande.<span class=\"Apple-converted-space\">\u00a0<\/span><\/p>\n<p class=\"p1\">La marca tambi\u00e9n present\u00f3 <b>pantalones acampanados estilo baggy<\/b> casi siempre con un blazer a juego, que es ideal para la temporada donde las temperaturas suelen bajar. Sin duda, una colecci\u00f3n que lo tiene todo.<span class=\"Apple-converted-space\">\u00a0<\/span><\/p>\n","protected":false},"author":36289,"featured_media":146683,"template":"","format":"standard","categories":[12517],"acf":[],"yoast_head":"<!-- This site is optimized with the Yoast SEO Premium plugin v18.5 (Yoast SEO v20.4) - https:\/\/yoast.com\/wordpress\/plugins\/seo\/ -->\n<title>Todo sobre el desfile de Carolina Herrera en Nueva York | Grazia M\u00e9xico y Latinoam\u00e9rica<\/title>\n<meta name=\"description\" content=\"Todos amamos las flores, y Carolina Herrera, con su director creativo, Wes Gordon, transformaron las oficinas centrales de la marca, ubicadas en Solow\" \/>\n<meta name=\"robots\" content=\"index, follow, max-snippet:-1, max-image-preview:large, max-video-preview:-1\" \/>\n<link rel=\"canonical\" href=\"https:\/\/graziamagazine.com\/mx\/articles\/todo-sobre-desfile-carolina-herrera-nueva-york\/\" \/>\n<meta property=\"og:locale\" content=\"es_MX\" \/>\n<meta property=\"og:type\" content=\"article\" \/>\n<meta property=\"og:title\" content=\"Todo sobre el desfile de Carolina Herrera en Nueva York\" \/>\n<meta property=\"og:description\" content=\"Todos amamos las flores, y Carolina Herrera, con su director creativo, Wes Gordon, transformaron las oficinas centrales de la marca, ubicadas en Solow\" \/>\n<meta property=\"og:url\" content=\"https:\/\/graziamagazine.com\/mx\/articles\/todo-sobre-desfile-carolina-herrera-nueva-york\/\" \/>\n<meta property=\"og:site_name\" content=\"Grazia M\u00e9xico y Latinoam\u00e9rica\" \/>\n<meta property=\"article:modified_time\" content=\"2025-02-11T09:12:11+00:00\" \/>\n<meta property=\"og:image\" content=\"https:\/\/graziamagazine.com\/mx\/wp-content\/uploads\/sites\/13\/2025\/02\/WhatsApp-Image-2025-02-10-at-7.57.23-PM-3-e1739239655396.jpeg\" \/>\n\t<meta property=\"og:image:width\" content=\"1279\" \/>\n\t<meta property=\"og:image:height\" content=\"718\" \/>\n\t<meta property=\"og:image:type\" content=\"image\/jpeg\" \/>\n<meta name=\"twitter:card\" content=\"summary_large_image\" \/>\n<meta name=\"twitter:label1\" content=\"Est. reading time\" \/>\n\t<meta name=\"twitter:data1\" content=\"2 minutos\" \/>\n<script type=\"application\/ld+json\" class=\"yoast-schema-graph\">{\"@context\":\"https:\/\/schema.org\",\"@graph\":[{\"@type\":\"WebPage\",\"@id\":\"https:\/\/graziamagazine.com\/mx\/articles\/todo-sobre-desfile-carolina-herrera-nueva-york\/\",\"url\":\"https:\/\/graziamagazine.com\/mx\/articles\/todo-sobre-desfile-carolina-herrera-nueva-york\/\",\"name\":\"Todo sobre el desfile de Carolina Herrera en Nueva York | Grazia M\u00e9xico y Latinoam\u00e9rica\",\"isPartOf\":{\"@id\":\"https:\/\/graziamagazine.com\/mx\/#website\"},\"datePublished\":\"2025-02-11T02:00:34+00:00\",\"dateModified\":\"2025-02-11T09:12:11+00:00\",\"description\":\"Todos amamos las flores, y Carolina Herrera, con su director creativo, Wes Gordon, transformaron las oficinas centrales de la marca, ubicadas en Solow\",\"breadcrumb\":{\"@id\":\"https:\/\/graziamagazine.com\/mx\/articles\/todo-sobre-desfile-carolina-herrera-nueva-york\/#breadcrumb\"},\"inLanguage\":\"es-MX\",\"potentialAction\":[{\"@type\":\"ReadAction\",\"target\":[\"https:\/\/graziamagazine.com\/mx\/articles\/todo-sobre-desfile-carolina-herrera-nueva-york\/\"]}]},{\"@type\":\"BreadcrumbList\",\"@id\":\"https:\/\/graziamagazine.com\/mx\/articles\/todo-sobre-desfile-carolina-herrera-nueva-york\/#breadcrumb\",\"itemListElement\":[{\"@type\":\"ListItem\",\"position\":1,\"name\":\"Home\",\"item\":\"https:\/\/graziamagazine.com\/mx\/\"},{\"@type\":\"ListItem\",\"position\":2,\"name\":\"Todo sobre el desfile de Carolina Herrera en Nueva York\"}]},{\"@type\":\"WebSite\",\"@id\":\"https:\/\/graziamagazine.com\/mx\/#website\",\"url\":\"https:\/\/graziamagazine.com\/mx\/\",\"name\":\"Grazia M\u00e9xico y Latinoam\u00e9rica\",\"description\":\"Grazia es moda, belleza y noticias  de actualidad \",\"potentialAction\":[{\"@type\":\"SearchAction\",\"target\":{\"@type\":\"EntryPoint\",\"urlTemplate\":\"https:\/\/graziamagazine.com\/mx\/?s={search_term_string}\"},\"query-input\":\"required name=search_term_string\"}],\"inLanguage\":\"es-MX\"}]}<\/script>\n<!-- \/ Yoast SEO Premium plugin. -->","yoast_head_json":{"title":"Todo sobre el desfile de Carolina Herrera en Nueva York | Grazia M\u00e9xico y Latinoam\u00e9rica","description":"Todos amamos las flores, y Carolina Herrera, con su director creativo, Wes Gordon, transformaron las oficinas centrales de la marca, ubicadas en Solow","robots":{"index":"index","follow":"follow","max-snippet":"max-snippet:-1","max-image-preview":"max-image-preview:large","max-video-preview":"max-video-preview:-1"},"canonical":"https:\/\/graziamagazine.com\/mx\/articles\/todo-sobre-desfile-carolina-herrera-nueva-york\/","og_locale":"es_MX","og_type":"article","og_title":"Todo sobre el desfile de Carolina Herrera en Nueva York","og_description":"Todos amamos las flores, y Carolina Herrera, con su director creativo, Wes Gordon, transformaron las oficinas centrales de la marca, ubicadas en Solow","og_url":"https:\/\/graziamagazine.com\/mx\/articles\/todo-sobre-desfile-carolina-herrera-nueva-york\/","og_site_name":"Grazia M\u00e9xico y Latinoam\u00e9rica","article_modified_time":"2025-02-11T09:12:11+00:00","og_image":[{"width":1279,"height":718,"url":"https:\/\/graziamagazine.com\/mx\/wp-content\/uploads\/sites\/13\/2025\/02\/WhatsApp-Image-2025-02-10-at-7.57.23-PM-3-e1739239655396.jpeg","type":"image\/jpeg"}],"twitter_card":"summary_large_image","twitter_misc":{"Est. reading time":"2 minutos"},"schema":{"@context":"https:\/\/schema.org","@graph":[{"@type":"WebPage","@id":"https:\/\/graziamagazine.com\/mx\/articles\/todo-sobre-desfile-carolina-herrera-nueva-york\/","url":"https:\/\/graziamagazine.com\/mx\/articles\/todo-sobre-desfile-carolina-herrera-nueva-york\/","name":"Todo sobre el desfile de Carolina Herrera en Nueva York | Grazia M\u00e9xico y Latinoam\u00e9rica","isPartOf":{"@id":"https:\/\/graziamagazine.com\/mx\/#website"},"datePublished":"2025-02-11T02:00:34+00:00","dateModified":"2025-02-11T09:12:11+00:00","description":"Todos amamos las flores, y Carolina Herrera, con su director creativo, Wes Gordon, transformaron las oficinas centrales de la marca, ubicadas en Solow","breadcrumb":{"@id":"https:\/\/graziamagazine.com\/mx\/articles\/todo-sobre-desfile-carolina-herrera-nueva-york\/#breadcrumb"},"inLanguage":"es-MX","potentialAction":[{"@type":"ReadAction","target":["https:\/\/graziamagazine.com\/mx\/articles\/todo-sobre-desfile-carolina-herrera-nueva-york\/"]}]},{"@type":"BreadcrumbList","@id":"https:\/\/graziamagazine.com\/mx\/articles\/todo-sobre-desfile-carolina-herrera-nueva-york\/#breadcrumb","itemListElement":[{"@type":"ListItem","position":1,"name":"Home","item":"https:\/\/graziamagazine.com\/mx\/"},{"@type":"ListItem","position":2,"name":"Todo sobre el desfile de Carolina Herrera en Nueva York"}]},{"@type":"WebSite","@id":"https:\/\/graziamagazine.com\/mx\/#website","url":"https:\/\/graziamagazine.com\/mx\/","name":"Grazia M\u00e9xico y Latinoam\u00e9rica","description":"Grazia es moda, belleza y noticias  de actualidad ","potentialAction":[{"@type":"SearchAction","target":{"@type":"EntryPoint","urlTemplate":"https:\/\/graziamagazine.com\/mx\/?s={search_term_string}"},"query-input":"required name=search_term_string"}],"inLanguage":"es-MX"}]}},"jetpack_sharing_enabled":true,"distributor_meta":false,"distributor_terms":false,"distributor_media":false,"distributor_original_site_name":"Grazia M\u00e9xico y Latinoam\u00e9rica","distributor_original_site_url":"https:\/\/graziamagazine.com\/mx","push-errors":false,"_links":{"self":[{"href":"https:\/\/graziamagazine.com\/mx\/wp-json\/wp\/v2\/articles\/146679"}],"collection":[{"href":"https:\/\/graziamagazine.com\/mx\/wp-json\/wp\/v2\/articles"}],"about":[{"href":"https:\/\/graziamagazine.com\/mx\/wp-json\/wp\/v2\/types\/articles"}],"author":[{"embeddable":true,"href":"https:\/\/graziamagazine.com\/mx\/wp-json\/wp\/v2\/users\/36289"}],"wp:featuredmedia":[{"embeddable":true,"href":"https:\/\/graziamagazine.com\/mx\/wp-json\/wp\/v2\/media\/146683"}],"wp:attachment":[{"href":"https:\/\/graziamagazine.com\/mx\/wp-json\/wp\/v2\/media?parent=146679"}],"wp:term":[{"taxonomy":"category","embeddable":true,"href":"https:\/\/graziamagazine.com\/mx\/wp-json\/wp\/v2\/categories?post=146679"}],"curies":[{"name":"wp","href":"https:\/\/api.w.org\/{rel}","templated":true}]}}