{"id":146489,"date":"2025-02-04T17:32:53","date_gmt":"2025-02-04T22:32:53","guid":{"rendered":"https:\/\/graziamagazine.com\/mx\/?post_type=articles&#038;p=146489"},"modified":"2025-02-05T15:59:28","modified_gmt":"2025-02-05T20:59:28","slug":"la-cuadra-san-cristobal-de-luis-barragan-se-abre-al-publico-como-espacio-cultural","status":"publish","type":"articles","link":"https:\/\/graziamagazine.com\/mx\/articles\/la-cuadra-san-cristobal-de-luis-barragan-se-abre-al-publico-como-espacio-cultural\/","title":{"rendered":"La Cuadra San Crist\u00f3bal de Luis Barrag\u00e1n se abre al p\u00fablico como espacio cultural"},"content":{"rendered":"<p><span style=\"font-weight: 400\">La <strong>Cuadra San Crist\u00f3bal de Luis Barrag\u00e1n<\/strong> est\u00e1 a punto de iniciar una nueva etapa. La <strong>Fundaci\u00f3n Fernando Romero<\/strong> ha anunciado la transformaci\u00f3n de esta obra arquitect\u00f3nica en un espacio cultural abierto al p\u00fablico y a la comunidad internacional del arte y la arquitectura. A partir de octubre de este 2025, los visitantes podr\u00e1n sumergirse en la est\u00e9tica y el legado del afamado arquitecto mexicano en un entorno dise\u00f1ado para la reflexi\u00f3n y la creatividad.<\/span><\/p>\n<p><span style=\"font-weight: 400\">Construida a finales de los a\u00f1os 60 como una hacienda privada con instalaciones ecuestres y amplios jardines, La Cuadra San Crist\u00f3bal de Luis Barrag\u00e1n ha sido un referente del modernismo mexicano.\u00a0<\/span><\/p>\n<p><span style=\"font-weight: 400\">La reciente adquisici\u00f3n por parte de la Fundaci\u00f3n Fernando Romero es el inicio de un ambicioso proyecto que busca preservar su esencia mientras la convierte en un destino cultural din\u00e1mico.<\/span><\/p>\n<figure id=\"attachment_146492\" aria-describedby=\"caption-attachment-146492\" style=\"width: 450px\" class=\"wp-caption alignnone\"><img loading=\"lazy\" decoding=\"async\" class=\"wp-image-146492 size-medium\" src=\"https:\/\/graziamagazine.com\/mx\/wp-content\/uploads\/sites\/13\/2025\/02\/barragan3-450x273.jpg\" alt=\"\" width=\"450\" height=\"273\" srcset=\"https:\/\/graziamagazine.com\/mx\/wp-content\/uploads\/sites\/13\/2025\/02\/barragan3-450x273.jpg 450w, https:\/\/graziamagazine.com\/mx\/wp-content\/uploads\/sites\/13\/2025\/02\/barragan3-768x466.jpg 768w, https:\/\/graziamagazine.com\/mx\/wp-content\/uploads\/sites\/13\/2025\/02\/barragan3-400x243.jpg 400w, https:\/\/graziamagazine.com\/mx\/wp-content\/uploads\/sites\/13\/2025\/02\/barragan3-155x94.jpg 155w, https:\/\/graziamagazine.com\/mx\/wp-content\/uploads\/sites\/13\/2025\/02\/barragan3.jpg 857w\" sizes=\"(max-width: 450px) 100vw, 450px\" \/><figcaption id=\"caption-attachment-146492\" class=\"wp-caption-text\">Patio exterior en La Cuadra San Crist\u00f3bal. Yannik Wegner, Cortes\u00eda de Fundaci\u00f3n Fernando Romero.<\/figcaption><\/figure>\n<p><span style=\"font-weight: 400\">El proyecto contempla varias fases de expansi\u00f3n que incluir\u00e1n la construcci\u00f3n de pabellones dise\u00f1ados por renombrados arquitectos internacionales, como un pabell\u00f3n de madera a cargo de <strong>Kengo Kuma<\/strong>. Este crecimiento responde a la visi\u00f3n de consolidar La Cuadra San Crist\u00f3bal de Barrag\u00e1n como un espacio de experimentaci\u00f3n y di\u00e1logo entre arte, dise\u00f1o y arquitectura.<\/span><\/p>\n<p><span style=\"font-weight: 400\">Entre las actividades programadas, destacan:<\/span><\/p>\n<ul>\n<li><span style=\"font-weight: 400\">Una exposici\u00f3n permanente sobre la vida y obra de Luis Barrag\u00e1n.<\/span><\/li>\n<li><span style=\"font-weight: 400\">Residencias para artistas.<\/span><\/li>\n<li><span style=\"font-weight: 400\">Una galer\u00eda con piezas de dise\u00f1o y archivo.<\/span><\/li>\n<li><span style=\"font-weight: 400\">Una biblioteca especializada.<\/span><\/li>\n<li><span style=\"font-weight: 400\">Un estudio de producci\u00f3n de podcasts.<\/span><\/li>\n<li><span style=\"font-weight: 400\">Espacios para galer\u00edas e instalaciones temporales.<\/span><\/li>\n<\/ul>\n<figure id=\"attachment_146491\" aria-describedby=\"caption-attachment-146491\" style=\"width: 450px\" class=\"wp-caption alignnone\"><img loading=\"lazy\" decoding=\"async\" class=\"size-medium wp-image-146491\" src=\"https:\/\/graziamagazine.com\/mx\/wp-content\/uploads\/sites\/13\/2025\/02\/barragan2-450x276.jpg\" alt=\"\" width=\"450\" height=\"276\" srcset=\"https:\/\/graziamagazine.com\/mx\/wp-content\/uploads\/sites\/13\/2025\/02\/barragan2-450x276.jpg 450w, https:\/\/graziamagazine.com\/mx\/wp-content\/uploads\/sites\/13\/2025\/02\/barragan2-768x471.jpg 768w, https:\/\/graziamagazine.com\/mx\/wp-content\/uploads\/sites\/13\/2025\/02\/barragan2-400x245.jpg 400w, https:\/\/graziamagazine.com\/mx\/wp-content\/uploads\/sites\/13\/2025\/02\/barragan2-155x95.jpg 155w, https:\/\/graziamagazine.com\/mx\/wp-content\/uploads\/sites\/13\/2025\/02\/barragan2.jpg 874w\" sizes=\"(max-width: 450px) 100vw, 450px\" \/><figcaption id=\"caption-attachment-146491\" class=\"wp-caption-text\">Patio exterior y establos en La Cuadra San Crist\u00f3bal. Yannik Wegner, Cortes\u00eda de Fundaci\u00f3n Fernando Romero.<\/figcaption><\/figure>\n<p><span style=\"font-weight: 400\">Adem\u00e1s, cada a\u00f1o durante la Semana del Arte en M\u00e9xico, el patio de La Cuadra ser\u00e1 sede de intervenciones art\u00edsticas. En 2025, la primera invitada ser\u00e1 <strong>Marina Abramovi\u0107<\/strong>, quien regresar\u00e1 a M\u00e9xico para ofrecer una pl\u00e1tica y una intervenci\u00f3n en este recinto.<\/span><\/p>\n<p><span style=\"font-weight: 400\">Adem\u00e1s, la inauguraci\u00f3n oficial de La Cuadra San Crist\u00f3bal contar\u00e1 con una exposici\u00f3n permanente curada por<strong> Jorge Covarrubias.<\/strong> Esta muestra recorrer\u00e1 las primeras construcciones modernas de Barrag\u00e1n en la Ciudad de M\u00e9xico, incluyendo ocho de sus obras m\u00e1s famosas como<strong> la Casa Estudio Barrag\u00e1n, la Casa Gilardi y las Torres de Sat\u00e9lite.<\/strong><\/span><\/p>\n<p>&nbsp;<\/p>\n<p><em>*Foto principal: Patio exterior en La Cuadra San Crist\u00f3bal. Yannik Wegner, Cortes\u00eda de Fundaci\u00f3n Fernando Romero.<\/em><\/p>\n","protected":false},"author":11628,"featured_media":146490,"template":"","format":"standard","categories":[12483,14834],"acf":[],"yoast_head":"<!-- This site is optimized with the Yoast SEO Premium plugin v18.5 (Yoast SEO v20.4) - https:\/\/yoast.com\/wordpress\/plugins\/seo\/ -->\n<title>La Cuadra San Crist\u00f3bal de Luis Barrag\u00e1n abre al p\u00fablico<\/title>\n<meta name=\"description\" content=\"La obra de Luis Barrag\u00e1n se convertir\u00e1 en un espacio cultural abierto al p\u00fablico en 2025. Descubre las experiencias art\u00edsticas que habr\u00e1.\" \/>\n<meta name=\"robots\" content=\"index, follow, max-snippet:-1, max-image-preview:large, max-video-preview:-1\" \/>\n<link rel=\"canonical\" href=\"https:\/\/graziamagazine.com\/mx\/articles\/la-cuadra-san-cristobal-de-luis-barragan-se-abre-al-publico-como-espacio-cultural\/\" \/>\n<meta property=\"og:locale\" content=\"es_MX\" \/>\n<meta property=\"og:type\" content=\"article\" \/>\n<meta property=\"og:title\" content=\"La Cuadra San Crist\u00f3bal de Luis Barrag\u00e1n se abre al p\u00fablico como espacio cultural\" \/>\n<meta property=\"og:description\" content=\"La obra de Luis Barrag\u00e1n se convertir\u00e1 en un espacio cultural abierto al p\u00fablico en 2025. Descubre las experiencias art\u00edsticas que habr\u00e1.\" \/>\n<meta property=\"og:url\" content=\"https:\/\/graziamagazine.com\/mx\/articles\/la-cuadra-san-cristobal-de-luis-barragan-se-abre-al-publico-como-espacio-cultural\/\" \/>\n<meta property=\"og:site_name\" content=\"Grazia M\u00e9xico y Latinoam\u00e9rica\" \/>\n<meta property=\"article:modified_time\" content=\"2025-02-05T20:59:28+00:00\" \/>\n<meta property=\"og:image\" content=\"https:\/\/graziamagazine.com\/mx\/wp-content\/uploads\/sites\/13\/2025\/02\/barragan.jpg\" \/>\n\t<meta property=\"og:image:width\" content=\"1227\" \/>\n\t<meta property=\"og:image:height\" content=\"673\" \/>\n\t<meta property=\"og:image:type\" content=\"image\/jpeg\" \/>\n<meta name=\"twitter:card\" content=\"summary_large_image\" \/>\n<meta name=\"twitter:label1\" content=\"Est. reading time\" \/>\n\t<meta name=\"twitter:data1\" content=\"3 minutos\" \/>\n<script type=\"application\/ld+json\" class=\"yoast-schema-graph\">{\"@context\":\"https:\/\/schema.org\",\"@graph\":[{\"@type\":\"WebPage\",\"@id\":\"https:\/\/graziamagazine.com\/mx\/articles\/la-cuadra-san-cristobal-de-luis-barragan-se-abre-al-publico-como-espacio-cultural\/\",\"url\":\"https:\/\/graziamagazine.com\/mx\/articles\/la-cuadra-san-cristobal-de-luis-barragan-se-abre-al-publico-como-espacio-cultural\/\",\"name\":\"La Cuadra San Crist\u00f3bal de Luis Barrag\u00e1n abre al p\u00fablico\",\"isPartOf\":{\"@id\":\"https:\/\/graziamagazine.com\/mx\/#website\"},\"datePublished\":\"2025-02-04T22:32:53+00:00\",\"dateModified\":\"2025-02-05T20:59:28+00:00\",\"description\":\"La obra de Luis Barrag\u00e1n se convertir\u00e1 en un espacio cultural abierto al p\u00fablico en 2025. Descubre las experiencias art\u00edsticas que habr\u00e1.\",\"breadcrumb\":{\"@id\":\"https:\/\/graziamagazine.com\/mx\/articles\/la-cuadra-san-cristobal-de-luis-barragan-se-abre-al-publico-como-espacio-cultural\/#breadcrumb\"},\"inLanguage\":\"es-MX\",\"potentialAction\":[{\"@type\":\"ReadAction\",\"target\":[\"https:\/\/graziamagazine.com\/mx\/articles\/la-cuadra-san-cristobal-de-luis-barragan-se-abre-al-publico-como-espacio-cultural\/\"]}]},{\"@type\":\"BreadcrumbList\",\"@id\":\"https:\/\/graziamagazine.com\/mx\/articles\/la-cuadra-san-cristobal-de-luis-barragan-se-abre-al-publico-como-espacio-cultural\/#breadcrumb\",\"itemListElement\":[{\"@type\":\"ListItem\",\"position\":1,\"name\":\"Home\",\"item\":\"https:\/\/graziamagazine.com\/mx\/\"},{\"@type\":\"ListItem\",\"position\":2,\"name\":\"La Cuadra San Crist\u00f3bal de Luis Barrag\u00e1n se abre al p\u00fablico como espacio cultural\"}]},{\"@type\":\"WebSite\",\"@id\":\"https:\/\/graziamagazine.com\/mx\/#website\",\"url\":\"https:\/\/graziamagazine.com\/mx\/\",\"name\":\"Grazia M\u00e9xico y Latinoam\u00e9rica\",\"description\":\"Grazia es moda, belleza y noticias  de actualidad \",\"potentialAction\":[{\"@type\":\"SearchAction\",\"target\":{\"@type\":\"EntryPoint\",\"urlTemplate\":\"https:\/\/graziamagazine.com\/mx\/?s={search_term_string}\"},\"query-input\":\"required name=search_term_string\"}],\"inLanguage\":\"es-MX\"}]}<\/script>\n<!-- \/ Yoast SEO Premium plugin. -->","yoast_head_json":{"title":"La Cuadra San Crist\u00f3bal de Luis Barrag\u00e1n abre al p\u00fablico","description":"La obra de Luis Barrag\u00e1n se convertir\u00e1 en un espacio cultural abierto al p\u00fablico en 2025. Descubre las experiencias art\u00edsticas que habr\u00e1.","robots":{"index":"index","follow":"follow","max-snippet":"max-snippet:-1","max-image-preview":"max-image-preview:large","max-video-preview":"max-video-preview:-1"},"canonical":"https:\/\/graziamagazine.com\/mx\/articles\/la-cuadra-san-cristobal-de-luis-barragan-se-abre-al-publico-como-espacio-cultural\/","og_locale":"es_MX","og_type":"article","og_title":"La Cuadra San Crist\u00f3bal de Luis Barrag\u00e1n se abre al p\u00fablico como espacio cultural","og_description":"La obra de Luis Barrag\u00e1n se convertir\u00e1 en un espacio cultural abierto al p\u00fablico en 2025. Descubre las experiencias art\u00edsticas que habr\u00e1.","og_url":"https:\/\/graziamagazine.com\/mx\/articles\/la-cuadra-san-cristobal-de-luis-barragan-se-abre-al-publico-como-espacio-cultural\/","og_site_name":"Grazia M\u00e9xico y Latinoam\u00e9rica","article_modified_time":"2025-02-05T20:59:28+00:00","og_image":[{"width":1227,"height":673,"url":"https:\/\/graziamagazine.com\/mx\/wp-content\/uploads\/sites\/13\/2025\/02\/barragan.jpg","type":"image\/jpeg"}],"twitter_card":"summary_large_image","twitter_misc":{"Est. reading time":"3 minutos"},"schema":{"@context":"https:\/\/schema.org","@graph":[{"@type":"WebPage","@id":"https:\/\/graziamagazine.com\/mx\/articles\/la-cuadra-san-cristobal-de-luis-barragan-se-abre-al-publico-como-espacio-cultural\/","url":"https:\/\/graziamagazine.com\/mx\/articles\/la-cuadra-san-cristobal-de-luis-barragan-se-abre-al-publico-como-espacio-cultural\/","name":"La Cuadra San Crist\u00f3bal de Luis Barrag\u00e1n abre al p\u00fablico","isPartOf":{"@id":"https:\/\/graziamagazine.com\/mx\/#website"},"datePublished":"2025-02-04T22:32:53+00:00","dateModified":"2025-02-05T20:59:28+00:00","description":"La obra de Luis Barrag\u00e1n se convertir\u00e1 en un espacio cultural abierto al p\u00fablico en 2025. Descubre las experiencias art\u00edsticas que habr\u00e1.","breadcrumb":{"@id":"https:\/\/graziamagazine.com\/mx\/articles\/la-cuadra-san-cristobal-de-luis-barragan-se-abre-al-publico-como-espacio-cultural\/#breadcrumb"},"inLanguage":"es-MX","potentialAction":[{"@type":"ReadAction","target":["https:\/\/graziamagazine.com\/mx\/articles\/la-cuadra-san-cristobal-de-luis-barragan-se-abre-al-publico-como-espacio-cultural\/"]}]},{"@type":"BreadcrumbList","@id":"https:\/\/graziamagazine.com\/mx\/articles\/la-cuadra-san-cristobal-de-luis-barragan-se-abre-al-publico-como-espacio-cultural\/#breadcrumb","itemListElement":[{"@type":"ListItem","position":1,"name":"Home","item":"https:\/\/graziamagazine.com\/mx\/"},{"@type":"ListItem","position":2,"name":"La Cuadra San Crist\u00f3bal de Luis Barrag\u00e1n se abre al p\u00fablico como espacio cultural"}]},{"@type":"WebSite","@id":"https:\/\/graziamagazine.com\/mx\/#website","url":"https:\/\/graziamagazine.com\/mx\/","name":"Grazia M\u00e9xico y Latinoam\u00e9rica","description":"Grazia es moda, belleza y noticias  de actualidad ","potentialAction":[{"@type":"SearchAction","target":{"@type":"EntryPoint","urlTemplate":"https:\/\/graziamagazine.com\/mx\/?s={search_term_string}"},"query-input":"required name=search_term_string"}],"inLanguage":"es-MX"}]}},"jetpack_sharing_enabled":true,"distributor_meta":false,"distributor_terms":false,"distributor_media":false,"distributor_original_site_name":"Grazia M\u00e9xico y Latinoam\u00e9rica","distributor_original_site_url":"https:\/\/graziamagazine.com\/mx","push-errors":false,"_links":{"self":[{"href":"https:\/\/graziamagazine.com\/mx\/wp-json\/wp\/v2\/articles\/146489"}],"collection":[{"href":"https:\/\/graziamagazine.com\/mx\/wp-json\/wp\/v2\/articles"}],"about":[{"href":"https:\/\/graziamagazine.com\/mx\/wp-json\/wp\/v2\/types\/articles"}],"author":[{"embeddable":true,"href":"https:\/\/graziamagazine.com\/mx\/wp-json\/wp\/v2\/users\/11628"}],"wp:featuredmedia":[{"embeddable":true,"href":"https:\/\/graziamagazine.com\/mx\/wp-json\/wp\/v2\/media\/146490"}],"wp:attachment":[{"href":"https:\/\/graziamagazine.com\/mx\/wp-json\/wp\/v2\/media?parent=146489"}],"wp:term":[{"taxonomy":"category","embeddable":true,"href":"https:\/\/graziamagazine.com\/mx\/wp-json\/wp\/v2\/categories?post=146489"}],"curies":[{"name":"wp","href":"https:\/\/api.w.org\/{rel}","templated":true}]}}