{"id":146424,"date":"2025-02-01T15:40:14","date_gmt":"2025-02-01T20:40:14","guid":{"rendered":"https:\/\/graziamagazine.com\/mx\/?post_type=articles&#038;p=146424"},"modified":"2025-02-03T20:21:48","modified_gmt":"2025-02-04T01:21:48","slug":"vico-escorcia-una-conversacion-sobre-familias-diferencias-y-el-reto-de-ser-uno-mismo-en-la-sociedad-actual","status":"publish","type":"articles","link":"https:\/\/graziamagazine.com\/mx\/articles\/vico-escorcia-una-conversacion-sobre-familias-diferencias-y-el-reto-de-ser-uno-mismo-en-la-sociedad-actual\/","title":{"rendered":"Vico Escorcia: Una conversaci\u00f3n sobre familias, diferencias y el reto de ser uno mismo en la sociedad actual."},"content":{"rendered":"<p>Vico Escorcia ha logrado cautivar a la audiencia con su m\u00e1s reciente participaci\u00f3n en la pel\u00edcula que explora de forma inesperada los valores de la maternidad, la paternidad y las diferencias sociales, un trabajo que desaf\u00eda las convenciones.<\/p>\n<p>En esta entrevista, Escorcia profundiza sobre las din\u00e1micas familiares que presenta el filme y c\u00f3mo, a trav\u00e9s de su personaje, toca temas universales de aceptaci\u00f3n y convivencia.<\/p>\n<figure id=\"attachment_146426\" aria-describedby=\"caption-attachment-146426\" style=\"width: 819px\" class=\"wp-caption alignnone\"><img loading=\"lazy\" decoding=\"async\" class=\"size-large wp-image-146426\" src=\"https:\/\/graziamagazine.com\/mx\/wp-content\/uploads\/sites\/13\/2025\/02\/image00003-819x1024.jpg\" alt=\"Vico Escorcia: Una conversaci\u00f3n sobre familias, diferencias y el reto de ser uno mismo en la sociedad actual.\" width=\"819\" height=\"1024\" srcset=\"https:\/\/graziamagazine.com\/mx\/wp-content\/uploads\/sites\/13\/2025\/02\/image00003-819x1024.jpg 819w, https:\/\/graziamagazine.com\/mx\/wp-content\/uploads\/sites\/13\/2025\/02\/image00003-360x450.jpg 360w, https:\/\/graziamagazine.com\/mx\/wp-content\/uploads\/sites\/13\/2025\/02\/image00003-768x960.jpg 768w, https:\/\/graziamagazine.com\/mx\/wp-content\/uploads\/sites\/13\/2025\/02\/image00003-400x500.jpg 400w, https:\/\/graziamagazine.com\/mx\/wp-content\/uploads\/sites\/13\/2025\/02\/image00003-155x194.jpg 155w, https:\/\/graziamagazine.com\/mx\/wp-content\/uploads\/sites\/13\/2025\/02\/image00003.jpg 1080w\" sizes=\"(max-width: 819px) 100vw, 819px\" \/><figcaption id=\"caption-attachment-146426\" class=\"wp-caption-text\">Vico Escorcia: Una conversaci\u00f3n sobre familias, diferencias y el reto de ser uno mismo en la sociedad actual.<\/figcaption><\/figure>\n<p><strong>Entrevistadora:<\/strong> Vi la pel\u00edcula y me pareci\u00f3 fant\u00e1stica. Dentro de toda la trama, se abordan temas de clase, valores y, lo m\u00e1s interesante, la maternidad en un contexto bastante inesperado. \u00bfQu\u00e9 mensaje esperas que el p\u00fablico reflexione al ver estas parejas enfrentando experiencias tan \u00edntimas, pero tambi\u00e9n tan comunes?<\/p>\n<p><strong>Vico Escorcia:<\/strong> Me gusta mucho escuchar lo que la gente se lleva de la pel\u00edcula. De hecho, al principio pensaba que se trataba de mostrar que no necesitamos estar de acuerdo con los dem\u00e1s para tener un proyecto en com\u00fan. Para nosotros, en el contexto del filme, tener una familia poco convencional, pero desde una perspectiva m\u00e1s amplia, es algo que se aplica a cualquier comunidad o pa\u00eds. Se trata de convivir con personas que no son como nosotros, pero que, en lugar de tratar de cambiarlas, podemos aprender a ver lo hermoso en esas diferencias y aceptarlas. Al final, se trata de convivir y querer a los dem\u00e1s tal y como son, aun siendo distintos.<\/p>\n<p>Y sobre la maternidad, la pel\u00edcula tambi\u00e9n presenta dos perspectivas completamente distintas, con diferentes edades y condiciones socioecon\u00f3micas, lo cual me parece interesante porque, al final, maternar es un proceso muy complejo, y yo admiro mucho a las mujeres que lo atraviesan.<\/p>\n<p><strong>Entrevistadora:<\/strong> Es un gran rol, sobre todo en el contexto de un pa\u00eds como M\u00e9xico, que tiene realidades tan diversas. Adem\u00e1s, en la pel\u00edcula se presenta un caso inspirado en hechos reales. \u00bfC\u00f3mo es trabajar con una historia que tiene una base tan real?<\/p>\n<p><strong>Vico Escorcia:<\/strong> S\u00ed, la historia est\u00e1 inspirada en hechos reales. No es una historia exacta, pero es algo que realmente ha ocurrido. En algunos pa\u00edses, como Argentina o Estados Unidos, ha habido casos en los que, por errores en cl\u00ednicas de fertilidad, los espermas se confunden, o incluso el esperma de una persona se insemina en la mujer equivocada. Es algo que puede pasar y que muestra lo fr\u00e1gil que es la vida. Y, aunque es raro que suceda, ha habido casos documentados, como en Estados Unidos, donde dos parejas, tras el error, decidieron vivir juntas y criar a sus hijos como una especie de comuna.<\/p>\n<p>Eso hace que la pel\u00edcula te haga cuestionar qu\u00e9 har\u00edas en una situaci\u00f3n as\u00ed. Yo, como actriz, tambi\u00e9n me pregunto c\u00f3mo seguir\u00edan esas familias m\u00e1s adelante: \u00bfse separar\u00edan o seguir\u00edan unidas? La complejidad de convivir con alguien tan distinto a ti es fascinante.<\/p>\n<p><strong>Entrevistadora:<\/strong> Dentro de los personajes de la pel\u00edcula, se presentan dos parejas con valores y contextos muy distintos. Una es m\u00e1s progresista, mientras que la otra es m\u00e1s conservadora. \u00bfQu\u00e9 retos enfrentaste al explorar estos contrastes en valores y perspectivas?<\/p>\n<p><strong>Vico Escorcia:<\/strong> Creo que esos contrastes hacen que todo el proceso sea a\u00fan m\u00e1s interesante. Al final, somos el h\u00e9roe de nuestra propia historia, y todos creemos que lo que pensamos o hacemos no hace da\u00f1o a los dem\u00e1s. Muchas veces, nuestras burbujas sociales nos a\u00edslan de otras realidades. Pero, en la pel\u00edcula, ambas parejas, aunque ven la vida de manera diferente, se ven forzadas a convivir debido a un hecho inesperado.<\/p>\n<p>Lo m\u00e1s bonito de explorar esto fue ver c\u00f3mo, a pesar de las diferencias, las personas pueden aprender a apoyarse y entenderse. Por ejemplo, mi personaje, que es parte de un contexto social m\u00e1s alto, es muy diferente al de Ana, pero nuestra amistad en la pel\u00edcula refleja c\u00f3mo, aunque nuestras vidas sean muy distintas, al final somos mujeres que pueden aprender y apoyarse mutuamente.<\/p>\n<p><strong>Entrevistadora:<\/strong> Es fascinante c\u00f3mo la pel\u00edcula tambi\u00e9n toca el tema de los estigmas y los estereotipos. Adem\u00e1s, aborda la paternidad, un tema muchas veces dejado de lado. \u00bfQu\u00e9 descubrimientos personales o art\u00edsticos hiciste al explorar esta faceta?<\/p>\n<p><strong>Vico Escorcia:<\/strong> Creo que es una pel\u00edcula que se enfoca mucho en la paternidad. En muchos aspectos, la paternidad est\u00e1 invisibilizada o se ve desde un lugar de apoyo, pero no como un protagonista activo. En la pel\u00edcula, vemos a los dos padres tratando de acompa\u00f1ar a sus parejas en la maternidad, pero no siempre sabiendo c\u00f3mo. En nuestra cultura, muchas veces se espera que el hombre est\u00e9 distante, que su papel sea solo proveer, y no tanto acompa\u00f1ar emocionalmente a la mujer durante el embarazo.<\/p>\n<p>A m\u00ed me parece muy lindo ver c\u00f3mo, a pesar de ser torpes, los personajes de los padres hacen un esfuerzo por entender lo que sus parejas necesitan. Es un proceso de aprendizaje continuo. Esto tambi\u00e9n invita al p\u00fablico a reflexionar sobre su propio papel en las din\u00e1micas familiares y c\u00f3mo podemos ser m\u00e1s emp\u00e1ticos, tanto como padres como parejas.<\/p>\n<p><strong>Entrevistadora:<\/strong> Sin duda, la pel\u00edcula invita a cuestionarnos sobre muchos aspectos de la familia y la sociedad. \u00bfQu\u00e9 esperas que esta historia aporte a las conversaciones sobre la evoluci\u00f3n de las familias modernas?<\/p>\n<p><strong>Vico Escorcia:<\/strong> Creo que la pel\u00edcula invita a cuestionarnos si realmente necesitamos esperar el &#8220;momento perfecto&#8221; para ser padres. A veces pensamos que necesitamos tener todo resuelto en nuestra vida antes de dar ese paso, pero las cosas no siempre salen como las planeamos. El filme muestra que, aunque las circunstancias no sean ideales, las familias pueden ser felices y amorosas. A veces lo \u00fanico que necesitamos es un c\u00edrculo de apoyo y muchas ganas de ser padres.<\/p>\n<p>Hoy en d\u00eda, muchas personas se enfocan en su desarrollo personal antes de pensar en tener hijos. Es interesante ver c\u00f3mo la pel\u00edcula muestra que las familias pueden surgir de formas no tradicionales, pero eso no las hace menos v\u00e1lidas. Cada familia tiene sus propios desaf\u00edos y, a pesar de todo, el amor y el apoyo mutuo son lo que realmente importa.<\/p>\n<p><strong>Entrevistadora:<\/strong> Por \u00faltimo, \u00bfqu\u00e9 sigue para ti? \u00bfEn qu\u00e9 proyectos est\u00e1s trabajando ahora?<\/p>\n<p><strong>Vico Escorcia:<\/strong> Este a\u00f1o, estoy emocionada porque arranco con un nuevo proyecto, una pel\u00edcula muy linda. Tambi\u00e9n, m\u00e1s adelante en el a\u00f1o, estrenar\u00e9 la cuarta temporada de &#8220;Acapulco&#8221;, junto a Eugenio Derbez, que filmamos el diciembre pasado. La gente que ya ha visto la temporada dice que es la mejor de las cuatro, y estoy muy emocionada por eso. \u00a1Espero que todos la disfruten!<\/p>\n<p><em><strong>*IMAGEN: Cortes\u00eda<\/strong><\/em><\/p>\n","protected":false},"author":28953,"featured_media":146427,"template":"","format":"standard","categories":[114],"acf":[],"yoast_head":"<!-- This site is optimized with the Yoast SEO Premium plugin v18.5 (Yoast SEO v20.4) - https:\/\/yoast.com\/wordpress\/plugins\/seo\/ -->\n<title>Vico Escorcia: Una conversaci\u00f3n sobre familias, diferencias y el reto de ser uno mismo en la sociedad actual.<\/title>\n<meta name=\"description\" content=\"Vico Escorcia reflexiona sobre la paternidad, maternidad y los estigmas sociales en su \u00faltima pel\u00edcula.\" \/>\n<meta name=\"robots\" content=\"index, follow, max-snippet:-1, max-image-preview:large, max-video-preview:-1\" \/>\n<link rel=\"canonical\" href=\"https:\/\/graziamagazine.com\/mx\/articles\/vico-escorcia-una-conversacion-sobre-familias-diferencias-y-el-reto-de-ser-uno-mismo-en-la-sociedad-actual\/\" \/>\n<meta property=\"og:locale\" content=\"es_MX\" \/>\n<meta property=\"og:type\" content=\"article\" \/>\n<meta property=\"og:title\" content=\"Vico Escorcia: Una conversaci\u00f3n sobre familias, diferencias y el reto de ser uno mismo en la sociedad actual.\" \/>\n<meta property=\"og:description\" content=\"Vico Escorcia reflexiona sobre la paternidad, maternidad y los estigmas sociales en su \u00faltima pel\u00edcula.\" \/>\n<meta property=\"og:url\" content=\"https:\/\/graziamagazine.com\/mx\/articles\/vico-escorcia-una-conversacion-sobre-familias-diferencias-y-el-reto-de-ser-uno-mismo-en-la-sociedad-actual\/\" \/>\n<meta property=\"og:site_name\" content=\"Grazia M\u00e9xico y Latinoam\u00e9rica\" \/>\n<meta property=\"article:modified_time\" content=\"2025-02-04T01:21:48+00:00\" \/>\n<meta property=\"og:image\" content=\"https:\/\/graziamagazine.com\/mx\/wp-content\/uploads\/sites\/13\/2025\/02\/image00004-e1738442667593.jpg\" \/>\n\t<meta property=\"og:image:width\" content=\"1080\" \/>\n\t<meta property=\"og:image:height\" content=\"823\" \/>\n\t<meta property=\"og:image:type\" content=\"image\/jpeg\" \/>\n<meta name=\"twitter:card\" content=\"summary_large_image\" \/>\n<meta name=\"twitter:label1\" content=\"Est. reading time\" \/>\n\t<meta name=\"twitter:data1\" content=\"6 minutos\" \/>\n<script type=\"application\/ld+json\" class=\"yoast-schema-graph\">{\"@context\":\"https:\/\/schema.org\",\"@graph\":[{\"@type\":\"WebPage\",\"@id\":\"https:\/\/graziamagazine.com\/mx\/articles\/vico-escorcia-una-conversacion-sobre-familias-diferencias-y-el-reto-de-ser-uno-mismo-en-la-sociedad-actual\/\",\"url\":\"https:\/\/graziamagazine.com\/mx\/articles\/vico-escorcia-una-conversacion-sobre-familias-diferencias-y-el-reto-de-ser-uno-mismo-en-la-sociedad-actual\/\",\"name\":\"Vico Escorcia: Una conversaci\u00f3n sobre familias, diferencias y el reto de ser uno mismo en la sociedad actual.\",\"isPartOf\":{\"@id\":\"https:\/\/graziamagazine.com\/mx\/#website\"},\"datePublished\":\"2025-02-01T20:40:14+00:00\",\"dateModified\":\"2025-02-04T01:21:48+00:00\",\"description\":\"Vico Escorcia reflexiona sobre la paternidad, maternidad y los estigmas sociales en su \u00faltima pel\u00edcula.\",\"breadcrumb\":{\"@id\":\"https:\/\/graziamagazine.com\/mx\/articles\/vico-escorcia-una-conversacion-sobre-familias-diferencias-y-el-reto-de-ser-uno-mismo-en-la-sociedad-actual\/#breadcrumb\"},\"inLanguage\":\"es-MX\",\"potentialAction\":[{\"@type\":\"ReadAction\",\"target\":[\"https:\/\/graziamagazine.com\/mx\/articles\/vico-escorcia-una-conversacion-sobre-familias-diferencias-y-el-reto-de-ser-uno-mismo-en-la-sociedad-actual\/\"]}]},{\"@type\":\"BreadcrumbList\",\"@id\":\"https:\/\/graziamagazine.com\/mx\/articles\/vico-escorcia-una-conversacion-sobre-familias-diferencias-y-el-reto-de-ser-uno-mismo-en-la-sociedad-actual\/#breadcrumb\",\"itemListElement\":[{\"@type\":\"ListItem\",\"position\":1,\"name\":\"Home\",\"item\":\"https:\/\/graziamagazine.com\/mx\/\"},{\"@type\":\"ListItem\",\"position\":2,\"name\":\"Vico Escorcia: Una conversaci\u00f3n sobre familias, diferencias y el reto de ser uno mismo en la sociedad actual.\"}]},{\"@type\":\"WebSite\",\"@id\":\"https:\/\/graziamagazine.com\/mx\/#website\",\"url\":\"https:\/\/graziamagazine.com\/mx\/\",\"name\":\"Grazia M\u00e9xico y Latinoam\u00e9rica\",\"description\":\"Grazia es moda, belleza y noticias  de actualidad \",\"potentialAction\":[{\"@type\":\"SearchAction\",\"target\":{\"@type\":\"EntryPoint\",\"urlTemplate\":\"https:\/\/graziamagazine.com\/mx\/?s={search_term_string}\"},\"query-input\":\"required name=search_term_string\"}],\"inLanguage\":\"es-MX\"}]}<\/script>\n<!-- \/ Yoast SEO Premium plugin. -->","yoast_head_json":{"title":"Vico Escorcia: Una conversaci\u00f3n sobre familias, diferencias y el reto de ser uno mismo en la sociedad actual.","description":"Vico Escorcia reflexiona sobre la paternidad, maternidad y los estigmas sociales en su \u00faltima pel\u00edcula.","robots":{"index":"index","follow":"follow","max-snippet":"max-snippet:-1","max-image-preview":"max-image-preview:large","max-video-preview":"max-video-preview:-1"},"canonical":"https:\/\/graziamagazine.com\/mx\/articles\/vico-escorcia-una-conversacion-sobre-familias-diferencias-y-el-reto-de-ser-uno-mismo-en-la-sociedad-actual\/","og_locale":"es_MX","og_type":"article","og_title":"Vico Escorcia: Una conversaci\u00f3n sobre familias, diferencias y el reto de ser uno mismo en la sociedad actual.","og_description":"Vico Escorcia reflexiona sobre la paternidad, maternidad y los estigmas sociales en su \u00faltima pel\u00edcula.","og_url":"https:\/\/graziamagazine.com\/mx\/articles\/vico-escorcia-una-conversacion-sobre-familias-diferencias-y-el-reto-de-ser-uno-mismo-en-la-sociedad-actual\/","og_site_name":"Grazia M\u00e9xico y Latinoam\u00e9rica","article_modified_time":"2025-02-04T01:21:48+00:00","og_image":[{"width":1080,"height":823,"url":"https:\/\/graziamagazine.com\/mx\/wp-content\/uploads\/sites\/13\/2025\/02\/image00004-e1738442667593.jpg","type":"image\/jpeg"}],"twitter_card":"summary_large_image","twitter_misc":{"Est. reading time":"6 minutos"},"schema":{"@context":"https:\/\/schema.org","@graph":[{"@type":"WebPage","@id":"https:\/\/graziamagazine.com\/mx\/articles\/vico-escorcia-una-conversacion-sobre-familias-diferencias-y-el-reto-de-ser-uno-mismo-en-la-sociedad-actual\/","url":"https:\/\/graziamagazine.com\/mx\/articles\/vico-escorcia-una-conversacion-sobre-familias-diferencias-y-el-reto-de-ser-uno-mismo-en-la-sociedad-actual\/","name":"Vico Escorcia: Una conversaci\u00f3n sobre familias, diferencias y el reto de ser uno mismo en la sociedad actual.","isPartOf":{"@id":"https:\/\/graziamagazine.com\/mx\/#website"},"datePublished":"2025-02-01T20:40:14+00:00","dateModified":"2025-02-04T01:21:48+00:00","description":"Vico Escorcia reflexiona sobre la paternidad, maternidad y los estigmas sociales en su \u00faltima pel\u00edcula.","breadcrumb":{"@id":"https:\/\/graziamagazine.com\/mx\/articles\/vico-escorcia-una-conversacion-sobre-familias-diferencias-y-el-reto-de-ser-uno-mismo-en-la-sociedad-actual\/#breadcrumb"},"inLanguage":"es-MX","potentialAction":[{"@type":"ReadAction","target":["https:\/\/graziamagazine.com\/mx\/articles\/vico-escorcia-una-conversacion-sobre-familias-diferencias-y-el-reto-de-ser-uno-mismo-en-la-sociedad-actual\/"]}]},{"@type":"BreadcrumbList","@id":"https:\/\/graziamagazine.com\/mx\/articles\/vico-escorcia-una-conversacion-sobre-familias-diferencias-y-el-reto-de-ser-uno-mismo-en-la-sociedad-actual\/#breadcrumb","itemListElement":[{"@type":"ListItem","position":1,"name":"Home","item":"https:\/\/graziamagazine.com\/mx\/"},{"@type":"ListItem","position":2,"name":"Vico Escorcia: Una conversaci\u00f3n sobre familias, diferencias y el reto de ser uno mismo en la sociedad actual."}]},{"@type":"WebSite","@id":"https:\/\/graziamagazine.com\/mx\/#website","url":"https:\/\/graziamagazine.com\/mx\/","name":"Grazia M\u00e9xico y Latinoam\u00e9rica","description":"Grazia es moda, belleza y noticias  de actualidad ","potentialAction":[{"@type":"SearchAction","target":{"@type":"EntryPoint","urlTemplate":"https:\/\/graziamagazine.com\/mx\/?s={search_term_string}"},"query-input":"required name=search_term_string"}],"inLanguage":"es-MX"}]}},"jetpack_sharing_enabled":true,"distributor_meta":false,"distributor_terms":false,"distributor_media":false,"distributor_original_site_name":"Grazia M\u00e9xico y Latinoam\u00e9rica","distributor_original_site_url":"https:\/\/graziamagazine.com\/mx","push-errors":false,"_links":{"self":[{"href":"https:\/\/graziamagazine.com\/mx\/wp-json\/wp\/v2\/articles\/146424"}],"collection":[{"href":"https:\/\/graziamagazine.com\/mx\/wp-json\/wp\/v2\/articles"}],"about":[{"href":"https:\/\/graziamagazine.com\/mx\/wp-json\/wp\/v2\/types\/articles"}],"author":[{"embeddable":true,"href":"https:\/\/graziamagazine.com\/mx\/wp-json\/wp\/v2\/users\/28953"}],"wp:featuredmedia":[{"embeddable":true,"href":"https:\/\/graziamagazine.com\/mx\/wp-json\/wp\/v2\/media\/146427"}],"wp:attachment":[{"href":"https:\/\/graziamagazine.com\/mx\/wp-json\/wp\/v2\/media?parent=146424"}],"wp:term":[{"taxonomy":"category","embeddable":true,"href":"https:\/\/graziamagazine.com\/mx\/wp-json\/wp\/v2\/categories?post=146424"}],"curies":[{"name":"wp","href":"https:\/\/api.w.org\/{rel}","templated":true}]}}