{"id":146380,"date":"2025-01-31T10:30:55","date_gmt":"2025-01-31T15:30:55","guid":{"rendered":"https:\/\/graziamagazine.com\/mx\/?post_type=articles&#038;p=146380"},"modified":"2025-01-31T10:39:12","modified_gmt":"2025-01-31T15:39:12","slug":"tous-garden-un-jardin-de-oro-y-suenos","status":"publish","type":"articles","link":"https:\/\/graziamagazine.com\/mx\/articles\/tous-garden-un-jardin-de-oro-y-suenos\/","title":{"rendered":"Tous Garden: Un Jard\u00edn de Oro y Sue\u00f1os"},"content":{"rendered":"<p data-pm-slice=\"1 1 []\">Imagina un jard\u00edn donde cada flor es una joya, cada rayo de sol se refleja en oro y cada hoja esculpe su propia historia. As\u00ed es Tous Garden, la nueva propuesta de Tous para la temporada Spring-Summer 2025.<\/p>\n<p data-pm-slice=\"1 1 []\">Con una inspiraci\u00f3n que brota de la naturaleza misma, esta colecci\u00f3n nos invita a redescubrir el encanto de lo org\u00e1nico y a sumergirnos en un universo donde el romanticismo y la sofisticaci\u00f3n se entrelazan como enredaderas doradas.<\/p>\n<div class=\"content-gallery\"><div class=\"gallery-placeholder\"><div class=\"spinner\"><\/div><\/div><span class=\"gallery-pagination\"><\/span><div id=\"gallery-1\" class=\"gallery galleryid-146380 gallery-columns- gallery-size-\"><figure class=\"gallery-item\"><div class=\"gallery-icon landscape\"><img loading=\"lazy\" decoding=\"async\" width=\"1600\" height=\"1600\" src=\"https:\/\/graziamagazine.com\/mx\/wp-content\/uploads\/sites\/13\/2025\/01\/1004325600.jpg\" class=\"lazy\" alt=\"\" srcset=\"https:\/\/graziamagazine.com\/mx\/wp-content\/uploads\/sites\/13\/2025\/01\/1004325600.jpg 1600w, https:\/\/graziamagazine.com\/mx\/wp-content\/uploads\/sites\/13\/2025\/01\/1004325600-450x450.jpg 450w, https:\/\/graziamagazine.com\/mx\/wp-content\/uploads\/sites\/13\/2025\/01\/1004325600-1024x1024.jpg 1024w, https:\/\/graziamagazine.com\/mx\/wp-content\/uploads\/sites\/13\/2025\/01\/1004325600-150x150.jpg 150w, https:\/\/graziamagazine.com\/mx\/wp-content\/uploads\/sites\/13\/2025\/01\/1004325600-768x768.jpg 768w, https:\/\/graziamagazine.com\/mx\/wp-content\/uploads\/sites\/13\/2025\/01\/1004325600-1536x1536.jpg 1536w, https:\/\/graziamagazine.com\/mx\/wp-content\/uploads\/sites\/13\/2025\/01\/1004325600-400x400.jpg 400w, https:\/\/graziamagazine.com\/mx\/wp-content\/uploads\/sites\/13\/2025\/01\/1004325600-155x155.jpg 155w\" sizes=\"(max-width: 1600px) 100vw, 1600px\" \/><\/div><\/figure><figure class=\"gallery-item\"><div class=\"gallery-icon landscape\"><img loading=\"lazy\" decoding=\"async\" width=\"1600\" height=\"1600\" src=\"https:\/\/graziamagazine.com\/mx\/wp-content\/uploads\/sites\/13\/2025\/01\/1004326600.jpg\" class=\"lazy\" alt=\"\" srcset=\"https:\/\/graziamagazine.com\/mx\/wp-content\/uploads\/sites\/13\/2025\/01\/1004326600.jpg 1600w, https:\/\/graziamagazine.com\/mx\/wp-content\/uploads\/sites\/13\/2025\/01\/1004326600-450x450.jpg 450w, https:\/\/graziamagazine.com\/mx\/wp-content\/uploads\/sites\/13\/2025\/01\/1004326600-1024x1024.jpg 1024w, https:\/\/graziamagazine.com\/mx\/wp-content\/uploads\/sites\/13\/2025\/01\/1004326600-150x150.jpg 150w, https:\/\/graziamagazine.com\/mx\/wp-content\/uploads\/sites\/13\/2025\/01\/1004326600-768x768.jpg 768w, https:\/\/graziamagazine.com\/mx\/wp-content\/uploads\/sites\/13\/2025\/01\/1004326600-1536x1536.jpg 1536w, https:\/\/graziamagazine.com\/mx\/wp-content\/uploads\/sites\/13\/2025\/01\/1004326600-400x400.jpg 400w, https:\/\/graziamagazine.com\/mx\/wp-content\/uploads\/sites\/13\/2025\/01\/1004326600-155x155.jpg 155w\" sizes=\"(max-width: 1600px) 100vw, 1600px\" \/><\/div><\/figure><figure class=\"gallery-item\"><div class=\"gallery-icon landscape\"><img loading=\"lazy\" decoding=\"async\" width=\"1600\" height=\"1600\" src=\"https:\/\/graziamagazine.com\/mx\/wp-content\/uploads\/sites\/13\/2025\/01\/10043185.jpg\" class=\"lazy\" alt=\"\" srcset=\"https:\/\/graziamagazine.com\/mx\/wp-content\/uploads\/sites\/13\/2025\/01\/10043185.jpg 1600w, https:\/\/graziamagazine.com\/mx\/wp-content\/uploads\/sites\/13\/2025\/01\/10043185-450x450.jpg 450w, https:\/\/graziamagazine.com\/mx\/wp-content\/uploads\/sites\/13\/2025\/01\/10043185-1024x1024.jpg 1024w, https:\/\/graziamagazine.com\/mx\/wp-content\/uploads\/sites\/13\/2025\/01\/10043185-150x150.jpg 150w, https:\/\/graziamagazine.com\/mx\/wp-content\/uploads\/sites\/13\/2025\/01\/10043185-768x768.jpg 768w, https:\/\/graziamagazine.com\/mx\/wp-content\/uploads\/sites\/13\/2025\/01\/10043185-1536x1536.jpg 1536w, https:\/\/graziamagazine.com\/mx\/wp-content\/uploads\/sites\/13\/2025\/01\/10043185-400x400.jpg 400w, https:\/\/graziamagazine.com\/mx\/wp-content\/uploads\/sites\/13\/2025\/01\/10043185-155x155.jpg 155w\" sizes=\"(max-width: 1600px) 100vw, 1600px\" \/><\/div><\/figure><\/div><\/div>\n<p>La colecci\u00f3n es m\u00e1s que una l\u00ednea de joyer\u00eda; es un viaje sensorial a trav\u00e9s de dos mundos complementarios. Por un lado, un espacio rom\u00e1ntico de laberintos y corazones, evocando el cl\u00e1sico hechizo de los jardines encantados. Por otro, un territorio de formas libres y vibrantes que reinterpretan la flora, capturando la esencia de cada p\u00e9talo y pistilo en dise\u00f1os exquisitos.<\/p>\n<p>Esta dualidad se expresa en piezas de oro de 18 quilates y gemas radiantes, tanto naturales como de laboratorio, ofreciendo una combinaci\u00f3n perfecta entre lujo, artesan\u00eda y conciencia ambiental.<\/p>\n<div class=\"content-gallery\"><div class=\"gallery-placeholder\"><div class=\"spinner\"><\/div><\/div><span class=\"gallery-pagination\"><\/span><div id=\"gallery-2\" class=\"gallery galleryid-146380 gallery-columns- gallery-size-\"><figure class=\"gallery-item\"><div class=\"gallery-icon landscape\"><img loading=\"lazy\" decoding=\"async\" width=\"1600\" height=\"1600\" src=\"https:\/\/graziamagazine.com\/mx\/wp-content\/uploads\/sites\/13\/2025\/01\/1004326700.jpg\" class=\"lazy\" alt=\"\" srcset=\"https:\/\/graziamagazine.com\/mx\/wp-content\/uploads\/sites\/13\/2025\/01\/1004326700.jpg 1600w, https:\/\/graziamagazine.com\/mx\/wp-content\/uploads\/sites\/13\/2025\/01\/1004326700-450x450.jpg 450w, https:\/\/graziamagazine.com\/mx\/wp-content\/uploads\/sites\/13\/2025\/01\/1004326700-1024x1024.jpg 1024w, https:\/\/graziamagazine.com\/mx\/wp-content\/uploads\/sites\/13\/2025\/01\/1004326700-150x150.jpg 150w, https:\/\/graziamagazine.com\/mx\/wp-content\/uploads\/sites\/13\/2025\/01\/1004326700-768x768.jpg 768w, https:\/\/graziamagazine.com\/mx\/wp-content\/uploads\/sites\/13\/2025\/01\/1004326700-1536x1536.jpg 1536w, https:\/\/graziamagazine.com\/mx\/wp-content\/uploads\/sites\/13\/2025\/01\/1004326700-400x400.jpg 400w, https:\/\/graziamagazine.com\/mx\/wp-content\/uploads\/sites\/13\/2025\/01\/1004326700-155x155.jpg 155w\" sizes=\"(max-width: 1600px) 100vw, 1600px\" \/><\/div><\/figure><figure class=\"gallery-item\"><div class=\"gallery-icon landscape\"><img loading=\"lazy\" decoding=\"async\" width=\"1600\" height=\"1600\" src=\"https:\/\/graziamagazine.com\/mx\/wp-content\/uploads\/sites\/13\/2025\/01\/10043269.jpg\" class=\"lazy\" alt=\"\" srcset=\"https:\/\/graziamagazine.com\/mx\/wp-content\/uploads\/sites\/13\/2025\/01\/10043269.jpg 1600w, https:\/\/graziamagazine.com\/mx\/wp-content\/uploads\/sites\/13\/2025\/01\/10043269-450x450.jpg 450w, https:\/\/graziamagazine.com\/mx\/wp-content\/uploads\/sites\/13\/2025\/01\/10043269-1024x1024.jpg 1024w, https:\/\/graziamagazine.com\/mx\/wp-content\/uploads\/sites\/13\/2025\/01\/10043269-150x150.jpg 150w, https:\/\/graziamagazine.com\/mx\/wp-content\/uploads\/sites\/13\/2025\/01\/10043269-768x768.jpg 768w, https:\/\/graziamagazine.com\/mx\/wp-content\/uploads\/sites\/13\/2025\/01\/10043269-1536x1536.jpg 1536w, https:\/\/graziamagazine.com\/mx\/wp-content\/uploads\/sites\/13\/2025\/01\/10043269-400x400.jpg 400w, https:\/\/graziamagazine.com\/mx\/wp-content\/uploads\/sites\/13\/2025\/01\/10043269-155x155.jpg 155w\" sizes=\"(max-width: 1600px) 100vw, 1600px\" \/><\/div><\/figure><figure class=\"gallery-item\"><div class=\"gallery-icon landscape\"><img loading=\"lazy\" decoding=\"async\" width=\"1600\" height=\"1600\" src=\"https:\/\/graziamagazine.com\/mx\/wp-content\/uploads\/sites\/13\/2025\/01\/10043270.jpg\" class=\"lazy\" alt=\"\" srcset=\"https:\/\/graziamagazine.com\/mx\/wp-content\/uploads\/sites\/13\/2025\/01\/10043270.jpg 1600w, https:\/\/graziamagazine.com\/mx\/wp-content\/uploads\/sites\/13\/2025\/01\/10043270-450x450.jpg 450w, https:\/\/graziamagazine.com\/mx\/wp-content\/uploads\/sites\/13\/2025\/01\/10043270-1024x1024.jpg 1024w, https:\/\/graziamagazine.com\/mx\/wp-content\/uploads\/sites\/13\/2025\/01\/10043270-150x150.jpg 150w, https:\/\/graziamagazine.com\/mx\/wp-content\/uploads\/sites\/13\/2025\/01\/10043270-768x768.jpg 768w, https:\/\/graziamagazine.com\/mx\/wp-content\/uploads\/sites\/13\/2025\/01\/10043270-1536x1536.jpg 1536w, https:\/\/graziamagazine.com\/mx\/wp-content\/uploads\/sites\/13\/2025\/01\/10043270-400x400.jpg 400w, https:\/\/graziamagazine.com\/mx\/wp-content\/uploads\/sites\/13\/2025\/01\/10043270-155x155.jpg 155w\" sizes=\"(max-width: 1600px) 100vw, 1600px\" \/><\/div><\/figure><figure class=\"gallery-item\"><div class=\"gallery-icon landscape\"><img loading=\"lazy\" decoding=\"async\" width=\"1600\" height=\"1600\" src=\"https:\/\/graziamagazine.com\/mx\/wp-content\/uploads\/sites\/13\/2025\/01\/1004326300.jpg\" class=\"lazy\" alt=\"\" srcset=\"https:\/\/graziamagazine.com\/mx\/wp-content\/uploads\/sites\/13\/2025\/01\/1004326300.jpg 1600w, https:\/\/graziamagazine.com\/mx\/wp-content\/uploads\/sites\/13\/2025\/01\/1004326300-450x450.jpg 450w, https:\/\/graziamagazine.com\/mx\/wp-content\/uploads\/sites\/13\/2025\/01\/1004326300-1024x1024.jpg 1024w, https:\/\/graziamagazine.com\/mx\/wp-content\/uploads\/sites\/13\/2025\/01\/1004326300-150x150.jpg 150w, https:\/\/graziamagazine.com\/mx\/wp-content\/uploads\/sites\/13\/2025\/01\/1004326300-768x768.jpg 768w, https:\/\/graziamagazine.com\/mx\/wp-content\/uploads\/sites\/13\/2025\/01\/1004326300-1536x1536.jpg 1536w, https:\/\/graziamagazine.com\/mx\/wp-content\/uploads\/sites\/13\/2025\/01\/1004326300-400x400.jpg 400w, https:\/\/graziamagazine.com\/mx\/wp-content\/uploads\/sites\/13\/2025\/01\/1004326300-155x155.jpg 155w\" sizes=\"(max-width: 1600px) 100vw, 1600px\" \/><\/div><\/figure><\/div><\/div>\n<p>Cada joya es un tributo a la belleza natural, con dise\u00f1os que juegan con texturas y vol\u00famenes, transformando elementos bot\u00e1nicos en delicadas piezas de arte para llevar. Los collares, anillos y pulseras se despliegan en una paleta de colores vibrantes, evocando la frescura primaveral y la energ\u00eda de la naturaleza en pleno esplendor.<\/p>\n<p>Adem\u00e1s de su innovaci\u00f3n en dise\u00f1o, la firma reafirma su compromiso con la sostenibilidad mediante el uso de materiales responsables, ofreciendo joyas que no solo embellecen, sino que tambi\u00e9n respetan el entorno del que se inspiran.<\/p>\n<p>Con Tous Garden, la marca nos invita a hacer una pausa, a reconectar con la naturaleza y a encontrar inspiraci\u00f3n en cada peque\u00f1o detalle. Porque, al final, la joyer\u00eda es como un jard\u00edn: un reflejo de nuestra esencia, un espacio para la autenticidad y un recordatorio de que la belleza florece en todas partes.<\/p>\n<p><em><strong>*IMAGEN: Cortes\u00eda<\/strong><\/em><\/p>\n<p>&nbsp;<\/p>\n","protected":false},"author":28953,"featured_media":146396,"template":"","format":"standard","categories":[4],"acf":[],"yoast_head":"<!-- This site is optimized with the Yoast SEO Premium plugin v18.5 (Yoast SEO v20.4) - https:\/\/yoast.com\/wordpress\/plugins\/seo\/ -->\n<title>Tous Garden: Un Jard\u00edn de Oro y Sue\u00f1os<\/title>\n<meta name=\"description\" content=\"La nueva colecci\u00f3n florece con joyas inspiradas en la naturaleza, celebrando la belleza, la autenticidad y la magia de la primavera.\" \/>\n<meta name=\"robots\" content=\"index, follow, max-snippet:-1, max-image-preview:large, max-video-preview:-1\" \/>\n<link rel=\"canonical\" href=\"https:\/\/graziamagazine.com\/mx\/articles\/tous-garden-un-jardin-de-oro-y-suenos\/\" \/>\n<meta property=\"og:locale\" content=\"es_MX\" \/>\n<meta property=\"og:type\" content=\"article\" \/>\n<meta property=\"og:title\" content=\"Tous Garden: Un Jard\u00edn de Oro y Sue\u00f1os\" \/>\n<meta property=\"og:description\" content=\"La nueva colecci\u00f3n florece con joyas inspiradas en la naturaleza, celebrando la belleza, la autenticidad y la magia de la primavera.\" \/>\n<meta property=\"og:url\" content=\"https:\/\/graziamagazine.com\/mx\/articles\/tous-garden-un-jardin-de-oro-y-suenos\/\" \/>\n<meta property=\"og:site_name\" content=\"Grazia M\u00e9xico y Latinoam\u00e9rica\" \/>\n<meta property=\"article:modified_time\" content=\"2025-01-31T15:39:12+00:00\" \/>\n<meta property=\"og:image\" content=\"https:\/\/graziamagazine.com\/mx\/wp-content\/uploads\/sites\/13\/2025\/01\/Captura-de-Pantalla-2025-01-31-a-las-9.36.41-e1738337831476.png\" \/>\n\t<meta property=\"og:image:width\" content=\"791\" \/>\n\t<meta property=\"og:image:height\" content=\"509\" \/>\n\t<meta property=\"og:image:type\" content=\"image\/png\" \/>\n<meta name=\"twitter:card\" content=\"summary_large_image\" \/>\n<meta name=\"twitter:label1\" content=\"Est. reading time\" \/>\n\t<meta name=\"twitter:data1\" content=\"2 minutos\" \/>\n<script type=\"application\/ld+json\" class=\"yoast-schema-graph\">{\"@context\":\"https:\/\/schema.org\",\"@graph\":[{\"@type\":\"WebPage\",\"@id\":\"https:\/\/graziamagazine.com\/mx\/articles\/tous-garden-un-jardin-de-oro-y-suenos\/\",\"url\":\"https:\/\/graziamagazine.com\/mx\/articles\/tous-garden-un-jardin-de-oro-y-suenos\/\",\"name\":\"Tous Garden: Un Jard\u00edn de Oro y Sue\u00f1os\",\"isPartOf\":{\"@id\":\"https:\/\/graziamagazine.com\/mx\/#website\"},\"datePublished\":\"2025-01-31T15:30:55+00:00\",\"dateModified\":\"2025-01-31T15:39:12+00:00\",\"description\":\"La nueva colecci\u00f3n florece con joyas inspiradas en la naturaleza, celebrando la belleza, la autenticidad y la magia de la primavera.\",\"breadcrumb\":{\"@id\":\"https:\/\/graziamagazine.com\/mx\/articles\/tous-garden-un-jardin-de-oro-y-suenos\/#breadcrumb\"},\"inLanguage\":\"es-MX\",\"potentialAction\":[{\"@type\":\"ReadAction\",\"target\":[\"https:\/\/graziamagazine.com\/mx\/articles\/tous-garden-un-jardin-de-oro-y-suenos\/\"]}]},{\"@type\":\"BreadcrumbList\",\"@id\":\"https:\/\/graziamagazine.com\/mx\/articles\/tous-garden-un-jardin-de-oro-y-suenos\/#breadcrumb\",\"itemListElement\":[{\"@type\":\"ListItem\",\"position\":1,\"name\":\"Home\",\"item\":\"https:\/\/graziamagazine.com\/mx\/\"},{\"@type\":\"ListItem\",\"position\":2,\"name\":\"Tous Garden: Un Jard\u00edn de Oro y Sue\u00f1os\"}]},{\"@type\":\"WebSite\",\"@id\":\"https:\/\/graziamagazine.com\/mx\/#website\",\"url\":\"https:\/\/graziamagazine.com\/mx\/\",\"name\":\"Grazia M\u00e9xico y Latinoam\u00e9rica\",\"description\":\"Grazia es moda, belleza y noticias  de actualidad \",\"potentialAction\":[{\"@type\":\"SearchAction\",\"target\":{\"@type\":\"EntryPoint\",\"urlTemplate\":\"https:\/\/graziamagazine.com\/mx\/?s={search_term_string}\"},\"query-input\":\"required name=search_term_string\"}],\"inLanguage\":\"es-MX\"}]}<\/script>\n<!-- \/ Yoast SEO Premium plugin. -->","yoast_head_json":{"title":"Tous Garden: Un Jard\u00edn de Oro y Sue\u00f1os","description":"La nueva colecci\u00f3n florece con joyas inspiradas en la naturaleza, celebrando la belleza, la autenticidad y la magia de la primavera.","robots":{"index":"index","follow":"follow","max-snippet":"max-snippet:-1","max-image-preview":"max-image-preview:large","max-video-preview":"max-video-preview:-1"},"canonical":"https:\/\/graziamagazine.com\/mx\/articles\/tous-garden-un-jardin-de-oro-y-suenos\/","og_locale":"es_MX","og_type":"article","og_title":"Tous Garden: Un Jard\u00edn de Oro y Sue\u00f1os","og_description":"La nueva colecci\u00f3n florece con joyas inspiradas en la naturaleza, celebrando la belleza, la autenticidad y la magia de la primavera.","og_url":"https:\/\/graziamagazine.com\/mx\/articles\/tous-garden-un-jardin-de-oro-y-suenos\/","og_site_name":"Grazia M\u00e9xico y Latinoam\u00e9rica","article_modified_time":"2025-01-31T15:39:12+00:00","og_image":[{"width":791,"height":509,"url":"https:\/\/graziamagazine.com\/mx\/wp-content\/uploads\/sites\/13\/2025\/01\/Captura-de-Pantalla-2025-01-31-a-las-9.36.41-e1738337831476.png","type":"image\/png"}],"twitter_card":"summary_large_image","twitter_misc":{"Est. reading time":"2 minutos"},"schema":{"@context":"https:\/\/schema.org","@graph":[{"@type":"WebPage","@id":"https:\/\/graziamagazine.com\/mx\/articles\/tous-garden-un-jardin-de-oro-y-suenos\/","url":"https:\/\/graziamagazine.com\/mx\/articles\/tous-garden-un-jardin-de-oro-y-suenos\/","name":"Tous Garden: Un Jard\u00edn de Oro y Sue\u00f1os","isPartOf":{"@id":"https:\/\/graziamagazine.com\/mx\/#website"},"datePublished":"2025-01-31T15:30:55+00:00","dateModified":"2025-01-31T15:39:12+00:00","description":"La nueva colecci\u00f3n florece con joyas inspiradas en la naturaleza, celebrando la belleza, la autenticidad y la magia de la primavera.","breadcrumb":{"@id":"https:\/\/graziamagazine.com\/mx\/articles\/tous-garden-un-jardin-de-oro-y-suenos\/#breadcrumb"},"inLanguage":"es-MX","potentialAction":[{"@type":"ReadAction","target":["https:\/\/graziamagazine.com\/mx\/articles\/tous-garden-un-jardin-de-oro-y-suenos\/"]}]},{"@type":"BreadcrumbList","@id":"https:\/\/graziamagazine.com\/mx\/articles\/tous-garden-un-jardin-de-oro-y-suenos\/#breadcrumb","itemListElement":[{"@type":"ListItem","position":1,"name":"Home","item":"https:\/\/graziamagazine.com\/mx\/"},{"@type":"ListItem","position":2,"name":"Tous Garden: Un Jard\u00edn de Oro y Sue\u00f1os"}]},{"@type":"WebSite","@id":"https:\/\/graziamagazine.com\/mx\/#website","url":"https:\/\/graziamagazine.com\/mx\/","name":"Grazia M\u00e9xico y Latinoam\u00e9rica","description":"Grazia es moda, belleza y noticias  de actualidad ","potentialAction":[{"@type":"SearchAction","target":{"@type":"EntryPoint","urlTemplate":"https:\/\/graziamagazine.com\/mx\/?s={search_term_string}"},"query-input":"required name=search_term_string"}],"inLanguage":"es-MX"}]}},"jetpack_sharing_enabled":true,"distributor_meta":false,"distributor_terms":false,"distributor_media":false,"distributor_original_site_name":"Grazia M\u00e9xico y Latinoam\u00e9rica","distributor_original_site_url":"https:\/\/graziamagazine.com\/mx","push-errors":false,"_links":{"self":[{"href":"https:\/\/graziamagazine.com\/mx\/wp-json\/wp\/v2\/articles\/146380"}],"collection":[{"href":"https:\/\/graziamagazine.com\/mx\/wp-json\/wp\/v2\/articles"}],"about":[{"href":"https:\/\/graziamagazine.com\/mx\/wp-json\/wp\/v2\/types\/articles"}],"author":[{"embeddable":true,"href":"https:\/\/graziamagazine.com\/mx\/wp-json\/wp\/v2\/users\/28953"}],"wp:featuredmedia":[{"embeddable":true,"href":"https:\/\/graziamagazine.com\/mx\/wp-json\/wp\/v2\/media\/146396"}],"wp:attachment":[{"href":"https:\/\/graziamagazine.com\/mx\/wp-json\/wp\/v2\/media?parent=146380"}],"wp:term":[{"taxonomy":"category","embeddable":true,"href":"https:\/\/graziamagazine.com\/mx\/wp-json\/wp\/v2\/categories?post=146380"}],"curies":[{"name":"wp","href":"https:\/\/api.w.org\/{rel}","templated":true}]}}