{"id":146352,"date":"2025-01-30T13:03:11","date_gmt":"2025-01-30T18:03:11","guid":{"rendered":"https:\/\/graziamagazine.com\/mx\/?post_type=articles&#038;p=146352"},"modified":"2025-01-30T13:09:40","modified_gmt":"2025-01-30T18:09:40","slug":"alessandro-michele-convierte-valentino-en-un-espectaculo-de-cine-lleno-de-celebridades","status":"publish","type":"articles","link":"https:\/\/graziamagazine.com\/mx\/articles\/alessandro-michele-convierte-valentino-en-un-espectaculo-de-cine-lleno-de-celebridades\/","title":{"rendered":"Alessandro Michele convierte Valentino en un espect\u00e1culo de cine lleno de celebridades"},"content":{"rendered":"<p><span style=\"font-weight: 400\">Valentino acaba de vivir un emocionante momento con el debut de Alessandro Michele como director creativo. En un evento que fusion\u00f3 la moda con el cine, la pasarela se convirti\u00f3 en un espect\u00e1culo teatral, con modelos movi\u00e9ndose entre luces intermitentes y r\u00e1fagas de viento.\u00a0<\/span><\/p>\n<p><span style=\"font-weight: 400\">Pero entre lo m\u00e1s destacado estuvo la cantidad de celebridades que acudieron al acontecimiento, con Elton John, Colman Domingo y Nick Cave en primera fila.<\/span><\/p>\n<p><img loading=\"lazy\" decoding=\"async\" class=\"alignnone size-medium wp-image-146355\" src=\"https:\/\/graziamagazine.com\/mx\/wp-content\/uploads\/sites\/13\/2025\/01\/domingo-234x450.jpg\" alt=\"\" width=\"234\" height=\"450\" srcset=\"https:\/\/graziamagazine.com\/mx\/wp-content\/uploads\/sites\/13\/2025\/01\/domingo-234x450.jpg 234w, https:\/\/graziamagazine.com\/mx\/wp-content\/uploads\/sites\/13\/2025\/01\/domingo-400x771.jpg 400w, https:\/\/graziamagazine.com\/mx\/wp-content\/uploads\/sites\/13\/2025\/01\/domingo-112x215.jpg 112w, https:\/\/graziamagazine.com\/mx\/wp-content\/uploads\/sites\/13\/2025\/01\/domingo.jpg 409w\" sizes=\"(max-width: 234px) 100vw, 234px\" \/><\/p>\n<p><span style=\"font-weight: 400\">\u201cSus desfiles siempre tienen una historia, siempre son teatrales\u201d, dijo Domingo, mientras usaba un look de alta costura de Valentino, con un conjunto de pijama estampado, blazer beige y un cintur\u00f3n de la colecci\u00f3n resort de la marca. \u201cEs un poco de caos, pero es un caos elegante\u201d, afirm\u00f3.<\/span><\/p>\n<p><span style=\"font-weight: 400\">El actor, nominado al Oscar, ya tiene en mente trabajar con Valentino para sus pr\u00f3ximos looks de alfombra roja, incluyendo su outfit para la Met Gala el 5 de mayo.\u00a0<\/span><\/p>\n<p><img loading=\"lazy\" decoding=\"async\" class=\"alignnone size-medium wp-image-146354\" src=\"https:\/\/graziamagazine.com\/mx\/wp-content\/uploads\/sites\/13\/2025\/01\/cave-276x450.jpg\" alt=\"\" width=\"276\" height=\"450\" srcset=\"https:\/\/graziamagazine.com\/mx\/wp-content\/uploads\/sites\/13\/2025\/01\/cave-276x450.jpg 276w, https:\/\/graziamagazine.com\/mx\/wp-content\/uploads\/sites\/13\/2025\/01\/cave-400x653.jpg 400w, https:\/\/graziamagazine.com\/mx\/wp-content\/uploads\/sites\/13\/2025\/01\/cave-132x215.jpg 132w, https:\/\/graziamagazine.com\/mx\/wp-content\/uploads\/sites\/13\/2025\/01\/cave.jpg 444w\" sizes=\"(max-width: 276px) 100vw, 276px\" \/><\/p>\n<p><span style=\"font-weight: 400\">La propuesta de Michele no decepcion\u00f3 a quienes esperaban su caracter\u00edstica est\u00e9tica maximalista. En la pasarela, se vieron piezas dram\u00e1ticas, siluetas voluminosas y muchas referencias a la cultura pop.\u00a0<\/span><\/p>\n<p><span style=\"font-weight: 400\">Nick Cave, con su caracter\u00edstico humor, dijo: \u201cOscuridad para una era oscura\u201d. A su lado, su esposa Susie Bick, eligi\u00f3 un vestido de terciopelo bordado para la ocasi\u00f3n.<\/span><\/p>\n<p><span style=\"font-weight: 400\">Esta pasarela fue tan solo una peque\u00f1a prueba de lo que nos espera de Valentino bajo la direcci\u00f3n de Alessandro Michele.<\/span><\/p>\n<p><img loading=\"lazy\" decoding=\"async\" class=\"alignnone size-medium wp-image-146357\" src=\"https:\/\/graziamagazine.com\/mx\/wp-content\/uploads\/sites\/13\/2025\/01\/jeff-243x450.jpg\" alt=\"\" width=\"243\" height=\"450\" srcset=\"https:\/\/graziamagazine.com\/mx\/wp-content\/uploads\/sites\/13\/2025\/01\/jeff-243x450.jpg 243w, https:\/\/graziamagazine.com\/mx\/wp-content\/uploads\/sites\/13\/2025\/01\/jeff-400x741.jpg 400w, https:\/\/graziamagazine.com\/mx\/wp-content\/uploads\/sites\/13\/2025\/01\/jeff-116x215.jpg 116w, https:\/\/graziamagazine.com\/mx\/wp-content\/uploads\/sites\/13\/2025\/01\/jeff.jpg 416w\" sizes=\"(max-width: 243px) 100vw, 243px\" \/><\/p>\n","protected":false},"author":11628,"featured_media":146356,"template":"","format":"standard","categories":[4],"acf":[],"yoast_head":"<!-- This site is optimized with the Yoast SEO Premium plugin v18.5 (Yoast SEO v20.4) - https:\/\/yoast.com\/wordpress\/plugins\/seo\/ -->\n<title>Alessandro Michele debuta en Valentino entre celebridades<\/title>\n<meta name=\"description\" content=\"Valentino acaba de vivir un emocionante momento con el debut de Alessandro Michele como director creativo. En un evento que fusion\u00f3 la moda con el cine,\" \/>\n<meta name=\"robots\" content=\"index, follow, max-snippet:-1, max-image-preview:large, max-video-preview:-1\" \/>\n<link rel=\"canonical\" href=\"https:\/\/graziamagazine.com\/mx\/articles\/alessandro-michele-convierte-valentino-en-un-espectaculo-de-cine-lleno-de-celebridades\/\" \/>\n<meta property=\"og:locale\" content=\"es_MX\" \/>\n<meta property=\"og:type\" content=\"article\" \/>\n<meta property=\"og:title\" content=\"Alessandro Michele convierte Valentino en un espect\u00e1culo de cine lleno de celebridades\" \/>\n<meta property=\"og:description\" content=\"Valentino acaba de vivir un emocionante momento con el debut de Alessandro Michele como director creativo. En un evento que fusion\u00f3 la moda con el cine,\" \/>\n<meta property=\"og:url\" content=\"https:\/\/graziamagazine.com\/mx\/articles\/alessandro-michele-convierte-valentino-en-un-espectaculo-de-cine-lleno-de-celebridades\/\" \/>\n<meta property=\"og:site_name\" content=\"Grazia M\u00e9xico y Latinoam\u00e9rica\" \/>\n<meta property=\"article:modified_time\" content=\"2025-01-30T18:09:40+00:00\" \/>\n<meta property=\"og:image\" content=\"https:\/\/graziamagazine.com\/mx\/wp-content\/uploads\/sites\/13\/2025\/01\/elton.jpg\" \/>\n\t<meta property=\"og:image:width\" content=\"825\" \/>\n\t<meta property=\"og:image:height\" content=\"472\" \/>\n\t<meta property=\"og:image:type\" content=\"image\/jpeg\" \/>\n<meta name=\"twitter:card\" content=\"summary_large_image\" \/>\n<meta name=\"twitter:label1\" content=\"Est. reading time\" \/>\n\t<meta name=\"twitter:data1\" content=\"2 minutos\" \/>\n<script type=\"application\/ld+json\" class=\"yoast-schema-graph\">{\"@context\":\"https:\/\/schema.org\",\"@graph\":[{\"@type\":\"WebPage\",\"@id\":\"https:\/\/graziamagazine.com\/mx\/articles\/alessandro-michele-convierte-valentino-en-un-espectaculo-de-cine-lleno-de-celebridades\/\",\"url\":\"https:\/\/graziamagazine.com\/mx\/articles\/alessandro-michele-convierte-valentino-en-un-espectaculo-de-cine-lleno-de-celebridades\/\",\"name\":\"Alessandro Michele debuta en Valentino entre celebridades\",\"isPartOf\":{\"@id\":\"https:\/\/graziamagazine.com\/mx\/#website\"},\"datePublished\":\"2025-01-30T18:03:11+00:00\",\"dateModified\":\"2025-01-30T18:09:40+00:00\",\"description\":\"Valentino acaba de vivir un emocionante momento con el debut de Alessandro Michele como director creativo. En un evento que fusion\u00f3 la moda con el cine,\",\"breadcrumb\":{\"@id\":\"https:\/\/graziamagazine.com\/mx\/articles\/alessandro-michele-convierte-valentino-en-un-espectaculo-de-cine-lleno-de-celebridades\/#breadcrumb\"},\"inLanguage\":\"es-MX\",\"potentialAction\":[{\"@type\":\"ReadAction\",\"target\":[\"https:\/\/graziamagazine.com\/mx\/articles\/alessandro-michele-convierte-valentino-en-un-espectaculo-de-cine-lleno-de-celebridades\/\"]}]},{\"@type\":\"BreadcrumbList\",\"@id\":\"https:\/\/graziamagazine.com\/mx\/articles\/alessandro-michele-convierte-valentino-en-un-espectaculo-de-cine-lleno-de-celebridades\/#breadcrumb\",\"itemListElement\":[{\"@type\":\"ListItem\",\"position\":1,\"name\":\"Home\",\"item\":\"https:\/\/graziamagazine.com\/mx\/\"},{\"@type\":\"ListItem\",\"position\":2,\"name\":\"Alessandro Michele convierte Valentino en un espect\u00e1culo de cine lleno de celebridades\"}]},{\"@type\":\"WebSite\",\"@id\":\"https:\/\/graziamagazine.com\/mx\/#website\",\"url\":\"https:\/\/graziamagazine.com\/mx\/\",\"name\":\"Grazia M\u00e9xico y Latinoam\u00e9rica\",\"description\":\"Grazia es moda, belleza y noticias  de actualidad \",\"potentialAction\":[{\"@type\":\"SearchAction\",\"target\":{\"@type\":\"EntryPoint\",\"urlTemplate\":\"https:\/\/graziamagazine.com\/mx\/?s={search_term_string}\"},\"query-input\":\"required name=search_term_string\"}],\"inLanguage\":\"es-MX\"}]}<\/script>\n<!-- \/ Yoast SEO Premium plugin. -->","yoast_head_json":{"title":"Alessandro Michele debuta en Valentino entre celebridades","description":"Valentino acaba de vivir un emocionante momento con el debut de Alessandro Michele como director creativo. En un evento que fusion\u00f3 la moda con el cine,","robots":{"index":"index","follow":"follow","max-snippet":"max-snippet:-1","max-image-preview":"max-image-preview:large","max-video-preview":"max-video-preview:-1"},"canonical":"https:\/\/graziamagazine.com\/mx\/articles\/alessandro-michele-convierte-valentino-en-un-espectaculo-de-cine-lleno-de-celebridades\/","og_locale":"es_MX","og_type":"article","og_title":"Alessandro Michele convierte Valentino en un espect\u00e1culo de cine lleno de celebridades","og_description":"Valentino acaba de vivir un emocionante momento con el debut de Alessandro Michele como director creativo. En un evento que fusion\u00f3 la moda con el cine,","og_url":"https:\/\/graziamagazine.com\/mx\/articles\/alessandro-michele-convierte-valentino-en-un-espectaculo-de-cine-lleno-de-celebridades\/","og_site_name":"Grazia M\u00e9xico y Latinoam\u00e9rica","article_modified_time":"2025-01-30T18:09:40+00:00","og_image":[{"width":825,"height":472,"url":"https:\/\/graziamagazine.com\/mx\/wp-content\/uploads\/sites\/13\/2025\/01\/elton.jpg","type":"image\/jpeg"}],"twitter_card":"summary_large_image","twitter_misc":{"Est. reading time":"2 minutos"},"schema":{"@context":"https:\/\/schema.org","@graph":[{"@type":"WebPage","@id":"https:\/\/graziamagazine.com\/mx\/articles\/alessandro-michele-convierte-valentino-en-un-espectaculo-de-cine-lleno-de-celebridades\/","url":"https:\/\/graziamagazine.com\/mx\/articles\/alessandro-michele-convierte-valentino-en-un-espectaculo-de-cine-lleno-de-celebridades\/","name":"Alessandro Michele debuta en Valentino entre celebridades","isPartOf":{"@id":"https:\/\/graziamagazine.com\/mx\/#website"},"datePublished":"2025-01-30T18:03:11+00:00","dateModified":"2025-01-30T18:09:40+00:00","description":"Valentino acaba de vivir un emocionante momento con el debut de Alessandro Michele como director creativo. En un evento que fusion\u00f3 la moda con el cine,","breadcrumb":{"@id":"https:\/\/graziamagazine.com\/mx\/articles\/alessandro-michele-convierte-valentino-en-un-espectaculo-de-cine-lleno-de-celebridades\/#breadcrumb"},"inLanguage":"es-MX","potentialAction":[{"@type":"ReadAction","target":["https:\/\/graziamagazine.com\/mx\/articles\/alessandro-michele-convierte-valentino-en-un-espectaculo-de-cine-lleno-de-celebridades\/"]}]},{"@type":"BreadcrumbList","@id":"https:\/\/graziamagazine.com\/mx\/articles\/alessandro-michele-convierte-valentino-en-un-espectaculo-de-cine-lleno-de-celebridades\/#breadcrumb","itemListElement":[{"@type":"ListItem","position":1,"name":"Home","item":"https:\/\/graziamagazine.com\/mx\/"},{"@type":"ListItem","position":2,"name":"Alessandro Michele convierte Valentino en un espect\u00e1culo de cine lleno de celebridades"}]},{"@type":"WebSite","@id":"https:\/\/graziamagazine.com\/mx\/#website","url":"https:\/\/graziamagazine.com\/mx\/","name":"Grazia M\u00e9xico y Latinoam\u00e9rica","description":"Grazia es moda, belleza y noticias  de actualidad ","potentialAction":[{"@type":"SearchAction","target":{"@type":"EntryPoint","urlTemplate":"https:\/\/graziamagazine.com\/mx\/?s={search_term_string}"},"query-input":"required name=search_term_string"}],"inLanguage":"es-MX"}]}},"jetpack_sharing_enabled":true,"distributor_meta":false,"distributor_terms":false,"distributor_media":false,"distributor_original_site_name":"Grazia M\u00e9xico y Latinoam\u00e9rica","distributor_original_site_url":"https:\/\/graziamagazine.com\/mx","push-errors":false,"_links":{"self":[{"href":"https:\/\/graziamagazine.com\/mx\/wp-json\/wp\/v2\/articles\/146352"}],"collection":[{"href":"https:\/\/graziamagazine.com\/mx\/wp-json\/wp\/v2\/articles"}],"about":[{"href":"https:\/\/graziamagazine.com\/mx\/wp-json\/wp\/v2\/types\/articles"}],"author":[{"embeddable":true,"href":"https:\/\/graziamagazine.com\/mx\/wp-json\/wp\/v2\/users\/11628"}],"wp:featuredmedia":[{"embeddable":true,"href":"https:\/\/graziamagazine.com\/mx\/wp-json\/wp\/v2\/media\/146356"}],"wp:attachment":[{"href":"https:\/\/graziamagazine.com\/mx\/wp-json\/wp\/v2\/media?parent=146352"}],"wp:term":[{"taxonomy":"category","embeddable":true,"href":"https:\/\/graziamagazine.com\/mx\/wp-json\/wp\/v2\/categories?post=146352"}],"curies":[{"name":"wp","href":"https:\/\/api.w.org\/{rel}","templated":true}]}}