{"id":146288,"date":"2025-01-29T16:24:24","date_gmt":"2025-01-29T21:24:24","guid":{"rendered":"https:\/\/graziamagazine.com\/mx\/?post_type=articles&#038;p=146288"},"modified":"2025-01-29T16:30:26","modified_gmt":"2025-01-29T21:30:26","slug":"elie-saab-spring-couture-2025-pinceladas-de-ensueno","status":"publish","type":"articles","link":"https:\/\/graziamagazine.com\/mx\/articles\/elie-saab-spring-couture-2025-pinceladas-de-ensueno\/","title":{"rendered":"Elie Saab Spring Couture 2025: Pinceladas de Ensue\u00f1o"},"content":{"rendered":"<p>Imagina adentrarte en un jard\u00edn impresionista donde cada flor y hoja han sido meticulosamente pintadas por un maestro. As\u00ed se siente la \u00faltima colecci\u00f3n de alta costura Primavera 2025 de Elie Saab, titulada &#8220;Retrato de un Sue\u00f1o&#8221;. Inspirada en la radiante y rom\u00e1ntica esencia de un jard\u00edn impresionista, cada pieza de esta et\u00e9rea colecci\u00f3n est\u00e1 dise\u00f1ada para ser una pincelada en un conjunto armonioso.<\/p>\n<p>Desde los primeros momentos del desfile, qued\u00f3 claro que Saab hab\u00eda creado algo verdaderamente especial. Cada pliegue, cada destello y cada susurro de tela evocaban una ilusi\u00f3n de esplendor ef\u00edmero, una obra maestra capturada entre la sombra y la luz.<\/p>\n<div class=\"content-gallery\"><div class=\"gallery-placeholder\"><div class=\"spinner\"><\/div><\/div><span class=\"gallery-pagination\"><\/span><div id=\"gallery-1\" class=\"gallery galleryid-146288 gallery-columns- gallery-size-\"><figure class=\"gallery-item\"><div class=\"gallery-icon landscape\"><img loading=\"lazy\" decoding=\"async\" width=\"788\" height=\"1184\" src=\"https:\/\/graziamagazine.com\/mx\/wp-content\/uploads\/sites\/13\/2025\/01\/Captura-de-Pantalla-2025-01-29-a-las-15.11.57.png\" class=\"lazy\" alt=\"\" srcset=\"https:\/\/graziamagazine.com\/mx\/wp-content\/uploads\/sites\/13\/2025\/01\/Captura-de-Pantalla-2025-01-29-a-las-15.11.57.png 788w, https:\/\/graziamagazine.com\/mx\/wp-content\/uploads\/sites\/13\/2025\/01\/Captura-de-Pantalla-2025-01-29-a-las-15.11.57-299x450.png 299w, https:\/\/graziamagazine.com\/mx\/wp-content\/uploads\/sites\/13\/2025\/01\/Captura-de-Pantalla-2025-01-29-a-las-15.11.57-682x1024.png 682w, https:\/\/graziamagazine.com\/mx\/wp-content\/uploads\/sites\/13\/2025\/01\/Captura-de-Pantalla-2025-01-29-a-las-15.11.57-768x1154.png 768w, https:\/\/graziamagazine.com\/mx\/wp-content\/uploads\/sites\/13\/2025\/01\/Captura-de-Pantalla-2025-01-29-a-las-15.11.57-400x601.png 400w, https:\/\/graziamagazine.com\/mx\/wp-content\/uploads\/sites\/13\/2025\/01\/Captura-de-Pantalla-2025-01-29-a-las-15.11.57-143x215.png 143w\" sizes=\"(max-width: 788px) 100vw, 788px\" \/><\/div><\/figure><figure class=\"gallery-item\"><div class=\"gallery-icon landscape\"><img loading=\"lazy\" decoding=\"async\" width=\"788\" height=\"1184\" src=\"https:\/\/graziamagazine.com\/mx\/wp-content\/uploads\/sites\/13\/2025\/01\/Captura-de-Pantalla-2025-01-29-a-las-15.12.04.png\" class=\"lazy\" alt=\"\" srcset=\"https:\/\/graziamagazine.com\/mx\/wp-content\/uploads\/sites\/13\/2025\/01\/Captura-de-Pantalla-2025-01-29-a-las-15.12.04.png 788w, https:\/\/graziamagazine.com\/mx\/wp-content\/uploads\/sites\/13\/2025\/01\/Captura-de-Pantalla-2025-01-29-a-las-15.12.04-299x450.png 299w, https:\/\/graziamagazine.com\/mx\/wp-content\/uploads\/sites\/13\/2025\/01\/Captura-de-Pantalla-2025-01-29-a-las-15.12.04-682x1024.png 682w, https:\/\/graziamagazine.com\/mx\/wp-content\/uploads\/sites\/13\/2025\/01\/Captura-de-Pantalla-2025-01-29-a-las-15.12.04-768x1154.png 768w, https:\/\/graziamagazine.com\/mx\/wp-content\/uploads\/sites\/13\/2025\/01\/Captura-de-Pantalla-2025-01-29-a-las-15.12.04-400x601.png 400w, https:\/\/graziamagazine.com\/mx\/wp-content\/uploads\/sites\/13\/2025\/01\/Captura-de-Pantalla-2025-01-29-a-las-15.12.04-143x215.png 143w\" sizes=\"(max-width: 788px) 100vw, 788px\" \/><\/div><\/figure><figure class=\"gallery-item\"><div class=\"gallery-icon landscape\"><img loading=\"lazy\" decoding=\"async\" width=\"788\" height=\"1184\" src=\"https:\/\/graziamagazine.com\/mx\/wp-content\/uploads\/sites\/13\/2025\/01\/Captura-de-Pantalla-2025-01-29-a-las-15.12.11.png\" class=\"lazy\" alt=\"\" srcset=\"https:\/\/graziamagazine.com\/mx\/wp-content\/uploads\/sites\/13\/2025\/01\/Captura-de-Pantalla-2025-01-29-a-las-15.12.11.png 788w, https:\/\/graziamagazine.com\/mx\/wp-content\/uploads\/sites\/13\/2025\/01\/Captura-de-Pantalla-2025-01-29-a-las-15.12.11-299x450.png 299w, https:\/\/graziamagazine.com\/mx\/wp-content\/uploads\/sites\/13\/2025\/01\/Captura-de-Pantalla-2025-01-29-a-las-15.12.11-682x1024.png 682w, https:\/\/graziamagazine.com\/mx\/wp-content\/uploads\/sites\/13\/2025\/01\/Captura-de-Pantalla-2025-01-29-a-las-15.12.11-768x1154.png 768w, https:\/\/graziamagazine.com\/mx\/wp-content\/uploads\/sites\/13\/2025\/01\/Captura-de-Pantalla-2025-01-29-a-las-15.12.11-400x601.png 400w, https:\/\/graziamagazine.com\/mx\/wp-content\/uploads\/sites\/13\/2025\/01\/Captura-de-Pantalla-2025-01-29-a-las-15.12.11-143x215.png 143w\" sizes=\"(max-width: 788px) 100vw, 788px\" \/><\/div><\/figure><figure class=\"gallery-item\"><div class=\"gallery-icon landscape\"><img loading=\"lazy\" decoding=\"async\" width=\"788\" height=\"1184\" src=\"https:\/\/graziamagazine.com\/mx\/wp-content\/uploads\/sites\/13\/2025\/01\/Captura-de-Pantalla-2025-01-29-a-las-15.12.16.png\" class=\"lazy\" alt=\"\" srcset=\"https:\/\/graziamagazine.com\/mx\/wp-content\/uploads\/sites\/13\/2025\/01\/Captura-de-Pantalla-2025-01-29-a-las-15.12.16.png 788w, https:\/\/graziamagazine.com\/mx\/wp-content\/uploads\/sites\/13\/2025\/01\/Captura-de-Pantalla-2025-01-29-a-las-15.12.16-299x450.png 299w, https:\/\/graziamagazine.com\/mx\/wp-content\/uploads\/sites\/13\/2025\/01\/Captura-de-Pantalla-2025-01-29-a-las-15.12.16-682x1024.png 682w, https:\/\/graziamagazine.com\/mx\/wp-content\/uploads\/sites\/13\/2025\/01\/Captura-de-Pantalla-2025-01-29-a-las-15.12.16-768x1154.png 768w, https:\/\/graziamagazine.com\/mx\/wp-content\/uploads\/sites\/13\/2025\/01\/Captura-de-Pantalla-2025-01-29-a-las-15.12.16-400x601.png 400w, https:\/\/graziamagazine.com\/mx\/wp-content\/uploads\/sites\/13\/2025\/01\/Captura-de-Pantalla-2025-01-29-a-las-15.12.16-143x215.png 143w\" sizes=\"(max-width: 788px) 100vw, 788px\" \/><\/div><\/figure><figure class=\"gallery-item\"><div class=\"gallery-icon landscape\"><img loading=\"lazy\" decoding=\"async\" width=\"788\" height=\"1184\" src=\"https:\/\/graziamagazine.com\/mx\/wp-content\/uploads\/sites\/13\/2025\/01\/Captura-de-Pantalla-2025-01-29-a-las-15.12.22.png\" class=\"lazy\" alt=\"\" srcset=\"https:\/\/graziamagazine.com\/mx\/wp-content\/uploads\/sites\/13\/2025\/01\/Captura-de-Pantalla-2025-01-29-a-las-15.12.22.png 788w, https:\/\/graziamagazine.com\/mx\/wp-content\/uploads\/sites\/13\/2025\/01\/Captura-de-Pantalla-2025-01-29-a-las-15.12.22-299x450.png 299w, https:\/\/graziamagazine.com\/mx\/wp-content\/uploads\/sites\/13\/2025\/01\/Captura-de-Pantalla-2025-01-29-a-las-15.12.22-682x1024.png 682w, https:\/\/graziamagazine.com\/mx\/wp-content\/uploads\/sites\/13\/2025\/01\/Captura-de-Pantalla-2025-01-29-a-las-15.12.22-768x1154.png 768w, https:\/\/graziamagazine.com\/mx\/wp-content\/uploads\/sites\/13\/2025\/01\/Captura-de-Pantalla-2025-01-29-a-las-15.12.22-400x601.png 400w, https:\/\/graziamagazine.com\/mx\/wp-content\/uploads\/sites\/13\/2025\/01\/Captura-de-Pantalla-2025-01-29-a-las-15.12.22-143x215.png 143w\" sizes=\"(max-width: 788px) 100vw, 788px\" \/><\/div><\/figure><\/div><\/div>\n<p>Los vestidos, con sus siluetas fluidas y detalles intrincados, parec\u00edan cobrar vida con cada paso de las modelos, reflejando una artesan\u00eda y creatividad incomparables que se nutren del pasado para pintar una visi\u00f3n de futuro que se siente silenciosamente fresca y deslumbrante.<\/p>\n<p>Uno de los aspectos m\u00e1s destacados de la colecci\u00f3n fue la paleta de colores suaves y rom\u00e1nticos, que inclu\u00eda tonos pastel como el lavanda, el rosa empolvado y el azul cielo.<\/p>\n<p>Estos colores, combinados con tejidos ligeros y transl\u00facidos, creaban una sensaci\u00f3n de ligereza y movimiento, como si las modelos flotaran por la pasarela. Los bordados florales y los apliques de encaje a\u00f1ad\u00edan una dimensi\u00f3n adicional de lujo y sofisticaci\u00f3n, recordando las delicadas pinceladas de los pintores impresionistas.<\/p>\n<div class=\"content-gallery\"><div class=\"gallery-placeholder\"><div class=\"spinner\"><\/div><\/div><span class=\"gallery-pagination\"><\/span><div id=\"gallery-2\" class=\"gallery galleryid-146288 gallery-columns- gallery-size-\"><figure class=\"gallery-item\"><div class=\"gallery-icon landscape\"><img loading=\"lazy\" decoding=\"async\" width=\"788\" height=\"1184\" src=\"https:\/\/graziamagazine.com\/mx\/wp-content\/uploads\/sites\/13\/2025\/01\/Captura-de-Pantalla-2025-01-29-a-las-15.12.26.png\" class=\"lazy\" alt=\"\" srcset=\"https:\/\/graziamagazine.com\/mx\/wp-content\/uploads\/sites\/13\/2025\/01\/Captura-de-Pantalla-2025-01-29-a-las-15.12.26.png 788w, https:\/\/graziamagazine.com\/mx\/wp-content\/uploads\/sites\/13\/2025\/01\/Captura-de-Pantalla-2025-01-29-a-las-15.12.26-299x450.png 299w, https:\/\/graziamagazine.com\/mx\/wp-content\/uploads\/sites\/13\/2025\/01\/Captura-de-Pantalla-2025-01-29-a-las-15.12.26-682x1024.png 682w, https:\/\/graziamagazine.com\/mx\/wp-content\/uploads\/sites\/13\/2025\/01\/Captura-de-Pantalla-2025-01-29-a-las-15.12.26-768x1154.png 768w, https:\/\/graziamagazine.com\/mx\/wp-content\/uploads\/sites\/13\/2025\/01\/Captura-de-Pantalla-2025-01-29-a-las-15.12.26-400x601.png 400w, https:\/\/graziamagazine.com\/mx\/wp-content\/uploads\/sites\/13\/2025\/01\/Captura-de-Pantalla-2025-01-29-a-las-15.12.26-143x215.png 143w\" sizes=\"(max-width: 788px) 100vw, 788px\" \/><\/div><\/figure><figure class=\"gallery-item\"><div class=\"gallery-icon landscape\"><img loading=\"lazy\" decoding=\"async\" width=\"788\" height=\"1184\" src=\"https:\/\/graziamagazine.com\/mx\/wp-content\/uploads\/sites\/13\/2025\/01\/Captura-de-Pantalla-2025-01-29-a-las-15.12.33.png\" class=\"lazy\" alt=\"\" srcset=\"https:\/\/graziamagazine.com\/mx\/wp-content\/uploads\/sites\/13\/2025\/01\/Captura-de-Pantalla-2025-01-29-a-las-15.12.33.png 788w, https:\/\/graziamagazine.com\/mx\/wp-content\/uploads\/sites\/13\/2025\/01\/Captura-de-Pantalla-2025-01-29-a-las-15.12.33-299x450.png 299w, https:\/\/graziamagazine.com\/mx\/wp-content\/uploads\/sites\/13\/2025\/01\/Captura-de-Pantalla-2025-01-29-a-las-15.12.33-682x1024.png 682w, https:\/\/graziamagazine.com\/mx\/wp-content\/uploads\/sites\/13\/2025\/01\/Captura-de-Pantalla-2025-01-29-a-las-15.12.33-768x1154.png 768w, https:\/\/graziamagazine.com\/mx\/wp-content\/uploads\/sites\/13\/2025\/01\/Captura-de-Pantalla-2025-01-29-a-las-15.12.33-400x601.png 400w, https:\/\/graziamagazine.com\/mx\/wp-content\/uploads\/sites\/13\/2025\/01\/Captura-de-Pantalla-2025-01-29-a-las-15.12.33-143x215.png 143w\" sizes=\"(max-width: 788px) 100vw, 788px\" \/><\/div><\/figure><figure class=\"gallery-item\"><div class=\"gallery-icon landscape\"><img loading=\"lazy\" decoding=\"async\" width=\"788\" height=\"1184\" src=\"https:\/\/graziamagazine.com\/mx\/wp-content\/uploads\/sites\/13\/2025\/01\/Captura-de-Pantalla-2025-01-29-a-las-15.12.39.png\" class=\"lazy\" alt=\"\" srcset=\"https:\/\/graziamagazine.com\/mx\/wp-content\/uploads\/sites\/13\/2025\/01\/Captura-de-Pantalla-2025-01-29-a-las-15.12.39.png 788w, https:\/\/graziamagazine.com\/mx\/wp-content\/uploads\/sites\/13\/2025\/01\/Captura-de-Pantalla-2025-01-29-a-las-15.12.39-299x450.png 299w, https:\/\/graziamagazine.com\/mx\/wp-content\/uploads\/sites\/13\/2025\/01\/Captura-de-Pantalla-2025-01-29-a-las-15.12.39-682x1024.png 682w, https:\/\/graziamagazine.com\/mx\/wp-content\/uploads\/sites\/13\/2025\/01\/Captura-de-Pantalla-2025-01-29-a-las-15.12.39-768x1154.png 768w, https:\/\/graziamagazine.com\/mx\/wp-content\/uploads\/sites\/13\/2025\/01\/Captura-de-Pantalla-2025-01-29-a-las-15.12.39-400x601.png 400w, https:\/\/graziamagazine.com\/mx\/wp-content\/uploads\/sites\/13\/2025\/01\/Captura-de-Pantalla-2025-01-29-a-las-15.12.39-143x215.png 143w\" sizes=\"(max-width: 788px) 100vw, 788px\" \/><\/div><\/figure><figure class=\"gallery-item\"><div class=\"gallery-icon landscape\"><img loading=\"lazy\" decoding=\"async\" width=\"788\" height=\"1184\" src=\"https:\/\/graziamagazine.com\/mx\/wp-content\/uploads\/sites\/13\/2025\/01\/Captura-de-Pantalla-2025-01-29-a-las-15.12.46.png\" class=\"lazy\" alt=\"\" srcset=\"https:\/\/graziamagazine.com\/mx\/wp-content\/uploads\/sites\/13\/2025\/01\/Captura-de-Pantalla-2025-01-29-a-las-15.12.46.png 788w, https:\/\/graziamagazine.com\/mx\/wp-content\/uploads\/sites\/13\/2025\/01\/Captura-de-Pantalla-2025-01-29-a-las-15.12.46-299x450.png 299w, https:\/\/graziamagazine.com\/mx\/wp-content\/uploads\/sites\/13\/2025\/01\/Captura-de-Pantalla-2025-01-29-a-las-15.12.46-682x1024.png 682w, https:\/\/graziamagazine.com\/mx\/wp-content\/uploads\/sites\/13\/2025\/01\/Captura-de-Pantalla-2025-01-29-a-las-15.12.46-768x1154.png 768w, https:\/\/graziamagazine.com\/mx\/wp-content\/uploads\/sites\/13\/2025\/01\/Captura-de-Pantalla-2025-01-29-a-las-15.12.46-400x601.png 400w, https:\/\/graziamagazine.com\/mx\/wp-content\/uploads\/sites\/13\/2025\/01\/Captura-de-Pantalla-2025-01-29-a-las-15.12.46-143x215.png 143w\" sizes=\"(max-width: 788px) 100vw, 788px\" \/><\/div><\/figure><\/div><\/div>\n<p>Adem\u00e1s, Saab incorpor\u00f3 elementos modernos en sus dise\u00f1os, como cortes asim\u00e9tricos, denim y detalles geom\u00e9tricos, que aportaban un toque contempor\u00e1neo sin perder la esencia rom\u00e1ntica de la colecci\u00f3n.<\/p>\n<p>Esta fusi\u00f3n de lo cl\u00e1sico y lo moderno result\u00f3 en una serie de looks que eran a la vez atemporales y actuales, ofreciendo una nueva perspectiva sobre la elegancia y el glamour.<\/p>\n<div class=\"content-gallery\"><div class=\"gallery-placeholder\"><div class=\"spinner\"><\/div><\/div><span class=\"gallery-pagination\"><\/span><div id=\"gallery-3\" class=\"gallery galleryid-146288 gallery-columns- gallery-size-\"><figure class=\"gallery-item\"><div class=\"gallery-icon landscape\"><img loading=\"lazy\" decoding=\"async\" width=\"788\" height=\"1184\" src=\"https:\/\/graziamagazine.com\/mx\/wp-content\/uploads\/sites\/13\/2025\/01\/Captura-de-Pantalla-2025-01-29-a-las-15.12.52.png\" class=\"lazy\" alt=\"\" srcset=\"https:\/\/graziamagazine.com\/mx\/wp-content\/uploads\/sites\/13\/2025\/01\/Captura-de-Pantalla-2025-01-29-a-las-15.12.52.png 788w, https:\/\/graziamagazine.com\/mx\/wp-content\/uploads\/sites\/13\/2025\/01\/Captura-de-Pantalla-2025-01-29-a-las-15.12.52-299x450.png 299w, https:\/\/graziamagazine.com\/mx\/wp-content\/uploads\/sites\/13\/2025\/01\/Captura-de-Pantalla-2025-01-29-a-las-15.12.52-682x1024.png 682w, https:\/\/graziamagazine.com\/mx\/wp-content\/uploads\/sites\/13\/2025\/01\/Captura-de-Pantalla-2025-01-29-a-las-15.12.52-768x1154.png 768w, https:\/\/graziamagazine.com\/mx\/wp-content\/uploads\/sites\/13\/2025\/01\/Captura-de-Pantalla-2025-01-29-a-las-15.12.52-400x601.png 400w, https:\/\/graziamagazine.com\/mx\/wp-content\/uploads\/sites\/13\/2025\/01\/Captura-de-Pantalla-2025-01-29-a-las-15.12.52-143x215.png 143w\" sizes=\"(max-width: 788px) 100vw, 788px\" \/><\/div><\/figure><figure class=\"gallery-item\"><div class=\"gallery-icon landscape\"><img loading=\"lazy\" decoding=\"async\" width=\"788\" height=\"1184\" src=\"https:\/\/graziamagazine.com\/mx\/wp-content\/uploads\/sites\/13\/2025\/01\/Captura-de-Pantalla-2025-01-29-a-las-15.12.58.png\" class=\"lazy\" alt=\"\" srcset=\"https:\/\/graziamagazine.com\/mx\/wp-content\/uploads\/sites\/13\/2025\/01\/Captura-de-Pantalla-2025-01-29-a-las-15.12.58.png 788w, https:\/\/graziamagazine.com\/mx\/wp-content\/uploads\/sites\/13\/2025\/01\/Captura-de-Pantalla-2025-01-29-a-las-15.12.58-299x450.png 299w, https:\/\/graziamagazine.com\/mx\/wp-content\/uploads\/sites\/13\/2025\/01\/Captura-de-Pantalla-2025-01-29-a-las-15.12.58-682x1024.png 682w, https:\/\/graziamagazine.com\/mx\/wp-content\/uploads\/sites\/13\/2025\/01\/Captura-de-Pantalla-2025-01-29-a-las-15.12.58-768x1154.png 768w, https:\/\/graziamagazine.com\/mx\/wp-content\/uploads\/sites\/13\/2025\/01\/Captura-de-Pantalla-2025-01-29-a-las-15.12.58-400x601.png 400w, https:\/\/graziamagazine.com\/mx\/wp-content\/uploads\/sites\/13\/2025\/01\/Captura-de-Pantalla-2025-01-29-a-las-15.12.58-143x215.png 143w\" sizes=\"(max-width: 788px) 100vw, 788px\" \/><\/div><\/figure><figure class=\"gallery-item\"><div class=\"gallery-icon landscape\"><img loading=\"lazy\" decoding=\"async\" width=\"788\" height=\"1184\" src=\"https:\/\/graziamagazine.com\/mx\/wp-content\/uploads\/sites\/13\/2025\/01\/Captura-de-Pantalla-2025-01-29-a-las-15.13.03.png\" class=\"lazy\" alt=\"\" srcset=\"https:\/\/graziamagazine.com\/mx\/wp-content\/uploads\/sites\/13\/2025\/01\/Captura-de-Pantalla-2025-01-29-a-las-15.13.03.png 788w, https:\/\/graziamagazine.com\/mx\/wp-content\/uploads\/sites\/13\/2025\/01\/Captura-de-Pantalla-2025-01-29-a-las-15.13.03-299x450.png 299w, https:\/\/graziamagazine.com\/mx\/wp-content\/uploads\/sites\/13\/2025\/01\/Captura-de-Pantalla-2025-01-29-a-las-15.13.03-682x1024.png 682w, https:\/\/graziamagazine.com\/mx\/wp-content\/uploads\/sites\/13\/2025\/01\/Captura-de-Pantalla-2025-01-29-a-las-15.13.03-768x1154.png 768w, https:\/\/graziamagazine.com\/mx\/wp-content\/uploads\/sites\/13\/2025\/01\/Captura-de-Pantalla-2025-01-29-a-las-15.13.03-400x601.png 400w, https:\/\/graziamagazine.com\/mx\/wp-content\/uploads\/sites\/13\/2025\/01\/Captura-de-Pantalla-2025-01-29-a-las-15.13.03-143x215.png 143w\" sizes=\"(max-width: 788px) 100vw, 788px\" \/><\/div><\/figure><\/div><\/div>\n<p>La colecci\u00f3n &#8220;Retrato de un Sue\u00f1o&#8221; de Elie Saab es una celebraci\u00f3n de la belleza y la artesan\u00eda, una oda a la moda que trasciende el tiempo y las tendencias. Cada dise\u00f1o es una obra de arte en s\u00ed misma, destinada a ser recordada y apreciada por su exquisita atenci\u00f3n al detalle y su capacidad para capturar la imaginaci\u00f3n.<\/p>\n<p>Para aquellos que buscan una experiencia de alta costura que combine la tradici\u00f3n con la innovaci\u00f3n, esta colecci\u00f3n ofrece una visi\u00f3n cautivadora de lo que puede ser la moda en su forma m\u00e1s elevada.<\/p>\n<p><em><strong>*IMAGEN: Elie Saab<\/strong><\/em><\/p>\n","protected":false},"author":28953,"featured_media":146301,"template":"","format":"standard","categories":[4],"acf":[],"yoast_head":"<!-- This site is optimized with the Yoast SEO Premium plugin v18.5 (Yoast SEO v20.4) - https:\/\/yoast.com\/wordpress\/plugins\/seo\/ -->\n<title>Elie Saab Spring Couture 2025: Pinceladas de Ensue\u00f1o<\/title>\n<meta name=\"description\" content=\"La colecci\u00f3n fusiona la elegancia cl\u00e1sica con una audaz precisi\u00f3n arquitect\u00f3nica, redefiniendo la alta costura.\" \/>\n<meta name=\"robots\" content=\"index, follow, max-snippet:-1, max-image-preview:large, max-video-preview:-1\" \/>\n<link rel=\"canonical\" href=\"https:\/\/graziamagazine.com\/mx\/articles\/elie-saab-spring-couture-2025-pinceladas-de-ensueno\/\" \/>\n<meta property=\"og:locale\" content=\"es_MX\" \/>\n<meta property=\"og:type\" content=\"article\" \/>\n<meta property=\"og:title\" content=\"Elie Saab Spring Couture 2025: Pinceladas de Ensue\u00f1o\" \/>\n<meta property=\"og:description\" content=\"La colecci\u00f3n fusiona la elegancia cl\u00e1sica con una audaz precisi\u00f3n arquitect\u00f3nica, redefiniendo la alta costura.\" \/>\n<meta property=\"og:url\" content=\"https:\/\/graziamagazine.com\/mx\/articles\/elie-saab-spring-couture-2025-pinceladas-de-ensueno\/\" \/>\n<meta property=\"og:site_name\" content=\"Grazia M\u00e9xico y Latinoam\u00e9rica\" \/>\n<meta property=\"article:modified_time\" content=\"2025-01-29T21:30:26+00:00\" \/>\n<meta property=\"og:image\" content=\"https:\/\/graziamagazine.com\/mx\/wp-content\/uploads\/sites\/13\/2025\/01\/Captura-de-Pantalla-2025-01-29-a-las-15.13.26.png\" \/>\n\t<meta property=\"og:image:width\" content=\"828\" \/>\n\t<meta property=\"og:image:height\" content=\"628\" \/>\n\t<meta property=\"og:image:type\" content=\"image\/png\" \/>\n<meta name=\"twitter:card\" content=\"summary_large_image\" \/>\n<meta name=\"twitter:label1\" content=\"Est. reading time\" \/>\n\t<meta name=\"twitter:data1\" content=\"2 minutos\" \/>\n<script type=\"application\/ld+json\" class=\"yoast-schema-graph\">{\"@context\":\"https:\/\/schema.org\",\"@graph\":[{\"@type\":\"WebPage\",\"@id\":\"https:\/\/graziamagazine.com\/mx\/articles\/elie-saab-spring-couture-2025-pinceladas-de-ensueno\/\",\"url\":\"https:\/\/graziamagazine.com\/mx\/articles\/elie-saab-spring-couture-2025-pinceladas-de-ensueno\/\",\"name\":\"Elie Saab Spring Couture 2025: Pinceladas de Ensue\u00f1o\",\"isPartOf\":{\"@id\":\"https:\/\/graziamagazine.com\/mx\/#website\"},\"datePublished\":\"2025-01-29T21:24:24+00:00\",\"dateModified\":\"2025-01-29T21:30:26+00:00\",\"description\":\"La colecci\u00f3n fusiona la elegancia cl\u00e1sica con una audaz precisi\u00f3n arquitect\u00f3nica, redefiniendo la alta costura.\",\"breadcrumb\":{\"@id\":\"https:\/\/graziamagazine.com\/mx\/articles\/elie-saab-spring-couture-2025-pinceladas-de-ensueno\/#breadcrumb\"},\"inLanguage\":\"es-MX\",\"potentialAction\":[{\"@type\":\"ReadAction\",\"target\":[\"https:\/\/graziamagazine.com\/mx\/articles\/elie-saab-spring-couture-2025-pinceladas-de-ensueno\/\"]}]},{\"@type\":\"BreadcrumbList\",\"@id\":\"https:\/\/graziamagazine.com\/mx\/articles\/elie-saab-spring-couture-2025-pinceladas-de-ensueno\/#breadcrumb\",\"itemListElement\":[{\"@type\":\"ListItem\",\"position\":1,\"name\":\"Home\",\"item\":\"https:\/\/graziamagazine.com\/mx\/\"},{\"@type\":\"ListItem\",\"position\":2,\"name\":\"Elie Saab Spring Couture 2025: Pinceladas de Ensue\u00f1o\"}]},{\"@type\":\"WebSite\",\"@id\":\"https:\/\/graziamagazine.com\/mx\/#website\",\"url\":\"https:\/\/graziamagazine.com\/mx\/\",\"name\":\"Grazia M\u00e9xico y Latinoam\u00e9rica\",\"description\":\"Grazia es moda, belleza y noticias  de actualidad \",\"potentialAction\":[{\"@type\":\"SearchAction\",\"target\":{\"@type\":\"EntryPoint\",\"urlTemplate\":\"https:\/\/graziamagazine.com\/mx\/?s={search_term_string}\"},\"query-input\":\"required name=search_term_string\"}],\"inLanguage\":\"es-MX\"}]}<\/script>\n<!-- \/ Yoast SEO Premium plugin. -->","yoast_head_json":{"title":"Elie Saab Spring Couture 2025: Pinceladas de Ensue\u00f1o","description":"La colecci\u00f3n fusiona la elegancia cl\u00e1sica con una audaz precisi\u00f3n arquitect\u00f3nica, redefiniendo la alta costura.","robots":{"index":"index","follow":"follow","max-snippet":"max-snippet:-1","max-image-preview":"max-image-preview:large","max-video-preview":"max-video-preview:-1"},"canonical":"https:\/\/graziamagazine.com\/mx\/articles\/elie-saab-spring-couture-2025-pinceladas-de-ensueno\/","og_locale":"es_MX","og_type":"article","og_title":"Elie Saab Spring Couture 2025: Pinceladas de Ensue\u00f1o","og_description":"La colecci\u00f3n fusiona la elegancia cl\u00e1sica con una audaz precisi\u00f3n arquitect\u00f3nica, redefiniendo la alta costura.","og_url":"https:\/\/graziamagazine.com\/mx\/articles\/elie-saab-spring-couture-2025-pinceladas-de-ensueno\/","og_site_name":"Grazia M\u00e9xico y Latinoam\u00e9rica","article_modified_time":"2025-01-29T21:30:26+00:00","og_image":[{"width":828,"height":628,"url":"https:\/\/graziamagazine.com\/mx\/wp-content\/uploads\/sites\/13\/2025\/01\/Captura-de-Pantalla-2025-01-29-a-las-15.13.26.png","type":"image\/png"}],"twitter_card":"summary_large_image","twitter_misc":{"Est. reading time":"2 minutos"},"schema":{"@context":"https:\/\/schema.org","@graph":[{"@type":"WebPage","@id":"https:\/\/graziamagazine.com\/mx\/articles\/elie-saab-spring-couture-2025-pinceladas-de-ensueno\/","url":"https:\/\/graziamagazine.com\/mx\/articles\/elie-saab-spring-couture-2025-pinceladas-de-ensueno\/","name":"Elie Saab Spring Couture 2025: Pinceladas de Ensue\u00f1o","isPartOf":{"@id":"https:\/\/graziamagazine.com\/mx\/#website"},"datePublished":"2025-01-29T21:24:24+00:00","dateModified":"2025-01-29T21:30:26+00:00","description":"La colecci\u00f3n fusiona la elegancia cl\u00e1sica con una audaz precisi\u00f3n arquitect\u00f3nica, redefiniendo la alta costura.","breadcrumb":{"@id":"https:\/\/graziamagazine.com\/mx\/articles\/elie-saab-spring-couture-2025-pinceladas-de-ensueno\/#breadcrumb"},"inLanguage":"es-MX","potentialAction":[{"@type":"ReadAction","target":["https:\/\/graziamagazine.com\/mx\/articles\/elie-saab-spring-couture-2025-pinceladas-de-ensueno\/"]}]},{"@type":"BreadcrumbList","@id":"https:\/\/graziamagazine.com\/mx\/articles\/elie-saab-spring-couture-2025-pinceladas-de-ensueno\/#breadcrumb","itemListElement":[{"@type":"ListItem","position":1,"name":"Home","item":"https:\/\/graziamagazine.com\/mx\/"},{"@type":"ListItem","position":2,"name":"Elie Saab Spring Couture 2025: Pinceladas de Ensue\u00f1o"}]},{"@type":"WebSite","@id":"https:\/\/graziamagazine.com\/mx\/#website","url":"https:\/\/graziamagazine.com\/mx\/","name":"Grazia M\u00e9xico y Latinoam\u00e9rica","description":"Grazia es moda, belleza y noticias  de actualidad ","potentialAction":[{"@type":"SearchAction","target":{"@type":"EntryPoint","urlTemplate":"https:\/\/graziamagazine.com\/mx\/?s={search_term_string}"},"query-input":"required name=search_term_string"}],"inLanguage":"es-MX"}]}},"jetpack_sharing_enabled":true,"distributor_meta":false,"distributor_terms":false,"distributor_media":false,"distributor_original_site_name":"Grazia M\u00e9xico y Latinoam\u00e9rica","distributor_original_site_url":"https:\/\/graziamagazine.com\/mx","push-errors":false,"_links":{"self":[{"href":"https:\/\/graziamagazine.com\/mx\/wp-json\/wp\/v2\/articles\/146288"}],"collection":[{"href":"https:\/\/graziamagazine.com\/mx\/wp-json\/wp\/v2\/articles"}],"about":[{"href":"https:\/\/graziamagazine.com\/mx\/wp-json\/wp\/v2\/types\/articles"}],"author":[{"embeddable":true,"href":"https:\/\/graziamagazine.com\/mx\/wp-json\/wp\/v2\/users\/28953"}],"wp:featuredmedia":[{"embeddable":true,"href":"https:\/\/graziamagazine.com\/mx\/wp-json\/wp\/v2\/media\/146301"}],"wp:attachment":[{"href":"https:\/\/graziamagazine.com\/mx\/wp-json\/wp\/v2\/media?parent=146288"}],"wp:term":[{"taxonomy":"category","embeddable":true,"href":"https:\/\/graziamagazine.com\/mx\/wp-json\/wp\/v2\/categories?post=146288"}],"curies":[{"name":"wp","href":"https:\/\/api.w.org\/{rel}","templated":true}]}}