{"id":146277,"date":"2025-01-29T14:04:47","date_gmt":"2025-01-29T19:04:47","guid":{"rendered":"https:\/\/graziamagazine.com\/mx\/?post_type=articles&#038;p=146277"},"modified":"2025-01-29T14:11:38","modified_gmt":"2025-01-29T19:11:38","slug":"perlas-y-lanzas-pharrell-y-tiffany-co-redefinen-la-joyeria","status":"publish","type":"articles","link":"https:\/\/graziamagazine.com\/mx\/articles\/perlas-y-lanzas-pharrell-y-tiffany-co-redefinen-la-joyeria\/","title":{"rendered":"Perlas y Lanzas: Pharrell y Tiffany &amp; Co. redefinen la joyer\u00eda"},"content":{"rendered":"<p data-pm-slice=\"1 1 []\">Cuando se piensa en perlas, la imagen cl\u00e1sica de joyer\u00eda elegante y sofisticada viene a la mente. Sin embargo, Pharrell Williams y Tiffany &amp; Co. han decidido romper con los estereotipos y llevar esta gema a un nuevo nivel con la colecci\u00f3n Tiffany Titan by Pharrell Williams.<\/p>\n<p data-pm-slice=\"1 1 []\">Inspirada en el tridente de Poseid\u00f3n y la ciudad de Atlantis, esta colecci\u00f3n captura el esp\u00edritu rebelde y la creatividad disruptiva del artista. En su m\u00e1s reciente lanzamiento, Tiffany &amp; Co. introduce perlas de Tahit\u00ed, joyas nacidas en las aguas cristalinas de la Polinesia Francesa, que otorgan un aire a\u00fan m\u00e1s exclusivo y distintivo a cada pieza.<\/p>\n<figure id=\"attachment_146281\" aria-describedby=\"caption-attachment-146281\" style=\"width: 862px\" class=\"wp-caption alignnone\"><img loading=\"lazy\" decoding=\"async\" class=\"size-large wp-image-146281\" src=\"https:\/\/graziamagazine.com\/mx\/wp-content\/uploads\/sites\/13\/2025\/01\/Captura-de-Pantalla-2025-01-29-a-las-13.07.43-862x1024.png\" alt=\"Perlas y Lanzas: Pharrell y Tiffany &amp; Co. redefinen la joyer\u00eda\" width=\"862\" height=\"1024\" srcset=\"https:\/\/graziamagazine.com\/mx\/wp-content\/uploads\/sites\/13\/2025\/01\/Captura-de-Pantalla-2025-01-29-a-las-13.07.43-862x1024.png 862w, https:\/\/graziamagazine.com\/mx\/wp-content\/uploads\/sites\/13\/2025\/01\/Captura-de-Pantalla-2025-01-29-a-las-13.07.43-379x450.png 379w, https:\/\/graziamagazine.com\/mx\/wp-content\/uploads\/sites\/13\/2025\/01\/Captura-de-Pantalla-2025-01-29-a-las-13.07.43-768x912.png 768w, https:\/\/graziamagazine.com\/mx\/wp-content\/uploads\/sites\/13\/2025\/01\/Captura-de-Pantalla-2025-01-29-a-las-13.07.43-400x475.png 400w, https:\/\/graziamagazine.com\/mx\/wp-content\/uploads\/sites\/13\/2025\/01\/Captura-de-Pantalla-2025-01-29-a-las-13.07.43-155x184.png 155w, https:\/\/graziamagazine.com\/mx\/wp-content\/uploads\/sites\/13\/2025\/01\/Captura-de-Pantalla-2025-01-29-a-las-13.07.43.png 1164w\" sizes=\"(max-width: 862px) 100vw, 862px\" \/><figcaption id=\"caption-attachment-146281\" class=\"wp-caption-text\">Perlas y Lanzas: Pharrell y Tiffany &amp; Co. redefinen la joyer\u00eda<\/figcaption><\/figure>\n<p>El dise\u00f1o de esta colecci\u00f3n es un equilibrio entre la agresividad y la elegancia. El ic\u00f3nico motivo de lanza se fusiona con eslabones curvos, creando un contraste visual audaz.<\/p>\n<p>Esta dualidad representa el esp\u00edritu de quienes desaf\u00edan lo convencional y buscan expresar su individualidad a trav\u00e9s de piezas que son verdaderas obras de arte. La inclusi\u00f3n de perlas de Tahit\u00ed en esta edici\u00f3n no solo eleva la est\u00e9tica de la colecci\u00f3n, sino que tambi\u00e9n resalta su exclusividad.<\/p>\n<figure id=\"attachment_146278\" aria-describedby=\"caption-attachment-146278\" style=\"width: 1024px\" class=\"wp-caption alignnone\"><img loading=\"lazy\" decoding=\"async\" class=\"size-large wp-image-146278\" src=\"https:\/\/graziamagazine.com\/mx\/wp-content\/uploads\/sites\/13\/2025\/01\/Captura-de-Pantalla-2025-01-29-a-las-13.07.20-1024x1024.png\" alt=\"Perlas y Lanzas: Pharrell y Tiffany &amp; Co. redefinen la joyer\u00eda\" width=\"1024\" height=\"1024\" srcset=\"https:\/\/graziamagazine.com\/mx\/wp-content\/uploads\/sites\/13\/2025\/01\/Captura-de-Pantalla-2025-01-29-a-las-13.07.20-1024x1024.png 1024w, https:\/\/graziamagazine.com\/mx\/wp-content\/uploads\/sites\/13\/2025\/01\/Captura-de-Pantalla-2025-01-29-a-las-13.07.20-450x450.png 450w, https:\/\/graziamagazine.com\/mx\/wp-content\/uploads\/sites\/13\/2025\/01\/Captura-de-Pantalla-2025-01-29-a-las-13.07.20-150x150.png 150w, https:\/\/graziamagazine.com\/mx\/wp-content\/uploads\/sites\/13\/2025\/01\/Captura-de-Pantalla-2025-01-29-a-las-13.07.20-768x769.png 768w, https:\/\/graziamagazine.com\/mx\/wp-content\/uploads\/sites\/13\/2025\/01\/Captura-de-Pantalla-2025-01-29-a-las-13.07.20-400x401.png 400w, https:\/\/graziamagazine.com\/mx\/wp-content\/uploads\/sites\/13\/2025\/01\/Captura-de-Pantalla-2025-01-29-a-las-13.07.20-155x155.png 155w, https:\/\/graziamagazine.com\/mx\/wp-content\/uploads\/sites\/13\/2025\/01\/Captura-de-Pantalla-2025-01-29-a-las-13.07.20.png 1522w\" sizes=\"(max-width: 1024px) 100vw, 1024px\" \/><figcaption id=\"caption-attachment-146278\" class=\"wp-caption-text\">Perlas y Lanzas: Pharrell y Tiffany &amp; Co. redefinen la joyer\u00eda<\/figcaption><\/figure>\n<p>Estas perlas, cultivadas durante m\u00e1s de 18 meses, se caracterizan por su tama\u00f1o excepcional y su brillo hipn\u00f3tico con matices de verde y p\u00farpura, reflejo de la luz en su superficie natural.<\/p>\n<p>Desde su primera presentaci\u00f3n en mayo de 2024, la colecci\u00f3n Tiffany Titan ha evolucionado con nuevos materiales y combinaciones.<\/p>\n<div class=\"content-gallery\"><div class=\"gallery-placeholder\"><div class=\"spinner\"><\/div><\/div><span class=\"gallery-pagination\"><\/span><div id=\"gallery-1\" class=\"gallery galleryid-146277 gallery-columns- gallery-size-\"><figure class=\"gallery-item\"><div class=\"gallery-icon landscape\"><img loading=\"lazy\" decoding=\"async\" width=\"1502\" height=\"1388\" src=\"https:\/\/graziamagazine.com\/mx\/wp-content\/uploads\/sites\/13\/2025\/01\/Captura-de-Pantalla-2025-01-29-a-las-13.07.37.png\" class=\"lazy\" alt=\"\" srcset=\"https:\/\/graziamagazine.com\/mx\/wp-content\/uploads\/sites\/13\/2025\/01\/Captura-de-Pantalla-2025-01-29-a-las-13.07.37.png 1502w, https:\/\/graziamagazine.com\/mx\/wp-content\/uploads\/sites\/13\/2025\/01\/Captura-de-Pantalla-2025-01-29-a-las-13.07.37-450x416.png 450w, https:\/\/graziamagazine.com\/mx\/wp-content\/uploads\/sites\/13\/2025\/01\/Captura-de-Pantalla-2025-01-29-a-las-13.07.37-1024x946.png 1024w, https:\/\/graziamagazine.com\/mx\/wp-content\/uploads\/sites\/13\/2025\/01\/Captura-de-Pantalla-2025-01-29-a-las-13.07.37-768x710.png 768w, https:\/\/graziamagazine.com\/mx\/wp-content\/uploads\/sites\/13\/2025\/01\/Captura-de-Pantalla-2025-01-29-a-las-13.07.37-400x370.png 400w, https:\/\/graziamagazine.com\/mx\/wp-content\/uploads\/sites\/13\/2025\/01\/Captura-de-Pantalla-2025-01-29-a-las-13.07.37-155x143.png 155w\" sizes=\"(max-width: 1502px) 100vw, 1502px\" \/><\/div><\/figure><figure class=\"gallery-item\"><div class=\"gallery-icon landscape\"><img loading=\"lazy\" decoding=\"async\" width=\"1248\" height=\"1330\" src=\"https:\/\/graziamagazine.com\/mx\/wp-content\/uploads\/sites\/13\/2025\/01\/Captura-de-Pantalla-2025-01-29-a-las-13.07.31.png\" class=\"lazy\" alt=\"\" srcset=\"https:\/\/graziamagazine.com\/mx\/wp-content\/uploads\/sites\/13\/2025\/01\/Captura-de-Pantalla-2025-01-29-a-las-13.07.31.png 1248w, https:\/\/graziamagazine.com\/mx\/wp-content\/uploads\/sites\/13\/2025\/01\/Captura-de-Pantalla-2025-01-29-a-las-13.07.31-422x450.png 422w, https:\/\/graziamagazine.com\/mx\/wp-content\/uploads\/sites\/13\/2025\/01\/Captura-de-Pantalla-2025-01-29-a-las-13.07.31-961x1024.png 961w, https:\/\/graziamagazine.com\/mx\/wp-content\/uploads\/sites\/13\/2025\/01\/Captura-de-Pantalla-2025-01-29-a-las-13.07.31-768x818.png 768w, https:\/\/graziamagazine.com\/mx\/wp-content\/uploads\/sites\/13\/2025\/01\/Captura-de-Pantalla-2025-01-29-a-las-13.07.31-400x426.png 400w, https:\/\/graziamagazine.com\/mx\/wp-content\/uploads\/sites\/13\/2025\/01\/Captura-de-Pantalla-2025-01-29-a-las-13.07.31-155x165.png 155w\" sizes=\"(max-width: 1248px) 100vw, 1248px\" \/><\/div><\/figure><\/div><\/div>\n<p>Este lanzamiento presenta cinco piezas extraordinarias: un collar en oro rosa con perlas de Tahit\u00ed y diamantes de casi dos quilates, un brazalete en oro rosa con perlas y m\u00e1s de un quilate en diamantes, un collar con pav\u00e9 de diamantes, aretes de eslabones con pav\u00e9 y un anillo en oro amarillo con diamantes y perlas.<\/p>\n<p>Cada una de estas creaciones ha sido elaborada con los m\u00e1s altos est\u00e1ndares de calidad y materiales obtenidos de manera responsable, reafirmando el compromiso de Tiffany &amp; Co. con la sostenibilidad y la excelencia artesanal.<\/p>\n<p><em><strong>*IMAGEN: Cortes\u00eda<\/strong><\/em><\/p>\n","protected":false},"author":28953,"featured_media":146282,"template":"","format":"standard","categories":[4],"acf":[],"yoast_head":"<!-- This site is optimized with the Yoast SEO Premium plugin v18.5 (Yoast SEO v20.4) - https:\/\/yoast.com\/wordpress\/plugins\/seo\/ -->\n<title>Perlas y Lanzas: Pharrell y Tiffany &amp; Co. redefinen la joyer\u00eda<\/title>\n<meta name=\"description\" content=\"La colaboraci\u00f3n entre Pharrell Williams y Tiffany &amp; Co. fusiona tradici\u00f3n y modernidad, presentando perlas de Tahit\u00ed en dise\u00f1os audaces que celebran la individualidad.\" \/>\n<meta name=\"robots\" content=\"index, follow, max-snippet:-1, max-image-preview:large, max-video-preview:-1\" \/>\n<link rel=\"canonical\" href=\"https:\/\/graziamagazine.com\/mx\/articles\/perlas-y-lanzas-pharrell-y-tiffany-co-redefinen-la-joyeria\/\" \/>\n<meta property=\"og:locale\" content=\"es_MX\" \/>\n<meta property=\"og:type\" content=\"article\" \/>\n<meta property=\"og:title\" content=\"Perlas y Lanzas: Pharrell y Tiffany &amp; Co. redefinen la joyer\u00eda\" \/>\n<meta property=\"og:description\" content=\"La colaboraci\u00f3n entre Pharrell Williams y Tiffany &amp; Co. fusiona tradici\u00f3n y modernidad, presentando perlas de Tahit\u00ed en dise\u00f1os audaces que celebran la individualidad.\" \/>\n<meta property=\"og:url\" content=\"https:\/\/graziamagazine.com\/mx\/articles\/perlas-y-lanzas-pharrell-y-tiffany-co-redefinen-la-joyeria\/\" \/>\n<meta property=\"og:site_name\" content=\"Grazia M\u00e9xico y Latinoam\u00e9rica\" \/>\n<meta property=\"article:modified_time\" content=\"2025-01-29T19:11:38+00:00\" \/>\n<meta property=\"og:image\" content=\"https:\/\/graziamagazine.com\/mx\/wp-content\/uploads\/sites\/13\/2025\/01\/Captura-de-Pantalla-2025-01-29-a-las-13.07.53.png\" \/>\n\t<meta property=\"og:image:width\" content=\"1406\" \/>\n\t<meta property=\"og:image:height\" content=\"938\" \/>\n\t<meta property=\"og:image:type\" content=\"image\/png\" \/>\n<meta name=\"twitter:card\" content=\"summary_large_image\" \/>\n<meta name=\"twitter:label1\" content=\"Est. reading time\" \/>\n\t<meta name=\"twitter:data1\" content=\"3 minutos\" \/>\n<script type=\"application\/ld+json\" class=\"yoast-schema-graph\">{\"@context\":\"https:\/\/schema.org\",\"@graph\":[{\"@type\":\"WebPage\",\"@id\":\"https:\/\/graziamagazine.com\/mx\/articles\/perlas-y-lanzas-pharrell-y-tiffany-co-redefinen-la-joyeria\/\",\"url\":\"https:\/\/graziamagazine.com\/mx\/articles\/perlas-y-lanzas-pharrell-y-tiffany-co-redefinen-la-joyeria\/\",\"name\":\"Perlas y Lanzas: Pharrell y Tiffany & Co. redefinen la joyer\u00eda\",\"isPartOf\":{\"@id\":\"https:\/\/graziamagazine.com\/mx\/#website\"},\"datePublished\":\"2025-01-29T19:04:47+00:00\",\"dateModified\":\"2025-01-29T19:11:38+00:00\",\"description\":\"La colaboraci\u00f3n entre Pharrell Williams y Tiffany & Co. fusiona tradici\u00f3n y modernidad, presentando perlas de Tahit\u00ed en dise\u00f1os audaces que celebran la individualidad.\",\"breadcrumb\":{\"@id\":\"https:\/\/graziamagazine.com\/mx\/articles\/perlas-y-lanzas-pharrell-y-tiffany-co-redefinen-la-joyeria\/#breadcrumb\"},\"inLanguage\":\"es-MX\",\"potentialAction\":[{\"@type\":\"ReadAction\",\"target\":[\"https:\/\/graziamagazine.com\/mx\/articles\/perlas-y-lanzas-pharrell-y-tiffany-co-redefinen-la-joyeria\/\"]}]},{\"@type\":\"BreadcrumbList\",\"@id\":\"https:\/\/graziamagazine.com\/mx\/articles\/perlas-y-lanzas-pharrell-y-tiffany-co-redefinen-la-joyeria\/#breadcrumb\",\"itemListElement\":[{\"@type\":\"ListItem\",\"position\":1,\"name\":\"Home\",\"item\":\"https:\/\/graziamagazine.com\/mx\/\"},{\"@type\":\"ListItem\",\"position\":2,\"name\":\"Perlas y Lanzas: Pharrell y Tiffany &amp; Co. redefinen la joyer\u00eda\"}]},{\"@type\":\"WebSite\",\"@id\":\"https:\/\/graziamagazine.com\/mx\/#website\",\"url\":\"https:\/\/graziamagazine.com\/mx\/\",\"name\":\"Grazia M\u00e9xico y Latinoam\u00e9rica\",\"description\":\"Grazia es moda, belleza y noticias  de actualidad \",\"potentialAction\":[{\"@type\":\"SearchAction\",\"target\":{\"@type\":\"EntryPoint\",\"urlTemplate\":\"https:\/\/graziamagazine.com\/mx\/?s={search_term_string}\"},\"query-input\":\"required name=search_term_string\"}],\"inLanguage\":\"es-MX\"}]}<\/script>\n<!-- \/ Yoast SEO Premium plugin. -->","yoast_head_json":{"title":"Perlas y Lanzas: Pharrell y Tiffany & Co. redefinen la joyer\u00eda","description":"La colaboraci\u00f3n entre Pharrell Williams y Tiffany & Co. fusiona tradici\u00f3n y modernidad, presentando perlas de Tahit\u00ed en dise\u00f1os audaces que celebran la individualidad.","robots":{"index":"index","follow":"follow","max-snippet":"max-snippet:-1","max-image-preview":"max-image-preview:large","max-video-preview":"max-video-preview:-1"},"canonical":"https:\/\/graziamagazine.com\/mx\/articles\/perlas-y-lanzas-pharrell-y-tiffany-co-redefinen-la-joyeria\/","og_locale":"es_MX","og_type":"article","og_title":"Perlas y Lanzas: Pharrell y Tiffany &amp; Co. redefinen la joyer\u00eda","og_description":"La colaboraci\u00f3n entre Pharrell Williams y Tiffany & Co. fusiona tradici\u00f3n y modernidad, presentando perlas de Tahit\u00ed en dise\u00f1os audaces que celebran la individualidad.","og_url":"https:\/\/graziamagazine.com\/mx\/articles\/perlas-y-lanzas-pharrell-y-tiffany-co-redefinen-la-joyeria\/","og_site_name":"Grazia M\u00e9xico y Latinoam\u00e9rica","article_modified_time":"2025-01-29T19:11:38+00:00","og_image":[{"width":1406,"height":938,"url":"https:\/\/graziamagazine.com\/mx\/wp-content\/uploads\/sites\/13\/2025\/01\/Captura-de-Pantalla-2025-01-29-a-las-13.07.53.png","type":"image\/png"}],"twitter_card":"summary_large_image","twitter_misc":{"Est. reading time":"3 minutos"},"schema":{"@context":"https:\/\/schema.org","@graph":[{"@type":"WebPage","@id":"https:\/\/graziamagazine.com\/mx\/articles\/perlas-y-lanzas-pharrell-y-tiffany-co-redefinen-la-joyeria\/","url":"https:\/\/graziamagazine.com\/mx\/articles\/perlas-y-lanzas-pharrell-y-tiffany-co-redefinen-la-joyeria\/","name":"Perlas y Lanzas: Pharrell y Tiffany & Co. redefinen la joyer\u00eda","isPartOf":{"@id":"https:\/\/graziamagazine.com\/mx\/#website"},"datePublished":"2025-01-29T19:04:47+00:00","dateModified":"2025-01-29T19:11:38+00:00","description":"La colaboraci\u00f3n entre Pharrell Williams y Tiffany & Co. fusiona tradici\u00f3n y modernidad, presentando perlas de Tahit\u00ed en dise\u00f1os audaces que celebran la individualidad.","breadcrumb":{"@id":"https:\/\/graziamagazine.com\/mx\/articles\/perlas-y-lanzas-pharrell-y-tiffany-co-redefinen-la-joyeria\/#breadcrumb"},"inLanguage":"es-MX","potentialAction":[{"@type":"ReadAction","target":["https:\/\/graziamagazine.com\/mx\/articles\/perlas-y-lanzas-pharrell-y-tiffany-co-redefinen-la-joyeria\/"]}]},{"@type":"BreadcrumbList","@id":"https:\/\/graziamagazine.com\/mx\/articles\/perlas-y-lanzas-pharrell-y-tiffany-co-redefinen-la-joyeria\/#breadcrumb","itemListElement":[{"@type":"ListItem","position":1,"name":"Home","item":"https:\/\/graziamagazine.com\/mx\/"},{"@type":"ListItem","position":2,"name":"Perlas y Lanzas: Pharrell y Tiffany &amp; Co. redefinen la joyer\u00eda"}]},{"@type":"WebSite","@id":"https:\/\/graziamagazine.com\/mx\/#website","url":"https:\/\/graziamagazine.com\/mx\/","name":"Grazia M\u00e9xico y Latinoam\u00e9rica","description":"Grazia es moda, belleza y noticias  de actualidad ","potentialAction":[{"@type":"SearchAction","target":{"@type":"EntryPoint","urlTemplate":"https:\/\/graziamagazine.com\/mx\/?s={search_term_string}"},"query-input":"required name=search_term_string"}],"inLanguage":"es-MX"}]}},"jetpack_sharing_enabled":true,"distributor_meta":false,"distributor_terms":false,"distributor_media":false,"distributor_original_site_name":"Grazia M\u00e9xico y Latinoam\u00e9rica","distributor_original_site_url":"https:\/\/graziamagazine.com\/mx","push-errors":false,"_links":{"self":[{"href":"https:\/\/graziamagazine.com\/mx\/wp-json\/wp\/v2\/articles\/146277"}],"collection":[{"href":"https:\/\/graziamagazine.com\/mx\/wp-json\/wp\/v2\/articles"}],"about":[{"href":"https:\/\/graziamagazine.com\/mx\/wp-json\/wp\/v2\/types\/articles"}],"author":[{"embeddable":true,"href":"https:\/\/graziamagazine.com\/mx\/wp-json\/wp\/v2\/users\/28953"}],"wp:featuredmedia":[{"embeddable":true,"href":"https:\/\/graziamagazine.com\/mx\/wp-json\/wp\/v2\/media\/146282"}],"wp:attachment":[{"href":"https:\/\/graziamagazine.com\/mx\/wp-json\/wp\/v2\/media?parent=146277"}],"wp:term":[{"taxonomy":"category","embeddable":true,"href":"https:\/\/graziamagazine.com\/mx\/wp-json\/wp\/v2\/categories?post=146277"}],"curies":[{"name":"wp","href":"https:\/\/api.w.org\/{rel}","templated":true}]}}