{"id":146085,"date":"2025-01-25T14:25:48","date_gmt":"2025-01-25T19:25:48","guid":{"rendered":"https:\/\/graziamagazine.com\/mx\/?post_type=articles&#038;p=146085"},"modified":"2025-01-25T14:43:15","modified_gmt":"2025-01-25T19:43:15","slug":"los-tenis-noventeros-que-volveremos-a-usar-en-2025","status":"publish","type":"articles","link":"https:\/\/graziamagazine.com\/mx\/articles\/los-tenis-noventeros-que-volveremos-a-usar-en-2025\/","title":{"rendered":"Los tenis noventeros que volveremos a usar en 2025"},"content":{"rendered":"<p><span style=\"font-weight: 400\">Si cre\u00edas que lo mejor de los <strong>a\u00f1os 90 y 2000<\/strong> hab\u00eda quedado atr\u00e1s, te equivocas. Los tenis este par de d\u00e9cadas est\u00e1n m\u00e1s vivos que nunca y listos para dominar las calles en la <strong>primavera-verano de este 2025<\/strong>. Desde modelos atemporales hasta opciones reinventadas con un toque moderno, esta temporada estar\u00e1 llena de nostalgia y estilo.<\/span><\/p>\n<p><span style=\"font-weight: 400\">Entre las opciones m\u00e1s destacadas de esta tendencia est\u00e1n los tenis blancos. Atemporales, vers\u00e1tiles y siempre en tendencia, combinan con absolutamente todo y son perfectos para cualquier ocasi\u00f3n. Si buscas algo m\u00e1s atrevido, los modelos de cuero en tonos oscuros favoritos de las celebridades, tambi\u00e9n est\u00e1n de vuelta.<\/span><\/p>\n<p><span style=\"font-weight: 400\">Entre los imperdibles de este a\u00f1o destacan los<strong> Converse<\/strong> de corte bajo en colores neutros y los<strong> Nike Cortez<\/strong> en tonos amarillos, que a\u00f1aden un toque especial a cualquier look. Pero si lo tuyo es lo retro, los <strong>adidas SL 72 OG<\/strong> en el tono Moca Mousse y los Onitsuka Tiger amarillos ser\u00e1n los favoritos, entre muchos otros.<\/span><\/p>\n<p><span style=\"font-weight: 400\">Conseguir tu par perfecto es m\u00e1s f\u00e1cil que nunca. Sitios como Amazon, Footlocker, y JDS est\u00e1n listos para ofrecer opciones accesibles para todos los bolsillos.<\/span><\/p>\n<p><span style=\"font-weight: 400\">Si eres fan de las marcas cl\u00e1sicas, siempre puedes recurrir directamente a la marca: <strong>Vans, Nike, Reebok, New Balance, y adidas<\/strong> siguen marcando el paso en el mundo de los tenis noventeros.<\/span><\/p>\n<p><span style=\"font-weight: 400\">Para estas temporadas, los tenis se convierten en una declaraci\u00f3n de estilo y comodidad que eleva cualquier outfit.<\/span><\/p>\n<div class=\"content-gallery\"><div class=\"gallery-placeholder\"><div class=\"spinner\"><\/div><\/div><span class=\"gallery-pagination\"><\/span><div id=\"gallery-1\" class=\"gallery galleryid-146085 gallery-columns- gallery-size-medium\"><figure class=\"gallery-item\"><div class=\"gallery-icon landscape\"><img loading=\"lazy\" decoding=\"async\" width=\"251\" height=\"394\" src=\"https:\/\/graziamagazine.com\/mx\/wp-content\/uploads\/sites\/13\/2025\/01\/puma3.jpg\" class=\"lazy\" alt=\"\" srcset=\"https:\/\/graziamagazine.com\/mx\/wp-content\/uploads\/sites\/13\/2025\/01\/puma3.jpg 251w, https:\/\/graziamagazine.com\/mx\/wp-content\/uploads\/sites\/13\/2025\/01\/puma3-137x215.jpg 137w\" sizes=\"(max-width: 251px) 100vw, 251px\" \/><\/div><\/figure><figure class=\"gallery-item\"><div class=\"gallery-icon landscape\"><img loading=\"lazy\" decoding=\"async\" width=\"250\" height=\"388\" src=\"https:\/\/graziamagazine.com\/mx\/wp-content\/uploads\/sites\/13\/2025\/01\/puma2.jpg\" class=\"lazy\" alt=\"\" srcset=\"https:\/\/graziamagazine.com\/mx\/wp-content\/uploads\/sites\/13\/2025\/01\/puma2.jpg 250w, https:\/\/graziamagazine.com\/mx\/wp-content\/uploads\/sites\/13\/2025\/01\/puma2-139x215.jpg 139w\" sizes=\"(max-width: 250px) 100vw, 250px\" \/><\/div><\/figure><figure class=\"gallery-item\"><div class=\"gallery-icon landscape\"><img loading=\"lazy\" decoding=\"async\" width=\"250\" height=\"385\" src=\"https:\/\/graziamagazine.com\/mx\/wp-content\/uploads\/sites\/13\/2025\/01\/puma.jpg\" class=\"lazy\" alt=\"\" srcset=\"https:\/\/graziamagazine.com\/mx\/wp-content\/uploads\/sites\/13\/2025\/01\/puma.jpg 250w, https:\/\/graziamagazine.com\/mx\/wp-content\/uploads\/sites\/13\/2025\/01\/puma-140x215.jpg 140w\" sizes=\"(max-width: 250px) 100vw, 250px\" \/><\/div><\/figure><figure class=\"gallery-item\"><div class=\"gallery-icon landscape\"><img loading=\"lazy\" decoding=\"async\" width=\"249\" height=\"389\" src=\"https:\/\/graziamagazine.com\/mx\/wp-content\/uploads\/sites\/13\/2025\/01\/onitsuka.jpg\" class=\"lazy\" alt=\"\" srcset=\"https:\/\/graziamagazine.com\/mx\/wp-content\/uploads\/sites\/13\/2025\/01\/onitsuka.jpg 249w, https:\/\/graziamagazine.com\/mx\/wp-content\/uploads\/sites\/13\/2025\/01\/onitsuka-138x215.jpg 138w\" sizes=\"(max-width: 249px) 100vw, 249px\" \/><\/div><\/figure><figure class=\"gallery-item\"><div class=\"gallery-icon landscape\"><img loading=\"lazy\" decoding=\"async\" width=\"249\" height=\"394\" src=\"https:\/\/graziamagazine.com\/mx\/wp-content\/uploads\/sites\/13\/2025\/01\/nike.jpg\" class=\"lazy\" alt=\"\" srcset=\"https:\/\/graziamagazine.com\/mx\/wp-content\/uploads\/sites\/13\/2025\/01\/nike.jpg 249w, https:\/\/graziamagazine.com\/mx\/wp-content\/uploads\/sites\/13\/2025\/01\/nike-136x215.jpg 136w\" sizes=\"(max-width: 249px) 100vw, 249px\" \/><\/div><\/figure><figure class=\"gallery-item\"><div class=\"gallery-icon landscape\"><img loading=\"lazy\" decoding=\"async\" width=\"247\" height=\"391\" src=\"https:\/\/graziamagazine.com\/mx\/wp-content\/uploads\/sites\/13\/2025\/01\/gola.jpg\" class=\"lazy\" alt=\"\" srcset=\"https:\/\/graziamagazine.com\/mx\/wp-content\/uploads\/sites\/13\/2025\/01\/gola.jpg 247w, https:\/\/graziamagazine.com\/mx\/wp-content\/uploads\/sites\/13\/2025\/01\/gola-136x215.jpg 136w\" sizes=\"(max-width: 247px) 100vw, 247px\" \/><\/div><\/figure><figure class=\"gallery-item\"><div class=\"gallery-icon landscape\"><img loading=\"lazy\" decoding=\"async\" width=\"247\" height=\"385\" src=\"https:\/\/graziamagazine.com\/mx\/wp-content\/uploads\/sites\/13\/2025\/01\/bimba-lola-1.jpg\" class=\"lazy\" alt=\"\" srcset=\"https:\/\/graziamagazine.com\/mx\/wp-content\/uploads\/sites\/13\/2025\/01\/bimba-lola-1.jpg 247w, https:\/\/graziamagazine.com\/mx\/wp-content\/uploads\/sites\/13\/2025\/01\/bimba-lola-1-138x215.jpg 138w\" sizes=\"(max-width: 247px) 100vw, 247px\" \/><\/div><\/figure><figure class=\"gallery-item\"><div class=\"gallery-icon landscape\"><img loading=\"lazy\" decoding=\"async\" width=\"247\" height=\"387\" src=\"https:\/\/graziamagazine.com\/mx\/wp-content\/uploads\/sites\/13\/2025\/01\/adidas2.jpg\" class=\"lazy\" alt=\"\" srcset=\"https:\/\/graziamagazine.com\/mx\/wp-content\/uploads\/sites\/13\/2025\/01\/adidas2.jpg 247w, https:\/\/graziamagazine.com\/mx\/wp-content\/uploads\/sites\/13\/2025\/01\/adidas2-137x215.jpg 137w\" sizes=\"(max-width: 247px) 100vw, 247px\" \/><\/div><\/figure><figure class=\"gallery-item\"><div class=\"gallery-icon landscape\"><img loading=\"lazy\" decoding=\"async\" width=\"248\" height=\"382\" src=\"https:\/\/graziamagazine.com\/mx\/wp-content\/uploads\/sites\/13\/2025\/01\/adidas.jpg\" class=\"lazy\" alt=\"\" srcset=\"https:\/\/graziamagazine.com\/mx\/wp-content\/uploads\/sites\/13\/2025\/01\/adidas.jpg 248w, https:\/\/graziamagazine.com\/mx\/wp-content\/uploads\/sites\/13\/2025\/01\/adidas-140x215.jpg 140w\" sizes=\"(max-width: 248px) 100vw, 248px\" \/><\/div><\/figure><\/div><\/div>\n","protected":false},"author":11628,"featured_media":146095,"template":"","format":"standard","categories":[4],"acf":[],"yoast_head":"<!-- This site is optimized with the Yoast SEO Premium plugin v18.5 (Yoast SEO v20.4) - https:\/\/yoast.com\/wordpress\/plugins\/seo\/ -->\n<title>Los tenis noventeros que volveremos a usar en 2025<\/title>\n<meta name=\"description\" content=\"Si cre\u00edas que lo mejor de los a\u00f1os 90 y 2000 hab\u00eda quedado atr\u00e1s, te equivocas. Los tenis este par de d\u00e9cadas est\u00e1n m\u00e1s vivos que nunca y listos para\" \/>\n<meta name=\"robots\" content=\"index, follow, max-snippet:-1, max-image-preview:large, max-video-preview:-1\" \/>\n<link rel=\"canonical\" href=\"https:\/\/graziamagazine.com\/mx\/articles\/los-tenis-noventeros-que-volveremos-a-usar-en-2025\/\" \/>\n<meta property=\"og:locale\" content=\"es_MX\" \/>\n<meta property=\"og:type\" content=\"article\" \/>\n<meta property=\"og:title\" content=\"Los tenis noventeros que volveremos a usar en 2025\" \/>\n<meta property=\"og:description\" content=\"Si cre\u00edas que lo mejor de los a\u00f1os 90 y 2000 hab\u00eda quedado atr\u00e1s, te equivocas. Los tenis este par de d\u00e9cadas est\u00e1n m\u00e1s vivos que nunca y listos para\" \/>\n<meta property=\"og:url\" content=\"https:\/\/graziamagazine.com\/mx\/articles\/los-tenis-noventeros-que-volveremos-a-usar-en-2025\/\" \/>\n<meta property=\"og:site_name\" content=\"Grazia M\u00e9xico y Latinoam\u00e9rica\" \/>\n<meta property=\"article:modified_time\" content=\"2025-01-25T19:43:15+00:00\" \/>\n<meta property=\"og:image\" content=\"https:\/\/graziamagazine.com\/mx\/wp-content\/uploads\/sites\/13\/2025\/01\/tenis-blancos.jpg\" \/>\n\t<meta property=\"og:image:width\" content=\"516\" \/>\n\t<meta property=\"og:image:height\" content=\"295\" \/>\n\t<meta property=\"og:image:type\" content=\"image\/jpeg\" \/>\n<meta name=\"twitter:card\" content=\"summary_large_image\" \/>\n<meta name=\"twitter:label1\" content=\"Est. reading time\" \/>\n\t<meta name=\"twitter:data1\" content=\"2 minutos\" \/>\n<script type=\"application\/ld+json\" class=\"yoast-schema-graph\">{\"@context\":\"https:\/\/schema.org\",\"@graph\":[{\"@type\":\"WebPage\",\"@id\":\"https:\/\/graziamagazine.com\/mx\/articles\/los-tenis-noventeros-que-volveremos-a-usar-en-2025\/\",\"url\":\"https:\/\/graziamagazine.com\/mx\/articles\/los-tenis-noventeros-que-volveremos-a-usar-en-2025\/\",\"name\":\"Los tenis noventeros que volveremos a usar en 2025\",\"isPartOf\":{\"@id\":\"https:\/\/graziamagazine.com\/mx\/#website\"},\"datePublished\":\"2025-01-25T19:25:48+00:00\",\"dateModified\":\"2025-01-25T19:43:15+00:00\",\"description\":\"Si cre\u00edas que lo mejor de los a\u00f1os 90 y 2000 hab\u00eda quedado atr\u00e1s, te equivocas. Los tenis este par de d\u00e9cadas est\u00e1n m\u00e1s vivos que nunca y listos para\",\"breadcrumb\":{\"@id\":\"https:\/\/graziamagazine.com\/mx\/articles\/los-tenis-noventeros-que-volveremos-a-usar-en-2025\/#breadcrumb\"},\"inLanguage\":\"es-MX\",\"potentialAction\":[{\"@type\":\"ReadAction\",\"target\":[\"https:\/\/graziamagazine.com\/mx\/articles\/los-tenis-noventeros-que-volveremos-a-usar-en-2025\/\"]}]},{\"@type\":\"BreadcrumbList\",\"@id\":\"https:\/\/graziamagazine.com\/mx\/articles\/los-tenis-noventeros-que-volveremos-a-usar-en-2025\/#breadcrumb\",\"itemListElement\":[{\"@type\":\"ListItem\",\"position\":1,\"name\":\"Home\",\"item\":\"https:\/\/graziamagazine.com\/mx\/\"},{\"@type\":\"ListItem\",\"position\":2,\"name\":\"Los tenis noventeros que volveremos a usar en 2025\"}]},{\"@type\":\"WebSite\",\"@id\":\"https:\/\/graziamagazine.com\/mx\/#website\",\"url\":\"https:\/\/graziamagazine.com\/mx\/\",\"name\":\"Grazia M\u00e9xico y Latinoam\u00e9rica\",\"description\":\"Grazia es moda, belleza y noticias  de actualidad \",\"potentialAction\":[{\"@type\":\"SearchAction\",\"target\":{\"@type\":\"EntryPoint\",\"urlTemplate\":\"https:\/\/graziamagazine.com\/mx\/?s={search_term_string}\"},\"query-input\":\"required name=search_term_string\"}],\"inLanguage\":\"es-MX\"}]}<\/script>\n<!-- \/ Yoast SEO Premium plugin. -->","yoast_head_json":{"title":"Los tenis noventeros que volveremos a usar en 2025","description":"Si cre\u00edas que lo mejor de los a\u00f1os 90 y 2000 hab\u00eda quedado atr\u00e1s, te equivocas. Los tenis este par de d\u00e9cadas est\u00e1n m\u00e1s vivos que nunca y listos para","robots":{"index":"index","follow":"follow","max-snippet":"max-snippet:-1","max-image-preview":"max-image-preview:large","max-video-preview":"max-video-preview:-1"},"canonical":"https:\/\/graziamagazine.com\/mx\/articles\/los-tenis-noventeros-que-volveremos-a-usar-en-2025\/","og_locale":"es_MX","og_type":"article","og_title":"Los tenis noventeros que volveremos a usar en 2025","og_description":"Si cre\u00edas que lo mejor de los a\u00f1os 90 y 2000 hab\u00eda quedado atr\u00e1s, te equivocas. Los tenis este par de d\u00e9cadas est\u00e1n m\u00e1s vivos que nunca y listos para","og_url":"https:\/\/graziamagazine.com\/mx\/articles\/los-tenis-noventeros-que-volveremos-a-usar-en-2025\/","og_site_name":"Grazia M\u00e9xico y Latinoam\u00e9rica","article_modified_time":"2025-01-25T19:43:15+00:00","og_image":[{"width":516,"height":295,"url":"https:\/\/graziamagazine.com\/mx\/wp-content\/uploads\/sites\/13\/2025\/01\/tenis-blancos.jpg","type":"image\/jpeg"}],"twitter_card":"summary_large_image","twitter_misc":{"Est. reading time":"2 minutos"},"schema":{"@context":"https:\/\/schema.org","@graph":[{"@type":"WebPage","@id":"https:\/\/graziamagazine.com\/mx\/articles\/los-tenis-noventeros-que-volveremos-a-usar-en-2025\/","url":"https:\/\/graziamagazine.com\/mx\/articles\/los-tenis-noventeros-que-volveremos-a-usar-en-2025\/","name":"Los tenis noventeros que volveremos a usar en 2025","isPartOf":{"@id":"https:\/\/graziamagazine.com\/mx\/#website"},"datePublished":"2025-01-25T19:25:48+00:00","dateModified":"2025-01-25T19:43:15+00:00","description":"Si cre\u00edas que lo mejor de los a\u00f1os 90 y 2000 hab\u00eda quedado atr\u00e1s, te equivocas. Los tenis este par de d\u00e9cadas est\u00e1n m\u00e1s vivos que nunca y listos para","breadcrumb":{"@id":"https:\/\/graziamagazine.com\/mx\/articles\/los-tenis-noventeros-que-volveremos-a-usar-en-2025\/#breadcrumb"},"inLanguage":"es-MX","potentialAction":[{"@type":"ReadAction","target":["https:\/\/graziamagazine.com\/mx\/articles\/los-tenis-noventeros-que-volveremos-a-usar-en-2025\/"]}]},{"@type":"BreadcrumbList","@id":"https:\/\/graziamagazine.com\/mx\/articles\/los-tenis-noventeros-que-volveremos-a-usar-en-2025\/#breadcrumb","itemListElement":[{"@type":"ListItem","position":1,"name":"Home","item":"https:\/\/graziamagazine.com\/mx\/"},{"@type":"ListItem","position":2,"name":"Los tenis noventeros que volveremos a usar en 2025"}]},{"@type":"WebSite","@id":"https:\/\/graziamagazine.com\/mx\/#website","url":"https:\/\/graziamagazine.com\/mx\/","name":"Grazia M\u00e9xico y Latinoam\u00e9rica","description":"Grazia es moda, belleza y noticias  de actualidad ","potentialAction":[{"@type":"SearchAction","target":{"@type":"EntryPoint","urlTemplate":"https:\/\/graziamagazine.com\/mx\/?s={search_term_string}"},"query-input":"required name=search_term_string"}],"inLanguage":"es-MX"}]}},"jetpack_sharing_enabled":true,"distributor_meta":false,"distributor_terms":false,"distributor_media":false,"distributor_original_site_name":"Grazia M\u00e9xico y Latinoam\u00e9rica","distributor_original_site_url":"https:\/\/graziamagazine.com\/mx","push-errors":false,"_links":{"self":[{"href":"https:\/\/graziamagazine.com\/mx\/wp-json\/wp\/v2\/articles\/146085"}],"collection":[{"href":"https:\/\/graziamagazine.com\/mx\/wp-json\/wp\/v2\/articles"}],"about":[{"href":"https:\/\/graziamagazine.com\/mx\/wp-json\/wp\/v2\/types\/articles"}],"author":[{"embeddable":true,"href":"https:\/\/graziamagazine.com\/mx\/wp-json\/wp\/v2\/users\/11628"}],"wp:featuredmedia":[{"embeddable":true,"href":"https:\/\/graziamagazine.com\/mx\/wp-json\/wp\/v2\/media\/146095"}],"wp:attachment":[{"href":"https:\/\/graziamagazine.com\/mx\/wp-json\/wp\/v2\/media?parent=146085"}],"wp:term":[{"taxonomy":"category","embeddable":true,"href":"https:\/\/graziamagazine.com\/mx\/wp-json\/wp\/v2\/categories?post=146085"}],"curies":[{"name":"wp","href":"https:\/\/api.w.org\/{rel}","templated":true}]}}