{"id":146070,"date":"2025-01-24T23:28:08","date_gmt":"2025-01-25T04:28:08","guid":{"rendered":"https:\/\/graziamagazine.com\/mx\/?post_type=articles&#038;p=146070"},"modified":"2025-01-24T23:40:18","modified_gmt":"2025-01-25T04:40:18","slug":"innovacion-y-vanguardia-comme-des-garcons","status":"publish","type":"articles","link":"https:\/\/graziamagazine.com\/mx\/articles\/innovacion-y-vanguardia-comme-des-garcons\/","title":{"rendered":"Innovaci\u00f3n y Vanguardia: Comme des Gar\u00e7ons"},"content":{"rendered":"<p>\u00bfAlguna vez te has preguntado qu\u00e9 sucede cuando la moda desaf\u00eda las convenciones y redefine lo establecido? En el din\u00e1mico mundo de la moda masculina, <strong>Comme des Gar\u00e7ons Homme Plus<\/strong> se erige como un faro de innovaci\u00f3n y audacia.<\/p>\n<p>Bajo la visi\u00f3n de la ic\u00f3nica dise\u00f1adora <strong>Rei Kawakubo<\/strong>, la marca ha transformado la sastrer\u00eda tradicional en un lienzo para la experimentaci\u00f3n y la expresi\u00f3n art\u00edstica.<\/p>\n<figure id=\"attachment_146071\" aria-describedby=\"caption-attachment-146071\" style=\"width: 671px\" class=\"wp-caption alignnone\"><img loading=\"lazy\" decoding=\"async\" class=\"size-large wp-image-146071\" src=\"https:\/\/graziamagazine.com\/mx\/wp-content\/uploads\/sites\/13\/2025\/01\/Captura-de-Pantalla-2025-01-24-a-las-22.33.48-671x1024.png\" alt=\"Innovaci\u00f3n y Vanguardia: Comme des Gar\u00e7ons\" width=\"671\" height=\"1024\" srcset=\"https:\/\/graziamagazine.com\/mx\/wp-content\/uploads\/sites\/13\/2025\/01\/Captura-de-Pantalla-2025-01-24-a-las-22.33.48-671x1024.png 671w, https:\/\/graziamagazine.com\/mx\/wp-content\/uploads\/sites\/13\/2025\/01\/Captura-de-Pantalla-2025-01-24-a-las-22.33.48-295x450.png 295w, https:\/\/graziamagazine.com\/mx\/wp-content\/uploads\/sites\/13\/2025\/01\/Captura-de-Pantalla-2025-01-24-a-las-22.33.48-768x1172.png 768w, https:\/\/graziamagazine.com\/mx\/wp-content\/uploads\/sites\/13\/2025\/01\/Captura-de-Pantalla-2025-01-24-a-las-22.33.48-400x610.png 400w, https:\/\/graziamagazine.com\/mx\/wp-content\/uploads\/sites\/13\/2025\/01\/Captura-de-Pantalla-2025-01-24-a-las-22.33.48-141x215.png 141w, https:\/\/graziamagazine.com\/mx\/wp-content\/uploads\/sites\/13\/2025\/01\/Captura-de-Pantalla-2025-01-24-a-las-22.33.48.png 1000w\" sizes=\"(max-width: 671px) 100vw, 671px\" \/><figcaption id=\"caption-attachment-146071\" class=\"wp-caption-text\">Innovaci\u00f3n y Vanguardia: Comme des Gar\u00e7ons<\/figcaption><\/figure>\n<p>La colecci\u00f3n <strong>Oto\u00f1o 2024<\/strong> de Comme des Gar\u00e7ons Homme Plus present\u00f3 una fusi\u00f3n intrigante de texturas y siluetas. Destacaron superficies afelpadas y chaquetas recortadas que evocaban la sensaci\u00f3n de c\u00e1rdigans encogidos, complementadas con pantalones de pliegues voluminosos que desafiaban las normas convencionales de la moda masculina.<\/p>\n<p>Avanzando hacia la <strong>Primavera 2025<\/strong>, la marca continu\u00f3 su exploraci\u00f3n de la deconstrucci\u00f3n y la reconstrucci\u00f3n. Las prendas exhibieron una est\u00e9tica que combinaba elementos cl\u00e1sicos con detalles inesperados, creando una narrativa visual que invita a los espectadores a cuestionar y reinterpretar la moda contempor\u00e1nea.<\/p>\n<figure id=\"attachment_146072\" aria-describedby=\"caption-attachment-146072\" style=\"width: 645px\" class=\"wp-caption alignnone\"><img loading=\"lazy\" decoding=\"async\" class=\"size-large wp-image-146072\" src=\"https:\/\/graziamagazine.com\/mx\/wp-content\/uploads\/sites\/13\/2025\/01\/Captura-de-Pantalla-2025-01-24-a-las-22.33.57-645x1024.png\" alt=\"Innovaci\u00f3n y Vanguardia: Comme des Gar\u00e7ons\" width=\"645\" height=\"1024\" srcset=\"https:\/\/graziamagazine.com\/mx\/wp-content\/uploads\/sites\/13\/2025\/01\/Captura-de-Pantalla-2025-01-24-a-las-22.33.57-645x1024.png 645w, https:\/\/graziamagazine.com\/mx\/wp-content\/uploads\/sites\/13\/2025\/01\/Captura-de-Pantalla-2025-01-24-a-las-22.33.57-284x450.png 284w, https:\/\/graziamagazine.com\/mx\/wp-content\/uploads\/sites\/13\/2025\/01\/Captura-de-Pantalla-2025-01-24-a-las-22.33.57-768x1219.png 768w, https:\/\/graziamagazine.com\/mx\/wp-content\/uploads\/sites\/13\/2025\/01\/Captura-de-Pantalla-2025-01-24-a-las-22.33.57-400x635.png 400w, https:\/\/graziamagazine.com\/mx\/wp-content\/uploads\/sites\/13\/2025\/01\/Captura-de-Pantalla-2025-01-24-a-las-22.33.57-135x215.png 135w, https:\/\/graziamagazine.com\/mx\/wp-content\/uploads\/sites\/13\/2025\/01\/Captura-de-Pantalla-2025-01-24-a-las-22.33.57.png 968w\" sizes=\"(max-width: 645px) 100vw, 645px\" \/><figcaption id=\"caption-attachment-146072\" class=\"wp-caption-text\">Innovaci\u00f3n y Vanguardia: Comme des Gar\u00e7ons<\/figcaption><\/figure>\n<p>La esencia de Comme des Gar\u00e7ons Homme Plus reside en su capacidad para desafiar las expectativas y proponer una visi\u00f3n \u00fanica de la masculinidad.<\/p>\n<p>Las colecciones a menudo incorporan elementos que difuminan las l\u00edneas entre lo masculino y lo femenino, lo formal y lo informal, lo estructurado y lo fluido. Esta dualidad se refleja en la elecci\u00f3n de materiales, cortes y detalles que aportan profundidad y complejidad a cada pieza.<\/p>\n<p><iframe loading=\"lazy\" title=\"COMME des GAR\u00c7ONS SHIRT Men\u2019s Spring Summer 2025 Fashion Show\" width=\"500\" height=\"281\" src=\"https:\/\/www.youtube.com\/embed\/QVxBqhDXWts?feature=oembed\" frameborder=\"0\" allow=\"accelerometer; autoplay; clipboard-write; encrypted-media; gyroscope; picture-in-picture; web-share\" referrerpolicy=\"strict-origin-when-cross-origin\" allowfullscreen><\/iframe><\/p>\n<p>Adem\u00e1s de su enfoque innovador en el dise\u00f1o, la marca ha sido pionera en colaboraciones que ampl\u00edan los l\u00edmites de la moda.<\/p>\n<p>Desde asociaciones con artistas y m\u00fasicos hasta incursiones en el mundo del streetwear, Comme des Gar\u00e7ons Homme Plus ha demostrado una versatilidad y una disposici\u00f3n para explorar nuevas fronteras creativas.<\/p>\n<p><em><strong>*IMAGEN: Google Images<\/strong><\/em><\/p>\n","protected":false},"author":28953,"featured_media":146075,"template":"","format":"standard","categories":[4],"acf":[],"yoast_head":"<!-- This site is optimized with the Yoast SEO Premium plugin v18.5 (Yoast SEO v20.4) - https:\/\/yoast.com\/wordpress\/plugins\/seo\/ -->\n<title>Innovaci\u00f3n y Vanguardia: Comme des Gar\u00e7ons<\/title>\n<meta name=\"description\" content=\"Explorando las tendencias audaces de Comme des Gar\u00e7ons Homme Plus en la moda masculina contempor\u00e1nea.\" \/>\n<meta name=\"robots\" content=\"index, follow, max-snippet:-1, max-image-preview:large, max-video-preview:-1\" \/>\n<link rel=\"canonical\" href=\"https:\/\/graziamagazine.com\/mx\/articles\/innovacion-y-vanguardia-comme-des-garcons\/\" \/>\n<meta property=\"og:locale\" content=\"es_MX\" \/>\n<meta property=\"og:type\" content=\"article\" \/>\n<meta property=\"og:title\" content=\"Innovaci\u00f3n y Vanguardia: Comme des Gar\u00e7ons\" \/>\n<meta property=\"og:description\" content=\"Explorando las tendencias audaces de Comme des Gar\u00e7ons Homme Plus en la moda masculina contempor\u00e1nea.\" \/>\n<meta property=\"og:url\" content=\"https:\/\/graziamagazine.com\/mx\/articles\/innovacion-y-vanguardia-comme-des-garcons\/\" \/>\n<meta property=\"og:site_name\" content=\"Grazia M\u00e9xico y Latinoam\u00e9rica\" \/>\n<meta property=\"article:modified_time\" content=\"2025-01-25T04:40:18+00:00\" \/>\n<meta property=\"og:image\" content=\"https:\/\/graziamagazine.com\/mx\/wp-content\/uploads\/sites\/13\/2025\/01\/Captura-de-Pantalla-2025-01-24-a-las-22.36.19.png\" \/>\n\t<meta property=\"og:image:width\" content=\"1170\" \/>\n\t<meta property=\"og:image:height\" content=\"800\" \/>\n\t<meta property=\"og:image:type\" content=\"image\/png\" \/>\n<meta name=\"twitter:card\" content=\"summary_large_image\" \/>\n<meta name=\"twitter:label1\" content=\"Est. reading time\" \/>\n\t<meta name=\"twitter:data1\" content=\"2 minutos\" \/>\n<script type=\"application\/ld+json\" class=\"yoast-schema-graph\">{\"@context\":\"https:\/\/schema.org\",\"@graph\":[{\"@type\":\"WebPage\",\"@id\":\"https:\/\/graziamagazine.com\/mx\/articles\/innovacion-y-vanguardia-comme-des-garcons\/\",\"url\":\"https:\/\/graziamagazine.com\/mx\/articles\/innovacion-y-vanguardia-comme-des-garcons\/\",\"name\":\"Innovaci\u00f3n y Vanguardia: Comme des Gar\u00e7ons\",\"isPartOf\":{\"@id\":\"https:\/\/graziamagazine.com\/mx\/#website\"},\"datePublished\":\"2025-01-25T04:28:08+00:00\",\"dateModified\":\"2025-01-25T04:40:18+00:00\",\"description\":\"Explorando las tendencias audaces de Comme des Gar\u00e7ons Homme Plus en la moda masculina contempor\u00e1nea.\",\"breadcrumb\":{\"@id\":\"https:\/\/graziamagazine.com\/mx\/articles\/innovacion-y-vanguardia-comme-des-garcons\/#breadcrumb\"},\"inLanguage\":\"es-MX\",\"potentialAction\":[{\"@type\":\"ReadAction\",\"target\":[\"https:\/\/graziamagazine.com\/mx\/articles\/innovacion-y-vanguardia-comme-des-garcons\/\"]}]},{\"@type\":\"BreadcrumbList\",\"@id\":\"https:\/\/graziamagazine.com\/mx\/articles\/innovacion-y-vanguardia-comme-des-garcons\/#breadcrumb\",\"itemListElement\":[{\"@type\":\"ListItem\",\"position\":1,\"name\":\"Home\",\"item\":\"https:\/\/graziamagazine.com\/mx\/\"},{\"@type\":\"ListItem\",\"position\":2,\"name\":\"Innovaci\u00f3n y Vanguardia: Comme des Gar\u00e7ons\"}]},{\"@type\":\"WebSite\",\"@id\":\"https:\/\/graziamagazine.com\/mx\/#website\",\"url\":\"https:\/\/graziamagazine.com\/mx\/\",\"name\":\"Grazia M\u00e9xico y Latinoam\u00e9rica\",\"description\":\"Grazia es moda, belleza y noticias  de actualidad \",\"potentialAction\":[{\"@type\":\"SearchAction\",\"target\":{\"@type\":\"EntryPoint\",\"urlTemplate\":\"https:\/\/graziamagazine.com\/mx\/?s={search_term_string}\"},\"query-input\":\"required name=search_term_string\"}],\"inLanguage\":\"es-MX\"}]}<\/script>\n<!-- \/ Yoast SEO Premium plugin. -->","yoast_head_json":{"title":"Innovaci\u00f3n y Vanguardia: Comme des Gar\u00e7ons","description":"Explorando las tendencias audaces de Comme des Gar\u00e7ons Homme Plus en la moda masculina contempor\u00e1nea.","robots":{"index":"index","follow":"follow","max-snippet":"max-snippet:-1","max-image-preview":"max-image-preview:large","max-video-preview":"max-video-preview:-1"},"canonical":"https:\/\/graziamagazine.com\/mx\/articles\/innovacion-y-vanguardia-comme-des-garcons\/","og_locale":"es_MX","og_type":"article","og_title":"Innovaci\u00f3n y Vanguardia: Comme des Gar\u00e7ons","og_description":"Explorando las tendencias audaces de Comme des Gar\u00e7ons Homme Plus en la moda masculina contempor\u00e1nea.","og_url":"https:\/\/graziamagazine.com\/mx\/articles\/innovacion-y-vanguardia-comme-des-garcons\/","og_site_name":"Grazia M\u00e9xico y Latinoam\u00e9rica","article_modified_time":"2025-01-25T04:40:18+00:00","og_image":[{"width":1170,"height":800,"url":"https:\/\/graziamagazine.com\/mx\/wp-content\/uploads\/sites\/13\/2025\/01\/Captura-de-Pantalla-2025-01-24-a-las-22.36.19.png","type":"image\/png"}],"twitter_card":"summary_large_image","twitter_misc":{"Est. reading time":"2 minutos"},"schema":{"@context":"https:\/\/schema.org","@graph":[{"@type":"WebPage","@id":"https:\/\/graziamagazine.com\/mx\/articles\/innovacion-y-vanguardia-comme-des-garcons\/","url":"https:\/\/graziamagazine.com\/mx\/articles\/innovacion-y-vanguardia-comme-des-garcons\/","name":"Innovaci\u00f3n y Vanguardia: Comme des Gar\u00e7ons","isPartOf":{"@id":"https:\/\/graziamagazine.com\/mx\/#website"},"datePublished":"2025-01-25T04:28:08+00:00","dateModified":"2025-01-25T04:40:18+00:00","description":"Explorando las tendencias audaces de Comme des Gar\u00e7ons Homme Plus en la moda masculina contempor\u00e1nea.","breadcrumb":{"@id":"https:\/\/graziamagazine.com\/mx\/articles\/innovacion-y-vanguardia-comme-des-garcons\/#breadcrumb"},"inLanguage":"es-MX","potentialAction":[{"@type":"ReadAction","target":["https:\/\/graziamagazine.com\/mx\/articles\/innovacion-y-vanguardia-comme-des-garcons\/"]}]},{"@type":"BreadcrumbList","@id":"https:\/\/graziamagazine.com\/mx\/articles\/innovacion-y-vanguardia-comme-des-garcons\/#breadcrumb","itemListElement":[{"@type":"ListItem","position":1,"name":"Home","item":"https:\/\/graziamagazine.com\/mx\/"},{"@type":"ListItem","position":2,"name":"Innovaci\u00f3n y Vanguardia: Comme des Gar\u00e7ons"}]},{"@type":"WebSite","@id":"https:\/\/graziamagazine.com\/mx\/#website","url":"https:\/\/graziamagazine.com\/mx\/","name":"Grazia M\u00e9xico y Latinoam\u00e9rica","description":"Grazia es moda, belleza y noticias  de actualidad ","potentialAction":[{"@type":"SearchAction","target":{"@type":"EntryPoint","urlTemplate":"https:\/\/graziamagazine.com\/mx\/?s={search_term_string}"},"query-input":"required name=search_term_string"}],"inLanguage":"es-MX"}]}},"jetpack_sharing_enabled":true,"distributor_meta":false,"distributor_terms":false,"distributor_media":false,"distributor_original_site_name":"Grazia M\u00e9xico y Latinoam\u00e9rica","distributor_original_site_url":"https:\/\/graziamagazine.com\/mx","push-errors":false,"_links":{"self":[{"href":"https:\/\/graziamagazine.com\/mx\/wp-json\/wp\/v2\/articles\/146070"}],"collection":[{"href":"https:\/\/graziamagazine.com\/mx\/wp-json\/wp\/v2\/articles"}],"about":[{"href":"https:\/\/graziamagazine.com\/mx\/wp-json\/wp\/v2\/types\/articles"}],"author":[{"embeddable":true,"href":"https:\/\/graziamagazine.com\/mx\/wp-json\/wp\/v2\/users\/28953"}],"wp:featuredmedia":[{"embeddable":true,"href":"https:\/\/graziamagazine.com\/mx\/wp-json\/wp\/v2\/media\/146075"}],"wp:attachment":[{"href":"https:\/\/graziamagazine.com\/mx\/wp-json\/wp\/v2\/media?parent=146070"}],"wp:term":[{"taxonomy":"category","embeddable":true,"href":"https:\/\/graziamagazine.com\/mx\/wp-json\/wp\/v2\/categories?post=146070"}],"curies":[{"name":"wp","href":"https:\/\/api.w.org\/{rel}","templated":true}]}}