{"id":145960,"date":"2025-01-22T13:45:04","date_gmt":"2025-01-22T18:45:04","guid":{"rendered":"https:\/\/graziamagazine.com\/mx\/?post_type=articles&#038;p=145960"},"modified":"2025-01-23T11:46:39","modified_gmt":"2025-01-23T16:46:39","slug":"carin-leon-lidera-nominaciones-en-el-premio-lo-nuestro-2025","status":"publish","type":"articles","link":"https:\/\/graziamagazine.com\/mx\/articles\/carin-leon-lidera-nominaciones-en-el-premio-lo-nuestro-2025\/","title":{"rendered":"Car\u00edn Le\u00f3n lidera nominaciones en el Premio Lo Nuestro 2025"},"content":{"rendered":"<p><span style=\"font-weight: 400\">El embajador global de la m\u00fasica mexicana, <\/span><b>Car\u00edn Le\u00f3n<\/b><span style=\"font-weight: 400\">, se convierte en el artista masculino <\/span><b>m\u00e1s nominado <\/b><span style=\"font-weight: 400\">en la 37\u00aa entrega anual del <\/span><b>Premio Lo Nuestro<\/b><span style=\"font-weight: 400\">.<\/span><\/p>\n<p><span style=\"font-weight: 400\">La estrella multiplatino figura en <\/span><b>10 categor\u00edas <\/b><span style=\"font-weight: 400\">de los premios, entre ellas, Artista del a\u00f1o, \u00c1lbum del a\u00f1o por su disco ganador del Latin GRAMMY 2024 <strong>Boc<\/strong><\/span><strong>a Chueca Vol. 1<\/strong> y Canci\u00f3n del a\u00f1o por su hit global <em><strong>Primera Cita<\/strong><\/em>.<\/p>\n<p><span style=\"font-weight: 400\">Las categor\u00edas en las que <\/span><b>Car\u00edn Le\u00f3n <\/b><span style=\"font-weight: 400\">se disputa el Premio Lo Nuestro son:\u00a0<\/span><\/p>\n<ul>\n<li><span style=\"font-weight: 400\">1.Artista Premio Lo Nuestro Del A\u00f1o.\u00a0<\/span><\/li>\n<li><span style=\"font-weight: 400\">2.Canci\u00f3n del A\u00f1o por \u201cPrimera Cita\u201d.\u00a0<\/span><\/li>\n<li><span style=\"font-weight: 400\">3.\u00c1lbum del A\u00f1o por Boca Chueca, Vol 1.\u00a0<\/span><\/li>\n<li><span style=\"font-weight: 400\">4.Colaboracio\u0301n \u201cCrossover\u201d Del An\u0303o\u201d por \u201cIt Was Always You (Siempre Fuiste T\u00fa)\u201d junto a Leon Bridges.\u00a0<\/span><\/li>\n<li><span style=\"font-weight: 400\">6.Cancio\u0301n del An\u0303o &#8211; Tropical por \u201cUna Vida Pasada\u201d junto a Camilo.\u00a0<\/span><\/li>\n<li><span style=\"font-weight: 400\">7.Artista Masculino del An\u0303o &#8211; M\u00fasica Mexicana.\u00a0<\/span><\/li>\n<li><span style=\"font-weight: 400\">8.Cancio\u0301n del An\u0303o &#8211; M\u00fasica Mexicana por \u201cPrimera Cita\u201d.\u00a0<\/span><\/li>\n<li><span style=\"font-weight: 400\">9.Cancio\u0301n Mariachi\/Ranchera del An\u0303o por \u201cLamentablemente\u201d con Pepe Aguilar.\u00a0<\/span><\/li>\n<li><span style=\"font-weight: 400\">10.A\u0301lbum del An\u0303o &#8211; M\u00fasica Mexicana por Boca Chueca, Vol 1.\u00a0<\/span><\/li>\n<\/ul>\n<p><span style=\"font-weight: 400\">Estas son las primeras nominaciones de <\/span><b>Car\u00edn <\/b><span style=\"font-weight: 400\">en este 2025. En febrero, el originario de Hermosillo buscar\u00e1 conquistar su primer <\/span><b>GRAMMY<\/b><span style=\"font-weight: 400\">. Su disco Boca Chueca, Vol. 1 est\u00e1 en la disputa por el Mejor \u00c1lbum de M\u00fasica Mexicana (Incluyendo Tejano).\u00a0<\/span><\/p>\n<p><span style=\"font-weight: 400\">Posteriormente, Car\u00edn se dirigir\u00e1 a Chile para su debut en el reconocido Festival Internacional de la Canci\u00f3n de <\/span><b>Vi\u00f1a del Mar<\/b><span style=\"font-weight: 400\">, llevando su repertorio de embajador indiscutible de la m\u00fasica mexicana ante el mundo.\u00a0<\/span><\/p>\n<p><span style=\"font-weight: 400\">Asimmismo, Car\u00edn escribir\u00e1 otra p\u00e1gina en el libro de historia musical al presentarse por primera vez en el RODEO HOUSTON que se realizar\u00e1 en el NRG Stadium el 09 de marzo donde bati\u00f3 r\u00e9cords al vender 70 mil boletos en pocas horas.\u00a0<\/span><\/p>\n<p><span style=\"font-weight: 400\">El mexicano tambi\u00e9n ser\u00e1 parte del ser parte del festival Bottle Rock en Napa Valley, donde comparte cartel con artistas internacionales como Justin Timberlake y Greenday adem\u00e1s de estar presente en el Festival La Onda by Bottle Rock un fin de semana despu\u00e9s.\u00a0<\/span><\/p>\n<p><span style=\"font-weight: 400\">La ceremonia del Premio Lo Nuestro se transmitir\u00e1 el jueves <\/span><b>20 de febrero <\/b><span style=\"font-weight: 400\">desde el Kaseya Center de Miami. <\/span><\/p>\n","protected":false},"author":11628,"featured_media":145961,"template":"","format":"standard","categories":[12517,114,12483],"acf":[],"yoast_head":"<!-- This site is optimized with the Yoast SEO Premium plugin v18.5 (Yoast SEO v20.4) - https:\/\/yoast.com\/wordpress\/plugins\/seo\/ -->\n<title>Car\u00edn Le\u00f3n lidera nominaciones en el Premio Lo Nuestro 2025<\/title>\n<meta name=\"description\" content=\"El artista de m\u00fasica mexicana, Car\u00edn Le\u00f3n, obtiene 10 nominaciones a los Premios lo Nuestro de este 2025 en diferentes categor\u00edas.\" \/>\n<meta name=\"robots\" content=\"index, follow, max-snippet:-1, max-image-preview:large, max-video-preview:-1\" \/>\n<link rel=\"canonical\" href=\"https:\/\/graziamagazine.com\/mx\/articles\/carin-leon-lidera-nominaciones-en-el-premio-lo-nuestro-2025\/\" \/>\n<meta property=\"og:locale\" content=\"es_MX\" \/>\n<meta property=\"og:type\" content=\"article\" \/>\n<meta property=\"og:title\" content=\"Car\u00edn Le\u00f3n lidera nominaciones en el Premio Lo Nuestro 2025\" \/>\n<meta property=\"og:description\" content=\"El artista de m\u00fasica mexicana, Car\u00edn Le\u00f3n, obtiene 10 nominaciones a los Premios lo Nuestro de este 2025 en diferentes categor\u00edas.\" \/>\n<meta property=\"og:url\" content=\"https:\/\/graziamagazine.com\/mx\/articles\/carin-leon-lidera-nominaciones-en-el-premio-lo-nuestro-2025\/\" \/>\n<meta property=\"og:site_name\" content=\"Grazia M\u00e9xico y Latinoam\u00e9rica\" \/>\n<meta property=\"article:modified_time\" content=\"2025-01-23T16:46:39+00:00\" \/>\n<meta property=\"og:image\" content=\"https:\/\/graziamagazine.com\/mx\/wp-content\/uploads\/sites\/13\/2025\/01\/carin-leon.jpg\" \/>\n\t<meta property=\"og:image:width\" content=\"619\" \/>\n\t<meta property=\"og:image:height\" content=\"363\" \/>\n\t<meta property=\"og:image:type\" content=\"image\/jpeg\" \/>\n<meta name=\"twitter:card\" content=\"summary_large_image\" \/>\n<meta name=\"twitter:label1\" content=\"Est. reading time\" \/>\n\t<meta name=\"twitter:data1\" content=\"2 minutos\" \/>\n<script type=\"application\/ld+json\" class=\"yoast-schema-graph\">{\"@context\":\"https:\/\/schema.org\",\"@graph\":[{\"@type\":\"WebPage\",\"@id\":\"https:\/\/graziamagazine.com\/mx\/articles\/carin-leon-lidera-nominaciones-en-el-premio-lo-nuestro-2025\/\",\"url\":\"https:\/\/graziamagazine.com\/mx\/articles\/carin-leon-lidera-nominaciones-en-el-premio-lo-nuestro-2025\/\",\"name\":\"Car\u00edn Le\u00f3n lidera nominaciones en el Premio Lo Nuestro 2025\",\"isPartOf\":{\"@id\":\"https:\/\/graziamagazine.com\/mx\/#website\"},\"datePublished\":\"2025-01-22T18:45:04+00:00\",\"dateModified\":\"2025-01-23T16:46:39+00:00\",\"description\":\"El artista de m\u00fasica mexicana, Car\u00edn Le\u00f3n, obtiene 10 nominaciones a los Premios lo Nuestro de este 2025 en diferentes categor\u00edas.\",\"breadcrumb\":{\"@id\":\"https:\/\/graziamagazine.com\/mx\/articles\/carin-leon-lidera-nominaciones-en-el-premio-lo-nuestro-2025\/#breadcrumb\"},\"inLanguage\":\"es-MX\",\"potentialAction\":[{\"@type\":\"ReadAction\",\"target\":[\"https:\/\/graziamagazine.com\/mx\/articles\/carin-leon-lidera-nominaciones-en-el-premio-lo-nuestro-2025\/\"]}]},{\"@type\":\"BreadcrumbList\",\"@id\":\"https:\/\/graziamagazine.com\/mx\/articles\/carin-leon-lidera-nominaciones-en-el-premio-lo-nuestro-2025\/#breadcrumb\",\"itemListElement\":[{\"@type\":\"ListItem\",\"position\":1,\"name\":\"Home\",\"item\":\"https:\/\/graziamagazine.com\/mx\/\"},{\"@type\":\"ListItem\",\"position\":2,\"name\":\"Car\u00edn Le\u00f3n lidera nominaciones en el Premio Lo Nuestro 2025\"}]},{\"@type\":\"WebSite\",\"@id\":\"https:\/\/graziamagazine.com\/mx\/#website\",\"url\":\"https:\/\/graziamagazine.com\/mx\/\",\"name\":\"Grazia M\u00e9xico y Latinoam\u00e9rica\",\"description\":\"Grazia es moda, belleza y noticias  de actualidad \",\"potentialAction\":[{\"@type\":\"SearchAction\",\"target\":{\"@type\":\"EntryPoint\",\"urlTemplate\":\"https:\/\/graziamagazine.com\/mx\/?s={search_term_string}\"},\"query-input\":\"required name=search_term_string\"}],\"inLanguage\":\"es-MX\"}]}<\/script>\n<!-- \/ Yoast SEO Premium plugin. -->","yoast_head_json":{"title":"Car\u00edn Le\u00f3n lidera nominaciones en el Premio Lo Nuestro 2025","description":"El artista de m\u00fasica mexicana, Car\u00edn Le\u00f3n, obtiene 10 nominaciones a los Premios lo Nuestro de este 2025 en diferentes categor\u00edas.","robots":{"index":"index","follow":"follow","max-snippet":"max-snippet:-1","max-image-preview":"max-image-preview:large","max-video-preview":"max-video-preview:-1"},"canonical":"https:\/\/graziamagazine.com\/mx\/articles\/carin-leon-lidera-nominaciones-en-el-premio-lo-nuestro-2025\/","og_locale":"es_MX","og_type":"article","og_title":"Car\u00edn Le\u00f3n lidera nominaciones en el Premio Lo Nuestro 2025","og_description":"El artista de m\u00fasica mexicana, Car\u00edn Le\u00f3n, obtiene 10 nominaciones a los Premios lo Nuestro de este 2025 en diferentes categor\u00edas.","og_url":"https:\/\/graziamagazine.com\/mx\/articles\/carin-leon-lidera-nominaciones-en-el-premio-lo-nuestro-2025\/","og_site_name":"Grazia M\u00e9xico y Latinoam\u00e9rica","article_modified_time":"2025-01-23T16:46:39+00:00","og_image":[{"width":619,"height":363,"url":"https:\/\/graziamagazine.com\/mx\/wp-content\/uploads\/sites\/13\/2025\/01\/carin-leon.jpg","type":"image\/jpeg"}],"twitter_card":"summary_large_image","twitter_misc":{"Est. reading time":"2 minutos"},"schema":{"@context":"https:\/\/schema.org","@graph":[{"@type":"WebPage","@id":"https:\/\/graziamagazine.com\/mx\/articles\/carin-leon-lidera-nominaciones-en-el-premio-lo-nuestro-2025\/","url":"https:\/\/graziamagazine.com\/mx\/articles\/carin-leon-lidera-nominaciones-en-el-premio-lo-nuestro-2025\/","name":"Car\u00edn Le\u00f3n lidera nominaciones en el Premio Lo Nuestro 2025","isPartOf":{"@id":"https:\/\/graziamagazine.com\/mx\/#website"},"datePublished":"2025-01-22T18:45:04+00:00","dateModified":"2025-01-23T16:46:39+00:00","description":"El artista de m\u00fasica mexicana, Car\u00edn Le\u00f3n, obtiene 10 nominaciones a los Premios lo Nuestro de este 2025 en diferentes categor\u00edas.","breadcrumb":{"@id":"https:\/\/graziamagazine.com\/mx\/articles\/carin-leon-lidera-nominaciones-en-el-premio-lo-nuestro-2025\/#breadcrumb"},"inLanguage":"es-MX","potentialAction":[{"@type":"ReadAction","target":["https:\/\/graziamagazine.com\/mx\/articles\/carin-leon-lidera-nominaciones-en-el-premio-lo-nuestro-2025\/"]}]},{"@type":"BreadcrumbList","@id":"https:\/\/graziamagazine.com\/mx\/articles\/carin-leon-lidera-nominaciones-en-el-premio-lo-nuestro-2025\/#breadcrumb","itemListElement":[{"@type":"ListItem","position":1,"name":"Home","item":"https:\/\/graziamagazine.com\/mx\/"},{"@type":"ListItem","position":2,"name":"Car\u00edn Le\u00f3n lidera nominaciones en el Premio Lo Nuestro 2025"}]},{"@type":"WebSite","@id":"https:\/\/graziamagazine.com\/mx\/#website","url":"https:\/\/graziamagazine.com\/mx\/","name":"Grazia M\u00e9xico y Latinoam\u00e9rica","description":"Grazia es moda, belleza y noticias  de actualidad ","potentialAction":[{"@type":"SearchAction","target":{"@type":"EntryPoint","urlTemplate":"https:\/\/graziamagazine.com\/mx\/?s={search_term_string}"},"query-input":"required name=search_term_string"}],"inLanguage":"es-MX"}]}},"jetpack_sharing_enabled":true,"distributor_meta":false,"distributor_terms":false,"distributor_media":false,"distributor_original_site_name":"Grazia M\u00e9xico y Latinoam\u00e9rica","distributor_original_site_url":"https:\/\/graziamagazine.com\/mx","push-errors":false,"_links":{"self":[{"href":"https:\/\/graziamagazine.com\/mx\/wp-json\/wp\/v2\/articles\/145960"}],"collection":[{"href":"https:\/\/graziamagazine.com\/mx\/wp-json\/wp\/v2\/articles"}],"about":[{"href":"https:\/\/graziamagazine.com\/mx\/wp-json\/wp\/v2\/types\/articles"}],"author":[{"embeddable":true,"href":"https:\/\/graziamagazine.com\/mx\/wp-json\/wp\/v2\/users\/11628"}],"wp:featuredmedia":[{"embeddable":true,"href":"https:\/\/graziamagazine.com\/mx\/wp-json\/wp\/v2\/media\/145961"}],"wp:attachment":[{"href":"https:\/\/graziamagazine.com\/mx\/wp-json\/wp\/v2\/media?parent=145960"}],"wp:term":[{"taxonomy":"category","embeddable":true,"href":"https:\/\/graziamagazine.com\/mx\/wp-json\/wp\/v2\/categories?post=145960"}],"curies":[{"name":"wp","href":"https:\/\/api.w.org\/{rel}","templated":true}]}}