{"id":145662,"date":"2025-01-14T17:37:15","date_gmt":"2025-01-14T22:37:15","guid":{"rendered":"https:\/\/graziamagazine.com\/mx\/?post_type=articles&#038;p=145662"},"modified":"2025-01-15T11:23:59","modified_gmt":"2025-01-15T16:23:59","slug":"sofia-castellanos-la-mexicana-que-ilumina-el-macao-light-festival","status":"publish","type":"articles","link":"https:\/\/graziamagazine.com\/mx\/articles\/sofia-castellanos-la-mexicana-que-ilumina-el-macao-light-festival\/","title":{"rendered":"Sof\u00eda Castellanos, la mexicana que ilumina el &#8220;Macao Light Festival&#8221;"},"content":{"rendered":"<p><span style=\"font-weight: 400\">Por primera vez, el talento mexicano brill\u00f3 en uno de los eventos m\u00e1s esperados de Asia: el &#8220;<strong>Macao Light Festival<\/strong>&#8220;. <strong>Sof\u00eda Castellanos<\/strong>, una joven artista que ha sabido combinar su pasi\u00f3n por la naturaleza, la sostenibilidad y la tecnolog\u00eda, llev\u00f3<strong> tres instalaciones<\/strong> \u00fanicas que cautivan a los asistentes y ponen en alto la creatividad de M\u00e9xico.\u00a0<\/span><\/p>\n<p><span style=\"font-weight: 400\"><strong>\u00bfC\u00f3mo lo logr\u00f3?<\/strong> <strong>En entrevista exclusiva con <em>Grazia M\u00e9xico y Latinoam\u00e9rica<\/em><\/strong>, Sof\u00eda nos cuenta todo sobre su experiencia.<\/span><\/p>\n<p><span style=\"font-weight: 400\">\u201cLa inauguraci\u00f3n fue en diciembre del a\u00f1o pasado y est\u00e1 incre\u00edble porque es un festival que dura tres meses, hasta finales de febrero. Es un evento muy grande que atrae a personas de toda la regi\u00f3n. Abrieron una convocatoria para artistas extranjeros y tuve la suerte, el honor y la alegr\u00eda de ser seleccionada\u201d, comparte, a\u00f1adiendo que sus obras llegaron al festival con la colaboraci\u00f3n de <strong>Art Lab.<\/strong> Ser parte de este evento signific\u00f3 un reto y una gran oportunidad de mostrar su visi\u00f3n art\u00edstica al mundo.<\/span><\/p>\n<figure id=\"attachment_145672\" aria-describedby=\"caption-attachment-145672\" style=\"width: 305px\" class=\"wp-caption alignnone\"><img loading=\"lazy\" decoding=\"async\" class=\"wp-image-145672 size-medium\" src=\"https:\/\/graziamagazine.com\/mx\/wp-content\/uploads\/sites\/13\/2025\/01\/mariposario1-305x450.jpg\" alt=\"\" width=\"305\" height=\"450\" srcset=\"https:\/\/graziamagazine.com\/mx\/wp-content\/uploads\/sites\/13\/2025\/01\/mariposario1-305x450.jpg 305w, https:\/\/graziamagazine.com\/mx\/wp-content\/uploads\/sites\/13\/2025\/01\/mariposario1-400x590.jpg 400w, https:\/\/graziamagazine.com\/mx\/wp-content\/uploads\/sites\/13\/2025\/01\/mariposario1-146x215.jpg 146w, https:\/\/graziamagazine.com\/mx\/wp-content\/uploads\/sites\/13\/2025\/01\/mariposario1.jpg 436w\" sizes=\"(max-width: 305px) 100vw, 305px\" \/><figcaption id=\"caption-attachment-145672\" class=\"wp-caption-text\">Foto: Pepe Molina<\/figcaption><\/figure>\n<h3><strong>&#8220;Defender&#8221;: Abrazando la naturaleza y la sostenibilidad<\/strong><\/h3>\n<p><span style=\"font-weight: 400\">Entre sus obras expuestas destac\u00f3 &#8220;Defender&#8221;, una instalaci\u00f3n ubicada en el Museo de Ciencia de Macao. Esta pieza monumental presenta un \u00e1rbol con forma de coraz\u00f3n abrazado por dos manos gigantes. \u201cQuer\u00eda reflexionar sobre qu\u00e9 vale la pena proteger y cuidar. El \u00e1rbol simboliza la conexi\u00f3n con el medio ambiente y tambi\u00e9n permite que cada espectador decida qu\u00e9 quiere defender en su vida\u201d, explica la artista. La obra invita a la uni\u00f3n y a la acci\u00f3n colectiva para preservar el planeta.<\/span><\/p>\n<figure id=\"attachment_145669\" aria-describedby=\"caption-attachment-145669\" style=\"width: 450px\" class=\"wp-caption alignnone\"><img loading=\"lazy\" decoding=\"async\" class=\"wp-image-145669 size-medium\" src=\"https:\/\/graziamagazine.com\/mx\/wp-content\/uploads\/sites\/13\/2025\/01\/IMG_3208-450x442.jpg\" alt=\"\" width=\"450\" height=\"442\" srcset=\"https:\/\/graziamagazine.com\/mx\/wp-content\/uploads\/sites\/13\/2025\/01\/IMG_3208-450x442.jpg 450w, https:\/\/graziamagazine.com\/mx\/wp-content\/uploads\/sites\/13\/2025\/01\/IMG_3208-1024x1006.jpg 1024w, https:\/\/graziamagazine.com\/mx\/wp-content\/uploads\/sites\/13\/2025\/01\/IMG_3208-768x755.jpg 768w, https:\/\/graziamagazine.com\/mx\/wp-content\/uploads\/sites\/13\/2025\/01\/IMG_3208-1536x1509.jpg 1536w, https:\/\/graziamagazine.com\/mx\/wp-content\/uploads\/sites\/13\/2025\/01\/IMG_3208-2048x2012.jpg 2048w, https:\/\/graziamagazine.com\/mx\/wp-content\/uploads\/sites\/13\/2025\/01\/IMG_3208-400x393.jpg 400w, https:\/\/graziamagazine.com\/mx\/wp-content\/uploads\/sites\/13\/2025\/01\/IMG_3208-155x152.jpg 155w\" sizes=\"(max-width: 450px) 100vw, 450px\" \/><figcaption id=\"caption-attachment-145669\" class=\"wp-caption-text\">Foto: Pepe Molina<\/figcaption><\/figure>\n<h3><strong>Sue\u00f1os alados con &#8220;Dreaming&#8221;<\/strong><\/h3>\n<p><span style=\"font-weight: 400\">Otra de sus creaciones fue \u201cDreaming\u201d, un mariposario interactivo que representa la libertad y los sue\u00f1os. Las mariposas, recurrentes en toda la obra de Sof\u00eda Castellanos, simbolizan transformaci\u00f3n y esperanza. \u201cSon una alegor\u00eda perfecta de que las cosas imposibles se pueden lograr, como la migraci\u00f3n de las mariposas. Ver a ni\u00f1os y adultos interactuar con esta instalaci\u00f3n fue muy especial\u201d, comparte.<\/span><\/p>\n<figure id=\"attachment_145671\" aria-describedby=\"caption-attachment-145671\" style=\"width: 450px\" class=\"wp-caption alignnone\"><img loading=\"lazy\" decoding=\"async\" class=\"wp-image-145671 size-medium\" src=\"https:\/\/graziamagazine.com\/mx\/wp-content\/uploads\/sites\/13\/2025\/01\/mariposario-450x263.jpg\" alt=\"\" width=\"450\" height=\"263\" srcset=\"https:\/\/graziamagazine.com\/mx\/wp-content\/uploads\/sites\/13\/2025\/01\/mariposario-450x263.jpg 450w, https:\/\/graziamagazine.com\/mx\/wp-content\/uploads\/sites\/13\/2025\/01\/mariposario-768x450.jpg 768w, https:\/\/graziamagazine.com\/mx\/wp-content\/uploads\/sites\/13\/2025\/01\/mariposario-400x234.jpg 400w, https:\/\/graziamagazine.com\/mx\/wp-content\/uploads\/sites\/13\/2025\/01\/mariposario-155x91.jpg 155w, https:\/\/graziamagazine.com\/mx\/wp-content\/uploads\/sites\/13\/2025\/01\/mariposario.jpg 866w\" sizes=\"(max-width: 450px) 100vw, 450px\" \/><figcaption id=\"caption-attachment-145671\" class=\"wp-caption-text\">Foto: Pepe Molina<\/figcaption><\/figure>\n<h3><strong>La mol\u00e9cula de la felicidad: &#8220;The Dopamine Mystery&#8221;<\/strong><\/h3>\n<p><span style=\"font-weight: 400\">La alegr\u00eda tambi\u00e9n tuvo su espacio con \u201cThe Dopamine Mystery\u201d, una representaci\u00f3n abstracta de las mol\u00e9culas de la felicidad. \u201cQuise encapsular la emoci\u00f3n con formas y colores abstractos. Utilic\u00e9 un dise\u00f1o inspirado en las alas de una mariposa para conectar con mi obra anterior\u201d. Esta instalaci\u00f3n inflable busca contagiar felicidad y adaptarse al espacio en el que se encuentra.<\/span><\/p>\n<figure id=\"attachment_145665\" aria-describedby=\"caption-attachment-145665\" style=\"width: 450px\" class=\"wp-caption alignnone\"><img loading=\"lazy\" decoding=\"async\" class=\"wp-image-145665 size-medium\" src=\"https:\/\/graziamagazine.com\/mx\/wp-content\/uploads\/sites\/13\/2025\/01\/MACAO_SC_MOLECULA_1-450x300.jpg\" alt=\"\" width=\"450\" height=\"300\" srcset=\"https:\/\/graziamagazine.com\/mx\/wp-content\/uploads\/sites\/13\/2025\/01\/MACAO_SC_MOLECULA_1-450x300.jpg 450w, https:\/\/graziamagazine.com\/mx\/wp-content\/uploads\/sites\/13\/2025\/01\/MACAO_SC_MOLECULA_1-1024x683.jpg 1024w, https:\/\/graziamagazine.com\/mx\/wp-content\/uploads\/sites\/13\/2025\/01\/MACAO_SC_MOLECULA_1-768x512.jpg 768w, https:\/\/graziamagazine.com\/mx\/wp-content\/uploads\/sites\/13\/2025\/01\/MACAO_SC_MOLECULA_1-1536x1024.jpg 1536w, https:\/\/graziamagazine.com\/mx\/wp-content\/uploads\/sites\/13\/2025\/01\/MACAO_SC_MOLECULA_1-400x267.jpg 400w, https:\/\/graziamagazine.com\/mx\/wp-content\/uploads\/sites\/13\/2025\/01\/MACAO_SC_MOLECULA_1-155x103.jpg 155w\" sizes=\"(max-width: 450px) 100vw, 450px\" \/><figcaption id=\"caption-attachment-145665\" class=\"wp-caption-text\">Foto: Pepe Molina<\/figcaption><\/figure>\n<p><span style=\"font-weight: 400\"><strong><em>\u201c\u00bfQu\u00e9 desaf\u00edos enfrentaste al crear instalaciones que combinan tecnolog\u00eda, arte y un alto grado de interacci\u00f3n con el p\u00fablico?\u201d,<\/em><\/strong> le pregunt\u00e9. \u201cVenir de trabajar con pintura, murales e ilustraci\u00f3n comercial en un solo plano y adaptarme a estas instalaciones fue un reto enorme. Tuvimos solo dos meses para pasar de bocetos a instalaciones gigantes, pero fue posible gracias a un gran equipo y mucho aprendizaje\u201d, afirma Sof\u00eda. Desde los modelos digitales hasta la instalaci\u00f3n en Macao, la mexicana afirma que cada paso fue una experiencia enriquecedora.<\/span><\/p>\n<figure id=\"attachment_145670\" aria-describedby=\"caption-attachment-145670\" style=\"width: 8192px\" class=\"wp-caption alignnone\"><img loading=\"lazy\" decoding=\"async\" class=\"wp-image-145670 size-full\" src=\"https:\/\/graziamagazine.com\/mx\/wp-content\/uploads\/sites\/13\/2025\/01\/0U9A8314.jpg\" alt=\"\" width=\"8192\" height=\"8192\" \/><figcaption id=\"caption-attachment-145670\" class=\"wp-caption-text\">Foto: Pepe Molina<\/figcaption><\/figure>\n<p><span style=\"font-weight: 400\">Para Sof\u00eda, ser parte del &#8220;Macao Light Festival&#8221; fue un honor y una oportunidad para mostrar el talento mexicano en el extranjero. \u201c<strong>En M\u00e9xico hay much\u00edsimo talento y pasi\u00f3n.<\/strong> Me llena de orgullo llevar algo diferente a lo que habitualmente sale de M\u00e9xico y demostrar que tenemos propuestas innovadoras\u201d.<\/span><\/p>\n<figure id=\"attachment_145668\" aria-describedby=\"caption-attachment-145668\" style=\"width: 300px\" class=\"wp-caption alignnone\"><img loading=\"lazy\" decoding=\"async\" class=\"wp-image-145668 size-medium\" src=\"https:\/\/graziamagazine.com\/mx\/wp-content\/uploads\/sites\/13\/2025\/01\/MACAO_SC_MOLECULA_17-300x450.jpg\" alt=\"\" width=\"300\" height=\"450\" srcset=\"https:\/\/graziamagazine.com\/mx\/wp-content\/uploads\/sites\/13\/2025\/01\/MACAO_SC_MOLECULA_17-300x450.jpg 300w, https:\/\/graziamagazine.com\/mx\/wp-content\/uploads\/sites\/13\/2025\/01\/MACAO_SC_MOLECULA_17-683x1024.jpg 683w, https:\/\/graziamagazine.com\/mx\/wp-content\/uploads\/sites\/13\/2025\/01\/MACAO_SC_MOLECULA_17-768x1151.jpg 768w, https:\/\/graziamagazine.com\/mx\/wp-content\/uploads\/sites\/13\/2025\/01\/MACAO_SC_MOLECULA_17-1025x1536.jpg 1025w, https:\/\/graziamagazine.com\/mx\/wp-content\/uploads\/sites\/13\/2025\/01\/MACAO_SC_MOLECULA_17-400x600.jpg 400w, https:\/\/graziamagazine.com\/mx\/wp-content\/uploads\/sites\/13\/2025\/01\/MACAO_SC_MOLECULA_17-143x215.jpg 143w\" sizes=\"(max-width: 300px) 100vw, 300px\" \/><figcaption id=\"caption-attachment-145668\" class=\"wp-caption-text\">Foto: Pepe Molina<\/figcaption><\/figure>\n<p><span style=\"font-weight: 400\">Con la vista puesta en nuevos proyectos, Sof\u00eda planea traer sus mol\u00e9culas de felicidad a M\u00e9xico. \u201cEstoy preparando una instalaci\u00f3n para la Semana del Arte, en el mes de febrero. Quiero explorar m\u00e1s el arte p\u00fablico, hacer que m\u00e1s gente consuma arte de una forma distinta, y llenar espacios representativos de la ciudad con locuras art\u00edsticas que contagien positividad\u201d, adelanta con entusiasmo.<\/span><\/p>\n<p><span style=\"font-weight: 400\">El &#8220;Macao Light Festival&#8221; marc\u00f3 un antes y un despu\u00e9s en la carrera de Sof\u00eda Castellanos, quien sigue demostrando que el arte puede iluminar corazones y conectar culturas.\u00a0<\/span><\/p>\n","protected":false},"author":11628,"featured_media":145664,"template":"","format":"standard","categories":[114,12483,12517],"acf":[],"yoast_head":"<!-- This site is optimized with the Yoast SEO Premium plugin v18.5 (Yoast SEO v20.4) - https:\/\/yoast.com\/wordpress\/plugins\/seo\/ -->\n<title>Sof\u00eda Castellanos, la mexicana que ilumina el Macao Light Festival<\/title>\n<meta name=\"description\" content=\"Por primera vez, el talento mexicano brill\u00f3 en uno de los eventos m\u00e1s esperados de Asia: el &quot;Macao Light Festival&quot;. Sof\u00eda Castellanos, una joven artista\" \/>\n<meta name=\"robots\" content=\"index, follow, max-snippet:-1, max-image-preview:large, max-video-preview:-1\" \/>\n<link rel=\"canonical\" href=\"https:\/\/graziamagazine.com\/mx\/articles\/sofia-castellanos-la-mexicana-que-ilumina-el-macao-light-festival\/\" \/>\n<meta property=\"og:locale\" content=\"es_MX\" \/>\n<meta property=\"og:type\" content=\"article\" \/>\n<meta property=\"og:title\" content=\"Sof\u00eda Castellanos, la mexicana que ilumina el &quot;Macao Light Festival&quot;\" \/>\n<meta property=\"og:description\" content=\"Por primera vez, el talento mexicano brill\u00f3 en uno de los eventos m\u00e1s esperados de Asia: el &quot;Macao Light Festival&quot;. Sof\u00eda Castellanos, una joven artista\" \/>\n<meta property=\"og:url\" content=\"https:\/\/graziamagazine.com\/mx\/articles\/sofia-castellanos-la-mexicana-que-ilumina-el-macao-light-festival\/\" \/>\n<meta property=\"og:site_name\" content=\"Grazia M\u00e9xico y Latinoam\u00e9rica\" \/>\n<meta property=\"article:modified_time\" content=\"2025-01-15T16:23:59+00:00\" \/>\n<meta property=\"og:image\" content=\"https:\/\/graziamagazine.com\/mx\/wp-content\/uploads\/sites\/13\/2025\/01\/MACAO_1_0491-1024x683.jpg\" \/>\n\t<meta property=\"og:image:width\" content=\"1024\" \/>\n\t<meta property=\"og:image:height\" content=\"683\" \/>\n\t<meta property=\"og:image:type\" content=\"image\/jpeg\" \/>\n<meta name=\"twitter:card\" content=\"summary_large_image\" \/>\n<meta name=\"twitter:label1\" content=\"Est. reading time\" \/>\n\t<meta name=\"twitter:data1\" content=\"5 minutos\" \/>\n<script type=\"application\/ld+json\" class=\"yoast-schema-graph\">{\"@context\":\"https:\/\/schema.org\",\"@graph\":[{\"@type\":\"WebPage\",\"@id\":\"https:\/\/graziamagazine.com\/mx\/articles\/sofia-castellanos-la-mexicana-que-ilumina-el-macao-light-festival\/\",\"url\":\"https:\/\/graziamagazine.com\/mx\/articles\/sofia-castellanos-la-mexicana-que-ilumina-el-macao-light-festival\/\",\"name\":\"Sof\u00eda Castellanos, la mexicana que ilumina el Macao Light Festival\",\"isPartOf\":{\"@id\":\"https:\/\/graziamagazine.com\/mx\/#website\"},\"datePublished\":\"2025-01-14T22:37:15+00:00\",\"dateModified\":\"2025-01-15T16:23:59+00:00\",\"description\":\"Por primera vez, el talento mexicano brill\u00f3 en uno de los eventos m\u00e1s esperados de Asia: el \\\"Macao Light Festival\\\". Sof\u00eda Castellanos, una joven artista\",\"breadcrumb\":{\"@id\":\"https:\/\/graziamagazine.com\/mx\/articles\/sofia-castellanos-la-mexicana-que-ilumina-el-macao-light-festival\/#breadcrumb\"},\"inLanguage\":\"es-MX\",\"potentialAction\":[{\"@type\":\"ReadAction\",\"target\":[\"https:\/\/graziamagazine.com\/mx\/articles\/sofia-castellanos-la-mexicana-que-ilumina-el-macao-light-festival\/\"]}]},{\"@type\":\"BreadcrumbList\",\"@id\":\"https:\/\/graziamagazine.com\/mx\/articles\/sofia-castellanos-la-mexicana-que-ilumina-el-macao-light-festival\/#breadcrumb\",\"itemListElement\":[{\"@type\":\"ListItem\",\"position\":1,\"name\":\"Home\",\"item\":\"https:\/\/graziamagazine.com\/mx\/\"},{\"@type\":\"ListItem\",\"position\":2,\"name\":\"Sof\u00eda Castellanos, la mexicana que ilumina el &#8220;Macao Light Festival&#8221;\"}]},{\"@type\":\"WebSite\",\"@id\":\"https:\/\/graziamagazine.com\/mx\/#website\",\"url\":\"https:\/\/graziamagazine.com\/mx\/\",\"name\":\"Grazia M\u00e9xico y Latinoam\u00e9rica\",\"description\":\"Grazia es moda, belleza y noticias  de actualidad \",\"potentialAction\":[{\"@type\":\"SearchAction\",\"target\":{\"@type\":\"EntryPoint\",\"urlTemplate\":\"https:\/\/graziamagazine.com\/mx\/?s={search_term_string}\"},\"query-input\":\"required name=search_term_string\"}],\"inLanguage\":\"es-MX\"}]}<\/script>\n<!-- \/ Yoast SEO Premium plugin. -->","yoast_head_json":{"title":"Sof\u00eda Castellanos, la mexicana que ilumina el Macao Light Festival","description":"Por primera vez, el talento mexicano brill\u00f3 en uno de los eventos m\u00e1s esperados de Asia: el \"Macao Light Festival\". Sof\u00eda Castellanos, una joven artista","robots":{"index":"index","follow":"follow","max-snippet":"max-snippet:-1","max-image-preview":"max-image-preview:large","max-video-preview":"max-video-preview:-1"},"canonical":"https:\/\/graziamagazine.com\/mx\/articles\/sofia-castellanos-la-mexicana-que-ilumina-el-macao-light-festival\/","og_locale":"es_MX","og_type":"article","og_title":"Sof\u00eda Castellanos, la mexicana que ilumina el \"Macao Light Festival\"","og_description":"Por primera vez, el talento mexicano brill\u00f3 en uno de los eventos m\u00e1s esperados de Asia: el \"Macao Light Festival\". Sof\u00eda Castellanos, una joven artista","og_url":"https:\/\/graziamagazine.com\/mx\/articles\/sofia-castellanos-la-mexicana-que-ilumina-el-macao-light-festival\/","og_site_name":"Grazia M\u00e9xico y Latinoam\u00e9rica","article_modified_time":"2025-01-15T16:23:59+00:00","og_image":[{"width":1024,"height":683,"url":"https:\/\/graziamagazine.com\/mx\/wp-content\/uploads\/sites\/13\/2025\/01\/MACAO_1_0491-1024x683.jpg","type":"image\/jpeg"}],"twitter_card":"summary_large_image","twitter_misc":{"Est. reading time":"5 minutos"},"schema":{"@context":"https:\/\/schema.org","@graph":[{"@type":"WebPage","@id":"https:\/\/graziamagazine.com\/mx\/articles\/sofia-castellanos-la-mexicana-que-ilumina-el-macao-light-festival\/","url":"https:\/\/graziamagazine.com\/mx\/articles\/sofia-castellanos-la-mexicana-que-ilumina-el-macao-light-festival\/","name":"Sof\u00eda Castellanos, la mexicana que ilumina el Macao Light Festival","isPartOf":{"@id":"https:\/\/graziamagazine.com\/mx\/#website"},"datePublished":"2025-01-14T22:37:15+00:00","dateModified":"2025-01-15T16:23:59+00:00","description":"Por primera vez, el talento mexicano brill\u00f3 en uno de los eventos m\u00e1s esperados de Asia: el \"Macao Light Festival\". Sof\u00eda Castellanos, una joven artista","breadcrumb":{"@id":"https:\/\/graziamagazine.com\/mx\/articles\/sofia-castellanos-la-mexicana-que-ilumina-el-macao-light-festival\/#breadcrumb"},"inLanguage":"es-MX","potentialAction":[{"@type":"ReadAction","target":["https:\/\/graziamagazine.com\/mx\/articles\/sofia-castellanos-la-mexicana-que-ilumina-el-macao-light-festival\/"]}]},{"@type":"BreadcrumbList","@id":"https:\/\/graziamagazine.com\/mx\/articles\/sofia-castellanos-la-mexicana-que-ilumina-el-macao-light-festival\/#breadcrumb","itemListElement":[{"@type":"ListItem","position":1,"name":"Home","item":"https:\/\/graziamagazine.com\/mx\/"},{"@type":"ListItem","position":2,"name":"Sof\u00eda Castellanos, la mexicana que ilumina el &#8220;Macao Light Festival&#8221;"}]},{"@type":"WebSite","@id":"https:\/\/graziamagazine.com\/mx\/#website","url":"https:\/\/graziamagazine.com\/mx\/","name":"Grazia M\u00e9xico y Latinoam\u00e9rica","description":"Grazia es moda, belleza y noticias  de actualidad ","potentialAction":[{"@type":"SearchAction","target":{"@type":"EntryPoint","urlTemplate":"https:\/\/graziamagazine.com\/mx\/?s={search_term_string}"},"query-input":"required name=search_term_string"}],"inLanguage":"es-MX"}]}},"jetpack_sharing_enabled":true,"distributor_meta":false,"distributor_terms":false,"distributor_media":false,"distributor_original_site_name":"Grazia M\u00e9xico y Latinoam\u00e9rica","distributor_original_site_url":"https:\/\/graziamagazine.com\/mx","push-errors":false,"_links":{"self":[{"href":"https:\/\/graziamagazine.com\/mx\/wp-json\/wp\/v2\/articles\/145662"}],"collection":[{"href":"https:\/\/graziamagazine.com\/mx\/wp-json\/wp\/v2\/articles"}],"about":[{"href":"https:\/\/graziamagazine.com\/mx\/wp-json\/wp\/v2\/types\/articles"}],"author":[{"embeddable":true,"href":"https:\/\/graziamagazine.com\/mx\/wp-json\/wp\/v2\/users\/11628"}],"wp:featuredmedia":[{"embeddable":true,"href":"https:\/\/graziamagazine.com\/mx\/wp-json\/wp\/v2\/media\/145664"}],"wp:attachment":[{"href":"https:\/\/graziamagazine.com\/mx\/wp-json\/wp\/v2\/media?parent=145662"}],"wp:term":[{"taxonomy":"category","embeddable":true,"href":"https:\/\/graziamagazine.com\/mx\/wp-json\/wp\/v2\/categories?post=145662"}],"curies":[{"name":"wp","href":"https:\/\/api.w.org\/{rel}","templated":true}]}}